{"id":23242,"date":"2022-04-27T23:25:14","date_gmt":"2022-04-27T23:25:14","guid":{"rendered":"https:\/\/www.nonsolomodanews.it\/wordpress\/?p=23242"},"modified":"2022-04-27T23:25:14","modified_gmt":"2022-04-27T23:25:14","slug":"tatiana-nicoleta-raducanu-quando-la-bellezza-ti-porta-in-depressione-racconto-a-cuore-aperto-della-miss-romania-nel-mondo-2012","status":"publish","type":"post","link":"https:\/\/www.nonsolomodanews.it\/wordpress\/tatiana-nicoleta-raducanu-quando-la-bellezza-ti-porta-in-depressione-racconto-a-cuore-aperto-della-miss-romania-nel-mondo-2012\/","title":{"rendered":"Tatiana Nicoleta Raducanu, quando la bellezza ti porta in depressione. Racconto a cuore aperto della Miss Romania nel mondo 2012"},"content":{"rendered":"<p><span style=\"color: #000000;\"><img loading=\"lazy\" decoding=\"async\" class=\"size-medium wp-image-23247 alignleft\" src=\"https:\/\/www.nonsolomodanews.it\/wordpress\/wp-content\/uploads\/2022\/04\/tn__DSC8772-1-copia-200x300.jpg\" alt=\"\" width=\"200\" height=\"300\" srcset=\"https:\/\/www.nonsolomodanews.it\/wordpress\/wp-content\/uploads\/2022\/04\/tn__DSC8772-1-copia-200x300.jpg 200w, https:\/\/www.nonsolomodanews.it\/wordpress\/wp-content\/uploads\/2022\/04\/tn__DSC8772-1-copia-681x1024.jpg 681w, https:\/\/www.nonsolomodanews.it\/wordpress\/wp-content\/uploads\/2022\/04\/tn__DSC8772-1-copia-rotated.jpg 732w\" sizes=\"auto, (max-width: 200px) 100vw, 200px\" \/>La moda \u00e8 bella, la moda \u00e8\u2026 poi incontri <strong>Tatiana Nicoleta Raducanu<\/strong> e senti raccontare la sua esperienza ti inizi a porti delle domande e allora che cosa c\u2019\u00e8 di meglio se non fare raccontare a lei la sua esperienza di modella e Miss Diaspora, Miss Romania nel Mondo 2010. Tatiana ora \u00e8 una imprenditrice e l<\/span><span style=\"color: #000000;\">eggendo il suo racconto troverete delle parti anche dure, esperienze di vita che l\u2019hanno segnata e che per questo motivo si \u00e8 decisa a raccontare, in esclusiva per <strong>Nonsolomodanews<\/strong>, la sua esperienza di modella, la sua caduta e la sua rinascita per merito della nutrizione olistica e non solo. Tatiana \u00e8 un vulcano di idee che piano piano le sta realizzando. Grazie Tatiana per averci aperto \u201ccasa tua\u201d.<\/span><\/p>\n<p><!--more--><\/p>\n<p><span style=\"color: #000000;\">Da quando ho vinto nel 2010 fino adesso nel 2022 (12 anni) ho cercato di avere uno scopo, un perch\u00e9 del tutto era capitato proprio a me. Ho cercato una definizione di bellezza, perch\u00e9 in quel momento rappresentavo una tipologia di bellezza ma non riuscivo a fermarla, trasmetterla, n\u00e9 sentirla n\u00e9 condividerla. I complimenti delle altre donne sono stati quelli che mi sono rimasti di pi\u00f9 nel cuore e mi sentivo incompleta nel non poterle aiutare e rispondere alla loro domanda su cosa fare per essere belle? In fondo all\u2019epoca non ero cosciente del tutto, mi vedevo brutta e per me la bellezza non era solo un\u2019apparenza, ma un esercizio di equilibrio tra l\u2019interno e l\u2019esterno. E da questo binomio sono partita alla ricerca del significato della bellezza, del cosa significa essere o sentirsi bella e quando siamo veramente belle al di la delle misure canoniche?\u00a0<\/span><span style=\"color: #000000;\">Notavo che se ero triste, ero meno bella, se pensavo male ero meno bella, se facevo un trucco troppo segnato ero meno bella, se mettevo un abito non bello, ero meno bella, se mangiavo male ero meno bella&#8230; e cos\u00ec via andare&#8230; ma questo meccanismo si pu\u00f2 girare anche a nostro favore! <\/span><span style=\"color: #000000;\">Quindi in fondo questo significava che tutte potevamo essere pi\u00f9 belle impiegando gli strumenti\u00a0giusti!<\/span><\/p>\n<p><span style=\"color: #000000;\"><strong>Ma quali erano quei strumenti? <\/strong>Per anni ho esplorato il come fare i cosmetici in casa partendo da ingredienti naturali, per avere una pelle migliore e nutrita. <\/span><span style=\"color: #000000;\">Ho studiato 3 anni durante il lockdown di nutrizione olistica (oggi sono un operatore olistico\/coach in nutrizione olistica) per capire quale \u00e8 il cibo che ci da energia benessere e bellezza (siamo fatti di cibo aria ed acqua) dunque cosa \u00e8 pi\u00f9 del cibo che ci pu\u00f2 essere amico per essere per davvero belle dentro e fuori? Non \u00e8 forse la prima cosa di cui prenderci cura?<\/span><\/p>\n<p><span style=\"color: #000000;\">E parto dalla mia esperienza, provavo una grande tristezza nel vedere alla fashion week ragazze che mangiavano una mela in tutto il giorno o chi lo faceva addirittura per una settimana, siamo sicuri che questo significa essere belli? All&#8217;epoca avevo un metabolismo accelerato e non dovevo essere attenta al cibo pero ora le cose sono cambiate non sono pi\u00f9 cos\u00ec tanto fortunata ed infatti per aiutarmi a rimanere in forma pur mangiando il pane e le torte ho indagato su quali fossero i cibi e gli abbinamenti giusti per avere in equilibrio la forma (il corpo). Ho messo le mani in pasta, ho applicato le ultime scoperte scientifiche, ed ora posso dire con orgoglio che so cucinare una torta dietetica sana e con gusto ed anche il pane con il lievito madre. La bellezza non \u00e8 privazione, togliere ma dare!<\/span><\/p>\n<p><span style=\"color: #000000;\">Ho iniziato il 2022 a lavorare ad un blog dove condividere tutti i miei segreti trovati questi anni sulla bellezza (l\u2019ho chiamata bellezza olistica &#8211; dal greco olos- significa totale -ed \u00e8 formata da un insieme di moda olistica, cibo olistico e cosmetica olistica &#8211; e la bellezza non pu\u00f2 chiamarsi tale se non da anche benessere a noi ed agli altri). Vorrei aiutare le altre ragazze a non perdersi in un bicchiere di acqua che disegna un mondo finto che nulla ha di bellezza. Questo \u00e8 un passo molto importante per me, non ci crederai ma negli ultimi 10 anni io mi sono tolta da face book, Instagram ecc e non avevo per molto tempo nemmeno whatsapp, volevo avere un momento di tranquillit\u00e0 e non prendere pi\u00f9 parte a creare un contenuto stellare fittizio che parla di una vita irreale in cui il verbo per eccellenza \u00e8 apparire sempre ovunque ed a tutti i costi. Le ragazze si trovano stremate di fronte alla finta perfezione di foto in cui \u00e8 chiaro anche se &lt;&lt;al naturale&gt;&gt; che c\u2019\u00e8 un organizzazione programmata, piene di filtri e fra l\u2019altro che promuovono sempre vestiti spesso nemmeno indossati nella vita reale ma solo in fotografia.\u00a0<\/span><\/p>\n<p><span style=\"color: #000000;\">Ho ragionato molto su questa cosa se fosse giusta, ho fatto una ricerca per me perche non avevo le risposte ma la pandemia del virus mi ha fatto capire che la vita \u00e8 veramente breve e sarebbe un peccato che non provassi a migliorare la vita di altre ragazze che amano essere belle (ma anche dentro non solo fuori) e si perdono smarrite\u00a0in un mondo che le oggettivizza,in cui tutto \u00e8 in vendita (anche loro stesse), e ci si trova ritoccate a tal punto a non riconoscersi\u00a0pi\u00f9 nella foto (sensazione straziante che ho sperimentato sulla mia pelle,ti fa perdere l\u2019identit\u00e0 e distrugge l\u2019autostima,e come se significasse che non sei abbastanza) . Tutto ci\u00f2 crea disagio emotivo e psicologico.\u00a0<\/span><\/p>\n<p><span style=\"color: #000000;\">Gli strumenti segreti per una bellezza olistica (anima e corpo) sono dunque (benessere interiore: il rapporto con se stessi, l\u2019ascoltarsi; cibo: crea una mente ed un corpo sano dunque bello armonioso; cosmesi: per una pelle nutrita luminosa un trucco che valorizza ; moda: creare la propria moda e stile personale in armonia con la natura, uscire dal sistema fast fashion straziante\u00a0per chi lo crea e chi lo indossa).\u00a0<\/span><\/p>\n<p><span style=\"color: #000000;\"><strong>La moda!\u00a0 <\/strong>Per la moda \u00e8 stato un percorso sofferto. Ho iniziato a 10 anni, sono stata una baby model, ho vissuto un epoca in cui i canoni erano rigidi ed a 20 anni si diventava anziani, ora non lo so se la moda si \u00e8 emancipata se valorizza la donna nella sua diversit\u00e0.\u00a0<\/span><\/p>\n<p><span style=\"color: #000000;\">La mia ricerca \u00e8 partita dalla domanda che mi sono posta sul perch\u00e9 se non avevo l\u2019abito firmato ci\u00f2 mi faceva sentire meno bella? Mi rendevo conto che \u00e8 sbagliato ma non capivo il nesso . Avevo gli armadi sempre pieni di abiti firmati che pero non mi rappresentavano ma che dovevo indossare. Questo mi creava un senso di colpa perch\u00e9 mi sono detta se io indosso quel abito non riuscir\u00f2 a valorizzarlo al massimo del suo splendore perche non mi rappresenta (per\u00f2 nella moda non puoi scegliere i lavori e raramente le cose si incastrano, spesso si predilige avere una modella con poca personalit\u00e0 purtroppo).\u00a0<\/span><\/p>\n<p><span style=\"color: #000000;\"><strong>Cosa ho fatto 10 anni fa? <\/strong>Ho voluto dimenticare tutti gli stili di moda, regole, e sono andata a cercare e capire il mio gusto, ho bloccato l\u2019acquisto di vestiti perch\u00e9 non mi sentivo pronta ed anche di riviste. Per me le mode stagionali non esistono, la moda deve far esprimere un emozione individuale in un determinato momento. Non \u00e8 stato facile ma vorrei aiutare altre ragazze a trovare le loro risposte. A breve ci sar\u00e0 il sito modaolistica, parla di una moda che ti fa stare bene.\u00a0<\/span><\/p>\n<p><span style=\"color: #000000;\">Ho creato un negozio di moda circolare on line, in cui una t-shirt nuova con etichetta non \u00e8 considerata vecchia solo perch\u00e9 fuori stagione ed un capo di abbigliamento ha vita eterna, riconquistando cosi valore. Vendo in tutto il mondo soprattutto in Italia, Francia, Belgio, Spagna e Paesi Bassi . <\/span><span style=\"color: #000000;\">Sogno solo un mondo normale dove la signora di 70 anni faccia la modella per abiti adatti e la ragazza di 20 anni altrettanto che venga dato pi\u00f9 valore alla donna. <\/span><span style=\"color: #000000;\">Il mondo della moda non \u00e8 cosi bello e nessuno lo raccontano . Ho scelto di non fare compromessi. Molte ragazze mi hanno chiesto se mi sono pentita, e la mia risposta \u00e8 e sar\u00e0 che sono stata pi\u00f9 &lt;&lt;furba&gt;&gt; di altre ma ho scelto la mia anima.\u00a0<\/span><\/p>\n<p><span style=\"color: #000000;\">Molti sono stati i fatti, forse un giorno avr\u00f2 la forza di scriverli in un libricino. Ma non so se vale la pena ricordarli, anche se bisognerebbe dichiararli anche noi modelle per evitare che diventino realt\u00e0! Non sono speciale ma solo normale.\u00a0 <\/span><span style=\"color: #000000;\">Ho avuto la delusione di prepararmi 2 anni per fare da presentatrice per una televisione famosa per poi scoprire alla firma del contratto che tra le regole non c\u2019era la bravura ma fare delle uscite con certe persone. Mi sono sentita dare della ragazza &lt;&lt;demod\u00e9, che viene dalla campagna&gt;\u00a0ed ho visto facce incredule per un fatto che era naturale! Ho sorriso e sono andata via eppure il mio dolore era enorme perch\u00e9 avevo sacrificato 2 anni di lavoro per essere preparata ed abile a quel ruolo.<\/span><\/p>\n<p><span style=\"color: #000000;\">Quando ti trovi un ministro sotto casa non sai se sentirti in imbarazzo o sentirti speciale . Io mi sono sentita in imbarazzo perch\u00e9 sapevo di non aver fatto nulla di speciale per la societ\u00e0 (se non aver fatto una sfilata e vinto una fascia).\u00a0<\/span><\/p>\n<p><span style=\"color: #000000;\">Ho risposto a molti inviti ad eventi istituzionali in cui mi sono sentita solo un trofeo . Ho detto ancora di no e cos\u00ec raccolto le mie opportunit\u00e0 e non quelle degli altri. Ma ho avuto anche altre offerte, indirizzate ai miei studi con un disegno preciso e proposte di matrimonio programmate. Alla finale Miss Romania nel Mondo dove rappresentavo l\u2019 Italia (come miss Romania in Italia) il truccatore non mi ha truccato per la grande serata perch\u00e9 non avevo aperto la porta della stanza la notte prima. Sono stata truccata dall\u2019ultima delle assistenti \u00a0ma questo non ha influito sul mio umore e decisamente se ho vinto lei lo ha fatto meglio di lui! Il tempo non deve essere un vincolo per la moda e nemmeno per la donna! Dobbiamo toglierci dei limiti imposti dalla societ\u00e0 e avere la liberta di essere. Questo sogno diventer\u00e0\u00a0realt\u00e0 solo se lo facciamo singolarmente. E la mia missione aiutare altre donne a ritrovare la loro bellezza attraverso uno stile di vita sano ed una moda sana! La pandemia mi ha fatto nascere questo desiderio.<\/span><\/p>\n<p><span style=\"color: #000000;\">Bellezza olistica come connubio tra cibo olistico e moda olistica, due facce della stessa medaglia che si uniscono quando l\u2019anima, la pancia, ed il cervello in equilibrio attraverso abitudini normali e semplici che per\u00f2 abbiamo dimenticato sopraffatti da un mondo consumista che ha troppa fretta ad apparire perdendosi l\u2019essenza dell\u2019attimo ed il momento presente stando collegati altrove (sui social).\u00a0 Ho studiato Pubbliche relazioni e comunicazione d\u2019impresa alla IULM. Durante la pandemia sono diventata un operatore olistico per la nutrizione olistica e da 1 mese mi sono iscritta all\u2019Accademia di Naturopatia ed Iridologia di Luigi Costacurta (medicina naturale energetica). Ho vinto tante fasce (rappresentato Trentino, Veneto, Lombardia alla &#8220;La pi\u00f9 bella del Mondo&#8221;, &#8220;La bella d\u2019Italia&#8221; ed ho vinto fasce nazionali &#8220;Miss eleganza&#8221; &#8220;Miss Viso Tv&#8221; &#8220;Miss Fotogenia&#8221; ecc ) per dire che non esiste una bellezza universale ma essere uniche.\u00a0<\/span><\/p>\n<p><span style=\"color: #000000;\">Viviamo in un mondo consumista che andrebbe rallentato. Questo fa perdere bellezza e valore ai vestiti.\u00a0<\/span><\/p>\n<p><span style=\"color: #000000;\">Perch\u00e9 oggi una modella dovrebbe pubblicare foto per forza in alberghi di lusso, vestiti stravaganti, ostentare la felicit\u00e0 solo per apparire? In rete tutti sono felici. Per me il lusso \u00e8 camminare scalza sull\u2019erba e respirare l\u2019aria della montagna&#8230;<\/span><\/p>\n<p><span style=\"color: #000000;\">Insegno alle ragazze come vestirsi per stare bene come scegliere i materiali, il taglio e stare bene con il capo che hanno scelto. Insegno a loro come cucinare sano perch\u00e9 \u00e8 l\u2019unico modo per avere un corpo sano (insegno come cucinare il pane in casa con lievito madre e farine antiche).\u00a0 Sono scesa da una freccia rossa per arrivare a destinazione a piedi. Le ragazze pi\u00f9 belle spesso non hanno vinto nessun titolo e non sanno di essere belle! Sono rimasti tutti sconvolti che non mi sono rifatta, ma che senso avrebbe rifarmi se mi viene data una fascia per cos\u00ec come sono? E al di la della fascia nessuna donna dovrebbe rifarsi perch\u00e9 vuol dire che non ama se stessa!<\/span><\/p>\n<p><span style=\"color: #000000;\">La bellezza \u00e8 essere uniche non copiare gli altri non rifarsi. Dare valore alla personalit\u00e0 non stagionalit\u00e0. <\/span><span style=\"color: #000000;\">Cucinare per la bellezza, truccarsi per la bellezza, vestirsi per la bellezza La mia ricerca sulla bellezza parte dal fatto che nonostante abbia vinto 16 fasce non mi sono mai sentita bella. ma evidentemente io sono apparsa bella agli occhi dei giurati e pubblico dunque il mio desiderio era insegnare anche alle altre come apparire belle! Condivido la mia esperienza di 20 anni (ho iniziato a 10 anni a fare la modella). Noi stesse ci oggettiviziamo creandoci dei preconcetti.\u00a0<\/span><span style=\"color: #000000;\">La bellezza \u00e8 come la fotografia, sfuggente ed appare in attimi . Non sono bella, ma \u00e8 solo una foto ben fatta, un attimo che sto bene con me ed ho un energia positiva.\u00a0 La mia \u00e8 una storia vera, non una storia di Instagram (dove si perde la normalit\u00e0 per un incrocio di mondi finti).\u00a0 Il mondo della moda non \u00e8 solo rosa ma ha anche delle pieghe nere! <\/span><span style=\"color: #000000;\">Ho portato a casa una lezione ed oggi vorrei rispondere a tutte le signore che mi avevano votato, sostenuto e mandati messaggi calorosi per dire che mi sento pronta a combattere di nuovo per un mondo della moda pi\u00f9 giusto e pi\u00f9 naturale!\u00a0<\/span><\/p>\n<p><span style=\"color: #000000;\">Mi sono ritirata dal sistema moda perch\u00e9 non condividevo le sue regole. Mi sono ritirata nel momento in cui avevo il mondo ai miei piedi, piombavano le offerte con sfilate e servizi fotografici, offerte televisive ma ora vorrei rientrare a far parte per\u00f2 vorrei rimanere nella mia bolla dorata in cui il concetto di moda e bellezza \u00e8 allo stato puro.<\/span><\/p>\n<p><span style=\"color: #000000;\"><strong>Ed oggi? <\/strong><\/span><span style=\"color: #000000;\">Ho riaperto i social dopo 10 anni di assenza, 10 anni in cui avevo cancellato tutto, tutte le mie foto tutte le mie pagine, i miei articoli (nel 2012), ormai stanca di dover giustificare il perch\u00e9 non ero una escort, del perch\u00e9\u00a0pur essendo &lt;&lt;considerata bella secondo gli standard&gt;&gt; ho deciso di non vendere il mio corpo e la mia anima, il mio pensiero e la mia immagine. Volevo nel 2012 cancellare ci\u00f2 che ero perch\u00e9 non mi ci ritrovavo in quella ragazza del &lt;&lt;Fashion Week Errato&gt;&gt;, &lt;&lt;Delle serate Spettacolari&gt;&gt;, n\u00e9 dei &lt;&lt;Salotti di lusso effimero&gt;&gt;, &lt;&lt;Servizi fotografici di un fast fashion&gt;&gt;, &lt;&lt;Dei mitici contratti televisivi&gt;&gt; non era il mondo in cui sognavo . Mi ero pure vergognata di tutti i contratti o contenuti fatti pubblicitari precedentemente come modella ed indossatrice o madrina fatti precedentemente in cui non credevo.\u00a0<\/span><\/p>\n<p><span style=\"color: #000000;\">Non potrei oggi pi\u00f9 lavorare per uno stilista in cui non credo nel anima, non potrei disegnare n\u00e9 rappresentare pi\u00f9 il suo pensiero perch\u00e9 mi ci ritroverei spezzata. Spezzata come in quel 2012 quando entrai in depressione.\u00a0 <\/span><span style=\"color: #000000;\">Ora credo nel mondo sostenibile, ecologico, biologico e circolare in cui il tutto \u00e8 uno, ed in cui i nostri acquisti influenzano l\u2019andamento nel mondo, ed in cui solo noi piccoli ed insignificanti\u00a0individui possiamo cambiarlo. <\/span><\/p>\n<p><span style=\"color: #000000;\"><strong>Quali sono i nostri bisogni?<\/strong> Se non di amore ed affetto verso di noi e gli altri! Se non l\u2019aria, l\u2019acqua ed il cibo, di cosa di pi\u00f9\u00a0abbiamo bisogno per avere un corpo sano? Perch\u00e9 necessitiamo di beni veloci e infiniti (perch\u00e9 non finiscono mai di soddisfarci) che inquinano le nostre case, armadi, e teste . Non abbiamo pi\u00f9 bisogno di essere individui in serie che vestono tutti uguali e desiderano tutti gli stessi beni di lusso e fanno qualsiasi compromesso pur di averlo.<\/span><\/p>\n<p><span style=\"color: #000000;\">Non abbiamo pi\u00f9 bisogno di una moda che inquina ed ammala il pianeta ed noi stessi, ma abbiamo di una moda che ci rappresenta, che rappresenta la nostra parte pi\u00f9 intima, e ci fa stare bene. Una moda che \u00e8 sempre uguale e che non ha bisogno di infinite collezioni per giustificare la sua esistenza, ma ha bisogno di essere unica, su misura su di noi, individuale, intendo abbiamo bisogno di avere un armadio in cui i vestiti seguono ed esprimono il nostro gusto ma che si ristruttura, si aggiusta si cambia solo per il passare del tempo, per l\u2019usura e non perch\u00e9 non pi\u00f9 di &lt;&lt;attualit\u00e0&gt;&gt;.\u00a0<\/span><\/p>\n<p><span style=\"color: #000000;\">La moda fast avvelena il pianeta e ci fa sentire sempre in colpa, come dei criceti che continuano a correre per raggiungere l\u2019ultimo desiderio presentato dalla pubblicit\u00e0 ma che non sar\u00e0 mai il nostro ultimo ma uno dei tanti che non rappresenter\u00e0 mai il nostro gusto intimo, ma solamente il desiderio di apparire e possedere un ultima nuova cosa che appare in una societ\u00e0 drogata di consumo che autoalimenta la sua fine.\u00a0<\/span><span style=\"color: #000000;\">Sogno un mondo in cui il sarto e l\u2019artigiano rinascono, in cui noi stessi sappiamo cucire, in cui il &lt;&lt;fatto su misura&gt;&gt; lo \u00e8 davvero individuale, in cui ci si mette le mani in pasta tutti e si crea insieme un abito per sempre, in cui i campi non hanno bisogno di pesticidi, le api esistono, ed il cotone \u00e8 biologico e biodinamico e fa respirare la nostra pelle.\u00a0<\/span><span style=\"color: #000000;\">Un mondo sano normale naturale con un cibo e una moda degna del suo nome.\u00a0<\/span><\/p>\n<p><span style=\"color: #000000;\">Ho riaperto ora, in un momento post covid, perch\u00e9 questo esperimento sociale lontano dai clic e notifiche mi ha fatto capire che avevo imparato a vivere senza una dipendenza di dover apparire senza essere. Ho aperto per condividere e donare ad altri la mia esperienza di vita.\u00a0 <\/span><span style=\"color: #000000;\">Ho riaperto i social\u00a0oggi nel 2022, dopo 10 anni di assenza perch\u00e9\u00a0credo nella costruzione in un mondo migliore di cui voglio far parte. Ed i social sono anche\u00a0libert\u00e0\u00a0condivisione e non censura di noi, come me altri disillusi della realt\u00e0\u00a0consumista\u00a0portata all\u2019estremo (che ci consuma corpo ed anima) si sentono soli dislocati, scappati anche all\u2019estero e solo riunendo insieme le forze ed appoggiandoci possiamo ritornare e sognare un mondo pi\u00f9 giusto.\u00a0<\/span><span style=\"color: #000000;\">Da Miss credo e desidero la pace nel mondo per davvero (e quanto la desideriamo anche noi &#8211; Ndr).\u00a0<\/span><\/p>\n<p><span style=\"color: #000000;\"><strong>Attualit\u00e0 <\/strong>Oggi sto lavorando ad una collezione di borse che possa permettere ad ognuna di noi di esprimerci e non essere in serie, che possa essere personalizzata, con materiali sostenibili, che rappresenti la nostra personalit\u00e0 perch\u00e9 unica e non in serie, e che non sfrutti chi lavora e ne il mondo.\u00a0 <\/span><span style=\"color: #000000;\">Oggi sto lavorando ad una collezione di borse con un prezzo equo che tutti se la possano permettere, che non ha bisogno di apparire ma solo di essere, fabbricata in Italia, e che non ha bisogno di andare su riviste pattinate per giustificare il suo prezzo spropositato, perch\u00e9 esso corrisponde alle ore di lavoro fatte in onesta. Un prodotto che si possa apprezzare per sempre che non segue una stagione ma segue solo il gusto della ragazza che \u00e8 unico .<\/span><\/p>\n<p><span style=\"color: #000000;\">Che bisogno c\u2019\u00e8 di vendersi per avere una borsa da 3000 o 30000 o di pi\u00f9 euro per esempio, quale mai pensiero ci dovrebbe essere dietro che giustifichi il tutto ci\u00f2? Lo dico e lo riconosco da modella che sognava i pezzi pregiati da avere a tutti i costi, finch\u00e9 un giorno ho capito che non era il mio desiderio ma solamente il desiderio imposto da una societ\u00e0 in cui vivevo, in cui l\u2019abito doveva essere firmato o la macchina doveva essere di lusso o la cosmetica deve essere in pubblicit\u00e0 (al di la degli ingredienti) per farci sentire importanti e che valiamo.\u00a0 <\/span><span style=\"color: #000000;\">Ma non \u00e8 pi\u00f9 importante vivere respirando aria sana, mangiare cibo sano ed indossare vestiti genuini? Non \u00e8 questo il lusso di oggi che forse un giorno nemmeno i pi\u00f9 ricchi del pianeta se lo potranno permettere?\u00a0<\/span><\/p>\n<p><span style=\"color: #000000;\"><strong>Come \u00e8 nata l\u2019 idea? <\/strong>Ho capito dopo la fine di una relazione molto lunga di un amore liquido, in cui rappresentavo per il mio ex fidanzato solo una funzione, un immagine pubblica, una parte della famiglia del &lt;&lt;Mulino delle meraviglie&gt;&gt;, un mobiletto di lusso da collocare ed eliminare a piacere,dopo l\u2019 ennesimo ricatto di amore, dopo che ero diventata scomoda perch\u00e9 \u00a0&lt;&lt;troppo green&gt;&gt;, &lt;&lt;troppo noiosa&gt;&gt;, &lt;&lt;troppo non alla moda perch\u00e9 non consumavo alcolici o cibi spazzatura accettati socialmente&gt;&gt;, perch\u00e9 non &lt;&lt;condividevo un amore a tre&gt;&gt;, perch\u00e9 ero diventata una persona diversa, ma vera che non voleva pi\u00f9 rappresentare un ruolo, ma esserlo.\u00a0\u00a0<\/span><span style=\"color: #000000;\">Non mi sentivo bene nella mia pelle di &lt;&lt;modella in serie&gt;&gt; gi\u00e0 nel 2012, quando mi sono ritirata dal mondo della &lt;&lt;moda errata&gt;&gt; ma la mia coscienza si \u00e8 svegliata completamento dopo un percorso sofferto dopo la pandemia del covid, perch\u00e9 ho capito che il tempo e la vita era ci\u00f2 che avevamo pi\u00f9 prezioso nella vita.\u00a0<\/span><\/p>\n<p><span style=\"color: #000000;\">Dopo la separazione mi \u00e8 stata trattenuta una borsetta che mi era stata regalata, importante per me ma non per il suo nome famoso ma perch\u00e9 l\u2019avevo desiderata per molti anni ed avevo in qualche modo custodito dentro dei sogni. Quando questa borsa poche settimane fa mi \u00e8 stata trattenuta dal mio ex fidanzato ho capito che era una borsa in serie che potevo acquistare in qualsiasi altro momento anche il giorno dopo, ma mi sono chiesta perch\u00e9 in passato l\u2019avevo cosi arduamente desiderata, perch\u00e9 forse aveva un prezzo proibitivo? Forse perch\u00e9 aveva dietro un immagine illusoria che prometteva la felicit\u00e0? Ma non poteva mai rappresentare la mia personalit\u00e0 unica e fatta su misura perch\u00e9 appunto era in serie. Come erano in serie tutte quelle borse o vestiti che tutte noi donne abbiamo desiderato almeno per una volta.<\/span><\/p>\n<p><span style=\"color: #000000;\">Ho capito che non mi faceva male non averla ma il gesto in s\u00e9 del possesso.\u00a0 Da li ho lavorato giorno e notte al mio progetto.\u00a0 Dietro c\u2019\u00e8 l\u2019imparare ad amare se stesse e lo dedico a tutte le donne che hanno dimenticato di farlo.\u00a0 <\/span><span style=\"color: #000000;\">Ho voglia di ridiventare una ragazza semplice e sconosciuta, in cui un uomo non esce con me perch\u00e9 sono una miss oppure una modella, ma perch\u00e9\u00a0comprende e condivide ci\u00f2 che sono e senza provare a cambiarmi per essere una figurina in serie della societ\u00e0\u00a0in cui la donna e la macchina va mostrata ed il tutto privo di Amore.<\/span><\/p>\n<p><span style=\"color: #000000;\">Spero di dare voce ad un messaggio importante per altre ragazze che possa aiutare loro ad essere guidate e non a non disperdersi in un finto mondo stellare (solo il cielo \u00e8 stellare).<\/span><\/p>\n<p>Grazie!<\/p>\n<p><a href=\"https:\/\/www.instagram.com\/brunoangeloporcellana\/\">Bruno Angelo Porcellana<\/a><\/p>\n<p style=\"text-align: center;\">Le fotografie sono state fornite da Tatiana Nicoleta Raducanu \u2013 I diritti appartengono ai relativi fotografi<br \/>\nTutti i diritti riservati \u00a9 2022 \u2013 Email: nonsolomodanews@gmail.com<\/p>\n","protected":false},"excerpt":{"rendered":"<p>La moda &egrave; bella, la moda &egrave;&hellip; poi incontri Tatiana Nicoleta Raducanu e senti raccontare la sua esperienza ti inizi a porti delle domande e allora che cosa c&rsquo;&egrave; di meglio se non fare raccontare a lei la sua esperienza di modella e Miss Diaspora, Miss Romania nel Mondo 2010. Tatiana ora &egrave; una imprenditrice e leggendo il suo racconto troverete delle parti anche dure, esperienze di vita che l&rsquo;hanno segnata e che per questo motivo si &egrave; decisa a raccontare, in esclusiva per Nonsolomodanews, la sua esperienza di modella, la sua caduta e la sua rinascita per merito della nutrizione olistica e non solo. Tatiana &egrave; un vulcano di idee che piano piano le sta realizzando. Grazie Tatiana per averci aperto &ldquo;casa tua&rdquo;.<\/p>\n","protected":false},"author":1,"featured_media":23249,"comment_status":"open","ping_status":"open","sticky":false,"template":"","format":"standard","meta":{"rop_custom_images_group":[],"rop_custom_messages_group":[],"rop_publish_now":"initial","rop_publish_now_accounts":[],"rop_publish_now_history":[],"rop_publish_now_status":"pending","footnotes":""},"categories":[16],"tags":[9087,1036,9086,9085,9088],"class_list":["post-23242","post","type-post","status-publish","format-standard","has-post-thumbnail","hentry","category-articolo","tag-moda-olistica","tag-modella","tag-olistico","tag-tatiana-nicoleta-raducanu","tag-trucchi-olistici"],"_links":{"self":[{"href":"https:\/\/www.nonsolomodanews.it\/wordpress\/wp-json\/wp\/v2\/posts\/23242","targetHints":{"allow":["GET"]}}],"collection":[{"href":"https:\/\/www.nonsolomodanews.it\/wordpress\/wp-json\/wp\/v2\/posts"}],"about":[{"href":"https:\/\/www.nonsolomodanews.it\/wordpress\/wp-json\/wp\/v2\/types\/post"}],"author":[{"embeddable":true,"href":"https:\/\/www.nonsolomodanews.it\/wordpress\/wp-json\/wp\/v2\/users\/1"}],"replies":[{"embeddable":true,"href":"https:\/\/www.nonsolomodanews.it\/wordpress\/wp-json\/wp\/v2\/comments?post=23242"}],"version-history":[{"count":6,"href":"https:\/\/www.nonsolomodanews.it\/wordpress\/wp-json\/wp\/v2\/posts\/23242\/revisions"}],"predecessor-version":[{"id":23250,"href":"https:\/\/www.nonsolomodanews.it\/wordpress\/wp-json\/wp\/v2\/posts\/23242\/revisions\/23250"}],"wp:featuredmedia":[{"embeddable":true,"href":"https:\/\/www.nonsolomodanews.it\/wordpress\/wp-json\/wp\/v2\/media\/23249"}],"wp:attachment":[{"href":"https:\/\/www.nonsolomodanews.it\/wordpress\/wp-json\/wp\/v2\/media?parent=23242"}],"wp:term":[{"taxonomy":"category","embeddable":true,"href":"https:\/\/www.nonsolomodanews.it\/wordpress\/wp-json\/wp\/v2\/categories?post=23242"},{"taxonomy":"post_tag","embeddable":true,"href":"https:\/\/www.nonsolomodanews.it\/wordpress\/wp-json\/wp\/v2\/tags?post=23242"}],"curies":[{"name":"wp","href":"https:\/\/api.w.org\/{rel}","templated":true}]}}