{"id":23216,"date":"2022-04-22T14:17:37","date_gmt":"2022-04-22T14:17:37","guid":{"rendered":"https:\/\/www.nonsolomodanews.it\/wordpress\/?p=23216"},"modified":"2022-04-22T14:17:37","modified_gmt":"2022-04-22T14:17:37","slug":"cibus-2022-3-000-aziende-agroalimentari-italiane-attendono-migliaia-di-buyer-ester","status":"publish","type":"post","link":"https:\/\/www.nonsolomodanews.it\/wordpress\/cibus-2022-3-000-aziende-agroalimentari-italiane-attendono-migliaia-di-buyer-ester\/","title":{"rendered":"CIBUS 2022: 3.000 AZIENDE AGROALIMENTARI ITALIANE ATTENDONO MIGLIAIA DI BUYER ESTER"},"content":{"rendered":"<p><span style=\"color: #000000;\"><strong><em><img loading=\"lazy\" decoding=\"async\" class=\"size-medium wp-image-23202 alignleft\" src=\"https:\/\/www.nonsolomodanews.it\/wordpress\/wp-content\/uploads\/2022\/04\/Logo-Cibus-2022-Base-EN-300x212.png\" alt=\"\" width=\"300\" height=\"212\" srcset=\"https:\/\/www.nonsolomodanews.it\/wordpress\/wp-content\/uploads\/2022\/04\/Logo-Cibus-2022-Base-EN-300x212.png 300w, https:\/\/www.nonsolomodanews.it\/wordpress\/wp-content\/uploads\/2022\/04\/Logo-Cibus-2022-Base-EN-1024x724.png 1024w, https:\/\/www.nonsolomodanews.it\/wordpress\/wp-content\/uploads\/2022\/04\/Logo-Cibus-2022-Base-EN-768x543.png 768w, https:\/\/www.nonsolomodanews.it\/wordpress\/wp-content\/uploads\/2022\/04\/Logo-Cibus-2022-Base-EN-1536x1086.png 1536w, https:\/\/www.nonsolomodanews.it\/wordpress\/wp-content\/uploads\/2022\/04\/Logo-Cibus-2022-Base-EN-2048x1448.png 2048w, https:\/\/www.nonsolomodanews.it\/wordpress\/wp-content\/uploads\/2022\/04\/Logo-Cibus-2022-Base-EN-1080x764.png 1080w\" sizes=\"auto, (max-width: 300px) 100vw, 300px\" \/>Presentato oggi a Milano il programma della 21\u00b0 edizione di Cibus \u2013Tornano i buyer esteri a conferma di un export in territorio positivo \u2013 In esposizione tanti prodotti nuovi e sostenibili \u2013 Industria, Agricoltura e Distribuzione si confrontano per gestire le problematiche di questo periodo<\/em><\/strong><\/span><\/p>\n<p><span style=\"color: #000000;\">(<em>Milano, 21 aprile 2022<\/em>) \u2013 Sar\u00e0 un anno difficile per l\u2019agroalimentare italiano, stretto tra inflazione e rischio di flessione dei consumi interni, ma l\u2019arrivo degli investimenti del PNRR e la continua crescita dell\u2019export nelle geografie chiave possono consentire un ulteriore crescita del comparto nel medio periodo. Ne parleranno i rappresentanti della filiera che si incontreranno a Cibus 2022, dal 3 al 6 maggio a Parma, organizzato da Fiere di Parma e Federalimentare. Cibus \u00e8 la fiera dei Territori: da quasi 40 anni a Parma si celebra la capacit\u00e0 del Made in Italy Alimentare di crescere rispettando e valorizzando la propria tradizione e i propri territori.<\/span><\/p>\n<p><span style=\"color: #000000;\"><!--more--><\/span><\/p>\n<p><span style=\"color: #000000;\">Migliaia di buyers esteri torneranno finalmente in Italia, nella Food Valley, per implementare i propri assortimenti con prodotti Authentic Italian offerti da oltre 3.000 espositori che sono un unicum a livello mondiale come la fiera che li rappresenta. Gi\u00e0 registrati anche 50.000 operatori professionali italiani della Distribuzione e della Ristorazione, che a Cibus non solo incontrano tutti i loro fornitori in essere e potenziali, ma trovano idee e soluzioni per tutti i canali del Food&amp;Beverage. Arriveranno circa 2000 top buyer da Stati Uniti d\u2019America, Europa, Medio Oriente, Sud America e Asean. Ai top buyers italiani ed esteri \u00e8 destinato il programma \u201c<em>Cibus destination<\/em>\u201d, visite guidate e percorsi tematici in fiera e sul territorio, dedicati a produzioni tipiche, territorialit\u00e0, fuori casa e sostenibilit\u00e0.<\/span><\/p>\n<p><span style=\"color: #000000;\">In esposizione ci saranno circa mille nuovi prodotti che le aziende alimentari stanno immettendo nei mercati. I trend generali sono prodotti attenti a salute e benessere, gusto e nuove combinazioni di ingredienti, e poi territorialit\u00e0 e packaging sostenibili. I prodotti pi\u00f9 innovativi saranno esposti in fiera nell\u2019area \u201c<em>Cibus Innovation Corner<\/em>\u201d, selezionati da una giuria di esperti.<\/span><\/p>\n<p><span style=\"color: #000000;\">Saranno in parte destinati all\u2019export che presenta aspetti positivi, specie per quanto riguarda l\u2019area extra UE, meno penalizzata dagli effetti della guerra in Ucraina, che nel 2021 ha <\/span><span style=\"color: #000000;\">rappresentato il 42,6% delle esportazioni alimentari italiane. In particolare, il mercato USA ha registrato un aumento del 14,0% sull\u2019anno precedente.<\/span><\/p>\n<p><span style=\"color: #000000;\">Va sottolineato che quella del 2022 \u00e8 la prima edizione di Cibus \u201ccarbon neutral\u201d. La carbon neutrality \u00e8 un processo che include la misurazione delle missioni, l\u2019individuazione di un piano di riduzione e la compensazione delle emissioni residue attraverso crediti di carbonio certificati di alta qualit\u00e0, che finanziano progetti di mitigazione dei cambiamenti climatici e promuovono lo sviluppo sostenibile. La certificazione \u00e8 stata resa possibile grazie alla partnership tra Fiere di Parma e Carbonsink, la societ\u00e0 di consulenza leader in Italia nella progettazione di strategie climatiche.<\/span><\/p>\n<p><span style=\"color: #000000;\">Nel corso della conferenza stampa di presentazione di Cibus 2022 \u00e8 intervenuto <strong>Roberto Luogo, Direttore Generale di ICE \u2013 Agenzia<\/strong>: &#8220;<em>L&#8217;ICE-Agenzia anche quest&#8217;anno ha accolto l&#8217;invito di Cibus a sostenere ed accompagnare le imprese italiane del settore agroalimentare. E lo ha fatto sia a partire dalla fase preparatoria della manifestazione che sotto data: numerose le azioni di comunicazione su alcune delle pi\u00f9 illustri testate mondiali del food e un incoming di 390 fra buyer specializzati e giornalisti di settore provenienti da 42 Paesi. L&#8217;ICE-Agenzia e il Ministero degli Affari Esteri e della Cooperazione Internazionale intendono cos\u00ec confermare il loro contributo al sostegno dell&#8217;agroalimentare italiano che nel 2022 guarda al suo consolidamento sui mercati tradizionali di sbocco, UE, USA e Canada, e quelli in evoluzione come i Paesi del Golfo o, in estremo oriente, come il Giappone e la Cina&#8221;<\/em>.<\/span><\/p>\n<p><span style=\"color: #000000;\"><strong>Ivano Vacondio, Presidente di Federalimentare<\/strong>, ha sottolineato l\u2019importanza del food&amp;beverage italiano: \u201c<em>Se c&#8217;\u00e8 una cosa che gli ultimi anni ci hanno insegnato \u00e8 l\u2019importanza, data troppo spesso per scontata, del food&amp;beverage. Internamente, il food&amp;beverage rappresenta un vero e proprio vettore di coesione sociale, mentre se guardiamo all\u2019export, le nostre eccellenze nel mondo continuano a rappresentare una fonte di ricchezza tramite la quale possiamo aiutare l\u2019economia del Paese. E Cibus, come vetrina dei prodotti alimentari del Made in Italy deve ricordarci proprio questo: anche in condizioni difficili come quella che stiamo affrontando, \u00e8 importante celebrare i nostri prodotti, farlo con buyer italiani ed esteri, ricordando il grande valore di ci\u00f2 che produciamo in termini economici e in termini sociali\u201d.<\/em><\/span><\/p>\n<p><span style=\"color: #000000;\">Sul ruolo di Cibus<strong>, Antonio Cellie, ceo di Fiere di Parma, <\/strong>ha detto: \u201c<em>Cibus negli ultimi 2 anni non si \u00e8 mai fermato: supportando il sourcing degli operatori esteri con MyBusinessCibus.com; organizzando CibusForum nel drammatico 2020, inaugurando la ripartenza delle fiere nel settembre 2021 e presidiando con un proprio padiglione Expo Dubai. Perche da 40 anni \u00e8 questa la missione che condividiamo con Federalimentare: difendere l\u2019authentic Italian e supportare le nostre esportazioni. Cibus 2022 torna gi\u00e0 ai livelli pre-pandemia per qualit\u00e0 e quantit\u00e0 di espositori, oltre 3.000, tutti rigorosamente itlaliani, e<\/em><\/span><\/p>\n<ul>\n<li><span style=\"color: #000000;\"><em>visitatori attesi, rigorosamente professionali, di cui oltre il 10% esteri; dal 3 al 5 maggio ancora una volta tutto i mondo viene a vedere di persona il miracolo del made in italy alimentare attraverso le sue instancabili imprese e i loro meravigliosi territori<\/em>\u201d.<\/span><\/li>\n<\/ul>\n<p><span style=\"color: #000000;\">Cibus 2022 sar\u00e0 inaugurato da <strong>Stefano Patuanelli, Ministro delle Politiche Agricole, Alimentari e Forestali e da Manlio Di Stefano, Sottosegretario di Stato al Ministero degli Affari Esteri e della Cooperazione Internazionale<\/strong>, nel convegno d\u2019apertura \u201c<em>La responsabilit\u00e0 economica e sociale dell\u2019agroalimentare italiano &#8211; Come continuare a garantire l\u2019accesso al Cibo e al Lavoro durante e dopo le crisi, attraverso un nuovo modello <\/em><\/span><span style=\"color: #000000;\"><em>di sviluppo sempre pi\u00f9 sostenibile\u201d (<\/em>cui \u00e8 stato invitato Sergio Mattarella, Presidente della Repubblica Italiana).<\/span><\/p>\n<p><span style=\"color: #000000;\">Saranno presenti le maggiori testate della carta stampata e del web, della televisione e della radio. Rai sar\u00e0 Media Partner dell\u2019evento al quale sar\u00e0 presente uno studio radiofonico di Radio 24, oltre alle maggiori testate della carta stampata e del web, della televisione e della radio.<\/span><\/p>\n<p><span style=\"color: #000000;\">Al convegno inaugurale seguiranno l\u2019Assemblea nazionale di Federalimentare e il convegno di ICE \u2013 Agenzia che illustrer\u00e0 Il nuovo servizio ICE basato sulla tecnologia Blockchain: mette a disposizione di 300 piccole e medie industrie, a titolo gratuito, un sistema innovativo di tracciamento della filiera per valorizzare il Made in Italy e contrastare l&#8217; Italian Sounding.<\/span><\/p>\n<p><span style=\"color: #000000;\">A Cibus 2022 sar\u00e0 presente una \u201c<em>Area Horeca The Hub<\/em>\u201d dedicata alle aziende del fuori casa, un canale di vendita di cui si parler\u00e0 anche nel convegno <em>\u201cI vantaggi dell\u2019innovazione digitale nell\u2019out of home: personalizzazione e attenzione al food cost\u201d, <\/em>con la partecipazione di JAKALA, prima MarTech company europea con una forte expertise di strategia, dati, tecnologia e media, in grado di aiutare i suoi clienti a migliorare le loro performance di marketing &amp; sales con un impatto misurabile sulla loro top line. In fiera saranno presenti i birrifici indipendenti e si terr\u00e0 il Concorso \u201c<em>Birra dell\u2019Anno<\/em>\u201d.<\/span><\/p>\n<p><span style=\"color: #000000;\">\u201c<em>Cibus4Sustainability<\/em>\u201d \u00e8 il progetto ideato e\u00a0 organizzato\u00a0 da\u00a0 Cibus,\u00a0 in\u00a0 collaborazione\u00a0 con PwC Italia, sulle buone pratiche sostenibili di industria e distribuzione, che sar\u00e0 presentato alla presenza di retailers nazionali, internazionali e grandi aziende agroalimentari il 4 maggio.<\/span><\/p>\n<p><span style=\"color: #000000;\">Le innovazioni di prodotto e di progetto delle Startup saranno presentate nell\u2019area di Le Village by Cr\u00e9dit Agricole Parma, con il supporto di ICE \u2013 Agenzia.<\/span><\/p>\n<p><span style=\"color: #000000;\">Le potenzialit\u00e0 dell\u2019export saranno analizzate nel convegno <em>\u201cLa dinamica delle private label a livello internazionale\u201d, <\/em>moderato da Antonio Cellie, ceo di Fiere di Parma, con la partecipazione di Romolo De Camillis, Retailer Director di Nielsen IQ, aziende e insegne distributive.<\/span><\/p>\n<p><span style=\"color: #000000;\">Per un elenco completo delle attivit\u00e0 e dei convegni in fiera si veda: <a style=\"color: #000000;\" href=\"https:\/\/www.cibus.it\/progetti-speciali\/\">https:\/\/www.cibus.it\/progetti-speciali\/ <\/a>e <a style=\"color: #000000;\" href=\"https:\/\/www.cibus.it\/convegni-2022\/\">https:\/\/www.cibus.it\/convegni-2022\/<\/a><\/span><\/p>\n<p><span style=\"color: #000000;\">Infine, \u201c<em>Cibus in citt\u00e0<\/em>\u201d si terr\u00e0 in due location speciali nel centro storico di Parma: incontri, degustazioni, spettacoli e cucina.<\/span><\/p>\n<p style=\"text-align: center;\">Testo a cura ufficio Stampa Cibus \u2013 Fanini Ufficio Stampa<br \/>\nTutti i diritti riservati \u00a9 2022 \u2013 Email: nonsolomodanews@gmail.com<\/p>\n","protected":false},"excerpt":{"rendered":"<p>Presentato oggi a Milano il programma della 21&deg; edizione di Cibus &ndash;Tornano i buyer esteri a conferma di un export in territorio positivo &ndash; In esposizione tanti prodotti nuovi e sostenibili &ndash; Industria, Agricoltura e Distribuzione si confrontano per gestire le problematiche di questo periodo (Milano, 21 aprile 2022) &ndash; Sar&agrave; un anno difficile per l&rsquo;agroalimentare italiano, stretto tra inflazione e rischio di flessione dei consumi interni, ma l&rsquo;arrivo degli investimenti del PNRR e la continua crescita dell&rsquo;export nelle geografie chiave possono consentire un ulteriore crescita del comparto nel medio periodo. Ne parleranno i rappresentanti della filiera che si incontreranno a Cibus 2022, dal 3 al 6 maggio a Parma, organizzato da Fiere di Parma e Federalimentare. Cibus &egrave; la fiera dei Territori: da quasi 40 anni a Parma si celebra la capacit&agrave; del Made in Italy Alimentare di crescere rispettando e valorizzando la propria tradizione e i propri territori.<\/p>\n","protected":false},"author":1,"featured_media":23217,"comment_status":"open","ping_status":"open","sticky":false,"template":"","format":"standard","meta":{"rop_custom_images_group":[],"rop_custom_messages_group":[],"rop_publish_now":"initial","rop_publish_now_accounts":[],"rop_publish_now_history":[],"rop_publish_now_status":"pending","footnotes":""},"categories":[16],"tags":[9081,281,2532,9079,1099,9080,9083,9082],"class_list":["post-23216","post","type-post","status-publish","format-standard","has-post-thumbnail","hentry","category-articolo","tag-antonio-cellie","tag-bruno-angelo-porcellana","tag-cibus","tag-ivano-vacondio","tag-nonsolomodanews","tag-roberto-luogo","tag-ufficio-stampa-cibus","tag-ufficio-stampa-fanini"],"_links":{"self":[{"href":"https:\/\/www.nonsolomodanews.it\/wordpress\/wp-json\/wp\/v2\/posts\/23216","targetHints":{"allow":["GET"]}}],"collection":[{"href":"https:\/\/www.nonsolomodanews.it\/wordpress\/wp-json\/wp\/v2\/posts"}],"about":[{"href":"https:\/\/www.nonsolomodanews.it\/wordpress\/wp-json\/wp\/v2\/types\/post"}],"author":[{"embeddable":true,"href":"https:\/\/www.nonsolomodanews.it\/wordpress\/wp-json\/wp\/v2\/users\/1"}],"replies":[{"embeddable":true,"href":"https:\/\/www.nonsolomodanews.it\/wordpress\/wp-json\/wp\/v2\/comments?post=23216"}],"version-history":[{"count":2,"href":"https:\/\/www.nonsolomodanews.it\/wordpress\/wp-json\/wp\/v2\/posts\/23216\/revisions"}],"predecessor-version":[{"id":23219,"href":"https:\/\/www.nonsolomodanews.it\/wordpress\/wp-json\/wp\/v2\/posts\/23216\/revisions\/23219"}],"wp:featuredmedia":[{"embeddable":true,"href":"https:\/\/www.nonsolomodanews.it\/wordpress\/wp-json\/wp\/v2\/media\/23217"}],"wp:attachment":[{"href":"https:\/\/www.nonsolomodanews.it\/wordpress\/wp-json\/wp\/v2\/media?parent=23216"}],"wp:term":[{"taxonomy":"category","embeddable":true,"href":"https:\/\/www.nonsolomodanews.it\/wordpress\/wp-json\/wp\/v2\/categories?post=23216"},{"taxonomy":"post_tag","embeddable":true,"href":"https:\/\/www.nonsolomodanews.it\/wordpress\/wp-json\/wp\/v2\/tags?post=23216"}],"curies":[{"name":"wp","href":"https:\/\/api.w.org\/{rel}","templated":true}]}}