{"id":23199,"date":"2022-04-20T20:26:25","date_gmt":"2022-04-20T20:26:25","guid":{"rendered":"https:\/\/www.nonsolomodanews.it\/wordpress\/?p=23199"},"modified":"2022-04-20T20:26:25","modified_gmt":"2022-04-20T20:26:25","slug":"cibus-2022-lagroalimentare-affronta-lemergenza-internazionale","status":"publish","type":"post","link":"https:\/\/www.nonsolomodanews.it\/wordpress\/cibus-2022-lagroalimentare-affronta-lemergenza-internazionale\/","title":{"rendered":"CIBUS 2022: L\u2019AGROALIMENTARE AFFRONTA L\u2019EMERGENZA INTERNAZIONALE"},"content":{"rendered":"<p><span style=\"color: #000000;\"><strong><em><img loading=\"lazy\" decoding=\"async\" class=\"size-medium wp-image-23202 alignleft\" src=\"https:\/\/www.nonsolomodanews.it\/wordpress\/wp-content\/uploads\/2022\/04\/Logo-Cibus-2022-Base-EN-300x212.png\" alt=\"\" width=\"300\" height=\"212\" srcset=\"https:\/\/www.nonsolomodanews.it\/wordpress\/wp-content\/uploads\/2022\/04\/Logo-Cibus-2022-Base-EN-300x212.png 300w, https:\/\/www.nonsolomodanews.it\/wordpress\/wp-content\/uploads\/2022\/04\/Logo-Cibus-2022-Base-EN-1024x724.png 1024w, https:\/\/www.nonsolomodanews.it\/wordpress\/wp-content\/uploads\/2022\/04\/Logo-Cibus-2022-Base-EN-768x543.png 768w, https:\/\/www.nonsolomodanews.it\/wordpress\/wp-content\/uploads\/2022\/04\/Logo-Cibus-2022-Base-EN-1536x1086.png 1536w, https:\/\/www.nonsolomodanews.it\/wordpress\/wp-content\/uploads\/2022\/04\/Logo-Cibus-2022-Base-EN-2048x1448.png 2048w, https:\/\/www.nonsolomodanews.it\/wordpress\/wp-content\/uploads\/2022\/04\/Logo-Cibus-2022-Base-EN-1080x764.png 1080w\" sizes=\"auto, (max-width: 300px) 100vw, 300px\" \/>Tornano i buyer dai Paesi d\u2019oltremare \u2013 Tremila aziende espositrici \u2013 Gli interventi nella conferenza stampa odierna di Manlio Di Stefano, Sottosegretario di Stato al Ministero degli Affari Esteri e Cooperazione Internazionale; Carlo Ferro, Presidente, ICE \u2013 Agenzia; Ivano Vacondio, Presidente di Federalimentare; Antonio Cellie, ceo Fiere di Parma \u2013 Il messaggio di Luigi Di Maio, Ministro degli Affari Esteri e Cooperazione Internazionale<\/em><\/strong><\/span><\/p>\n<p><!--more--><\/p>\n<p><span style=\"color: #000000;\">Cibus sar\u00e0 la prima grande fiera internazionale dell\u2019agroalimentare che vedr\u00e0 il ritorno dei buyer esteri. La 21\u00b0 edizione, organizzata da Fiere di Parma e Federalimentare, si terr\u00e0 a Parma dal 3 al 6 maggio 2022. L\u2019allentamento dell\u2019emergenza pandemica e le nuove norme a favore della partecipazione fieristica da parte di operatori extra-UE consentir\u00e0 l\u2019arrivo di buyer e operatori commerciali da ogni continente, anche d\u2019oltremare. Sono attesi circa 60 mila visitatori professionali e circa 3 mila aziende espositrici. La guerra in Ucraina e la delicata situazione geopolitica internazionale sta condizionando anche il settore alimentare: gli aumenti del gas e delle materie prime e i problemi logistici stanno infatti mettendo a dura prova il food and beverage italiano. Ma proprio questa particolare situazione assegna agli eventi fieristici come Cibus un ruolo delicato: da un lato tentare una sintesi proiettiva tra domanda e offerta, dall\u2019altro pianificare approvvigionamenti e assortimenti superando le difficolt\u00e0 della supply chain.<\/span><\/p>\n<p><span style=\"color: #000000;\">D\u2019altronde \u00e8 sempre forte la domanda di agroalimentare italiano nel mondo. Basta scorrere le statistiche dell\u2019export dell\u2019industria alimentare: USA +14,3%, Cina +32,7%, Corea del Sud +30,7%, Cile +50,5%, Sud Africa +21,2%, Polonia +21,4%, Spagna +19,6%, Germania + 6,7%, Francia +7,1%, (<em>dati Federalimentare elaborati su base Istat, gennaio\/novembre 2021<\/em>).<\/span><\/p>\n<p><span style=\"color: #000000;\">Cibus 2022 rimetter\u00e0 il cibo al centro del dibattito sociale ed economico, mostrando gli scenari e il suo ruolo imprescindibile all\u2019interno della nostra societ\u00e0. La manifestazione ribadisce il ruolo del food come archetipo dei rapporti sociali, inquadrando come questa attenzione possa riconciliarci con un modello di sviluppo coerente alle istanze del consumatore, delle comunit\u00e0, dell\u2019ambiente e delle aziende agroalimentari sempre pi\u00f9 orientate a comportamenti virtuosi. A Cibus 2022 l\u2019attenzione alla sostenibilit\u00e0 sar\u00e0 intesa in tutti i suoi molteplici aspetti: ambientale, economica e sociale. Protagonisti di Cibus anche i prodotti IG italiani ed internazionali per la promozione e la valorizzazione dei territori d\u2019origine, il set informativo necessario a creare valore sugli scaffali e un\u2019area start up con realt\u00e0 italiane ed estere come incubatore di proposte innovative. Non mancher\u00e0, poi, la valorizzazione delle buone pratiche dell\u2019industria agroalimentare per innescare una reazione a catena positiva lungo tutta la filiera.<\/span><\/p>\n<p><span style=\"color: #000000;\">In conferenza stampa \u00e8 stato letto un indirizzo di saluto di <strong>Luigi Di Maio, Ministro degli Affari Esteri e Cooperazione Internazionale <\/strong>che ha dichiarato: \u201cLa drammatica situazione internazionale purtroppo mi impedisce di partecipare di persona a questa iniziativa. Cibus \u00e8 un esempio della resilienza e della capacit\u00e0 di ripartire, essendo stata tra le prime manifestazioni fieristiche a svolgersi in presenza lo scorso anno, dopo la fase pi\u00f9 acuta dell\u2019emergenza sanitaria globale. Siamo pienamente consapevoli che le prossime saranno settimane complesse da gestire. voglio rassicurarvi in merito al fatto che la Farnesina continuer\u00e0 a lavorare con la medesima, accresciuta intensit\u00e0 che ci ha consentito, nell\u2019ultimo biennio, di sostenere e promuovere il Made in Italy. Nei giorni scorsi, abbiamo avviato una riflessione insieme a Ministero delle Finanze e Ministero dello Sviluppo Economico per potenziare il nostro sostegno alle filiere pi\u00f9 esposte alle tensioni con la Russia. Vorrei ribadire ancora una volta che potrete sempre contare sul costante impegno del Ministero degli Esteri a favore dell\u2019export e dell\u2019internazionalizzazione delle aziende italiane\u201d.<\/span><\/p>\n<p><span style=\"color: #000000;\">\u00c8 poi intervenuto <strong>Manlio Di Stefano, Sottosegretario di Stato al Ministero degli Affari Esteri e Cooperazione Internazionale<\/strong>: \u201cGuardando il contesto generale, al di l\u00e0 della crisi attuale, il Ministero degli Esteri \u00e8 impegnato nel sostegno all\u2019export italiano, grazie al \u201cPatto per l\u2019Export\u201d. Ricordiamo che l\u2019Italia vanta un primato mondiale sulle produzioni biologiche, il record per le produzioni agroalimentari a denominazione d\u2019origine, e una variet\u00e0 produttiva unica. Per quanto riguarda la crisi russo\/ucraina stiamo attivando dei giri di tavolo per sostenere le imprese esportatrici, per eventualmente riprogrammare su altri mercati le perdite sui mercati russo\/ucraini, per esplorare risposte compensative\u201d.<\/span><\/p>\n<p><span style=\"color: #000000;\">I riflessi delle tensioni internazionali sul settore agroalimentare sono stati al centro dell\u2019intervento di <strong>Ivano Vacondio, Presidente di Federalimentare<\/strong>: <em>\u201cLa guerra in Ucraina sta provocando un aumento di prezzi smisurato di gas e di materie prime fondamentali, come il grano, il mais e il girasole e la situazione logistica non migliora la situazione. Con il blocco dal Mar Nero, infatti, l&#8217;unico trasporto possibile \u00e8 quello via terra e via ferro ma l&#8217;Ungheria, proprio in questi giorni, sta rendendo molto difficile se non impossibile il trasporto dei cereali, provocando un reale rischio di approvvigionamento per il nostro Paese. L&#8217;appuntamento di Cibus serve a ribadire la centralit\u00e0 delle nostre imprese <\/em>alimentari che, pur in condizioni sfavorevoli, continuano a produrre, a cercare nuove soluzioni, consapevoli del fatto che fermarsi non \u00e8 possibile.<\/span><\/p>\n<p><span style=\"color: #000000;\">Cibus ci ricorda cos\u00ec il valore del food&amp;beverage in condizioni ordinarie e, ancor di pi\u00f9, in condizioni extra-ordinarie\u201d.<\/span><\/p>\n<p><span style=\"color: #000000;\">Un sostegno alle imprese e a Cibus viene assicurato da <strong>ICE \u2013\u00a0 Agenzia<\/strong>, come ha riferito\u00a0 il <strong>Presidente Carlo Ferro<\/strong>: \u201cL\u2019export del nostro Paese \u00e8 ripartito nel 2021 e cos\u00ec l\u2019agroalimentare italiano che ha registrato una crescita del +14.7% rispetto al 2019. Alle nuove sfide dei mercati internazionali post-Covid, si aggiunge, tuttavia, uno scenario internazionale dominato da inattese e drammatiche complessit\u00e0 geopolitiche. In questo quadro fare sistema \u00e8 ancor pi\u00f9 importante. ICE Agenzia sostiene la 21ma edizione di Cibus, appuntamento iconico del mondo agroalimentare italiano, con lo stanziamento di risorse pi\u00f9 importante negli ultimi sei anni. Per questa edizione i nostri uffici prevedono di portare a Parma 380 buyer specializzati e 10 giornalisti da 42 Paesi e faciliteranno la diffusione della piattaforma My Business Cibus. Queste azioni vogliono contribuire al successo di Fiere di Parma e degli espositori nel mitigare l\u2019impatto del momento per le imprese esportatrici. Con l\u2019auspicio, di cuore, che ben prima della data di apertura della fiera il mondo abbia ritrovato la pace\u201d.<\/span><\/p>\n<p><span style=\"color: #000000;\">Cibus 2022 sar\u00e0 un\u2019occasione per definire il ruolo di resilienza dell\u2019agroalimentare, come ha detto <strong>Antonio Cellie, ceo di Fiere di Parma: <\/strong>\u201cIl Made in Italy durante il Covid ha mostrato tutta la sua flessibile resilienza quindi si candida, anche in questa delicata fase, a fornire \u2018creativamente\u2019 la distribuzione mondiale. Migliaia di buyer verranno a Cibus con questo spirito: capire con i loro fornitori chiave come gestire l\u2019emergenza e, auspicabilmente, uscirne. Dobbiamo ricordare che il cibo \u00e8 un bene primario e personalmente auspico che il dibattito della community di fronte alla tragedia umanitaria in Ucraina viri rapidamente dagli aspetti economici a quelli sociali. Su questo infatti apriamo Cibus 2022: come l\u2019Agroalimentare pu\u00f2 e potr\u00e0 contribuire alla stabilit\u00e0 dei territori e all\u2019 inclusione delle persone\u201d.<\/span><\/p>\n<p><span style=\"color: #000000;\">Su Cibus capitale della Food Valley, <strong>Gino Ganfolfi, Presidente di Fiere di Parma<\/strong>, ha dichiarato: <em>\u201cRadicata sul territorio e in stretta collaborazione con le Istituzioni, Cibus <\/em>costituisce l&#8217;ingresso ideale per i buyer che provengono da tutto il mondo per scoprire la Food Valley e i suoi prodotti. La pandemia ci ha offerto l\u2019opportunit\u00e0 di ripensare alcuni processi e di ottimizzare le nostre risorse. Grazie ai ristori del Governo, al grande impianto fotovoltaico e alle decisioni assunte, possiamo presentare oggi una manifestazione in grado di creare valore e di generare anche un rilevante impatto economico e sociale per la Comunit\u00e0 locale e per l\u2019intero territorio nazionale\u201d.<\/span><\/p>\n<p style=\"text-align: center;\"><span style=\"color: #000000;\">Testo a cura ufficio Stampa Cibus \u2013 Fanini Ufficio Stampa<\/span><br \/>\n<span style=\"color: #000000;\">Tutti i diritti riservati \u00a9 2022 \u2013 Email: nonsolomodanews@gmail.com<\/span><\/p>\n","protected":false},"excerpt":{"rendered":"<p>Tornano i buyer dai Paesi d&rsquo;oltremare &ndash; Tremila aziende espositrici &ndash; Gli interventi nella conferenza stampa odierna di Manlio Di Stefano, Sottosegretario di Stato al Ministero degli Affari Esteri e Cooperazione Internazionale; Carlo Ferro, Presidente, ICE &ndash; Agenzia; Ivano Vacondio, Presidente di Federalimentare; Antonio Cellie, ceo Fiere di Parma &ndash; Il messaggio di Luigi Di Maio, Ministro degli Affari Esteri e Cooperazione Internazionale<\/p>\n","protected":false},"author":1,"featured_media":23201,"comment_status":"open","ping_status":"open","sticky":false,"template":"","format":"standard","meta":{"rop_custom_images_group":[],"rop_custom_messages_group":[],"rop_publish_now":"initial","rop_publish_now_accounts":[],"rop_publish_now_history":[],"rop_publish_now_status":"pending","footnotes":""},"categories":[16],"tags":[281,2532,1142],"class_list":["post-23199","post","type-post","status-publish","format-standard","has-post-thumbnail","hentry","category-articolo","tag-bruno-angelo-porcellana","tag-cibus","tag-parma"],"_links":{"self":[{"href":"https:\/\/www.nonsolomodanews.it\/wordpress\/wp-json\/wp\/v2\/posts\/23199","targetHints":{"allow":["GET"]}}],"collection":[{"href":"https:\/\/www.nonsolomodanews.it\/wordpress\/wp-json\/wp\/v2\/posts"}],"about":[{"href":"https:\/\/www.nonsolomodanews.it\/wordpress\/wp-json\/wp\/v2\/types\/post"}],"author":[{"embeddable":true,"href":"https:\/\/www.nonsolomodanews.it\/wordpress\/wp-json\/wp\/v2\/users\/1"}],"replies":[{"embeddable":true,"href":"https:\/\/www.nonsolomodanews.it\/wordpress\/wp-json\/wp\/v2\/comments?post=23199"}],"version-history":[{"count":2,"href":"https:\/\/www.nonsolomodanews.it\/wordpress\/wp-json\/wp\/v2\/posts\/23199\/revisions"}],"predecessor-version":[{"id":23203,"href":"https:\/\/www.nonsolomodanews.it\/wordpress\/wp-json\/wp\/v2\/posts\/23199\/revisions\/23203"}],"wp:featuredmedia":[{"embeddable":true,"href":"https:\/\/www.nonsolomodanews.it\/wordpress\/wp-json\/wp\/v2\/media\/23201"}],"wp:attachment":[{"href":"https:\/\/www.nonsolomodanews.it\/wordpress\/wp-json\/wp\/v2\/media?parent=23199"}],"wp:term":[{"taxonomy":"category","embeddable":true,"href":"https:\/\/www.nonsolomodanews.it\/wordpress\/wp-json\/wp\/v2\/categories?post=23199"},{"taxonomy":"post_tag","embeddable":true,"href":"https:\/\/www.nonsolomodanews.it\/wordpress\/wp-json\/wp\/v2\/tags?post=23199"}],"curies":[{"name":"wp","href":"https:\/\/api.w.org\/{rel}","templated":true}]}}