{"id":23157,"date":"2022-04-08T11:12:01","date_gmt":"2022-04-08T11:12:01","guid":{"rendered":"https:\/\/www.nonsolomodanews.it\/wordpress\/?p=23157"},"modified":"2022-04-08T11:20:50","modified_gmt":"2022-04-08T11:20:50","slug":"bologna-inaugurato-tulipark-2022","status":"publish","type":"post","link":"https:\/\/www.nonsolomodanews.it\/wordpress\/bologna-inaugurato-tulipark-2022\/","title":{"rendered":"Bologna, inaugurato Tulipark 2022"},"content":{"rendered":"<p><img loading=\"lazy\" decoding=\"async\" class=\"size-medium wp-image-23165 alignleft\" src=\"https:\/\/www.nonsolomodanews.it\/wordpress\/wp-content\/uploads\/2022\/04\/05042022-DSC_1072-200x300.jpg\" alt=\"\" width=\"200\" height=\"300\" srcset=\"https:\/\/www.nonsolomodanews.it\/wordpress\/wp-content\/uploads\/2022\/04\/05042022-DSC_1072-200x300.jpg 200w, https:\/\/www.nonsolomodanews.it\/wordpress\/wp-content\/uploads\/2022\/04\/05042022-DSC_1072-684x1024.jpg 684w, https:\/\/www.nonsolomodanews.it\/wordpress\/wp-content\/uploads\/2022\/04\/05042022-DSC_1072-768x1151.jpg 768w, https:\/\/www.nonsolomodanews.it\/wordpress\/wp-content\/uploads\/2022\/04\/05042022-DSC_1072-1025x1536.jpg 1025w, https:\/\/www.nonsolomodanews.it\/wordpress\/wp-content\/uploads\/2022\/04\/05042022-DSC_1072-1080x1618.jpg 1080w, https:\/\/www.nonsolomodanews.it\/wordpress\/wp-content\/uploads\/2022\/04\/05042022-DSC_1072.jpg 1367w\" sizes=\"auto, (max-width: 200px) 100vw, 200px\" \/>Il giorno 5 aprile 2022, introdotto dalla dott.ssa <strong>Roberta Nardi<\/strong>, e alla presenza della famiglia Votadoro, ideatori e fondatori di<strong> Tulipark<\/strong>, \u00e8 stato inaugurato a Bologna, per il secondo anno consecutivo, TuliPark 2022.\u00a0 Dopo l&#8217;esperienza positiva del 2021 e gi\u00e0 ricordata con un articolo su questo magazine (<a href=\"https:\/\/www.nonsolomodanews.it\/wordpress\/tulipark-i-tulipani-olandesi-a-bologna\/\">Tulipark, i tulipani olandesi a Bologna (nonsolomodanews.it)<\/a> &#8211; Il campo con i tulipani insiste nel quartiere Navile, a due passi dall&#8217;ex deposito Giuriolo, facile da raggiungere sia con i mezzi pubblici (c&#8217;\u00e8 la linea 11C direzione Parco dei Giardiani) sia con le auto anche da fuori bologna prendendo l&#8217; uscita tangenziale 6 e con possibilit\u00e0 di ampio parcheggio.<\/p>\n<p><!--more--><\/p>\n<p>Alla cerimonia di inaugurazione erano presenti il dott. <strong>Daniele Ara,<\/strong> assessore alle scuole con delega all\u2019agricoltura ed alle risorse idriche del Comune di Bologna, l\u2019Avv. <strong>Carlo Gubellini,<\/strong> sindaco di Castenaso, che ha organizzato in tempo record il primo hub di accoglienza e smistamento per Ucraini che fuggono dalla Guerra, la dott.ssa <strong>Elisabetta Scalambra<\/strong>, assessora del Comune di Castenaso con deleghe Ambiente e gestione dei rifiuti, Terzo settore, Pari opportunit\u00e0 e Sicurezza, con la quale l\u2019anno scorso Tulipark ha collaborato per far accompagnare dai tulipani, al loro secondo ciclo di fioritura, l\u2019inaugurazione del nuovo e incantevole parco urbano della Bassa Benfenati. Oltre alle autorit\u00e0 civili erano presenti altri rappresentati di associazioni di volontariato del Quartiere Navile oltre a quella Associazione Nazionale Polizia di Stato che collabora al servizio d\u2019ordine a Tulipark. Si ricorda che Tulipark in collaborazione con \u201cSave the Children\u201d aderisce al progetto <em>\u201cColtiviamo la pace\u201d<\/em>. Parte del ricavato sar\u00e0 devoluto alle famiglie ucraine in fuga dalla guerra. Come ha dichiarato <strong>Filippo Votadoro<\/strong>, responsabile di Tulipark per la famiglia Votadoro, \u201cLo scopo di Tulipark \u00e8 quello di avvicinare le persone alla natura\u201d.<\/p>\n<p><img loading=\"lazy\" decoding=\"async\" class=\"size-medium wp-image-23164 aligncenter\" src=\"https:\/\/www.nonsolomodanews.it\/wordpress\/wp-content\/uploads\/2022\/04\/05042022-DSC_1060-200x300.jpg\" alt=\"\" width=\"200\" height=\"300\" srcset=\"https:\/\/www.nonsolomodanews.it\/wordpress\/wp-content\/uploads\/2022\/04\/05042022-DSC_1060-200x300.jpg 200w, https:\/\/www.nonsolomodanews.it\/wordpress\/wp-content\/uploads\/2022\/04\/05042022-DSC_1060-684x1024.jpg 684w, https:\/\/www.nonsolomodanews.it\/wordpress\/wp-content\/uploads\/2022\/04\/05042022-DSC_1060-768x1151.jpg 768w, https:\/\/www.nonsolomodanews.it\/wordpress\/wp-content\/uploads\/2022\/04\/05042022-DSC_1060-1025x1536.jpg 1025w, https:\/\/www.nonsolomodanews.it\/wordpress\/wp-content\/uploads\/2022\/04\/05042022-DSC_1060-1080x1618.jpg 1080w, https:\/\/www.nonsolomodanews.it\/wordpress\/wp-content\/uploads\/2022\/04\/05042022-DSC_1060.jpg 1367w\" sizes=\"auto, (max-width: 200px) 100vw, 200px\" \/>Tulipark \u00e8 il primo parco a tema olandese in Italia con una esposizione di 450mila Tulipani. Oltre ad essere presente a Bologna lo \u00e8 anche a Roma e a Spoleto e l\u2019apertura di Roma e Spoleto (PG) sar\u00e0 tra poche settimane. Nei tre parchi ogni anno sbocciano quasi 1 milione di tulipani in un\u2019area totale di oltre 6 campi da calcio. E\u2019 caratterizzato dalla raccolta \u201cu-Pick\u201d \u201ctu raccogli\u201d dei Tulipani, infatti sono i visitatori ad avere la possibilit\u00e0 di raccogliere i tulipani direttamente al campo, come un vero e proprio self service dei fiori. Per fare ci\u00f2, prima della visita del Tulipark, ci sar\u00e0 una breve descrizione di come avviene la visita e la raccolta. Infatti, al termine della visita, se oltre al tulipano si raccoglier\u00e0 il bulbo, questi verr\u00e0 tenuto da parte e successivamente donato in beneficienza.<\/p>\n<p><img loading=\"lazy\" decoding=\"async\" class=\"size-medium wp-image-23168 aligncenter\" src=\"https:\/\/www.nonsolomodanews.it\/wordpress\/wp-content\/uploads\/2022\/04\/05042022-DSC_3742-200x300.jpg\" alt=\"\" width=\"200\" height=\"300\" srcset=\"https:\/\/www.nonsolomodanews.it\/wordpress\/wp-content\/uploads\/2022\/04\/05042022-DSC_3742-200x300.jpg 200w, https:\/\/www.nonsolomodanews.it\/wordpress\/wp-content\/uploads\/2022\/04\/05042022-DSC_3742-683x1024.jpg 683w, https:\/\/www.nonsolomodanews.it\/wordpress\/wp-content\/uploads\/2022\/04\/05042022-DSC_3742-768x1151.jpg 768w, https:\/\/www.nonsolomodanews.it\/wordpress\/wp-content\/uploads\/2022\/04\/05042022-DSC_3742-1025x1536.jpg 1025w, https:\/\/www.nonsolomodanews.it\/wordpress\/wp-content\/uploads\/2022\/04\/05042022-DSC_3742-1367x2048.jpg 1367w, https:\/\/www.nonsolomodanews.it\/wordpress\/wp-content\/uploads\/2022\/04\/05042022-DSC_3742-1080x1618.jpg 1080w, https:\/\/www.nonsolomodanews.it\/wordpress\/wp-content\/uploads\/2022\/04\/05042022-DSC_3742-scaled.jpg 1709w\" sizes=\"auto, (max-width: 200px) 100vw, 200px\" \/>Il parco oltre a questa splendida vista offre delle attrazioni che richiamano l\u2019olanda e le sue tradizioni, cui un mulino olandese, uno zoccolo olandese gigante e una mucca frisona. ll mulino a vento \u00e8 una struttura costruita per sfruttare l&#8217;energia del vento (energia eolica) e attraverso l&#8217;utilizzo di pale, trasformarla in energia meccanica (ovvero energia cinetica) utilizzandola per macinare cereali o altri materiali in ambito agricolo, artigianale o industriale. Venivano utilizzati per macinare cerali, spezie nonch\u00e9 per produrre vernici, assi di legno e olio e azionare le pompe per l&#8217;irrigazione dei campi. Il mulino a vento presente a Tulipark \u00e8 stato realizzato interamente a mano, da un artigiano olandese. Il mulino \u00e8 una riproduzione fedele all&#8217;originale, infatti ogni singolo pezzo \u00e8 stato realizzato utilizzando i materiali che si usano per realizzare quelli veri.<img loading=\"lazy\" decoding=\"async\" class=\"size-medium wp-image-23173 aligncenter\" src=\"https:\/\/www.nonsolomodanews.it\/wordpress\/wp-content\/uploads\/2022\/04\/05042022-DSC_0967-300x200.jpg\" alt=\"\" width=\"300\" height=\"200\" srcset=\"https:\/\/www.nonsolomodanews.it\/wordpress\/wp-content\/uploads\/2022\/04\/05042022-DSC_0967-300x200.jpg 300w, https:\/\/www.nonsolomodanews.it\/wordpress\/wp-content\/uploads\/2022\/04\/05042022-DSC_0967-1024x684.jpg 1024w, https:\/\/www.nonsolomodanews.it\/wordpress\/wp-content\/uploads\/2022\/04\/05042022-DSC_0967-768x513.jpg 768w, https:\/\/www.nonsolomodanews.it\/wordpress\/wp-content\/uploads\/2022\/04\/05042022-DSC_0967-1536x1025.jpg 1536w, https:\/\/www.nonsolomodanews.it\/wordpress\/wp-content\/uploads\/2022\/04\/05042022-DSC_0967-1080x721.jpg 1080w, https:\/\/www.nonsolomodanews.it\/wordpress\/wp-content\/uploads\/2022\/04\/05042022-DSC_0967.jpg 2048w\" sizes=\"auto, (max-width: 300px) 100vw, 300px\" \/><\/p>\n<p>Zoccoli di legno KLOMPEN &#8211; Gli zoccoli sono uno dei simboli dell&#8217;Olanda per eccellenza. I primi klompen furono ritrovati ad Amsterdam e si stima una data che risale almeno a 850 anni prima. Gli zoccoli sono calzature fatte di legno dolce come pioppo, salice, acero, olmo, poich\u00e9 sono dei buoni isolanti e facilmente modellabili. Possono essere completamente in legno o avere la suola in legno e la tomaia di cuoio o tessuto. Ma perch\u00e9 i loro antenati hanno avuto la necessit\u00e0 di costruire delle scarpe in legno? Un terzo dell&#8217;Olanda \u00e8 sotto il livello del mare, per cui le terre erano\/ sono molto melmose e contenevano molta acqua e il legno era in grado di mantenere il piede asciutto. Mentre in estate mantenevano freschi i piedi; in inverno si indossavano le calze di lana per mantenere i piedi al caldo. Ancora oggi vengono calzati in alcuni piccoli villaggi, specie in agricoltura.<\/p>\n<p><img loading=\"lazy\" decoding=\"async\" class=\"size-medium wp-image-23167 aligncenter\" src=\"https:\/\/www.nonsolomodanews.it\/wordpress\/wp-content\/uploads\/2022\/04\/05042022-DSC_3716-200x300.jpg\" alt=\"\" width=\"200\" height=\"300\" srcset=\"https:\/\/www.nonsolomodanews.it\/wordpress\/wp-content\/uploads\/2022\/04\/05042022-DSC_3716-200x300.jpg 200w, https:\/\/www.nonsolomodanews.it\/wordpress\/wp-content\/uploads\/2022\/04\/05042022-DSC_3716-683x1024.jpg 683w, https:\/\/www.nonsolomodanews.it\/wordpress\/wp-content\/uploads\/2022\/04\/05042022-DSC_3716-768x1151.jpg 768w, https:\/\/www.nonsolomodanews.it\/wordpress\/wp-content\/uploads\/2022\/04\/05042022-DSC_3716-1025x1536.jpg 1025w, https:\/\/www.nonsolomodanews.it\/wordpress\/wp-content\/uploads\/2022\/04\/05042022-DSC_3716-1367x2048.jpg 1367w, https:\/\/www.nonsolomodanews.it\/wordpress\/wp-content\/uploads\/2022\/04\/05042022-DSC_3716-1080x1618.jpg 1080w, https:\/\/www.nonsolomodanews.it\/wordpress\/wp-content\/uploads\/2022\/04\/05042022-DSC_3716-scaled.jpg 1709w\" sizes=\"auto, (max-width: 200px) 100vw, 200px\" \/>Oltre al mulino a vento e agli zoccoli, al Tulipark 2022 si potranno vedere le seguenti attrazioni come la mucca frisona, lo zoccolo olandese gigante, il tulipano gigante e molto altro ancora. Si potranno scattare foto ricordo indimenticabili. Anche i pi\u00f9 piccoli saranno entusiasti di poter scoprire gli infiniti colori della natura. Quest anno particolare cura \u00e8 stata dedicate al relax sia per gli adulti che per i piccoli ospiti di Tulipark. Infatti ci sono i gonfiabili per i piccoli dove si possono divertire\u00a0e il gioco della ruzzola con la forma di formaggio oltre all\u2019area ristoro dove ci si potr\u00e0 fermare a mangiare e beve godendosi lo spettacolo offerto dai tulipani in fiore.<\/p>\n<p><a href=\"https:\/\/tulipark.it\/\">Notizie dai parchi &#8211; Visita TuliPark Roma, Bologna e Spoleto<\/a><\/p>\n<p><a href=\"https:\/\/www.instagram.com\/brunoangeloporcellana\/\">Bruno Angelo Porcellana\u00a0<\/a><\/p>\n<p><img loading=\"lazy\" decoding=\"async\" class=\"wp-image-21247 aligncenter\" src=\"https:\/\/www.nonsolomodanews.it\/wordpress\/wp-content\/uploads\/2020\/11\/BANNER-NONSOLOMODANEWS-TESTATA-2-tagliato-300x42.x69771.x69771.x81136.jpg\" sizes=\"auto, (max-width: 150px) 100vw, 150px\" srcset=\"https:\/\/www.nonsolomodanews.it\/wordpress\/wp-content\/uploads\/2020\/11\/BANNER-NONSOLOMODANEWS-TESTATA-2-tagliato-300x42.jpg 300w, https:\/\/www.nonsolomodanews.it\/wordpress\/wp-content\/uploads\/2020\/11\/BANNER-NONSOLOMODANEWS-TESTATA-2-tagliato-1024x144.jpg 1024w, https:\/\/www.nonsolomodanews.it\/wordpress\/wp-content\/uploads\/2020\/11\/BANNER-NONSOLOMODANEWS-TESTATA-2-tagliato-768x108.jpg 768w, https:\/\/www.nonsolomodanews.it\/wordpress\/wp-content\/uploads\/2020\/11\/BANNER-NONSOLOMODANEWS-TESTATA-2-tagliato-1536x217.jpg 1536w, https:\/\/www.nonsolomodanews.it\/wordpress\/wp-content\/uploads\/2020\/11\/BANNER-NONSOLOMODANEWS-TESTATA-2-tagliato-2048x289.jpg 2048w, https:\/\/www.nonsolomodanews.it\/wordpress\/wp-content\/uploads\/2020\/11\/BANNER-NONSOLOMODANEWS-TESTATA-2-tagliato-1080x152.jpg 1080w\" alt=\"\" width=\"150\" height=\"21\" \/><\/p>\n<p style=\"text-align: center;\">Testo e immagini di Bruno Angelo Porcellana<br \/>\nTutti i diritti riservati \u00a9 2022 \u2013 Email: nonsolomodanews@gmail.com<\/p>\n<p>&nbsp;<\/p>\n","protected":false},"excerpt":{"rendered":"<p>Il giorno 5 aprile 2022, introdotto dalla dott.ssa Roberta Nardi, e alla presenza della famiglia Votadoro, ideatori e fondatori di Tulipark, &egrave; stato inaugurato a Bologna, per il secondo anno consecutivo, TuliPark 2022.&nbsp; Dopo l&rsquo;esperienza positiva del 2021 e gi&agrave; ricordata con un articolo su questo magazine (Tulipark, i tulipani olandesi a Bologna (nonsolomodanews.it) &ndash; Il campo con i tulipani insiste nel quartiere Navile, a due passi dall&rsquo;ex deposito Giuriolo, facile da raggiungere sia con i mezzi pubblici (c&rsquo;&egrave; la linea 11C direzione Parco dei Giardiani) sia con le auto anche da fuori bologna prendendo l&rsquo; uscita tangenziale 6 e con possibilit&agrave; di ampio parcheggio.<\/p>\n","protected":false},"author":1,"featured_media":23174,"comment_status":"open","ping_status":"open","sticky":false,"template":"","format":"standard","meta":{"rop_custom_images_group":[],"rop_custom_messages_group":[],"rop_publish_now":"initial","rop_publish_now_accounts":[],"rop_publish_now_history":[],"rop_publish_now_status":"pending","footnotes":""},"categories":[16],"tags":[281,9073,2804,2805,9074,9072,9075,1099,9076],"class_list":["post-23157","post","type-post","status-publish","format-standard","has-post-thumbnail","hentry","category-articolo","tag-bruno-angelo-porcellana","tag-carlo-gubellini","tag-comune-di-bologna","tag-daniele-ara","tag-elisabetta-scalambra","tag-filippo-votadoro","tag-matilde-costa","tag-nonsolomodanews","tag-roberta-nardi"],"_links":{"self":[{"href":"https:\/\/www.nonsolomodanews.it\/wordpress\/wp-json\/wp\/v2\/posts\/23157","targetHints":{"allow":["GET"]}}],"collection":[{"href":"https:\/\/www.nonsolomodanews.it\/wordpress\/wp-json\/wp\/v2\/posts"}],"about":[{"href":"https:\/\/www.nonsolomodanews.it\/wordpress\/wp-json\/wp\/v2\/types\/post"}],"author":[{"embeddable":true,"href":"https:\/\/www.nonsolomodanews.it\/wordpress\/wp-json\/wp\/v2\/users\/1"}],"replies":[{"embeddable":true,"href":"https:\/\/www.nonsolomodanews.it\/wordpress\/wp-json\/wp\/v2\/comments?post=23157"}],"version-history":[{"count":7,"href":"https:\/\/www.nonsolomodanews.it\/wordpress\/wp-json\/wp\/v2\/posts\/23157\/revisions"}],"predecessor-version":[{"id":23176,"href":"https:\/\/www.nonsolomodanews.it\/wordpress\/wp-json\/wp\/v2\/posts\/23157\/revisions\/23176"}],"wp:featuredmedia":[{"embeddable":true,"href":"https:\/\/www.nonsolomodanews.it\/wordpress\/wp-json\/wp\/v2\/media\/23174"}],"wp:attachment":[{"href":"https:\/\/www.nonsolomodanews.it\/wordpress\/wp-json\/wp\/v2\/media?parent=23157"}],"wp:term":[{"taxonomy":"category","embeddable":true,"href":"https:\/\/www.nonsolomodanews.it\/wordpress\/wp-json\/wp\/v2\/categories?post=23157"},{"taxonomy":"post_tag","embeddable":true,"href":"https:\/\/www.nonsolomodanews.it\/wordpress\/wp-json\/wp\/v2\/tags?post=23157"}],"curies":[{"name":"wp","href":"https:\/\/api.w.org\/{rel}","templated":true}]}}