{"id":23148,"date":"2022-04-08T09:16:30","date_gmt":"2022-04-08T09:16:30","guid":{"rendered":"https:\/\/www.nonsolomodanews.it\/wordpress\/?p=23148"},"modified":"2022-04-08T09:16:30","modified_gmt":"2022-04-08T09:16:30","slug":"guido-iezzi-in-arte-sirdavid-e-marco-caporro-grandissimo-parrucchiere-sposi","status":"publish","type":"post","link":"https:\/\/www.nonsolomodanews.it\/wordpress\/guido-iezzi-in-arte-sirdavid-e-marco-caporro-grandissimo-parrucchiere-sposi\/","title":{"rendered":"GUIDO IEZZI in arte Sirdavid e MARCO CAPORRO grandissimo parrucchiere: SPOSI"},"content":{"rendered":"<div id=\"attachment_23149\" style=\"width: 210px\" class=\"wp-caption alignleft\"><img loading=\"lazy\" decoding=\"async\" aria-describedby=\"caption-attachment-23149\" class=\"wp-image-23149 size-medium\" src=\"https:\/\/www.nonsolomodanews.it\/wordpress\/wp-content\/uploads\/2022\/04\/IMG_4563_edited-200x300.jpg\" alt=\"\" width=\"200\" height=\"300\" srcset=\"https:\/\/www.nonsolomodanews.it\/wordpress\/wp-content\/uploads\/2022\/04\/IMG_4563_edited-200x300.jpg 200w, https:\/\/www.nonsolomodanews.it\/wordpress\/wp-content\/uploads\/2022\/04\/IMG_4563_edited-683x1024.jpg 683w, https:\/\/www.nonsolomodanews.it\/wordpress\/wp-content\/uploads\/2022\/04\/IMG_4563_edited-768x1152.jpg 768w, https:\/\/www.nonsolomodanews.it\/wordpress\/wp-content\/uploads\/2022\/04\/IMG_4563_edited-1024x1536.jpg 1024w, https:\/\/www.nonsolomodanews.it\/wordpress\/wp-content\/uploads\/2022\/04\/IMG_4563_edited-1365x2048.jpg 1365w, https:\/\/www.nonsolomodanews.it\/wordpress\/wp-content\/uploads\/2022\/04\/IMG_4563_edited-1080x1620.jpg 1080w, https:\/\/www.nonsolomodanews.it\/wordpress\/wp-content\/uploads\/2022\/04\/IMG_4563_edited-scaled.jpg 1707w\" sizes=\"auto, (max-width: 200px) 100vw, 200px\" \/><p id=\"caption-attachment-23149\" class=\"wp-caption-text\"><\/span> <span style=\"color: #000000;\">Marco e Guido<\/span><\/p><\/div>\n<p><span style=\"color: #000000;\">Carissimi lettori di Nonsolomodanews ritorna a raccontarci di s\u00e9 il nostro amico e conosciuto stilista abruzzese Guido Iezzi, in arte Sirdavid; questa volta per\u00f2 non per i suoi sempre e grandiosi successi artistici, ma per un meraviglioso evento che riguarda la sua sfera personale e privata, che tocca le corde dei sentimenti e suona la melodia dell\u2019amore. \u201cS\u00ec\u201d , Vasto (Chieti) \u2013 Abruzzo 2022, \u00e8 ci\u00f2 che si pronunceranno Guido e Marco per sempre nel loro matrimonio; ci regalano quest\u2019anticipazione solo per noi di Nonsolomodanews raccontandoci delle \u201cchicche\u201d sul loro incontro sentimentale e artistico.<\/span><\/p>\n<p><span style=\"color: #000000;\"><!--more--><\/span><\/p>\n<p><span style=\"color: #000000;\">Sappiamo bene quanto possa essere ancora difficile percorrere la propria libert\u00e0 in questa societ\u00e0 ancora ovattata nel pregiudizio e nella invera tolleranza e continua discriminazione sessuale.<\/span><\/p>\n<p><span style=\"color: #000000;\">La pur sempre paura della cultura sessuale sin da piccoli per insegnare al non giudicare ci\u00f2 che non \u00e8 esattamente come ci\u00f2 ci vogliono insegnare. Di battaglie e piccole vittorie sono state fatte e raggiunte, lo Stato, in quanto istituzione, fa ancora fatica ad aprirsi a Madre Natura, ma pian piano si fanno piccoli passi anche in tal senso altrimenti non si sentirebbero alcune grandiose notizie che regalano ufficializzazione di un sentimento e amore anche a livello stato di unioni tra persone dello stesso sesso.<\/span><\/p>\n<p><span style=\"color: #000000;\"><img loading=\"lazy\" decoding=\"async\" class=\"size-medium wp-image-23153 aligncenter\" src=\"https:\/\/www.nonsolomodanews.it\/wordpress\/wp-content\/uploads\/2022\/04\/LOGO_trasparente.0-212x300.jpg\" alt=\"\" width=\"212\" height=\"300\" srcset=\"https:\/\/www.nonsolomodanews.it\/wordpress\/wp-content\/uploads\/2022\/04\/LOGO_trasparente.0-212x300.jpg 212w, https:\/\/www.nonsolomodanews.it\/wordpress\/wp-content\/uploads\/2022\/04\/LOGO_trasparente.0-724x1024.jpg 724w, https:\/\/www.nonsolomodanews.it\/wordpress\/wp-content\/uploads\/2022\/04\/LOGO_trasparente.0-768x1086.jpg 768w, https:\/\/www.nonsolomodanews.it\/wordpress\/wp-content\/uploads\/2022\/04\/LOGO_trasparente.0-1086x1536.jpg 1086w, https:\/\/www.nonsolomodanews.it\/wordpress\/wp-content\/uploads\/2022\/04\/LOGO_trasparente.0-1448x2048.jpg 1448w, https:\/\/www.nonsolomodanews.it\/wordpress\/wp-content\/uploads\/2022\/04\/LOGO_trasparente.0-1080x1528.jpg 1080w, https:\/\/www.nonsolomodanews.it\/wordpress\/wp-content\/uploads\/2022\/04\/LOGO_trasparente.0-scaled.jpg 1810w\" sizes=\"auto, (max-width: 212px) 100vw, 212px\" \/>Ci raccontano che pi\u00f9 di due anni fa l\u2019incontro galeotto fu un social di nome Facebook, entrambi uscivano da relazioni che hanno segnato il loro \u201cessere\u201d e la loro vita, ma che giorno dopo giorno hanno riaperto il loro cuore e la loro anima nel credere di poter davvero trovare l\u2019amore vero, quello che diciamo \u201cPER SEMPRE\u201d. Cos\u00ec tra messaggini e videochiamate una conoscenza virtuale dettata anche dal periodo pandemico che si attraversava, si \u00e8 riusciti a vedere la luce della conoscenza reale non appena si sono riaperte le limitazioni che il COVID ci ha imposto, legandoci e negandoci l\u2019aria e la vita fino a quel momento.<\/span><\/p>\n<p><span style=\"color: #000000;\">Il colpo di fulmine visivo \u00e8 stato immediato dopo quello che virtualmente si poteva provare, fu cos\u00ec convivenza immediata e nemmeno un istante divisi.<\/span><\/p>\n<p><span style=\"color: #000000;\">Iniziarono a pensare che oltre ad un futuro intimo si potesse pensare anche a quello artistico\/lavorativo. Marco parrucchiere romano, Guido stilista abruzzese hanno cercato di incastrare come un puzzle le loro due creativit\u00e0 in una dando vita ad un progetto, ancora in fase embrionale e crescita, di un salone con moda e bellezza. Tutto ci\u00f2 lo concepiscono a Genzano di Roma dove risiedeva Marco e aveva il suo salone parrucchiere, ma che da l\u00ec a breve fanno le valige per trasferire la loro totale vita a Vasto in provincia di Chieti in Abruzzo; un comune sul mare sulla famosissima costa dei trabocchi dalle spiagge a tratti ciottolose\u00a0 e poco affollate anche nei periodi di grande turismo.<\/span><\/p>\n<p><span style=\"color: #000000;\">Sin dall\u2019inizio della loro storia d\u2019amore si sono detti di Unirsi un giorno in matrimonio, si sono guardati tenendosi le mani dicendosi che l\u2019uno sarebbe stato l\u2019ultimo dell\u2019altro, e finalmente lo annunciano in grande stile a tutto il mondo, sicuri di ci\u00f2 che sono e quello che provano e indifferenti ai pregiudizi e quello che ne comporta nella societ\u00e0 stessa, perch\u00e9 l\u2019importante \u00e8 star bene, in pace e sereni con s\u00e9 e il proprio \u201cIO\u201d.<\/span><\/p>\n<div id=\"attachment_23152\" style=\"width: 210px\" class=\"wp-caption aligncenter\"><img loading=\"lazy\" decoding=\"async\" aria-describedby=\"caption-attachment-23152\" class=\"size-full wp-image-23152\" src=\"https:\/\/www.nonsolomodanews.it\/wordpress\/wp-content\/uploads\/2022\/04\/franco-ciambella-foto-200x200-1.jpg\" alt=\"\" width=\"200\" height=\"200\" srcset=\"https:\/\/www.nonsolomodanews.it\/wordpress\/wp-content\/uploads\/2022\/04\/franco-ciambella-foto-200x200-1.jpg 200w, https:\/\/www.nonsolomodanews.it\/wordpress\/wp-content\/uploads\/2022\/04\/franco-ciambella-foto-200x200-1-150x150.jpg 150w\" sizes=\"auto, (max-width: 200px) 100vw, 200px\" \/><p id=\"caption-attachment-23152\" class=\"wp-caption-text\"><\/span> <span style=\"color: #000000;\">Franco Ciambella<\/span><\/p><\/div>\n<p><span style=\"color: #000000;\">Ci anticipano anche che una meravigliosa location in spiaggia a Casalbordino (Chieti), \u201cPOKER il centro vacanze\u201d, ospiter\u00e0 la funzione e la scoppiettante festa in forma privata fatta di alcuni loro amici, parenti giornalisti e del mondo della moda tra cui spicca come ospite d\u2019onore l\u2019amico e ex suo docente allo IED \u2013 Istituto Europeo di Design di Roma che ha frequentato Guido, lo stilista di fama internazionale e grandissimo e magico creativo lo stilista FRANCO CIAMBELLA della omonima Maison sita a CIVITAVECCHIA (Roma). Sicuramente non mancheremo noi di Nonsolomodanews perch\u00e9 ci teniamo a seguire questo nostro amico che abbiamo imparato ad amare e conoscere negli anni.<\/span><\/p>\n<p><span style=\"color: #000000;\"><img loading=\"lazy\" decoding=\"async\" class=\"size-medium wp-image-23151 aligncenter\" src=\"https:\/\/www.nonsolomodanews.it\/wordpress\/wp-content\/uploads\/2022\/04\/0WO0N000002GAK8WAO_14445519-300x300.png\" alt=\"\" width=\"300\" height=\"300\" srcset=\"https:\/\/www.nonsolomodanews.it\/wordpress\/wp-content\/uploads\/2022\/04\/0WO0N000002GAK8WAO_14445519-300x300.png 300w, https:\/\/www.nonsolomodanews.it\/wordpress\/wp-content\/uploads\/2022\/04\/0WO0N000002GAK8WAO_14445519-150x150.png 150w, https:\/\/www.nonsolomodanews.it\/wordpress\/wp-content\/uploads\/2022\/04\/0WO0N000002GAK8WAO_14445519.png 304w\" sizes=\"auto, (max-width: 300px) 100vw, 300px\" \/> \u00a0<\/span><\/p>\n<p><span style=\"color: #000000;\">Auguriamo tanta fortuna e felicit\u00e0 alla coppia Marco e Guido e vi invitiamo a seguirci sempre pi\u00f9 numerosi per i prossimi sviluppi e aggiornamenti.<\/span><\/p>\n<p><span style=\"color: #000000;\">Bierregi<\/span><\/p>\n<p style=\"text-align: center;\"><span style=\"color: #000000;\">Tutti i diritti riservati \u00a9 2022 \u2013 Email: nonsolomodanews@gmail.com<\/span><\/p>\n<p>&nbsp;<\/p>\n","protected":false},"excerpt":{"rendered":"<p>Carissimi lettori di Nonsolomodanews ritorna a raccontarci di s&eacute; il nostro amico e conosciuto stilista abruzzese Guido Iezzi, in arte Sirdavid; questa volta per&ograve; non per i suoi sempre e grandiosi successi artistici, ma per un meraviglioso evento che riguarda la sua sfera personale e privata, che tocca le corde dei sentimenti e suona la melodia dell&rsquo;amore. &ldquo;S&igrave;&rdquo; , Vasto (Chieti) &ndash; Abruzzo 2022, &egrave; ci&ograve; che si pronunceranno Guido e Marco per sempre nel loro matrimonio; ci regalano quest&rsquo;anticipazione solo per noi di Nonsolomodanews raccontandoci delle &ldquo;chicche&rdquo; sul loro incontro sentimentale e artistico.<\/p>\n","protected":false},"author":1,"featured_media":23150,"comment_status":"open","ping_status":"open","sticky":false,"template":"","format":"standard","meta":{"rop_custom_images_group":[],"rop_custom_messages_group":[],"rop_publish_now":"initial","rop_publish_now_accounts":[],"rop_publish_now_history":[],"rop_publish_now_status":"pending","footnotes":""},"categories":[16],"tags":[87,1974,1820,1099,9071,1338],"class_list":["post-23148","post","type-post","status-publish","format-standard","has-post-thumbnail","hentry","category-articolo","tag-abruzzo","tag-franco-ciambella","tag-guido-iezzi","tag-nonsolomodanews","tag-poker-centro-vacanze","tag-sirdavid"],"_links":{"self":[{"href":"https:\/\/www.nonsolomodanews.it\/wordpress\/wp-json\/wp\/v2\/posts\/23148","targetHints":{"allow":["GET"]}}],"collection":[{"href":"https:\/\/www.nonsolomodanews.it\/wordpress\/wp-json\/wp\/v2\/posts"}],"about":[{"href":"https:\/\/www.nonsolomodanews.it\/wordpress\/wp-json\/wp\/v2\/types\/post"}],"author":[{"embeddable":true,"href":"https:\/\/www.nonsolomodanews.it\/wordpress\/wp-json\/wp\/v2\/users\/1"}],"replies":[{"embeddable":true,"href":"https:\/\/www.nonsolomodanews.it\/wordpress\/wp-json\/wp\/v2\/comments?post=23148"}],"version-history":[{"count":2,"href":"https:\/\/www.nonsolomodanews.it\/wordpress\/wp-json\/wp\/v2\/posts\/23148\/revisions"}],"predecessor-version":[{"id":23156,"href":"https:\/\/www.nonsolomodanews.it\/wordpress\/wp-json\/wp\/v2\/posts\/23148\/revisions\/23156"}],"wp:featuredmedia":[{"embeddable":true,"href":"https:\/\/www.nonsolomodanews.it\/wordpress\/wp-json\/wp\/v2\/media\/23150"}],"wp:attachment":[{"href":"https:\/\/www.nonsolomodanews.it\/wordpress\/wp-json\/wp\/v2\/media?parent=23148"}],"wp:term":[{"taxonomy":"category","embeddable":true,"href":"https:\/\/www.nonsolomodanews.it\/wordpress\/wp-json\/wp\/v2\/categories?post=23148"},{"taxonomy":"post_tag","embeddable":true,"href":"https:\/\/www.nonsolomodanews.it\/wordpress\/wp-json\/wp\/v2\/tags?post=23148"}],"curies":[{"name":"wp","href":"https:\/\/api.w.org\/{rel}","templated":true}]}}