{"id":23141,"date":"2022-03-28T08:47:06","date_gmt":"2022-03-28T08:47:06","guid":{"rendered":"https:\/\/www.nonsolomodanews.it\/wordpress\/?p=23141"},"modified":"2022-03-28T08:47:06","modified_gmt":"2022-03-28T08:47:06","slug":"slow-wine-fair-petrini-e-don-ciotti-vino-e-diritti-devono-andare-di-pari-passo","status":"publish","type":"post","link":"https:\/\/www.nonsolomodanews.it\/wordpress\/slow-wine-fair-petrini-e-don-ciotti-vino-e-diritti-devono-andare-di-pari-passo\/","title":{"rendered":"Slow wine fair &#8211; Petrini e Don Ciotti: \u00abVino e diritti devono andare di pari passo\u00bb"},"content":{"rendered":"<div id=\"attachment_23143\" style=\"width: 310px\" class=\"wp-caption alignleft\"><img loading=\"lazy\" decoding=\"async\" aria-describedby=\"caption-attachment-23143\" class=\"wp-image-23143 size-medium\" src=\"https:\/\/www.nonsolomodanews.it\/wordpress\/wp-content\/uploads\/2022\/03\/IMG_6098-300x225.jpeg\" alt=\"\" width=\"300\" height=\"225\" srcset=\"https:\/\/www.nonsolomodanews.it\/wordpress\/wp-content\/uploads\/2022\/03\/IMG_6098-300x225.jpeg 300w, https:\/\/www.nonsolomodanews.it\/wordpress\/wp-content\/uploads\/2022\/03\/IMG_6098-1024x768.jpeg 1024w, https:\/\/www.nonsolomodanews.it\/wordpress\/wp-content\/uploads\/2022\/03\/IMG_6098-768x576.jpeg 768w, https:\/\/www.nonsolomodanews.it\/wordpress\/wp-content\/uploads\/2022\/03\/IMG_6098-1536x1152.jpeg 1536w, https:\/\/www.nonsolomodanews.it\/wordpress\/wp-content\/uploads\/2022\/03\/IMG_6098-1080x810.jpeg 1080w, https:\/\/www.nonsolomodanews.it\/wordpress\/wp-content\/uploads\/2022\/03\/IMG_6098.jpeg 2048w\" sizes=\"auto, (max-width: 300px) 100vw, 300px\" \/><p id=\"caption-attachment-23143\" class=\"wp-caption-text\">Intervento di Daniele Ara, Assessore comune di Bologna<\/p><\/div>\n<p><span style=\"color: #000000;\"><strong>Petrini e Don Ciotti: \u00abVino e diritti devono andare di pari passo\u00bb <\/strong><em>Comincia oggi Sana Slow Wine Fair, a BolognaFiere fino al 29 marzo. Tre giorni per capire che cos\u2019\u00e8 il vino buono, pulito e giusto insieme a 542 produttori da 19 paesi <\/em>\u00abProdurre vino \u00e8 una forma d\u2019arte: tenete insieme etica ed estetica, il\u00a0<em>bene<\/em>\u00a0e il\u00a0<em>bello<\/em>. Divertitevi, fate vini come piacciono a voi, liberatevi dall\u2019omologazione, siate virtuosi nei rapporti con la terra e con i vostri collaboratori. Vivete con gioia, ma tenete gli occhi aperti: non consideratevi mai immuni dalle responsabilit\u00e0\u00bb. Con queste parole\u00a0<strong>Carlo Petrini<\/strong>, presidente e fondatore di Slow Food, e\u00a0<strong>Don Luigi Ciotti<\/strong>, presidente di Libera, hanno aperto stamattina la prima edizione di\u00a0<strong>Sana Slow Wine Fair<\/strong>, la manifestazione organizzata da\u00a0<strong>BolognaFiere<\/strong>\u00a0con la direzione artistica di\u00a0<strong>Slow<\/strong>\u00a0<strong>Food<\/strong>, che fino a marted\u00ec 29 marzo offre a professionisti del settore del vino e visitatori la possibilit\u00e0 di trovare in un solo luogo il meglio della produzione artigiana e sostenibile italiana e internazionale.<\/span><\/p>\n<p><!--more--><\/p>\n<p><span style=\"color: #000000;\">Un appello accorato, l\u2019invito a coltivare la terra, a produrre vino \u2013 e pi\u00f9 in generale cibo \u2013 tenendo a mente che l\u2019agricoltura \u00e8 un dialogo tra la natura e l\u2019uomo. Che esiste una responsabilit\u00e0 sia ambientale che\u00a0 sociale. \u00abIl nuovo paradigma del vino non ha a che fare soltanto con la qualit\u00e0, un concetto ormai acquisito, ma con il modo in cui si produce. Ricordate \u2013\u00a0<strong>ha aggiunto Petrini<\/strong>\u00a0rivolgendosi all\u2019assemblea di produttori accorsi all\u2019inaugurazione della tre giorni bolognese \u2013 che i consumatori del futuro saranno le ragazze e i ragazzi che oggi scendono in piazza chiedendo alla politica risposte contro la crisi climatica. Non si tratta di inseguire il consenso, ma di sapere che equit\u00e0 ambientale e sociale sono valori sempre pi\u00f9 centrali nelle scelte di acquisto. Insomma, ragazzi, dedicatevi di pi\u00f9 alla terra e meno al marketing\u00bb.<\/span><\/p>\n<p><span style=\"color: #000000;\"><strong>Don Ciotti<\/strong>, ricordando la pericolosit\u00e0 e l\u2019influenza della criminalit\u00e0 nella filiera alimentare, ha sottolineato il valore della \u00abvitamina dell&#8217;equit\u00e0 e della giustizia\u00bb nel cibo che produciamo e portiamo in tavola. \u00abA mafiosi, corrotti e criminali piace aprire aziende agricole: vogliono esibire la terra, ma non la amano. I dati sul caporalato sono impressionanti e per questa ragione vi chiedo di non chiudere mai gli occhi su ci\u00f2 che accade. Il lavoro schiavo, purtroppo, esiste: molte persone straniere sono costrette a genuflettersi, ad accettare condizioni di lavoro inumane pur di avere un permesso per restare qui. Dobbiamo lottare per dare libert\u00e0 e dignit\u00e0 a loro e al cibo\u00bb.<\/span><\/p>\n<p><span style=\"color: #000000;\"><strong>Sana Slow Wine Fair per l\u2019Ucraina\u00a0<\/strong><\/span><\/p>\n<p><span style=\"color: #000000;\">La plenaria di apertura di Sana Slow Wine Fair ha ospitato inoltre l\u2019intervento del\u00a0<strong>presidente dei piccoli vignaioli ucraini, Valerij Petrov<\/strong>, che in un video-testimonianza ha raccontato le difficolt\u00e0 vissute in queste settimane di guerra: \u00abLa situazione oggi \u00e8 molto difficile e sono molto preoccupato che i soldati dei nemici colpiscano le fattorie e le aziende agricole. \u00c8 gi\u00e0 successo a Kachovka e Cherson, dove intere aziende sono state derubate e distrutte. In questa situazione di guerra inoltre per noi \u00e8 impossibile vendere i nostri vini, per questo chiediamo ai produttori di tutta Europa di aiutarci ad esportarli. Slow Food Ucraina \u00e8 gi\u00e0 al nostro fianco e tutti ci stanno aiutando come possono\u00bb. Per dare supporto alle Comunit\u00e0 Slow Food in Ucraina, \u00e8 stata lanciata una raccolta fondi che \u00e8<a style=\"color: #000000;\" href=\"https:\/\/slowfood.musvc2.net\/e\/t?q=8%3dLUCdL%26C%3dE%26I%3dHaFVH%26F%3dCeQWAa%26B%3d91O7J_yvjq_06_9rZu_I7_yvjq_9AuFu6A6.zG6NmJ65.jJ4_IXxg_SmDA_IXxg_Sm8rDw6xEh_MhtW_Ww0uNz6r2h6t0-76y-Gv-4vHBEpOr-JsJD-7vJu-0u-PtIhD52_yvjq_9A%26u%3dD2NC49.IvK%26pN%3dHUCeMR0&amp;mupckp=mupAtu4m8OiX0wt\">\u00a0possibile sostenere visitando questa pagina web<\/a>.<\/span><\/p>\n<p><span style=\"color: #000000;\"><strong>L\u2019importanza di fare rete<\/strong><\/span><\/p>\n<p><span style=\"color: #000000;\">Al centro della conferenza inaugurale le principali sfide del settore vinicolo, sintetizzate nel\u00a0<a style=\"color: #000000;\" href=\"https:\/\/slowfood.musvc2.net\/e\/t?q=6%3d8XHb8%26F%3dJ%26G%3d4dKT4%26I%3dHcCZFY%26x%3dB6MsM_4tVt_E4_uues_50_4tVt_D9vF1PlHq6r5xBwC1G.vF1PiI17.lN_4tVt_D9zJ-oHqNqGw_LcvS_VrNsF4d5m14gM_4tVt_D95dDT_uues_50CU_uues_50UwD_MxHz_01Hg_QuGh_714oC6BrH_y4qCr8vN1-T.s8r%267%3dpO5OfV.z8w%26C5%3dT7ZLY4W&amp;mupckp=mupAtu4m8OiX0wt\">Manifesto per il vino buono, pulito e giusto<\/a>: si tratta di attenzione e cura verso il paesaggio, tutela della biodiversit\u00e0 e rispetto dei diritti di chi si occupa ogni giorno delle vigne e dei territori. Tradurre in realt\u00e0 questi valori \u00e8 un compito pi\u00f9 semplice se sostenuto da una rete composta da viticoltori, vignerons, produttori, buyer, ristoratori, osti e appassionati, ed \u00e8 per questa ragione che nel 2021 \u00e8 nata\u00a0<a style=\"color: #000000;\" href=\"https:\/\/slowfood.musvc2.net\/e\/t?q=7%3dMaMcM%26I%3dO%26H%3dIgPUI%26L%3dMdRcKZ%26C%3dEAN8P_9ukw_J5_0xjt_JC_9ukw_I0ETD.M4LD07Lu.CB_Ohwh_YwM4LDC6B_9ukw_I06807w-Ir-M4LD-Q1Kv-5s8r7783CBF6H_0xjt_JC%26u%3dGCPC7J.KvN%261P%3dHXNgMUK&amp;mupckp=mupAtu4m8OiX0wt\">la Slow Wine Coalition<\/a>, di cui Sana Slow Wine Fair 2022 rappresenta il primo incontro a livello internazionale.<\/span><\/p>\n<p><span style=\"color: #000000;\">Nella mattinata inaugurale dell\u2019evento, con un messaggio \u00e8 intervenuto anche il\u00a0<strong>ministro delle Politiche agricole alimentari e forestali, Stefano Patuanelli<\/strong>, ricordando come il difficile momento per l\u2019agroalimentare italiano e sovranazionale abbia posto nuove priorit\u00e0 sul fronte della sicurezza alimentare e reso necessario un fattivo intervento per contenere i forti rincari delle materie prime e dei costi dell\u2019energia:\u00a0 \u00abOra pi\u00f9 che mai abbiamo bisogno di sentirci uniti come Paese, come Europa e come Comunit\u00e0 e di affrontare in maniera coordinata e coesa le sfide che il settore primario \u00e8 chiamato ad affrontare. La rete Slow Wine Coalition e la filiera vitivinicola che oggi voi ben rappresentate, costituisce, in questo contesto, una testimonianza evidente di integrazione e della direzione che dobbiamo continuare a perseguire\u00bb.<\/span><\/p>\n<p><span style=\"color: #000000;\">\u00abOggi inauguriamo una fiera che prima non c\u2019era e questo \u00e8 motivo di grande soddisfazione. Dopo due anni sofferti, abbiamo bisogno di ritrovarci e rivederci. Le fiere sono occasioni di business e anche di incontro, relazione, confronto \u2013 ha aggiunto\u00a0<strong>Gianpiero Calzolari, Presidente di BolognaFiere<\/strong>\u00a0\u2013. Sana Slow Wine Fair \u00e8 una nuova avventura che diventer\u00e0 un appuntamento importante, perch\u00e9 affronta i temi dell\u2019agricoltura, della sostenibilit\u00e0, del territorio e della biodiversit\u00e0. La situazione drammatica che stiamo vivendo non ci deve allontanare dalla riflessione su come gestire il territorio e l\u2019ambiente per non compromettere il futuro dei nostri giovani e per dare al nostro pianeta una chance in pi\u00f9\u00bb.<\/span><\/p>\n<p><span style=\"color: #000000;\">\u00abCredo che il vino buono, pulito e giusto, protagonista di questi giorni, abbia nel biologico una componente fondamentale \u2014 ha aggiunto\u00a0<strong>Maria Grazia Mammuccini, presidente di FederBio<\/strong>\u00a0\u2014. La collaborazione con BolognaFiere per Sana e con Slow Food sono emblematiche del messaggio di apertura, valori che possono dare forza alle tante cantine che lavorano sul territorio\u00bb.<\/span><\/p>\n<p><span style=\"color: #000000;\">Su integrazione, sviluppo e innovazione ha posto l\u2019accento anche\u00a0<strong>Paolo Calvano<\/strong>, assessore al bilancio della Regione Emilia-Romagna, sottolineando l\u2019urgenza del cambiamento ed esortando ad agire con rapidit\u00e0 sia sul lato delle pratiche produttive sia per quanto riguarda le abitudini di consumo: \u00abLe istituzioni devono intervenire per rendere sostenibile economicamente la transizione ecologica e noi lo stiamo facendo attraverso gli strumenti che abbiamo a disposizione. In questa direzione va anche il patto per il lavoro e per il clima, che abbiamo siglato con le forze sociali\u00bb.<\/span><\/p>\n<p><span style=\"color: #000000;\">Una transizione, ha ricordato l\u2019assessore all\u2019Agricoltura e agroalimentare del Comune di Bologna,\u00a0<strong>Daniele Ara<\/strong>, che non deve rallentare nonostante le crisi e le emergenze che stiamo vivendo in queste ultime settimane: \u00abA Bologna stiamo costruendo con Slow Food e FederBio le Food Policy del nostro territorio. Una tappa importante di un percorso nato anni fa anche grazie alla rete spreco zero. Inoltre, come assessore alla scuola, ci tengo a ricordare che occorre educare i giovani a bere bene, non superalcolici a basso prezzo, ma assaporare vino buono, pulito e giusto\u00bb.<\/span><\/p>\n<div id=\"attachment_23146\" style=\"width: 235px\" class=\"wp-caption aligncenter\"><img loading=\"lazy\" decoding=\"async\" aria-describedby=\"caption-attachment-23146\" class=\"wp-image-23146 size-medium\" src=\"https:\/\/www.nonsolomodanews.it\/wordpress\/wp-content\/uploads\/2022\/03\/IMG_6143-225x300.jpeg\" alt=\"\" width=\"225\" height=\"300\" srcset=\"https:\/\/www.nonsolomodanews.it\/wordpress\/wp-content\/uploads\/2022\/03\/IMG_6143-225x300.jpeg 225w, https:\/\/www.nonsolomodanews.it\/wordpress\/wp-content\/uploads\/2022\/03\/IMG_6143-768x1024.jpeg 768w, https:\/\/www.nonsolomodanews.it\/wordpress\/wp-content\/uploads\/2022\/03\/IMG_6143-1152x1536.jpeg 1152w, https:\/\/www.nonsolomodanews.it\/wordpress\/wp-content\/uploads\/2022\/03\/IMG_6143-1080x1440.jpeg 1080w, https:\/\/www.nonsolomodanews.it\/wordpress\/wp-content\/uploads\/2022\/03\/IMG_6143.jpeg 1536w\" sizes=\"auto, (max-width: 225px) 100vw, 225px\" \/><p id=\"caption-attachment-23146\" class=\"wp-caption-text\">Ph. Bruno Angelo Porcellana<\/p><\/div>\n<p>&nbsp;<\/p>\n<p><span style=\"color: #000000;\">Sana Slow Wine Fair \u00e8 organizzata\u00a0 in partnership con\u00a0<strong>FederBio<\/strong>\u00a0e\u00a0<strong>Confcommercio<\/strong>\u00a0<strong>Ascom<\/strong>\u00a0<strong>Bologna<\/strong>, con il supporto di\u00a0<strong>Ministero<\/strong>\u00a0<strong>degli<\/strong>\u00a0<strong>Affari<\/strong>\u00a0<strong>Esteri<\/strong>\u00a0<strong>e della<\/strong>\u00a0<strong>Cooperazione<\/strong>\u00a0<strong>Internazionale<\/strong>\u00a0e dell\u2019<strong>ICE<\/strong>, con il patrocinio della\u00a0<strong>Regione<\/strong>\u00a0<strong>Emilia<\/strong>&#8211;<strong>Romagna<\/strong>. La manifestazione\u00a0 \u00e8 possibile grazie al supporto di moltissime realt\u00e0, pubbliche e private, che credono in questo progetto. A nome di tutte, ringraziamo i main partner:\u00a0<strong>FPT Industrial, Reale Mutua, UniCredit<\/strong>.<\/span><\/p>\n<p><span style=\"color: #000000;\"><strong>Gli appuntamenti di domani 28 marzo<\/strong><\/span><\/p>\n<p><span style=\"color: #000000;\">Le Masterclass di Sana Slow Wine Fair proseguono luned\u00ec 28 marzo con un&#8217;immersione nei vini francesi grazie a tre masterclass durante le quali si potranno conoscere e degustare i\u00a0<a style=\"color: #000000;\" href=\"https:\/\/slowfood.musvc2.net\/e\/t?q=3%3dAWMYA%26E%3dO%26D%3d7cPQ7%26H%3dMZFYKV%261%3dAAJvL_9qYs_J1_xtjp_89_9qYs_I6yE6MoGv6gB9.IrHD6uHu.9z_KhsV_Uw5285Ju_KhsV_UwCkN9IgN3J-o-1g4rI95sBvH-iKB_HWvg_Rl%267%3d4KyOtR.t8A%269y%3dTKVFYHS&amp;mupckp=mupAtu4m8OiX0wt\">Premier Cru bianchi della zona di Meursault<\/a>, le celebri\u00a0<a style=\"color: #000000;\" href=\"https:\/\/slowfood.musvc2.net\/e\/t?q=6%3d7YAb7%26G%3dC%26G%3d3eDT3%26J%3dAcBa9Y%26w%3dCyMrN_wtUu_84_tvXs_4A_wtUu_79uGtPkIj9cDw.LnJ29qJi.Bv_MVvR_Wk8x0sMq_MVvR_Wk5qMi8cP3-B-f4c6f0zQk0r8-eMz_KSxU_Uh%269%3drNuQhU.p0y%26Bu%3dV9YBa6V&amp;mupckp=mupAtu4m8OiX0wt\">Deuxieme Cru della rive gauche di Bordeaux<\/a>\u00a0e i\u00a0<a style=\"color: #000000;\" href=\"https:\/\/slowfood.musvc2.net\/e\/t?q=4%3dLT0ZL%26B%3dB%26E%3dHZCRH%26E%3d0aQV8W%26B%3d8xK7I_vrjp_72_9qWq_I6_vrjp_670BsNzDi7r9v.J3E176Eh.0A_HUtg_Rj6C5rK6_HUtg_RjEB9xJ-01mEA-2r1e7iF97iJ-z-Fv649iI-tHy_IhsT_Sw%264%3dqL0LgS.55x%2600%3dQ8WQV5T&amp;mupckp=mupAtu4m8OiX0wt\">pinot neri di Nuits-Saint Georges<\/a>.<\/span><\/p>\n<p><span style=\"color: #000000;\">Nella\u00a0<a style=\"color: #000000;\" href=\"https:\/\/slowfood.musvc2.net\/e\/t?q=6%3dHYRbH%26G%3dT%26G%3dDeUTD%26J%3dRcMaPY%268%3dCFM3N_Dtfu_O4_5vos_EA_Dtfu_N96GAPvI19nDD.LyJI92Jz.B7_Mmvc_W20yD-5GpJ0M5D-08yGw-LyJI-Pv4n6wI1-45004_5vos_EA%26z%3dF8NH6E.I1M%26vN%3dMWIeRTF&amp;mupckp=mupAtu4m8OiX0wt\">Slow Wine Arena<\/a>\u00a0andranno, invece, in scena quattro appuntamenti per confrontarsi su diversi temi: la redazione di Slow Wine illustrer\u00e0 il ruolo dell\u2019editoria nella promozione dei piccoli produttori artigianali, mentre con Slow Food Travel si far\u00e0 il punto su come nuove forme di turismo abbiano contribuito a riscoprire zone ingiustamente dimenticate e marginali. Si parler\u00e0 poi del progetto\u00a0<strong>AGRIcoltura100 insieme a Reale Mutua<\/strong>, main partner dell\u2019evento e Sostenitore Ufficiale di Slow Food Italia.\u00a0E ancora: un talk con AirBnb, una degustazione di Pecorino d&#8217;Abruzzo e l\u2019incontro nazionale dei cuochi dell&#8217;Alleanza Slow Food per discutere di come unire le forse per affrontare le sfide attuali. Insomma, l&#8217;agenda di Sana Slow Wine Fair di luned\u00ec 28 marzo si presenta piuttosto ricca. I principali appuntamenti della seconda giornata di manifestazione sono sul sito di\u00a0<a style=\"color: #000000;\" href=\"https:\/\/slowfood.musvc2.net\/e\/t?q=6%3dDYFbD%26G%3dH%26G%3d0eIT0%26J%3dFcIaDY%264j6k4%3dC4MyN_2tbu_C4_1vcs_AA_2tbu_B92GyPrIo9jD2.LuJ79xJn.B3_MavY_Wp%267%3dvP3OlW.x83%26D3%3dTCaJY0X&amp;mupckp=mupAtu4m8OiX0wt\">Sana Slow Wine Fair<\/a>.<\/span><\/p>\n<p><strong>Comunicato Stampa Sana Slow Wine Fair<\/strong><\/p>\n<p style=\"text-align: center;\">Tutti i diritti riservati \u00a9 2022 \u2013 Email: nonsolomodanews@gmail.com<\/p>\n","protected":false},"excerpt":{"rendered":"<p>Petrini e Don Ciotti: &laquo;Vino e diritti devono andare di pari passo&raquo; Comincia oggi Sana Slow Wine Fair, a BolognaFiere fino al 29 marzo. Tre giorni per capire che cos&rsquo;&egrave; il vino buono, pulito e giusto insieme a 542 produttori da 19 paesi &laquo;Produrre vino &egrave; una forma d&rsquo;arte: tenete insieme etica ed estetica, il&nbsp;bene&nbsp;e il&nbsp;bello. Divertitevi, fate vini come piacciono a voi, liberatevi dall&rsquo;omologazione, siate virtuosi nei rapporti con la terra e con i vostri collaboratori. Vivete con gioia, ma tenete gli occhi aperti: non consideratevi mai immuni dalle responsabilit&agrave;&raquo;. Con queste parole&nbsp;Carlo Petrini, presidente e fondatore di Slow Food, e&nbsp;Don Luigi Ciotti, presidente di Libera, hanno aperto stamattina la prima edizione di&nbsp;Sana Slow Wine Fair, la manifestazione organizzata da&nbsp;BolognaFiere&nbsp;con la direzione artistica di&nbsp;Slow&nbsp;Food, che fino a marted&igrave; 29 marzo offre a professionisti del settore del vino e visitatori la possibilit&agrave; di trovare in un solo luogo il meglio della produzione artigiana e sostenibile italiana e internazionale.<\/p>\n","protected":false},"author":1,"featured_media":23145,"comment_status":"open","ping_status":"open","sticky":false,"template":"","format":"standard","meta":{"rop_custom_images_group":[],"rop_custom_messages_group":[],"rop_publish_now":"initial","rop_publish_now_accounts":[],"rop_publish_now_history":[],"rop_publish_now_status":"pending","footnotes":""},"categories":[16],"tags":[262,266,281,9069,9068,1099,9067,9070],"class_list":["post-23141","post","type-post","status-publish","format-standard","has-post-thumbnail","hentry","category-articolo","tag-bologna","tag-bolognafiere","tag-bruno-angelo-porcellana","tag-carlo-petrini","tag-don-luigi-ciotti","tag-nonsolomodanews","tag-sana-slow-wine","tag-slow-food"],"_links":{"self":[{"href":"https:\/\/www.nonsolomodanews.it\/wordpress\/wp-json\/wp\/v2\/posts\/23141","targetHints":{"allow":["GET"]}}],"collection":[{"href":"https:\/\/www.nonsolomodanews.it\/wordpress\/wp-json\/wp\/v2\/posts"}],"about":[{"href":"https:\/\/www.nonsolomodanews.it\/wordpress\/wp-json\/wp\/v2\/types\/post"}],"author":[{"embeddable":true,"href":"https:\/\/www.nonsolomodanews.it\/wordpress\/wp-json\/wp\/v2\/users\/1"}],"replies":[{"embeddable":true,"href":"https:\/\/www.nonsolomodanews.it\/wordpress\/wp-json\/wp\/v2\/comments?post=23141"}],"version-history":[{"count":2,"href":"https:\/\/www.nonsolomodanews.it\/wordpress\/wp-json\/wp\/v2\/posts\/23141\/revisions"}],"predecessor-version":[{"id":23147,"href":"https:\/\/www.nonsolomodanews.it\/wordpress\/wp-json\/wp\/v2\/posts\/23141\/revisions\/23147"}],"wp:featuredmedia":[{"embeddable":true,"href":"https:\/\/www.nonsolomodanews.it\/wordpress\/wp-json\/wp\/v2\/media\/23145"}],"wp:attachment":[{"href":"https:\/\/www.nonsolomodanews.it\/wordpress\/wp-json\/wp\/v2\/media?parent=23141"}],"wp:term":[{"taxonomy":"category","embeddable":true,"href":"https:\/\/www.nonsolomodanews.it\/wordpress\/wp-json\/wp\/v2\/categories?post=23141"},{"taxonomy":"post_tag","embeddable":true,"href":"https:\/\/www.nonsolomodanews.it\/wordpress\/wp-json\/wp\/v2\/tags?post=23141"}],"curies":[{"name":"wp","href":"https:\/\/api.w.org\/{rel}","templated":true}]}}