{"id":2314,"date":"2013-09-22T08:17:48","date_gmt":"2013-09-22T08:17:48","guid":{"rendered":"http:\/\/nonsolomodanews.com\/?p=2314"},"modified":"2013-09-22T08:17:48","modified_gmt":"2013-09-22T08:17:48","slug":"venerdi-20-settembre-fashion-night-a-monte-del-re","status":"publish","type":"post","link":"https:\/\/www.nonsolomodanews.it\/wordpress\/venerdi-20-settembre-fashion-night-a-monte-del-re\/","title":{"rendered":"Venerd\u00ec 20 settembre &#8220;Fashion night&#8221; a Monte del Re."},"content":{"rendered":"<p style=\"text-align:justify;\"><span style=\"color:#000000;\"><span style=\"line-height:1.5;\">Organizzato da &#8220;<strong>Atmosfere&#8221;<\/strong> e in collaborazione con la <strong>Scuderia Ferrari Club Modena e Nuevo &#8211; caf\u00e8 cucina<\/strong> &#8211; si \u00e8 svolta presso l&#8217;hotel Ristorante Monte del Re la &#8220;Fashion Night&#8221;.\u00a0<\/span><b>Nonsolomodanews<\/b> ha partecipato alla serata, provando l&#8217;ebbrezza &#8211; da fermo &#8211; dei bolidi schierati davanti alla hall dell&#8217;hotel. \u00a0Molte erano le Ferrari, di vari colori, che facevano bella mostra all&#8217;ingresso ma non sfiguravano anche delle Lancia HF.\u00a0<\/span><span style=\"color:#000000;\">Una serata particolare, come del resto ci ha abituato la famiglia <strong>Cavina, Umberto e Cristiana<\/strong> in testa e la sua organizzazione.\u00a0Hotel illuminato a giorno mentre la piscina, anch&#8217;essa illuminata, dava una atmosfera particolare alla serata.<\/span><\/p>\n<p style=\"text-align:justify;\"><span style=\"color:#000000;\">Cena organizzata in varie sale ristorante dell&#8217;hotel, dalla sala da pranzo tradizionale a quelle centrali con il pozzo per passare all&#8217;enoteca e per terminare alla sala ricevimento presso la chiesa sconsacrata.\u00a0In questo ultimo ambiente, oltre alla cena (si \u00e8 festeggiato anche un compleanno) si \u00e8 avuto la possibilit\u00e0 di ballare per merito di un VJ e il suo staff nel dopo cena con musiche anni &#8217;80.\u00a0Come abbiamo scritto, la serata prevedeva, oltre alla presenza delle Ferrari, anche la Cena.Perfetta la cena con un ottimo rapporto qualit\u00e0\/prezzo. 30 euro a persona, bevande comprese -, considerando la &#8220;location&#8221; e il dopo cena \u00e8 pi\u00f9 che accettabile. Ottimo il servizio ai tavoli dove il personale di servizio non ha fatto mai mancare nulla e la loro \u00e8 stata una presenza costante e discreta.<\/span><\/p>\n<p style=\"text-align:justify;\"><span style=\"color:#000000;\">Di ottima qualit\u00e0 le portate. Tavolo ben preparato con la presenza sul tavolo di aperitivo di benvenuto a centrotavola. Le tartine sono state innaffiate con del prosecco della cantina Firriato. Come primo piatto sono stati serviti dei garganelli al rag\u00f9 di coniglio e timo. Come pietanza (secondo piatto) sono stati serviti tournedos di faraona al tartufo nero con patate gratinate. Come dessert una fetta di torta di mele calda con crema alla vaniglia e scaglie di cioccolato bianco. Il vino \u00e8 stato un rosso della Cantina Firriato. Al temine della cena, a danze avviate, \u00e8 stato servito il caff\u00e8 accompagnata dalla piccola pasticceria di Monte del Re.<\/span><\/p>\n<p style=\"text-align:justify;\"><span style=\"color:#000000;\">Un ringraziamento per la bella serata in modo particolare a Umberto Cavina e alla sua signora Cristiana per l&#8217;ottima organizzazione della serata.<\/span><\/p>\n","protected":false},"excerpt":{"rendered":"<p>Organizzato da &ldquo;Atmosfere&rdquo; e in collaborazione con la Scuderia Ferrari Club Modena e Nuevo &ndash; caf&egrave; cucina &ndash; si &egrave; svolta presso l&rsquo;hotel Ristorante Monte del Re la &ldquo;Fashion Night&rdquo;.&nbsp;Nonsolomodanews ha partecipato alla serata, provando l&rsquo;ebbrezza &ndash; da fermo &ndash; dei bolidi schierati davanti alla hall dell&rsquo;hotel. &nbsp;Molte erano le Ferrari, di vari colori, che facevano bella mostra all&rsquo;ingresso ma non sfiguravano anche delle Lancia HF.&nbsp;Una serata particolare, come del resto ci ha abituato la famiglia Cavina, Umberto e Cristiana in testa e la sua organizzazione.&nbsp;Hotel illuminato a giorno mentre la piscina, anch&rsquo;essa illuminata, dava una atmosfera particolare alla serata. Cena organizzata in varie sale ristorante dell&rsquo;hotel, dalla sala da pranzo tradizionale a quelle centrali con il pozzo per passare all&rsquo;enoteca e per terminare alla sala ricevimento presso la chiesa sconsacrata.&nbsp;In questo ultimo ambiente, oltre alla cena (si &egrave; festeggiato anche un compleanno) si &egrave; avuto la possibilit&agrave; di ballare per merito di un VJ e il suo staff nel dopo cena con musiche anni &rsquo;80.&nbsp;Come abbiamo scritto, la serata prevedeva, oltre alla presenza delle Ferrari, anche la Cena.Perfetta la cena con un ottimo rapporto qualit&agrave;\/prezzo. 30 euro a persona, bevande comprese -, considerando la &ldquo;location&rdquo; e il dopo cena [&hellip;]<\/p>\n","protected":false},"author":1,"featured_media":0,"comment_status":"open","ping_status":"open","sticky":false,"template":"","format":"standard","meta":{"rop_custom_images_group":[],"rop_custom_messages_group":[],"rop_publish_now":"initial","rop_publish_now_accounts":[],"rop_publish_now_history":[],"rop_publish_now_status":"pending","footnotes":""},"categories":[16],"tags":[322,326,1051,1099],"class_list":["post-2314","post","type-post","status-publish","format-standard","hentry","category-articolo","tag-cavina","tag-cena","tag-monte-del-re","tag-nonsolomodanews"],"_links":{"self":[{"href":"https:\/\/www.nonsolomodanews.it\/wordpress\/wp-json\/wp\/v2\/posts\/2314","targetHints":{"allow":["GET"]}}],"collection":[{"href":"https:\/\/www.nonsolomodanews.it\/wordpress\/wp-json\/wp\/v2\/posts"}],"about":[{"href":"https:\/\/www.nonsolomodanews.it\/wordpress\/wp-json\/wp\/v2\/types\/post"}],"author":[{"embeddable":true,"href":"https:\/\/www.nonsolomodanews.it\/wordpress\/wp-json\/wp\/v2\/users\/1"}],"replies":[{"embeddable":true,"href":"https:\/\/www.nonsolomodanews.it\/wordpress\/wp-json\/wp\/v2\/comments?post=2314"}],"version-history":[{"count":0,"href":"https:\/\/www.nonsolomodanews.it\/wordpress\/wp-json\/wp\/v2\/posts\/2314\/revisions"}],"wp:attachment":[{"href":"https:\/\/www.nonsolomodanews.it\/wordpress\/wp-json\/wp\/v2\/media?parent=2314"}],"wp:term":[{"taxonomy":"category","embeddable":true,"href":"https:\/\/www.nonsolomodanews.it\/wordpress\/wp-json\/wp\/v2\/categories?post=2314"},{"taxonomy":"post_tag","embeddable":true,"href":"https:\/\/www.nonsolomodanews.it\/wordpress\/wp-json\/wp\/v2\/tags?post=2314"}],"curies":[{"name":"wp","href":"https:\/\/api.w.org\/{rel}","templated":true}]}}