{"id":23128,"date":"2022-03-24T15:22:45","date_gmt":"2022-03-24T15:22:45","guid":{"rendered":"https:\/\/www.nonsolomodanews.it\/wordpress\/?p=23128"},"modified":"2022-03-24T15:29:07","modified_gmt":"2022-03-24T15:29:07","slug":"matteo-nocera-campione-del-mondo-di-ultra-maratona","status":"publish","type":"post","link":"https:\/\/www.nonsolomodanews.it\/wordpress\/matteo-nocera-campione-del-mondo-di-ultra-maratona\/","title":{"rendered":"Matteo Nocera, campione del Mondo di ultra maratona"},"content":{"rendered":"<p><span style=\"color: #000000;\"><strong><img loading=\"lazy\" decoding=\"async\" class=\"size-medium wp-image-23129 alignleft\" src=\"https:\/\/www.nonsolomodanews.it\/wordpress\/wp-content\/uploads\/2022\/03\/4debf21e-d57c-43bd-9edb-1cc6acf6dc02-229x300.jpg\" alt=\"\" width=\"229\" height=\"300\" srcset=\"https:\/\/www.nonsolomodanews.it\/wordpress\/wp-content\/uploads\/2022\/03\/4debf21e-d57c-43bd-9edb-1cc6acf6dc02-229x300.jpg 229w, https:\/\/www.nonsolomodanews.it\/wordpress\/wp-content\/uploads\/2022\/03\/4debf21e-d57c-43bd-9edb-1cc6acf6dc02.jpg 571w\" sizes=\"auto, (max-width: 229px) 100vw, 229px\" \/>Nonsolomodanews <\/strong>ha il piacere di presentare ai propri lettori il campione del mondo di ultra maratona.\u00a0 <\/span><span style=\"color: #000000;\"><strong>Matteo Nocera<\/strong>, \u00e8 nato a Napoli il 10 settembre 1977,atleta professionista da circa 30 anni, di cui 5 da ultramaratoneta su gare estreme, sua moglie Concetta,con la quale \u00e8 sposato da 10 anni \u00e8 la sua fisioterapista e lo segue sempre, ha due figli, Giuseppe di 24 anni ed Elisa di 5, si sposta ovunque nel mondo per le competizioni internazionali<\/span><\/p>\n<p><!--more--><\/p>\n<p><span style=\"color: #000000;\">Ha respirato sport dai suoi primi anni di vita, il 10 settembre del 1982 festeggi\u00f2 il suo quinto compleanno , mio padre gli compr\u00f2 delle scarpe da corsa, le indoss\u00f2 subito e si mise a correre dentro casa. Inizi\u00f2 con l&#8217;atletica leggera, un bambino molto esile ma resistente allo sforzo prolungato, promettente per il futuro. Guardava le imprese dei giganti della velocit\u00e0, Carl Lewis su tutti. In un paese che vanta una popolazione storicamente ammalata solo di calcio lui amavo l&#8217;atletica e i suoi Campioni<\/span><\/p>\n<p><span style=\"color: #000000;\">Una passione irresistibile. A 11 anni vinse il suo primo titolo importante. La finale dei 60m piani ai giochi della giovent\u00f9, da li in poi non si ferm\u00f2 pi\u00f9.<\/span><\/p>\n<p><span style=\"color: #000000;\">Inizi\u00f2 a girare un po\u2019 l&#8217;Italia accompagnato da sua mamma e suo pap\u00e0 Giuseppe che era un suo tifoso sfegatato e continu\u00f2 a vincere.<\/span><\/p>\n<p><span style=\"color: #000000;\">A 12 anni arrivarono altre vittorie e altre ancora, a 15 anni si fa gi\u00e0 sul serio con ingaggi e quindi con il professionismo. Una Valanga di gare vinte su varie distanze, affermazioni di forza di vittorie e di tanti sacrifici. Questo per circa 30 lunghi anni. Poi non contento a 38 decide di affrontare distanze per cosi dire proibitive, ecco l&#8217;Ultramaratona. Esordio nel 2017 6 ore della Reggia di Caserta, altra vittoria 76km percorsi tra i giardini reali in un&#8217;atmosfera surreale tra storia e cultura. Dopo 2 settimane altra ultramaratona di 6 ore e altra vittoria, la prima gara organizzata nel Sannio a Dugenta<\/span><\/p>\n<p><span style=\"color: #000000;\">Poi il Campionato Italiano 100miglia a Policoro Matera, 162 km, partito avanti e giunto al traguardo con circa 2ore di vantaggio sul secondo. Lavello Potenza 24h di corsa, temperatura polare mese di dicembre anno 2017, vince con 198km. Lecce Alberobello gara Race Across, 102km in fuga e trionfo tra i trulli. Altro campionato italiano in pista a Campobasso e altra vittoria<\/span><\/p>\n<p><span style=\"color: #000000;\">Poi decide di spingersi oltre il limite, di andare oltre le canoniche distanze ultra, 6days sei giorni di corsa e 615km percorsi altro titolo italiano, replicato l&#8217;anno seguente 2021con 625km<\/span><\/p>\n<p><span style=\"color: #000000;\"><strong>Ma quali sono i tuoi progetti per il futuro?<\/strong> <em>\u201cSuperare gli 800km in sei giorni di corsa e stabilire la migliore prestazione italiana di tutti i tempi, poi magari penseremo a quella mondiale\u201d.<\/em><\/span><\/p>\n<p><span style=\"color: #000000;\">In bocca al lupo<\/span><\/p>\n<p><span style=\"color: #000000;\"><a style=\"color: #000000;\" href=\"https:\/\/www.instagram.com\/brunoangeloporcellana\/\">Bruno Angelo Porcellana<\/a><\/span><\/p>\n<p style=\"text-align: center;\"><span style=\"color: #000000;\">Le fotografie sono state fornite da Matteo Nocera \u2013 I diritti appartengono ai relativi fotografi<\/span><br \/>\n<span style=\"color: #000000;\">Tutti i diritti riservati \u00a9 2022 \u2013 Email: nonsolomodanews@gmail.com<\/span><\/p>\n","protected":false},"excerpt":{"rendered":"<p>Nonsolomodanews ha il piacere di presentare ai propri lettori il campione del mondo di ultra maratona.&nbsp; Matteo Nocera, &egrave; nato a Napoli il 10 settembre 1977,atleta professionista da circa 30 anni, di cui 5 da ultramaratoneta su gare estreme, sua moglie Concetta,con la quale &egrave; sposato da 10 anni &egrave; la sua fisioterapista e lo segue sempre, ha due figli, Giuseppe di 24 anni ed Elisa di 5, si sposta ovunque nel mondo per le competizioni internazionali<\/p>\n","protected":false},"author":1,"featured_media":23130,"comment_status":"open","ping_status":"open","sticky":false,"template":"","format":"standard","meta":{"rop_custom_images_group":[],"rop_custom_messages_group":[],"rop_publish_now":"initial","rop_publish_now_accounts":[],"rop_publish_now_history":[],"rop_publish_now_status":"pending","footnotes":""},"categories":[16],"tags":[281,2718,9065,1099,9066],"class_list":["post-23128","post","type-post","status-publish","format-standard","has-post-thumbnail","hentry","category-articolo","tag-bruno-angelo-porcellana","tag-jose-lombardi","tag-matteo-nocera","tag-nonsolomodanews","tag-ultramaratona"],"_links":{"self":[{"href":"https:\/\/www.nonsolomodanews.it\/wordpress\/wp-json\/wp\/v2\/posts\/23128","targetHints":{"allow":["GET"]}}],"collection":[{"href":"https:\/\/www.nonsolomodanews.it\/wordpress\/wp-json\/wp\/v2\/posts"}],"about":[{"href":"https:\/\/www.nonsolomodanews.it\/wordpress\/wp-json\/wp\/v2\/types\/post"}],"author":[{"embeddable":true,"href":"https:\/\/www.nonsolomodanews.it\/wordpress\/wp-json\/wp\/v2\/users\/1"}],"replies":[{"embeddable":true,"href":"https:\/\/www.nonsolomodanews.it\/wordpress\/wp-json\/wp\/v2\/comments?post=23128"}],"version-history":[{"count":2,"href":"https:\/\/www.nonsolomodanews.it\/wordpress\/wp-json\/wp\/v2\/posts\/23128\/revisions"}],"predecessor-version":[{"id":23132,"href":"https:\/\/www.nonsolomodanews.it\/wordpress\/wp-json\/wp\/v2\/posts\/23128\/revisions\/23132"}],"wp:featuredmedia":[{"embeddable":true,"href":"https:\/\/www.nonsolomodanews.it\/wordpress\/wp-json\/wp\/v2\/media\/23130"}],"wp:attachment":[{"href":"https:\/\/www.nonsolomodanews.it\/wordpress\/wp-json\/wp\/v2\/media?parent=23128"}],"wp:term":[{"taxonomy":"category","embeddable":true,"href":"https:\/\/www.nonsolomodanews.it\/wordpress\/wp-json\/wp\/v2\/categories?post=23128"},{"taxonomy":"post_tag","embeddable":true,"href":"https:\/\/www.nonsolomodanews.it\/wordpress\/wp-json\/wp\/v2\/tags?post=23128"}],"curies":[{"name":"wp","href":"https:\/\/api.w.org\/{rel}","templated":true}]}}