{"id":23077,"date":"2022-03-15T10:25:28","date_gmt":"2022-03-15T10:25:28","guid":{"rendered":"https:\/\/www.nonsolomodanews.it\/wordpress\/?p=23077"},"modified":"2022-03-15T10:35:45","modified_gmt":"2022-03-15T10:35:45","slug":"valentina-iazzetta-modella-con-la-passione-per-la-tv","status":"publish","type":"post","link":"https:\/\/www.nonsolomodanews.it\/wordpress\/valentina-iazzetta-modella-con-la-passione-per-la-tv\/","title":{"rendered":"Valentina Iazzetta, modella con la passione per la TV"},"content":{"rendered":"<p><span style=\"color: #000000;\"><strong><img loading=\"lazy\" decoding=\"async\" class=\"size-medium wp-image-23078 alignleft\" src=\"https:\/\/www.nonsolomodanews.it\/wordpress\/wp-content\/uploads\/2022\/03\/01032022-DSC_5663-200x300.jpg\" alt=\"\" width=\"200\" height=\"300\" srcset=\"https:\/\/www.nonsolomodanews.it\/wordpress\/wp-content\/uploads\/2022\/03\/01032022-DSC_5663-200x300.jpg 200w, https:\/\/www.nonsolomodanews.it\/wordpress\/wp-content\/uploads\/2022\/03\/01032022-DSC_5663-684x1024.jpg 684w, https:\/\/www.nonsolomodanews.it\/wordpress\/wp-content\/uploads\/2022\/03\/01032022-DSC_5663-768x1151.jpg 768w, https:\/\/www.nonsolomodanews.it\/wordpress\/wp-content\/uploads\/2022\/03\/01032022-DSC_5663-1025x1536.jpg 1025w, https:\/\/www.nonsolomodanews.it\/wordpress\/wp-content\/uploads\/2022\/03\/01032022-DSC_5663-1080x1618.jpg 1080w, https:\/\/www.nonsolomodanews.it\/wordpress\/wp-content\/uploads\/2022\/03\/01032022-DSC_5663.jpg 1367w\" sizes=\"auto, (max-width: 200px) 100vw, 200px\" \/><span style=\"color: #000000;\">Nonsolomodanews<\/span><\/strong> ha il piacere di presentare ai propri lettori <strong>Valentina Iazzetta<\/strong>. Valentina \u00e8 una giovane modella della provincia di Napoli. Molte sono le passioni di Valentina che vanno dalla fotografia al viaggiare e alla tv. Determinata ed ambiziosa, Valentina cerca di cogliere tutte le opportunit\u00e0 che il mondo dello spettacolo le concede. Nonsolomodanews ha avuto l&#8217;opportunit\u00e0 di conoscere Valentina tramite l&#8217;amico dott. Pietro Cortese patron del concorso &#8220;Venere d&#8217;Italia&#8221;. Presente in Tv come ospite fisso, Valentina continua a posare fotograficamente e le fotografie della galleria allegate sono state realizzate per un servizio esclusivo per Nonsolomodanews. Ringraziamo Valentina per averci concesso questa intervista che ci ha permesso di conoscerla meglio e auguriamo ai nostri lettori buona lettura.\u00a0<\/span><\/p>\n<p><span style=\"color: #000000;\"><!--more--><\/span><\/p>\n<p><span style=\"color: #000000;\"><strong>Ciao, benvenuta su Nonsolomodanews, ti vuoi presentare?<\/strong> <em>\u201cMi chiamo Valentina Iazzetta, sono nata a Napoli il 07\/12\/1998. Le mie misure sono 90-68-90, sono alta 168 cm, scarpe 38\/39, capelli castani media lunghezza e occhi verdi. Mi reputo una bella ragazza, determinata, intelligente, ambiziosa e molto vivace. Con me non ci si annoia mai!\u201d.<\/em><\/span><\/p>\n<p><span style=\"color: #000000;\"><strong>Come sei di carattere?<\/strong><em><span style=\"color: #000000;\"> \u201cCaratterialmente sono molto forte, anche se nascondo delle fragilit\u00e0 che mostro solo alle persone di cui mi fido e ne sono davvero poche! Non mi piace mostrarmi debole, preferisco far vedere il lato pi\u00f9 duro di me. Sono determinata e ambiziosa, difficilmente non ottengo ci\u00f2\u00a0che voglio. Sono una persona altruista, ci sono sempre e in ogni momento per chi ha bisogno di me. Sono solare e sincera, odio le bugie.\u201d<\/span><\/em><\/span><\/p>\n<p><span style=\"color: #000000;\"><strong>Sei curiosa?<\/strong><em> \u201cSono una persona molto curiosa, ho sempre voglia di sapere e imparare cose nuove.\u201d<\/em><\/span><\/p>\n<p><span style=\"color: #000000;\"><strong>Qual \u00e8 il tuo colore preferito?<\/strong><em> \u201cI miei colori preferiti sono quelli pastello, in particolare l\u2019azzurro.\u201d<\/em><\/span><\/p>\n<p><span style=\"color: #000000;\"><strong>Quali sono le tue passioni?<\/strong><em> \u201cLe mie passioni sono ascoltare musica, la fotografia, recitare e viaggiare.\u201d<\/em><\/span><\/p>\n<p><span style=\"color: #000000;\"><strong>Come ti sei avvicinata alla fotografia?<\/strong><em> \u201cLa fotografia mi \u00e8 sempre piaciuta ma mi sono avvicinata posando per un brand sportivo, l\u00ec ho capito che avrei potuto fare strada!\u201d<\/em><\/span><\/p>\n<p><span style=\"color: #000000;\"><strong>Pensi che il mondo della fotografia possa essere il \u201ctuo mondo\u201d per il futuro o hai un piano \u201cB\u201d?<\/strong><em> \u201cIo penso che il mondo della fotografia possa essere il mio futuro e non solo, anche quello dello spettacolo. Come ho detto prima, difficilmente non ottengo ci\u00f2 che voglio, quindi mi impegner\u00f2 per raggiungere i miei obiettivi. Inoltre mi affascina anche il mondo del cinema. Ma se tutto questo non dovesse andar bene, il piano B \u00e8 quello di lavorare in ambito sociosanitario.<\/em><\/span><\/p>\n<p><span style=\"color: #000000;\"><strong>In una tua fotografia di ritratto che cosa noti immediatamente?<\/strong><em> \u201cIn una fotografia di ritratto ci\u00f2 che noto immediatamente di me \u00e8 il mio sguardo intenso.\u201d<\/em><\/span><\/p>\n<p><span style=\"color: #000000;\"><strong>Quali sono le tue sensazioni quando vieni fotografata?<\/strong><em> \u201cQuando vengo fotografata sto davvero bene, mi sento viva e sicura di me stessa. Mi rende felice.\u201d<\/em><\/span><\/p>\n<p><span style=\"color: #000000;\"><strong>Quali sono i generi fotografici che preferisci e perch\u00e8?<\/strong> <em>\u201cI generi che preferisco sono glamour, elegante perch\u00e9 penso che mettono bene in risalto la bellezza di una persona.\u201d<\/em><\/span><\/p>\n<p><span style=\"color: #000000;\"><strong>Che cosa \u00e8 per te la volgarit\u00e0?<\/strong><em><span style=\"color: #000000;\"> \u201cPer me la volgarit\u00e0 \u00e8 mancanza di educazione, finezza e signorilit\u00e0. Volgare \u00e8 tutto ci\u00f2\u00a0che \u00e8 ostentazione, tipo del proprio corpo, dei propri oggetti. Considero volgari i modi grezzi.\u201d<\/span><\/em><\/span><\/p>\n<p><span style=\"color: #000000;\"><strong>Secondo te che cosa colpisce la gente a livello di immagine?<\/strong><em><span style=\"color: #000000;\"> \u201cSicuramente il corpo di una persona \u00e8 ci\u00f2\u00a0che colpisce di pi\u00f9 a livello di immagine, purtroppo viene data poca importanza al viso, allo sguardo.\u201d<\/span><\/em><\/span><\/p>\n<p><span style=\"color: #000000;\"><strong>Tu curi molto il tuo profilo Instagram?<\/strong><em> \u201cSi, ci tengo molto alla cura del mio profilo Instagram.\u201d<\/em><\/span><\/p>\n<p><span style=\"color: #000000;\"><strong>Cosa pensi del fatto che siano algoritmi a decidere quello che si pu\u00f2 pubblicare o meno?<\/strong><em> \u201cIo penso che ognuno deve pubblicare ci\u00f2 che meglio crede ma quando si scende nella volgarit\u00e0 allora \u00e8 meglio che i social prendano dei provvedimenti.\u201d<\/em><\/span><\/p>\n<p><span style=\"color: #000000;\"><strong>Hai altri profili su cui pubblichi oltre ad Instagram?<\/strong><em> \u201cSi, pubblico anche su Facebook.\u201d<\/em><\/span><\/p>\n<p><span style=\"color: #000000;\"><strong>Qual \u00e8 il capo di vestiario che ami di pi\u00f9 e quello di meno?<\/strong> <em>\u201cI capi che amo di pi\u00f9 sono i vestiti eleganti, vestitini, quelli che amo di meno sono i jeans.\u201d<\/em><\/span><\/p>\n<p><span style=\"color: #000000;\"><strong>Scarpe basse o tacchi?<\/strong> <em>\u201cTacchi, tutta la vita.\u201d<\/em><\/span><\/p>\n<p><span style=\"color: #000000;\"><strong>Un accessorio che non manca mai quando esci da casa?<\/strong><em> \u201cCollana, orecchini e bracciali.\u201d<\/em><\/span><\/p>\n<p><span style=\"color: #000000;\"><strong>Qual \u00e8 il tuo rapporto con la tecnologia?<\/strong><em> \u201cHo un buon rapporto con la tecnologia, sono abbastanza brava e penso che sia molto utile per tante cose.\u201d<\/em><\/span><\/p>\n<p><span style=\"color: #000000;\"><strong>Quali sono i tuoi riferimenti social?<\/strong><em> \u201cI miei riferimenti social sono <a href=\"https:\/\/www.instagram.com\/valentinaiazzetta_\/\">Instagram<\/a>, Whatsapp e Facebook.\u201d<\/em><\/span><\/p>\n<p><span style=\"color: #000000;\"><strong>Qual \u00e8 il rapporto con la citt\u00e0 in cui vivi?<\/strong><em> \u201cIo vivo a Napoli e sono molto legata alla mia citt\u00e0, anche se ha alcune pecche come la microcriminalit\u00e0 che va a compromettere la nostra incolumit\u00e0 e tranquillit\u00e0. In compenso, a parte il paesaggio e il mare, abbiamo molti siti culturali di importanza nazionale che aiutano la nostra economia.<\/em><\/span><\/p>\n<p><span style=\"color: #000000;\"><strong>Se dovessi cambiare citt\u00e0 dove vorresti andare a vivere?<\/strong><em> \u201cSe dovessi cambiare citt\u00e0 andrei a vivere a Milano perch\u00e9 \u00e8 la citt\u00e0 della moda oppure Los Angeles.\u201d<\/em><\/span><\/p>\n<p><span style=\"color: #000000;\"><strong>Sogno nel cassetto? <\/strong><em>\u201cIl mio sogno nel cassetto \u00e8 di entrare davvero a far parte del mondo dello spettacolo e diventare famosa e conosciuta ovunque.\u201d<\/em><\/span><\/p>\n<p><span style=\"color: #000000;\"><strong>Un progetto fotografico che vorresti realizzare?<\/strong><em> \u201cUn progetto fotografico che vorrei realizzare \u00e8 quello per un atelier.\u201d<\/em><\/span><\/p>\n<p><a href=\"https:\/\/www.instagram.com\/brunoangeloporcellana\/\">Bruno Angelo Porcellana<\/a><\/p>\n<p style=\"text-align: center;\"><span style=\"color: #000000;\">Fotografie di Bruno Angelo Porcellana &#8211; Location <a style=\"color: #000000;\" href=\"https:\/\/www.instagram.com\/appartamentoindustriale\/\">Appartamento Industriale Napoli\u00a0<\/a><\/span><br \/>\n<span style=\"color: #000000;\">Tutti i diritti riservati \u00a9 2022 \u2013 Email: nonsolomodanews@gmail.com<style id=\"bwg-style-0\">      #bwg_container1_0 #bwg_container2_0 #bwg_mosaic_thumbnails_div_0 {        width: 100%;        position: relative;        background-color: rgba(255, 255, 255, 0.00);        text-align: center;        justify-content: center;                  margin-left: auto;          margin-right: auto;                    padding-left: 4px;          padding-top: 4px;                }          #bwg_container1_0 #bwg_container2_0 .bwg_mosaic_thumb_spun_0 {        display: block;        position: absolute;\t\t\t\tborder-radius: 0;\t\t\t\tborder: 0px none #CCCCCC;    \t\t    \t\tbackground-color:rgba(0,0,0, 0.30);        -moz-box-sizing: content-box !important;        -webkit-box-sizing: content-box !important;        box-sizing: content-box !important;      }\t\t\t#bwg_container1_0 #bwg_container2_0 .bwg_mosaic_thumb_0 {\t\t\t\tdisplay: block;\t\t\t\t-moz-box-sizing: content-box !important;\t\t\t\t-webkit-box-sizing: content-box !important;\t\t\t\tbox-sizing: content-box !important;\t\t\t\tmargin: 0;\t\t\t\topacity: 1.00;\t\t\t}      #bwg_container1_0 #bwg_container2_0 .bwg_mosaic_thumb_spun_0:hover {        opacity: 1;        backface-visibility: hidden;        -webkit-backface-visibility: hidden;        -moz-backface-visibility: hidden;        -ms-backface-visibility: hidden;        z-index: 102;      }\t      @media only screen and (min-width: 480px) {        #bwg_container1_0 #bwg_container2_0 .bwg_mosaic_thumb_spun_0:hover {          transform: scale(1.1);          -ms-transform: scale(1.1);          -webkit-transform: scale(1.1);        }      }\t      #bwg_container1_0 #bwg_container2_0 .bwg_mosaic_thumbnails_0 {        background-color: rgba(255, 255, 255, 0.00);        font-size: 0;        position: relative;        text-align: center;        display: inline-block;        visibility: hidden;              }\t  \/*image title styles*\/      #bwg_container1_0 #bwg_container2_0 .bwg_mosaic_title_spun1_0,      #bwg_container1_0 #bwg_container2_0 .bwg-mosaic-thumbnails .bwg_ecommerce_spun1_0 {        position: absolute;        display: block;        opacity: 0;        box-sizing: border-box;        text-align: center;\t\t\t\ttop: 50%;\t\t\t\tleft: 50%;\t\t\t\ttransform: translate(-50%, -50%);      }      #bwg_container1_0 #bwg_container2_0 .bwg-mosaic-thumbnails .bwg_mosaic_title_spun2_0,      #bwg_container1_0 #bwg_container2_0 .bwg-mosaic-thumbnails .bwg_ecommerce_spun2_0 {\t\t    color: #CCCCCC;        font-family: segoe ui;        font-size: 16px;        font-weight: bold;        text-shadow: 0px 0px 0px #888888;        vertical-align: middle;        word-wrap: break-word;      }            .bwg_mosaic_play_icon_spun_0 {        display: table;        position: absolute;        left: -10000px;        top: 0px;        opacity: 0;      }      .bwg_mosaic_play_icon_0 {        color: #CCCCCC;        font-size: 32px;        vertical-align: middle;        display: table-cell !important;        z-index: 1;        text-align: center;        margin: 0 auto;      }      #bwg_container1_0 #bwg_container2_0 .bwg_gal_title_0 {        background-color: rgba(0, 0, 0, 0);        color: #323A45;        display: block;        font-family: Ubuntu;        font-size: 16px;        font-weight: bold;        padding: 2px;        text-shadow: ;        text-align: center;      }            @media screen and (max-width: 350px) {      div[class^=\"bwg_mosaic_thumbnails_\"],      span[class^=\"bwg_mosaic_thumb_spun_\"] {      width: 100% !important;      }      img[class^=\"bwg_mosaic_thumb_\"] {      width: 100% !important;      height: auto !important;      margin: 0px auto !important;      }      }      <\/style>    <div id=\"bwg_container1_0\"         class=\"bwg_container bwg_thumbnail bwg_thumbnails_mosaic \"         data-right-click-protection=\"0\"         data-bwg=\"0\"         data-scroll=\"0\"         data-gallery-type=\"thumbnails_mosaic\"         data-gallery-view-type=\"thumbnails_mosaic\"         data-current-url=\"\/wordpress\/wp-json\/wp\/v2\/posts\/23077\"         data-lightbox-url=\"https:\/\/www.nonsolomodanews.it\/wordpress\/wp-admin\/admin-ajax.php?action=GalleryBox&#038;current_view=0&#038;gallery_id=579&#038;tag=0&#038;theme_id=1&#038;shortcode_id=1174&#038;sort_by=filename&#038;order_by=asc&#038;current_url=%2Fwordpress%2Fwp-json%2Fwp%2Fv2%2Fposts%2F23077\"         data-gallery-id=\"579\"         data-popup-width=\"800\"         data-popup-height=\"500\"         data-is-album=\"gallery\"         data-buttons-position=\"bottom\">      <div id=\"bwg_container2_0\">             <div id=\"ajax_loading_0\" class=\"bwg_loading_div_1\">      <div class=\"bwg_loading_div_2\">        <div class=\"bwg_loading_div_3\">          <div id=\"loading_div_0\" class=\"bwg_spider_ajax_loading\">          <\/div>        <\/div>      <\/div>    <\/div>            <form id=\"gal_front_form_0\"              class=\"bwg-hidden\"              method=\"post\"              action=\"#\"              data-current=\"0\"              data-shortcode-id=\"1174\"              data-gallery-type=\"thumbnails_mosaic\"              data-gallery-id=\"579\"              data-tag=\"0\"              data-album-id=\"0\"              data-theme-id=\"1\"              data-ajax-url=\"https:\/\/www.nonsolomodanews.it\/wordpress\/wp-admin\/admin-ajax.php?action=bwg_frontend_data\">          <div id=\"bwg_container3_0\" class=\"bwg-background bwg-background-0\">                <div id=\"bwg_mosaic_thumbnails_div_0\"         class=\"bwg-container-0 bwg-container bwg-mosaic-thumbnails\"         data-bwg=\"0\"         data-mosaic-direction=\"vertical\"         data-resizable=\"0\"         data-width=\"250\"         data-height=\"250\"         data-total-width=\"100\"         data-block-id=\"bwg_thumbnails_mosaic_0\"         data-thumb-padding=\"4\"         data-thumb-border=\"0\"         data-title-margin=\"2px\"         data-image-title=\"none\"         data-play-icon=\"1\"         data-ecommerce-icon=\"none\"         data-gallery-id=\"579\"         data-lightbox-url=\"https:\/\/www.nonsolomodanews.it\/wordpress\/wp-admin\/admin-ajax.php?action=GalleryBox&#038;current_view=0&#038;gallery_id=579&#038;tag=0&#038;theme_id=1&#038;shortcode_id=1174&#038;sort_by=filename&#038;order_by=asc&#038;current_url=%2Fwordpress%2Fwp-json%2Fwp%2Fv2%2Fposts%2F23077\"         data-mosaic-thumb-transition=\"1\"         style=\"visibility: hidden\" >      <div id=\"bwg_thumbnails_mosaic_0\" class=\"bwg_mosaic_thumbnails_0\">                  <a  class=\"bwg-a bwg_lightbox bwg_lightbox_0\" href=\"https:\/\/www.nonsolomodanews.it\/wordpress\/wp-content\/uploads\/photo-gallery\/Valentina_Iazzetta\/01032022-DSC_5540.jpg?bwg=1647339855\" data-image-id=\"33122\" data-elementor-open-lightbox=\"no\">          <div class=\"bwg_mosaic_thumb_spun_0 bwg-item0 bwg-mosaic-thumb-span \">            <img decoding=\"async\" class=\"bwg_mosaic_thumb_0 skip-lazy bwg_img_clear bwg_img_custom \"                 id=\"33122\"                 src=\"https:\/\/www.nonsolomodanews.it\/wordpress\/wp-content\/uploads\/photo-gallery\/Valentina_Iazzetta\/thumb\/01032022-DSC_5540.jpg?bwg=1647339855\"                 data-src=\"https:\/\/www.nonsolomodanews.it\/wordpress\/wp-content\/uploads\/photo-gallery\/Valentina_Iazzetta\/thumb\/01032022-DSC_5540.jpg?bwg=1647339855\"                 data-width=\"801\"                 data-height=\"1200\"                 alt=\"Valentina Iazzetta Ph. Bruno Angelo Porcellana\"                 title=\"Valentina Iazzetta Ph. Bruno Angelo Porcellana\" \/>                      <\/div>        <\/a>                <a  class=\"bwg-a bwg_lightbox bwg_lightbox_0\" href=\"https:\/\/www.nonsolomodanews.it\/wordpress\/wp-content\/uploads\/photo-gallery\/Valentina_Iazzetta\/01032022-DSC_5573.jpg?bwg=1647339855\" data-image-id=\"33126\" data-elementor-open-lightbox=\"no\">          <div class=\"bwg_mosaic_thumb_spun_0 bwg-item0 bwg-mosaic-thumb-span \">            <img decoding=\"async\" class=\"bwg_mosaic_thumb_0 skip-lazy bwg_img_clear bwg_img_custom \"                 id=\"33126\"                 src=\"https:\/\/www.nonsolomodanews.it\/wordpress\/wp-content\/uploads\/photo-gallery\/Valentina_Iazzetta\/thumb\/01032022-DSC_5573.jpg?bwg=1647339855\"                 data-src=\"https:\/\/www.nonsolomodanews.it\/wordpress\/wp-content\/uploads\/photo-gallery\/Valentina_Iazzetta\/thumb\/01032022-DSC_5573.jpg?bwg=1647339855\"                 data-width=\"801\"                 data-height=\"1200\"                 alt=\"Valentina Iazzetta Ph. Bruno Angelo Porcellana\"                 title=\"Valentina Iazzetta Ph. Bruno Angelo Porcellana\" \/>                      <\/div>        <\/a>                <a  class=\"bwg-a bwg_lightbox bwg_lightbox_0\" href=\"https:\/\/www.nonsolomodanews.it\/wordpress\/wp-content\/uploads\/photo-gallery\/Valentina_Iazzetta\/01032022-DSC_5582.jpg?bwg=1647339855\" data-image-id=\"33119\" data-elementor-open-lightbox=\"no\">          <div class=\"bwg_mosaic_thumb_spun_0 bwg-item0 bwg-mosaic-thumb-span \">            <img decoding=\"async\" class=\"bwg_mosaic_thumb_0 skip-lazy bwg_img_clear bwg_img_custom \"                 id=\"33119\"                 src=\"https:\/\/www.nonsolomodanews.it\/wordpress\/wp-content\/uploads\/photo-gallery\/Valentina_Iazzetta\/thumb\/01032022-DSC_5582.jpg?bwg=1647339855\"                 data-src=\"https:\/\/www.nonsolomodanews.it\/wordpress\/wp-content\/uploads\/photo-gallery\/Valentina_Iazzetta\/thumb\/01032022-DSC_5582.jpg?bwg=1647339855\"                 data-width=\"801\"                 data-height=\"1200\"                 alt=\"Valentina Iazzetta Ph. Bruno Angelo Porcellana\"                 title=\"Valentina Iazzetta Ph. Bruno Angelo Porcellana\" \/>                      <\/div>        <\/a>                <a  class=\"bwg-a bwg_lightbox bwg_lightbox_0\" href=\"https:\/\/www.nonsolomodanews.it\/wordpress\/wp-content\/uploads\/photo-gallery\/Valentina_Iazzetta\/01032022-DSC_5657.jpg?bwg=1647339855\" data-image-id=\"33125\" data-elementor-open-lightbox=\"no\">          <div class=\"bwg_mosaic_thumb_spun_0 bwg-item0 bwg-mosaic-thumb-span \">            <img decoding=\"async\" class=\"bwg_mosaic_thumb_0 skip-lazy bwg_img_clear bwg_img_custom \"                 id=\"33125\"                 src=\"https:\/\/www.nonsolomodanews.it\/wordpress\/wp-content\/uploads\/photo-gallery\/Valentina_Iazzetta\/thumb\/01032022-DSC_5657.jpg?bwg=1647339855\"                 data-src=\"https:\/\/www.nonsolomodanews.it\/wordpress\/wp-content\/uploads\/photo-gallery\/Valentina_Iazzetta\/thumb\/01032022-DSC_5657.jpg?bwg=1647339855\"                 data-width=\"801\"                 data-height=\"1200\"                 alt=\"Valentina Iazzetta Ph. Bruno Angelo Porcellana\"                 title=\"Valentina Iazzetta Ph. Bruno Angelo Porcellana\" \/>                      <\/div>        <\/a>                <a  class=\"bwg-a bwg_lightbox bwg_lightbox_0\" href=\"https:\/\/www.nonsolomodanews.it\/wordpress\/wp-content\/uploads\/photo-gallery\/Valentina_Iazzetta\/01032022-DSC_5717.jpg?bwg=1647339855\" data-image-id=\"33116\" data-elementor-open-lightbox=\"no\">          <div class=\"bwg_mosaic_thumb_spun_0 bwg-item0 bwg-mosaic-thumb-span \">            <img decoding=\"async\" class=\"bwg_mosaic_thumb_0 skip-lazy bwg_img_clear bwg_img_custom \"                 id=\"33116\"                 src=\"https:\/\/www.nonsolomodanews.it\/wordpress\/wp-content\/uploads\/photo-gallery\/Valentina_Iazzetta\/thumb\/01032022-DSC_5717.jpg?bwg=1647339855\"                 data-src=\"https:\/\/www.nonsolomodanews.it\/wordpress\/wp-content\/uploads\/photo-gallery\/Valentina_Iazzetta\/thumb\/01032022-DSC_5717.jpg?bwg=1647339855\"                 data-width=\"801\"                 data-height=\"1200\"                 alt=\"Valentina Iazzetta Ph. Bruno Angelo Porcellana\"                 title=\"Valentina Iazzetta Ph. Bruno Angelo Porcellana\" \/>                      <\/div>        <\/a>                <a  class=\"bwg-a bwg_lightbox bwg_lightbox_0\" href=\"https:\/\/www.nonsolomodanews.it\/wordpress\/wp-content\/uploads\/photo-gallery\/Valentina_Iazzetta\/01032022-DSC_5765_copia.jpg?bwg=1647339855\" data-image-id=\"33121\" data-elementor-open-lightbox=\"no\">          <div class=\"bwg_mosaic_thumb_spun_0 bwg-item0 bwg-mosaic-thumb-span \">            <img decoding=\"async\" class=\"bwg_mosaic_thumb_0 skip-lazy bwg_img_clear bwg_img_custom \"                 id=\"33121\"                 src=\"https:\/\/www.nonsolomodanews.it\/wordpress\/wp-content\/uploads\/photo-gallery\/Valentina_Iazzetta\/thumb\/01032022-DSC_5765_copia.jpg?bwg=1647339855\"                 data-src=\"https:\/\/www.nonsolomodanews.it\/wordpress\/wp-content\/uploads\/photo-gallery\/Valentina_Iazzetta\/thumb\/01032022-DSC_5765_copia.jpg?bwg=1647339855\"                 data-width=\"960\"                 data-height=\"1200\"                 alt=\"Valentina Iazzetta Ph. Bruno Angelo Porcellana\"                 title=\"Valentina Iazzetta Ph. Bruno Angelo Porcellana\" \/>                      <\/div>        <\/a>                <a  class=\"bwg-a bwg_lightbox bwg_lightbox_0\" href=\"https:\/\/www.nonsolomodanews.it\/wordpress\/wp-content\/uploads\/photo-gallery\/Valentina_Iazzetta\/01032022-DSC_5787.jpg?bwg=1647339855\" data-image-id=\"33117\" data-elementor-open-lightbox=\"no\">          <div class=\"bwg_mosaic_thumb_spun_0 bwg-item0 bwg-mosaic-thumb-span \">            <img decoding=\"async\" class=\"bwg_mosaic_thumb_0 skip-lazy bwg_img_clear bwg_img_custom \"                 id=\"33117\"                 src=\"https:\/\/www.nonsolomodanews.it\/wordpress\/wp-content\/uploads\/photo-gallery\/Valentina_Iazzetta\/thumb\/01032022-DSC_5787.jpg?bwg=1647339855\"                 data-src=\"https:\/\/www.nonsolomodanews.it\/wordpress\/wp-content\/uploads\/photo-gallery\/Valentina_Iazzetta\/thumb\/01032022-DSC_5787.jpg?bwg=1647339855\"                 data-width=\"801\"                 data-height=\"1200\"                 alt=\"Valentina Iazzetta Ph. Bruno Angelo Porcellana\"                 title=\"Valentina Iazzetta Ph. Bruno Angelo Porcellana\" \/>                      <\/div>        <\/a>                <a  class=\"bwg-a bwg_lightbox bwg_lightbox_0\" href=\"https:\/\/www.nonsolomodanews.it\/wordpress\/wp-content\/uploads\/photo-gallery\/Valentina_Iazzetta\/01032022-DSC_5900.jpg?bwg=1647339855\" data-image-id=\"33118\" data-elementor-open-lightbox=\"no\">          <div class=\"bwg_mosaic_thumb_spun_0 bwg-item0 bwg-mosaic-thumb-span \">            <img decoding=\"async\" class=\"bwg_mosaic_thumb_0 skip-lazy bwg_img_clear bwg_img_custom \"                 id=\"33118\"                 src=\"https:\/\/www.nonsolomodanews.it\/wordpress\/wp-content\/uploads\/photo-gallery\/Valentina_Iazzetta\/thumb\/01032022-DSC_5900.jpg?bwg=1647339855\"                 data-src=\"https:\/\/www.nonsolomodanews.it\/wordpress\/wp-content\/uploads\/photo-gallery\/Valentina_Iazzetta\/thumb\/01032022-DSC_5900.jpg?bwg=1647339855\"                 data-width=\"801\"                 data-height=\"1200\"                 alt=\"Valentina Iazzetta Ph. Bruno Angelo Porcellana\"                 title=\"Valentina Iazzetta Ph. Bruno Angelo Porcellana\" \/>                      <\/div>        <\/a>                <a  class=\"bwg-a bwg_lightbox bwg_lightbox_0\" href=\"https:\/\/www.nonsolomodanews.it\/wordpress\/wp-content\/uploads\/photo-gallery\/Valentina_Iazzetta\/01032022-DSC_5936.jpg?bwg=1647339855\" data-image-id=\"33124\" data-elementor-open-lightbox=\"no\">          <div class=\"bwg_mosaic_thumb_spun_0 bwg-item0 bwg-mosaic-thumb-span \">            <img decoding=\"async\" class=\"bwg_mosaic_thumb_0 skip-lazy bwg_img_clear bwg_img_custom \"                 id=\"33124\"                 src=\"https:\/\/www.nonsolomodanews.it\/wordpress\/wp-content\/uploads\/photo-gallery\/Valentina_Iazzetta\/thumb\/01032022-DSC_5936.jpg?bwg=1647339855\"                 data-src=\"https:\/\/www.nonsolomodanews.it\/wordpress\/wp-content\/uploads\/photo-gallery\/Valentina_Iazzetta\/thumb\/01032022-DSC_5936.jpg?bwg=1647339855\"                 data-width=\"801\"                 data-height=\"1200\"                 alt=\"Valentina Iazzetta Ph. Bruno Angelo Porcellana\"                 title=\"Valentina Iazzetta Ph. Bruno Angelo Porcellana\" \/>                      <\/div>        <\/a>                <a  class=\"bwg-a bwg_lightbox bwg_lightbox_0\" href=\"https:\/\/www.nonsolomodanews.it\/wordpress\/wp-content\/uploads\/photo-gallery\/Valentina_Iazzetta\/01032022-DSC_5943.jpg?bwg=1647339855\" data-image-id=\"33120\" data-elementor-open-lightbox=\"no\">          <div class=\"bwg_mosaic_thumb_spun_0 bwg-item0 bwg-mosaic-thumb-span \">            <img decoding=\"async\" class=\"bwg_mosaic_thumb_0 skip-lazy bwg_img_clear bwg_img_custom \"                 id=\"33120\"                 src=\"https:\/\/www.nonsolomodanews.it\/wordpress\/wp-content\/uploads\/photo-gallery\/Valentina_Iazzetta\/thumb\/01032022-DSC_5943.jpg?bwg=1647339855\"                 data-src=\"https:\/\/www.nonsolomodanews.it\/wordpress\/wp-content\/uploads\/photo-gallery\/Valentina_Iazzetta\/thumb\/01032022-DSC_5943.jpg?bwg=1647339855\"                 data-width=\"801\"                 data-height=\"1200\"                 alt=\"Valentina Iazzetta Ph. Bruno Angelo Porcellana\"                 title=\"Valentina Iazzetta Ph. Bruno Angelo Porcellana\" \/>                      <\/div>        <\/a>                <a  class=\"bwg-a bwg_lightbox bwg_lightbox_0\" href=\"https:\/\/www.nonsolomodanews.it\/wordpress\/wp-content\/uploads\/photo-gallery\/Valentina_Iazzetta\/01032022-DSC_5975.jpg?bwg=1647339855\" data-image-id=\"33123\" data-elementor-open-lightbox=\"no\">          <div class=\"bwg_mosaic_thumb_spun_0 bwg-item0 bwg-mosaic-thumb-span \">            <img decoding=\"async\" class=\"bwg_mosaic_thumb_0 skip-lazy bwg_img_clear bwg_img_custom \"                 id=\"33123\"                 src=\"https:\/\/www.nonsolomodanews.it\/wordpress\/wp-content\/uploads\/photo-gallery\/Valentina_Iazzetta\/thumb\/01032022-DSC_5975.jpg?bwg=1647339855\"                 data-src=\"https:\/\/www.nonsolomodanews.it\/wordpress\/wp-content\/uploads\/photo-gallery\/Valentina_Iazzetta\/thumb\/01032022-DSC_5975.jpg?bwg=1647339855\"                 data-width=\"801\"                 data-height=\"1200\"                 alt=\"Valentina Iazzetta Ph. Bruno Angelo Porcellana\"                 title=\"Valentina Iazzetta Ph. Bruno Angelo Porcellana\" \/>                      <\/div>        <\/a>            <\/div>    <\/div>    <style>      \/*pagination styles*\/      #bwg_container1_0 #bwg_container2_0 .tablenav-pages_0 {\t\t\t\ttext-align: center;\t\t\t\tfont-size: 12px;\t\t\t\tfont-family: segoe ui;\t\t\t\tfont-weight: bold;\t\t\t\tcolor: #666666;\t\t\t\tmargin: 6px 0 4px;\t\t\t\tdisplay: block;      }      @media only screen and (max-width : 320px) {      #bwg_container1_0 #bwg_container2_0 .displaying-num_0 {     \t display: none;      }      }      #bwg_container1_0 #bwg_container2_0 .displaying-num_0 {\t\t\t\tfont-size: 12px;\t\t\t\tfont-family: segoe ui;\t\t\t\tfont-weight: bold;\t\t\t\tcolor: #666666;\t\t\t\tmargin-right: 10px;\t\t\t\tvertical-align: middle;      }      #bwg_container1_0 #bwg_container2_0 .paging-input_0 {\t\t\t\tfont-size: 12px;\t\t\t\tfont-family: segoe ui;\t\t\t\tfont-weight: bold;\t\t\t\tcolor: #666666;\t\t\t\tvertical-align: middle;      }      #bwg_container1_0 #bwg_container2_0 .tablenav-pages_0 a.disabled,      #bwg_container1_0 #bwg_container2_0 .tablenav-pages_0 a.disabled:hover,      #bwg_container1_0 #bwg_container2_0 .tablenav-pages_0 a.disabled:focus,\t\t\t#bwg_container1_0 #bwg_container2_0 .tablenav-pages_0 input.bwg_current_page {\t\t\t\tcursor: default;\t\t\t\tcolor: rgba(102, 102, 102, 0.5);      }      #bwg_container1_0 #bwg_container2_0 .tablenav-pages_0 a,      #bwg_container1_0 #bwg_container2_0 .tablenav-pages_0 input.bwg_current_page {\t\t\t\tcursor: pointer;\t\t\t\ttext-align: center;\t\t\t\tfont-size: 12px;\t\t\t\tfont-family: segoe ui;\t\t\t\tfont-weight: bold;\t\t\t\tcolor: #666666;\t\t\t\ttext-decoration: none;\t\t\t\tpadding: 3px 6px;\t\t\t\tmargin: 0;\t\t\t\tborder-radius: 0;\t\t\t\tborder-style: solid;\t\t\t\tborder-width: 1px;\t\t\t\tborder-color: #E3E3E3;\t\t\t\t\t\t\t\tbackground-color: rgba(255, 255, 255, 1.00);\t\t\t\tbox-shadow: 0;\t\t\t\ttransition: all 0.3s ease 0s;-webkit-transition: all 0.3s ease 0s;      }      <\/style>      <span class=\"bwg_nav_cont_0\">              <div class=\"tablenav-pages_0\">                  <\/div>                <input type=\"hidden\" id=\"page_number_0\" name=\"page_number_0\" value=\"1\" \/>      <script type=\"text\/javascript\">        if( jQuery('.bwg_nav_cont_0').length > 1 ) {          jQuery('.bwg_nav_cont_0').first().remove()        }        function spider_page_0(cur, x, y, load_more) {          if (typeof load_more == \"undefined\") {            var load_more = false;          }          if (jQuery(cur).hasClass('disabled')) {            return false;          }          var items_county_0 = 1;          switch (y) {            case 1:              if (x >= items_county_0) {                document.getElementById('page_number_0').value = items_county_0;              }              else {                document.getElementById('page_number_0').value = x + 1;              }              break;            case 2:              document.getElementById('page_number_0').value = items_county_0;              break;            case -1:              if (x == 1) {                document.getElementById('page_number_0').value = 1;              }              else {                document.getElementById('page_number_0').value = x - 1;              }              break;            case -2:              document.getElementById('page_number_0').value = 1;              break;\t\t\t\t\t\tcase 0:              document.getElementById('page_number_0').value = x;              break;            default:              document.getElementById('page_number_0').value = 1;          }          bwg_ajax('gal_front_form_0', '0', 'bwg_thumbnails_mosaic_0', '0', '', 'gallery', 0, '', '', load_more, '', 1);        }                    jQuery('.first-page-0').on('click', function () {              spider_page_0(this, 1, -2, 'numeric');              return false;            });            jQuery('.prev-page-0').on('click', function () {              spider_page_0(this, 1, -1, 'numeric');              return false;            });            jQuery('.next-page-0').on('click', function () {              spider_page_0(this, 1, 1, 'numeric');              return false;            });            jQuery('.last-page-0').on('click', function () {              spider_page_0(this, 1, 2, 'numeric');              return false;            });        \t\t\t\t\/* Change page on input enter. *\/        function bwg_change_page_0( e, that ) {          if (  e.key == 'Enter' ) {            var to_page = parseInt(jQuery(that).val());            var pages_count = jQuery(that).parents(\".pagination-links\").data(\"pages-count\");            var current_url_param = jQuery(that).attr('data-url-info');            if (to_page > pages_count) {              to_page = 1;            }\t \t\t\t\t\t\t\t\t\t\t\t\tspider_page_0(this, to_page, 0, 'numeric');\t\t\t\t\t\t\treturn false;\t\t\t\t\t\t          }          return true;        }        jQuery('.bwg_load_btn_0').on('click', function () {            spider_page_0(this, 1, 1, true);            return false;        });      <\/script>      <\/span>                <\/div>        <\/form>        <style>          #bwg_container1_0 #bwg_container2_0 #spider_popup_overlay_0 {          background-color: #000000;          opacity: 0.70;          }          <\/style>        <div id=\"bwg_spider_popup_loading_0\" class=\"bwg_spider_popup_loading\"><\/div>        <div id=\"spider_popup_overlay_0\" class=\"spider_popup_overlay\" onclick=\"spider_destroypopup(1000)\"><\/div>        <input type=\"hidden\" id=\"bwg_random_seed_0\" value=\"711940144\">                <\/div>    <\/div>    <script>      if (document.readyState === 'complete') {        if( typeof bwg_main_ready == 'function' ) {          if ( jQuery(\"#bwg_container1_0\").height() ) {            bwg_main_ready(jQuery(\"#bwg_container1_0\"));          }        }      } else {        document.addEventListener('DOMContentLoaded', function() {          if( typeof bwg_main_ready == 'function' ) {            if ( jQuery(\"#bwg_container1_0\").height() ) {             bwg_main_ready(jQuery(\"#bwg_container1_0\"));            }          }        });      }    <\/script>    <\/p>\n<p><\/span><\/p>\n<p>&nbsp;<\/p>\n<p>&nbsp;<\/p>\n<p>&nbsp;<\/p>\n","protected":false},"excerpt":{"rendered":"<p>Nonsolomodanews ha il piacere di presentare ai propri lettori Valentina Iazzetta. Valentina &egrave; una giovane modella della provincia di Napoli. Molte sono le passioni di Valentina che vanno dalla fotografia al viaggiare e alla tv. Determinata ed ambiziosa, Valentina cerca di cogliere tutte le opportunit&agrave; che il mondo dello spettacolo le concede. Nonsolomodanews ha avuto l&rsquo;opportunit&agrave; di conoscere Valentina tramite l&rsquo;amico dott. Pietro Cortese patron del concorso &ldquo;Venere d&rsquo;Italia&rdquo;. Presente in Tv come ospite fisso, Valentina continua a posare fotograficamente e le fotografie della galleria allegate sono state realizzate per un servizio esclusivo per Nonsolomodanews. Ringraziamo Valentina per averci concesso questa intervista che ci ha permesso di conoscerla meglio e auguriamo ai nostri lettori buona lettura.&nbsp;<\/p>\n","protected":false},"author":1,"featured_media":23079,"comment_status":"open","ping_status":"open","sticky":false,"template":"","format":"standard","meta":{"rop_custom_images_group":[],"rop_custom_messages_group":[],"rop_publish_now":"initial","rop_publish_now_accounts":[],"rop_publish_now_history":[],"rop_publish_now_status":"pending","footnotes":""},"categories":[16],"tags":[281,297,746,1072,1099,1162,9059],"class_list":["post-23077","post","type-post","status-publish","format-standard","has-post-thumbnail","hentry","category-articolo","tag-bruno-angelo-porcellana","tag-campania","tag-intervista","tag-napoli","tag-nonsolomodanews","tag-pietro-cortese","tag-valentina-iazzetta"],"_links":{"self":[{"href":"https:\/\/www.nonsolomodanews.it\/wordpress\/wp-json\/wp\/v2\/posts\/23077","targetHints":{"allow":["GET"]}}],"collection":[{"href":"https:\/\/www.nonsolomodanews.it\/wordpress\/wp-json\/wp\/v2\/posts"}],"about":[{"href":"https:\/\/www.nonsolomodanews.it\/wordpress\/wp-json\/wp\/v2\/types\/post"}],"author":[{"embeddable":true,"href":"https:\/\/www.nonsolomodanews.it\/wordpress\/wp-json\/wp\/v2\/users\/1"}],"replies":[{"embeddable":true,"href":"https:\/\/www.nonsolomodanews.it\/wordpress\/wp-json\/wp\/v2\/comments?post=23077"}],"version-history":[{"count":6,"href":"https:\/\/www.nonsolomodanews.it\/wordpress\/wp-json\/wp\/v2\/posts\/23077\/revisions"}],"predecessor-version":[{"id":23086,"href":"https:\/\/www.nonsolomodanews.it\/wordpress\/wp-json\/wp\/v2\/posts\/23077\/revisions\/23086"}],"wp:featuredmedia":[{"embeddable":true,"href":"https:\/\/www.nonsolomodanews.it\/wordpress\/wp-json\/wp\/v2\/media\/23079"}],"wp:attachment":[{"href":"https:\/\/www.nonsolomodanews.it\/wordpress\/wp-json\/wp\/v2\/media?parent=23077"}],"wp:term":[{"taxonomy":"category","embeddable":true,"href":"https:\/\/www.nonsolomodanews.it\/wordpress\/wp-json\/wp\/v2\/categories?post=23077"},{"taxonomy":"post_tag","embeddable":true,"href":"https:\/\/www.nonsolomodanews.it\/wordpress\/wp-json\/wp\/v2\/tags?post=23077"}],"curies":[{"name":"wp","href":"https:\/\/api.w.org\/{rel}","templated":true}]}}