{"id":22964,"date":"2022-02-07T22:16:44","date_gmt":"2022-02-07T22:16:44","guid":{"rendered":"https:\/\/www.nonsolomodanews.it\/wordpress\/?p=22964"},"modified":"2022-02-07T22:16:44","modified_gmt":"2022-02-07T22:16:44","slug":"altaroma-chiude-la-quarantesima-edizione-della-roma-fashion-week","status":"publish","type":"post","link":"https:\/\/www.nonsolomodanews.it\/wordpress\/altaroma-chiude-la-quarantesima-edizione-della-roma-fashion-week\/","title":{"rendered":"ALTAROMA, CHIUDE LA QUARANTESIMA EDIZIONE DELLA ROMA FASHION WEEK"},"content":{"rendered":"<p><span style=\"color: #000000;\"><img loading=\"lazy\" decoding=\"async\" class=\"size-medium wp-image-22965 alignleft\" src=\"https:\/\/www.nonsolomodanews.it\/wordpress\/wp-content\/uploads\/2022\/02\/unnamed-3-300x200.jpg\" alt=\"\" width=\"300\" height=\"200\" srcset=\"https:\/\/www.nonsolomodanews.it\/wordpress\/wp-content\/uploads\/2022\/02\/unnamed-3-300x200.jpg 300w, https:\/\/www.nonsolomodanews.it\/wordpress\/wp-content\/uploads\/2022\/02\/unnamed-3-768x512.jpg 768w, https:\/\/www.nonsolomodanews.it\/wordpress\/wp-content\/uploads\/2022\/02\/unnamed-3.jpg 1000w\" sizes=\"auto, (max-width: 300px) 100vw, 300px\" \/>\u00ab <em>Altaroma \u00e8 un\u2019istituzione, una famiglia, un compagno di viaggio per crescere, superare difficolt\u00e0 e volare. Un ruolo che abbiamo contribuito a far crescere e che, soprattutto negli ultimi anni, abbiamo difeso tenacemente.\u00a0 E questo abbiamo potuto farlo grazie alla fiducia e alla vicinanza delle Istituzioni del territorio, come la Camera di commercio e la Regione Lazio e delle istituzioni nazionali, come il Ministero degli Affari Esteri e della Cooperazione Internazionale e l\u2019ICE<\/em>\u00bb. \u00c8 iniziata cos\u00ec la Roma Fashion Week, con le parole con cui <strong>Silvia Venturini Fendi<\/strong>, Presidente di Altaroma, che ha inaugurato, lo scorso 2 febbraio, la tre giorni di sfilate e appuntamenti che oggi si chiuderanno negli Studi di Cinecitt\u00e0.<\/span><\/p>\n<p><span style=\"color: #000000;\">Altaroma difende e consolida il suo ruolo come punto di riferimento per brand indipendenti e designer emergenti tra le manifestazioni italiane, e si posiziona a livello internazionale come la fashion week del Made in Italy nuovo, innovativo, sostenibile e di qualit\u00e0.<\/span><\/p>\n<p><span style=\"color: #000000;\">Oltre 70% degli oltre 80 brand prodotti da Altaroma &#8211; di cui 79 nel progetto Showcase &#8211; vantano produzioni sostenibili. Non solo, circa l\u201980% sono aziende, start-up e realt\u00e0 imprenditoriali fondati o guidati da donne.<\/span><\/p>\n<p><span style=\"color: #000000;\">\u00ab<em>Altaroma ha subito una forte trasformazione\u00a0 &#8211; <\/em>prosegue la Presidente<em> &#8211; e penso che sempre di pi\u00f9 la manifestazione e la citt\u00e0 stessa possa essere considerata la culla del nuovo, dell\u2019innovazione e delle start up. Siamo stati tra i primi a lavorare sulla sostenibilit\u00e0, sul genderless e, adesso, anche sull\u2019innovazione digitale. Il nostro \u00e8 un percorso di valorizzazione del Made in Italy attraverso tutti i nuovi driver dello sviluppo della moda, per favorire i brand nell\u2019accesso ai mercati internazionali<\/em>\u00bb.<\/span><\/p>\n<p><span style=\"color: #000000;\">Un\u2019altra edizione di successo che conferma la chiave vincente della piattaforma digitale, rafforzata e amplificata anche dall\u2019app, riuscendo a restituire l\u2019immagine di hub dei giovani talenti, dei brand emergenti e delle realt\u00e0 indipendenti. Successo ribadito anche dai numeri, che contano:<\/span><\/p>\n<p><span style=\"color: #000000;\">&#8211; quasi <strong>400<\/strong> giornalisti accreditati, e oltre <strong>40<\/strong> ospiti della stampa internazionale provenienti da diversi paesi, tra cui Brasile, Kazakistan, Spagna, Ucraina, e Regno Unito.<\/span><br \/>\n<span style=\"color: #000000;\">&#8211; <strong>90<\/strong> tra brand e designer che hanno partecipato alle iniziative in calendario<\/span><br \/>\n<span style=\"color: #000000;\">&#8211; <strong>170<\/strong> tra buyer, showroom e concept-store accreditati sulla piattaforma digitale, di cui <strong>50<\/strong> in presenza<\/span><br \/>\n<span style=\"color: #000000;\">&#8211; <strong>11<\/strong> sfilate negli Studi di Cinecitt\u00e0 e una esterna<\/span><br \/>\n<span style=\"color: #000000;\">Oltre <strong>76.000<\/strong> utenti che hanno seguito online la manifestazione dalla piattaforma e dalla nuova App di Altaroma.<\/span><\/p>\n<p><span style=\"color: #000000;\">\u00ab<em>Il ruolo della citt\u00e0 di Roma \u00e8 ormai chiaro<\/em> &#8211; conclude la Presidente &#8211; <em>Roma \u00e8 l\u2019hub dei giovani talenti, dei brand emergenti, delle realt\u00e0 indipendenti e questo significa lavorare su valori, contenuti e modalit\u00e0 sempre in evoluzione. Ogni stagione della Roma Fashion Week sintetizza perfettamente il lavoro che Altaroma svolge durante l\u2019anno: creare un network, diventare un ascensore di opportunit\u00e0 per ciascun designer e brand, a partire dai percorsi di formazione, senza i quali \u00e8 imprescindibile la crescita, fino ad arrivare alle passerelle. La moda in diverse fasi storiche \u00e8 entrata nel vissuto della citt\u00e0 di Roma; oggi lo fa guardando pi\u00f9 che mai guardando all\u2019innovazione, al futuro e alle nuove generazioni. Il clima di collaborazione istituzionale che si \u00e8 percepito con forza in questi giorni, e che vedr\u00e0 nuovamente impegnate la Camera di Commercio di Roma, la Regione Lazio e il Comune di Roma in una strategia condivisa sulla Moda, non potr\u00e0 che giovare al nostro territorio, ai nostri giovani e al sistema moda di tutto il Paese\u00bb<\/em>.<\/span><\/p>\n<p><span style=\"color: #000000;\">per info: presspr@altaroma.it<\/span><\/p>\n<p style=\"text-align: center;\"><span style=\"color: #000000;\">Tutti i diritti riservati \u00a9 2022 \u2013 Email: nonsolomodanews@gmail.com<\/span><\/p>\n","protected":false},"excerpt":{"rendered":"<p>&laquo; Altaroma &egrave; un&rsquo;istituzione, una famiglia, un compagno di viaggio per crescere, superare difficolt&agrave; e volare. Un ruolo che abbiamo contribuito a far crescere e che, soprattutto negli ultimi anni, abbiamo difeso tenacemente.&nbsp; E questo abbiamo potuto farlo grazie alla fiducia e alla vicinanza delle Istituzioni del territorio, come la Camera di commercio e la Regione Lazio e delle istituzioni nazionali, come il Ministero degli Affari Esteri e della Cooperazione Internazionale e l&rsquo;ICE&raquo;. &Egrave; iniziata cos&igrave; la Roma Fashion Week, con le parole con cui Silvia Venturini Fendi, Presidente di Altaroma, che ha inaugurato, lo scorso 2 febbraio, la tre giorni di sfilate e appuntamenti che oggi si chiuderanno negli Studi di Cinecitt&agrave;. Altaroma difende e consolida il suo ruolo come punto di riferimento per brand indipendenti e designer emergenti tra le manifestazioni italiane, e si posiziona a livello internazionale come la fashion week del Made in Italy nuovo, innovativo, sostenibile e di qualit&agrave;. Oltre 70% degli oltre 80 brand prodotti da Altaroma &ndash; di cui 79 nel progetto Showcase &ndash; vantano produzioni sostenibili. Non solo, circa l&rsquo;80% sono aziende, start-up e realt&agrave; imprenditoriali fondati o guidati da donne. &laquo;Altaroma ha subito una forte trasformazione&nbsp; &ndash; prosegue la Presidente &ndash; [&hellip;]<\/p>\n","protected":false},"author":1,"featured_media":22965,"comment_status":"open","ping_status":"open","sticky":false,"template":"","format":"standard","meta":{"rop_custom_images_group":[],"rop_custom_messages_group":[],"rop_publish_now":"initial","rop_publish_now_accounts":[],"rop_publish_now_history":[],"rop_publish_now_status":"pending","footnotes":""},"categories":[16],"tags":[8011],"class_list":["post-22964","post","type-post","status-publish","format-standard","has-post-thumbnail","hentry","category-articolo","tag-altaroma"],"_links":{"self":[{"href":"https:\/\/www.nonsolomodanews.it\/wordpress\/wp-json\/wp\/v2\/posts\/22964","targetHints":{"allow":["GET"]}}],"collection":[{"href":"https:\/\/www.nonsolomodanews.it\/wordpress\/wp-json\/wp\/v2\/posts"}],"about":[{"href":"https:\/\/www.nonsolomodanews.it\/wordpress\/wp-json\/wp\/v2\/types\/post"}],"author":[{"embeddable":true,"href":"https:\/\/www.nonsolomodanews.it\/wordpress\/wp-json\/wp\/v2\/users\/1"}],"replies":[{"embeddable":true,"href":"https:\/\/www.nonsolomodanews.it\/wordpress\/wp-json\/wp\/v2\/comments?post=22964"}],"version-history":[{"count":3,"href":"https:\/\/www.nonsolomodanews.it\/wordpress\/wp-json\/wp\/v2\/posts\/22964\/revisions"}],"predecessor-version":[{"id":22968,"href":"https:\/\/www.nonsolomodanews.it\/wordpress\/wp-json\/wp\/v2\/posts\/22964\/revisions\/22968"}],"wp:featuredmedia":[{"embeddable":true,"href":"https:\/\/www.nonsolomodanews.it\/wordpress\/wp-json\/wp\/v2\/media\/22965"}],"wp:attachment":[{"href":"https:\/\/www.nonsolomodanews.it\/wordpress\/wp-json\/wp\/v2\/media?parent=22964"}],"wp:term":[{"taxonomy":"category","embeddable":true,"href":"https:\/\/www.nonsolomodanews.it\/wordpress\/wp-json\/wp\/v2\/categories?post=22964"},{"taxonomy":"post_tag","embeddable":true,"href":"https:\/\/www.nonsolomodanews.it\/wordpress\/wp-json\/wp\/v2\/tags?post=22964"}],"curies":[{"name":"wp","href":"https:\/\/api.w.org\/{rel}","templated":true}]}}