{"id":22916,"date":"2022-01-20T07:02:42","date_gmt":"2022-01-20T07:02:42","guid":{"rendered":"https:\/\/www.nonsolomodanews.it\/wordpress\/?p=22916"},"modified":"2022-01-20T07:02:42","modified_gmt":"2022-01-20T07:02:42","slug":"rehearsal-1-e-rehearsal-2-by-michele-zanello","status":"publish","type":"post","link":"https:\/\/www.nonsolomodanews.it\/wordpress\/rehearsal-1-e-rehearsal-2-by-michele-zanello\/","title":{"rendered":"Rehearsal 1 e Rehearsal 2 by Michele Zanello"},"content":{"rendered":"<p><span style=\"color: #000000;\"><strong><img loading=\"lazy\" decoding=\"async\" class=\"size-medium wp-image-22919 alignleft\" src=\"https:\/\/www.nonsolomodanews.it\/wordpress\/wp-content\/uploads\/2022\/01\/image0-1-225x300.jpeg\" alt=\"\" width=\"225\" height=\"300\" srcset=\"https:\/\/www.nonsolomodanews.it\/wordpress\/wp-content\/uploads\/2022\/01\/image0-1-225x300.jpeg 225w, https:\/\/www.nonsolomodanews.it\/wordpress\/wp-content\/uploads\/2022\/01\/image0-1.jpeg 240w\" sizes=\"auto, (max-width: 225px) 100vw, 225px\" \/>Michele Zanello<\/strong> nato a Latisana (UD) il 26 Febbraio 1995: \u00e8 attualmente riconosciuto nel settore musicale non solo come imprenditore digitale e direttore artistico ma anche come artista musicale, infatti quest\u2019anno a sorpresa ha rilasciato dei brani house\\tech house su tutti i portali digitali facendo un passo in avanti dal backstage dove \u00e8 abituato a lavorare al palco principale, che sia un suo ritorno sulle scene ?<\/span><\/p>\n<p><!--more--><br \/>\n<span style=\"color: #000000;\">Michele ultimamente ha rilasciato due singoli chiamati Rehearsal 1 e Rehearsal 2 che in inglese significa \u201callenamento\u201d o \u201cprove\u201d che abbia in serbo per noi altre novit\u00e0?<\/span><br \/>\n<span style=\"color: #000000;\">Ha inoltre pubblicato un album, intitolato \u201cNot Ordinary Canvas\u201d , tramite la label AR.MS Empire con musiche come: BLUE Moon , GREY Goose , YELLOW Pillow , VIOLET Sky , RED Dream , PURPLE Water.<\/span><br \/>\n<span style=\"color: #000000;\">Alcuni dei suoi singoli isono Dust 1 e Dust 2. Grazie alle collaborazioni che si \u00e8 creato con l\u2019agenzia KS Digital Force e le sue musiche rilasciate sotto la label: AR.MS Empire \u00e8 riuscito ad aver un trampolino di lancio nel mercato musicale diventando cosi un volto affermato sui social conta tantissimi fans basta vedere sul suo profilo instagram conta oltre 50.000 followers e anche il suo profilo Facebook che \u00e8 un punto di riferimento per molti artisti colleghi nel suo settore.<\/span><br \/>\n<span style=\"color: #000000;\">Curiosit\u00e0? Michele Zanello non \u00e8 solo un artista musicale ma anche un imprenditore digitale e direttore artistico.<\/span><br \/>\n<span style=\"color: #000000;\">Instagram :https:\/\/www.instagram.com\/michelezanello_\/<\/span><br \/>\n<span style=\"color: #000000;\">Quest\u2019anno tra i nomi in tendenza nel panorama del music business troviamo MICHELE ZANELLO per molti Michele viene soprannominato \u201cMich\u201d ma perch\u00e9 \u00e8 cos\u00ec ricercato?<\/span><br \/>\n<span style=\"color: #000000;\">Mich ha cominciato nel 2015 gestendo eventi e canali social di artisti musicali sia emergenti che strutturati, ha collaborato con diverse agenzie di mediazione musicale e lavora tutt\u2019ora con l\u2019estero. Michele ha inoltre aperto la sua agenzia di iiamgine e promozione social \u201cMIDNIGHT MILANO\u201d con la quale ha collaborato con alcuni dei nomi degli influencer pi\u00f9 grossi in italia e all\u2019estero.<\/span><br \/>\n<span style=\"color: #000000;\">Questo gli ha permesso di aprire la sua rete di contatti e divulgare meglio non solo il suo lato imprenditoriale ma anche quello artistico infatti proprio quest\u2019anno ha rilasciato alcuni brani musicali sotto il suo nome per la prima volta senza pseudonimo.<\/span><\/p>\n<p style=\"text-align: center;\"><span style=\"color: #000000;\">Tutti i diritti riservati \u00a9 2022\u2013 Email: nonsolomodanews@gmail.com<\/span><\/p>\n","protected":false},"excerpt":{"rendered":"<p>Michele Zanello nato a Latisana (UD) il 26 Febbraio 1995: &egrave; attualmente riconosciuto nel settore musicale non solo come imprenditore digitale e direttore artistico ma anche come artista musicale, infatti quest&rsquo;anno a sorpresa ha rilasciato dei brani house\\tech house su tutti i portali digitali facendo un passo in avanti dal backstage dove &egrave; abituato a lavorare al palco principale, che sia un suo ritorno sulle scene ?<\/p>\n","protected":false},"author":1,"featured_media":22920,"comment_status":"open","ping_status":"open","sticky":false,"template":"","format":"standard","meta":{"rop_custom_images_group":[],"rop_custom_messages_group":[],"rop_publish_now":"initial","rop_publish_now_accounts":[],"rop_publish_now_history":[],"rop_publish_now_status":"pending","footnotes":""},"categories":[16],"tags":[],"class_list":["post-22916","post","type-post","status-publish","format-standard","has-post-thumbnail","hentry","category-articolo"],"_links":{"self":[{"href":"https:\/\/www.nonsolomodanews.it\/wordpress\/wp-json\/wp\/v2\/posts\/22916","targetHints":{"allow":["GET"]}}],"collection":[{"href":"https:\/\/www.nonsolomodanews.it\/wordpress\/wp-json\/wp\/v2\/posts"}],"about":[{"href":"https:\/\/www.nonsolomodanews.it\/wordpress\/wp-json\/wp\/v2\/types\/post"}],"author":[{"embeddable":true,"href":"https:\/\/www.nonsolomodanews.it\/wordpress\/wp-json\/wp\/v2\/users\/1"}],"replies":[{"embeddable":true,"href":"https:\/\/www.nonsolomodanews.it\/wordpress\/wp-json\/wp\/v2\/comments?post=22916"}],"version-history":[{"count":2,"href":"https:\/\/www.nonsolomodanews.it\/wordpress\/wp-json\/wp\/v2\/posts\/22916\/revisions"}],"predecessor-version":[{"id":22921,"href":"https:\/\/www.nonsolomodanews.it\/wordpress\/wp-json\/wp\/v2\/posts\/22916\/revisions\/22921"}],"wp:featuredmedia":[{"embeddable":true,"href":"https:\/\/www.nonsolomodanews.it\/wordpress\/wp-json\/wp\/v2\/media\/22920"}],"wp:attachment":[{"href":"https:\/\/www.nonsolomodanews.it\/wordpress\/wp-json\/wp\/v2\/media?parent=22916"}],"wp:term":[{"taxonomy":"category","embeddable":true,"href":"https:\/\/www.nonsolomodanews.it\/wordpress\/wp-json\/wp\/v2\/categories?post=22916"},{"taxonomy":"post_tag","embeddable":true,"href":"https:\/\/www.nonsolomodanews.it\/wordpress\/wp-json\/wp\/v2\/tags?post=22916"}],"curies":[{"name":"wp","href":"https:\/\/api.w.org\/{rel}","templated":true}]}}