{"id":22739,"date":"2021-11-19T10:48:03","date_gmt":"2021-11-19T10:48:03","guid":{"rendered":"https:\/\/www.nonsolomodanews.it\/wordpress\/?p=22739"},"modified":"2021-11-19T10:48:50","modified_gmt":"2021-11-19T10:48:50","slug":"io-cantautore-che-son-io-concorso-nazionale-rivolto-ai-nuovi-e-futuri-cantautori-cantautrici","status":"publish","type":"post","link":"https:\/\/www.nonsolomodanews.it\/wordpress\/io-cantautore-che-son-io-concorso-nazionale-rivolto-ai-nuovi-e-futuri-cantautori-cantautrici\/","title":{"rendered":"IO CANTAUTORE CHE SON IO &#8211; Concorso Nazionale rivolto ai nuovi e futuri cantautori\/cantautrici"},"content":{"rendered":"<div class=\"kvgmc6g5 cxmmr5t8 oygrvhab hcukyx3x c1et5uql ii04i59q\">\n<div dir=\"auto\"><span style=\"color: #000000;\"><img loading=\"lazy\" decoding=\"async\" class=\"size-medium wp-image-22741 alignleft\" src=\"https:\/\/www.nonsolomodanews.it\/wordpress\/wp-content\/uploads\/2021\/11\/257498583_106357938536402_1978557316833057081_n-300x300.jpg\" alt=\"\" width=\"300\" height=\"300\" srcset=\"https:\/\/www.nonsolomodanews.it\/wordpress\/wp-content\/uploads\/2021\/11\/257498583_106357938536402_1978557316833057081_n-300x300.jpg 300w, https:\/\/www.nonsolomodanews.it\/wordpress\/wp-content\/uploads\/2021\/11\/257498583_106357938536402_1978557316833057081_n-1024x1024.jpg 1024w, https:\/\/www.nonsolomodanews.it\/wordpress\/wp-content\/uploads\/2021\/11\/257498583_106357938536402_1978557316833057081_n-150x150.jpg 150w, https:\/\/www.nonsolomodanews.it\/wordpress\/wp-content\/uploads\/2021\/11\/257498583_106357938536402_1978557316833057081_n-768x768.jpg 768w, https:\/\/www.nonsolomodanews.it\/wordpress\/wp-content\/uploads\/2021\/11\/257498583_106357938536402_1978557316833057081_n-1080x1080.jpg 1080w, https:\/\/www.nonsolomodanews.it\/wordpress\/wp-content\/uploads\/2021\/11\/257498583_106357938536402_1978557316833057081_n.jpg 1240w\" sizes=\"auto, (max-width: 300px) 100vw, 300px\" \/>IO CANTAUTORE CHE SON IO <\/span><span style=\"color: #000000;\">Concorso Nazionale rivolto ai nuovi e futuri cantautori\/cantautrici.<\/span><\/div>\n<\/div>\n<div dir=\"auto\"><\/div>\n<p><!--more--><\/p>\n<div class=\"o9v6fnle cxmmr5t8 oygrvhab hcukyx3x c1et5uql ii04i59q\">\n<div dir=\"auto\"><span style=\"color: #000000;\">link alla pagina del concorso (con modulo di iscrizione e regolamento):<\/span><\/div>\n<div dir=\"auto\"><span style=\"color: #000000;\"><a class=\"oajrlxb2 g5ia77u1 qu0x051f esr5mh6w e9989ue4 r7d6kgcz rq0escxv nhd2j8a9 nc684nl6 p7hjln8o kvgmc6g5 cxmmr5t8 oygrvhab hcukyx3x jb3vyjys rz4wbd8a qt6c0cv9 a8nywdso i1ao9s8h esuyzwwr f1sip0of lzcic4wl py34i1dx gpro0wi8\" style=\"color: #000000;\" tabindex=\"0\" role=\"link\" href=\"https:\/\/circoloilcampanile.it\/concorso-cantautori\/?fbclid=IwAR2dGopNdfI82FISU0-RWXHoKROFsgFT80rW-oa14C-isau0zNDagXQFU94\" target=\"_blank\" rel=\"nofollow noopener\">https:\/\/circoloilcampanile.it\/concorso-cantautori\/<\/a><\/span><\/div>\n<div dir=\"auto\"><span style=\"color: #000000;\">mail a cui inviare il modulo di partecipazione: iocantautorechesonio@circoloilcampanile.it<\/span><\/div>\n<div dir=\"auto\"><span style=\"color: #000000;\">Qui il regolamento: <\/span><span style=\"color: #000000;\"><a class=\"oajrlxb2 g5ia77u1 qu0x051f esr5mh6w e9989ue4 r7d6kgcz rq0escxv nhd2j8a9 nc684nl6 p7hjln8o kvgmc6g5 cxmmr5t8 oygrvhab hcukyx3x jb3vyjys rz4wbd8a qt6c0cv9 a8nywdso i1ao9s8h esuyzwwr f1sip0of lzcic4wl py34i1dx gpro0wi8\" style=\"color: #000000;\" tabindex=\"0\" role=\"link\" href=\"https:\/\/circoloilcampanile.it\/wp-content\/uploads\/2021\/11\/IO-CANTAUTORE-REGOLAMENTO-1.pdf?fbclid=IwAR3RVAjiHm0gfa7b2M1hpuZcTjesw88VSW4sdge0eRssBHnuuis8TWTR6Vs\" target=\"_blank\" rel=\"nofollow noopener\">https:\/\/circoloilcampanile.it\/&#8230;\/IO-CANTAUTORE&#8230;<\/a><\/span><\/div>\n<div dir=\"auto\"><span style=\"color: #000000;\">Qui il modulo per partecipare: <\/span><span style=\"color: #000000;\"><a class=\"oajrlxb2 g5ia77u1 qu0x051f esr5mh6w e9989ue4 r7d6kgcz rq0escxv nhd2j8a9 nc684nl6 p7hjln8o kvgmc6g5 cxmmr5t8 oygrvhab hcukyx3x jb3vyjys rz4wbd8a qt6c0cv9 a8nywdso i1ao9s8h esuyzwwr f1sip0of lzcic4wl py34i1dx gpro0wi8\" style=\"color: #000000;\" tabindex=\"0\" role=\"link\" href=\"https:\/\/circoloilcampanile.it\/wp-content\/uploads\/2021\/11\/IO-CANTAUTORE-MODULO-ISCRIZIONE.pdf?fbclid=IwAR0X2FnvXCV2OWivv8YYSgaBxVBj8S5E2kCESEvWKi5OWpDlZWgWsKnWG18\" target=\"_blank\" rel=\"nofollow noopener\">https:\/\/circoloilcampanile.it\/&#8230;\/IO-CANTAUTORE-MODULO&#8230;<\/a><\/span><\/div>\n<\/div>\n<div class=\"o9v6fnle cxmmr5t8 oygrvhab hcukyx3x c1et5uql ii04i59q\">\n<div dir=\"auto\"><\/div>\n<div dir=\"auto\"><span style=\"color: #000000;\">Premi:<\/span><\/div>\n<div dir=\"auto\"><span style=\"color: #000000;\">primo classificato: Targa; Arrangiamento e produzione del brano vincitore da parte di AM productions; la realizzazione del videoclip della canzone vincitrice.<\/span><\/div>\n<div dir=\"auto\"><span style=\"color: #000000;\">secondo classificato: Targa; un Servizio Fotografico a cura del fotografo Bruno Angelo Porcellana (<a href=\"http:\/\/www.nonsolomodanews.it\">www.nonsolomodanews.it<\/a>)<\/span><\/div>\n<div dir=\"auto\"><span style=\"color: #000000;\">terzo classificato: Targa<\/span><\/div>\n<\/div>\n<div class=\"o9v6fnle cxmmr5t8 oygrvhab hcukyx3x c1et5uql ii04i59q\">\n<div dir=\"auto\"><span style=\"color: #000000;\">Sintesi della gara canora verr\u00e0 trasmessa in TV.<\/span><\/div>\n<\/div>\n<div class=\"o9v6fnle cxmmr5t8 oygrvhab hcukyx3x c1et5uql ii04i59q\">\n<div dir=\"auto\"><span style=\"color: #000000;\">scadenza: 20 febbraio 2022<\/span><\/div>\n<div dir=\"auto\"><\/div>\n<\/div>\n<div class=\"o9v6fnle cxmmr5t8 oygrvhab hcukyx3x c1et5uql ii04i59q\">\n<div dir=\"auto\"><strong><span style=\"color: #000000;\">DESCRIZIONE DEL CONCORSO<\/span><\/strong><\/div>\n<div dir=\"auto\"><span style=\"color: #000000;\">L\u2019Associazione &#8220;Circolo il Campanile&#8221; indice la gara: <\/span><span style=\"color: #000000;\">\u201cIO, CANTAUTORE CHE SON IO\u201d <\/span><span style=\"color: #000000;\">rivolta a tutti i cantautori\/cantautrici italiani\/e emergenti.<\/span><\/div>\n<div dir=\"auto\"><\/div>\n<div dir=\"auto\"><strong><span style=\"color: #000000;\">CHI PUO&#8217; PARTECIPARE<\/span><\/strong><\/div>\n<div dir=\"auto\"><span style=\"color: #000000;\">Qualunque autore-cantante amatoriale o professionista, senza limiti di et\u00e0.<\/span><\/div>\n<div dir=\"auto\"><span style=\"color: #000000;\">Il concorso si articola in due fasi:<\/span><\/div>\n<div dir=\"auto\"><span style=\"color: #000000;\">PRIMA FASE: invio dei brani e selezione da parte della giuria.<\/span><\/div>\n<div dir=\"auto\"><span style=\"color: #000000;\">SECONDA FASE: serata finale \u201cdal vivo\u201d per l\u2019assegnazione del vincitore e la consegna dei premi.<\/span><\/div>\n<div dir=\"auto\"><span style=\"color: #000000;\">COME ISCRIVERSI<\/span><\/div>\n<div dir=\"auto\"><span style=\"color: #000000;\">E\u2019 possibile iscriversi seguendo le istruzioni e compilando tutti i campi del modulo di iscrizione.<\/span><\/div>\n<\/div>\n<div class=\"o9v6fnle cxmmr5t8 oygrvhab hcukyx3x c1et5uql ii04i59q\">\n<div dir=\"auto\"><span style=\"color: #000000;\">CARATTERISTICHE DEI BRANI AMMESSI<\/span><\/div>\n<div dir=\"auto\"><span style=\"color: #000000;\">Il brano dovr\u00e0 essere in italiano e non dovr\u00e0 risultare inciso in precedenza da una etichetta discografica (sono ammessi brani incisi in autoproduzione)<\/span><\/div>\n<div dir=\"auto\"><span style=\"color: #000000;\">L&#8217;interprete del brano dovr\u00e0 essere anche uno degli autori (o del testo o della musica o di entrambi)<\/span><\/div>\n<\/div>\n<div class=\"o9v6fnle cxmmr5t8 oygrvhab hcukyx3x c1et5uql ii04i59q\">\n<div dir=\"auto\"><span style=\"color: #000000;\">SCADENZA<\/span><\/div>\n<div dir=\"auto\"><strong><span style=\"color: #000000;\">E&#8217; possibile inviare la propria candidatura entro le ore 24 del 20 febbraio 2022.<\/span><\/strong><\/div>\n<div dir=\"auto\"><span style=\"color: #000000;\">Entro il 15 marzo 2022 verranno resi noti i nomi dei cantautori selezionati per la serata conclusiva.<\/span><\/div>\n<div dir=\"auto\"><span style=\"color: #000000;\">I finalisti saranno anche contattati via mail.<\/span><\/div>\n<div dir=\"auto\"><span style=\"color: #000000;\">La lista dei nomi finalisti sar\u00e0 comunque visibile nell\u2019apposita pagina sul sito:<\/span><\/div>\n<div dir=\"auto\"><span style=\"color: #000000;\"><a class=\"oajrlxb2 g5ia77u1 qu0x051f esr5mh6w e9989ue4 r7d6kgcz rq0escxv nhd2j8a9 nc684nl6 p7hjln8o kvgmc6g5 cxmmr5t8 oygrvhab hcukyx3x jb3vyjys rz4wbd8a qt6c0cv9 a8nywdso i1ao9s8h esuyzwwr f1sip0of lzcic4wl py34i1dx gpro0wi8\" style=\"color: #000000;\" tabindex=\"0\" role=\"link\" href=\"https:\/\/l.facebook.com\/l.php?u=https%3A%2F%2Fcircoloilcampanile.it%2Fconcorso-cantautori%2F%3Ffbclid%3DIwAR1La2D3vN24Q2d_U2yX-82lMGSrOODYth_DsOWy5R5zPr6tk94-PSvRWok&amp;h=AT3P75EJFI0AuHGprxEEdrKBY-8uGStJm8z9btLlI1qKoD5O5iUPVKhZ1Y6BfvowpRmylYFExoQSLhMzPv91XlBpmCtyKeySB_ZgQwShLSFa_U7nCyRsFB7OX91gGa_3cFUIETCaF2PtbH8-ow&amp;__tn__=-UK-R&amp;c[0]=AT2MzovBKsNRzOFg6xGmBD6E15xolfWfiHPnQhH82HSxDYvrB28zGML3Jgmnf7fZouo8pXjTY1Ld9-KZlxZa-JQgG0r4PemNA6MtJbS99_sNowJ3BDYMtClPQY9scjOeUUGVwPskpLhrx9zIT4ErSEO5AUvNjZejdt1F_eZPjdTQIQ\" target=\"_blank\" rel=\"nofollow noopener\">https:\/\/circoloilcampanile.it\/concorso-cantautori\/<\/a><\/span><\/div>\n<\/div>\n<div class=\"o9v6fnle cxmmr5t8 oygrvhab hcukyx3x c1et5uql ii04i59q\">\n<div dir=\"auto\"><span style=\"color: #000000;\">In giuria: docenti di canto, un regista televisivo, il presidente di una etichetta discografica, un pianista jazz, una cantante professionista&#8230;<\/span><\/div>\n<div dir=\"auto\"><\/div>\n<\/div>\n<div class=\"o9v6fnle cxmmr5t8 oygrvhab hcukyx3x c1et5uql ii04i59q\">\n<div dir=\"auto\"><strong><span style=\"color: #000000;\">PREMI<\/span><\/strong><\/div>\n<div dir=\"auto\"><strong><span style=\"color: #000000;\">PRIMO CLASSIFICATO:<\/span><\/strong><\/div>\n<div dir=\"auto\"><span style=\"color: #000000;\">&#8211; Targa<\/span><\/div>\n<div dir=\"auto\"><span style=\"color: #000000;\">&#8211; Arrangiamento e produzione del brano vincitore da parte di AM productions<\/span><\/div>\n<div dir=\"auto\"><span style=\"color: #000000;\">&#8211; 1 giorno di shooting video in sala di incisione e 1 giorno di post-produzione per la realizzazione del videoclip del brano.<\/span><\/div>\n<div dir=\"auto\"><strong><span style=\"color: #000000;\">SECONDO CLASSIFICATO:<\/span><\/strong><\/div>\n<div dir=\"auto\"><span style=\"color: #000000;\">&#8211; Targa<\/span><\/div>\n<div dir=\"auto\"><span style=\"color: #000000;\">&#8211; Un Servizio Fotografico a cura del fotografo Bruno Angelo Porcellana (<a href=\"http:\/\/www.nonsolomodanews.it\">nonsolomodanews.it<\/a>)<\/span><\/div>\n<div dir=\"auto\"><strong><span style=\"color: #000000;\">TERZO CLASSIFICATO:<\/span><\/strong><\/div>\n<div dir=\"auto\"><span style=\"color: #000000;\">&#8211; Targa<\/span><\/div>\n<div dir=\"auto\"><span style=\"color: #000000;\">Il Circolo &#8220;Il campanile&#8221; potr\u00e0 assegnare una sua Menzione Speciale al testo che pi\u00f9 si distinguer\u00e0 per impegno sociale-etico-morale.<\/span><\/div>\n<div dir=\"auto\"><span style=\"color: #000000;\">A tutti i cantautori\/cantautrici che avranno superato la prima fase verr\u00e0 rilasciato un attestato di partecipazione durante la cerimonia di premiazione.<\/span><\/div>\n<\/div>\n<div class=\"o9v6fnle cxmmr5t8 oygrvhab hcukyx3x c1et5uql ii04i59q\">\n<div dir=\"auto\"><strong><span style=\"color: #000000;\">PASSAGGIO TELEVISIVO<\/span><\/strong><\/div>\n<div dir=\"auto\"><span style=\"color: #000000;\">Una sintesi della serata finale verr\u00e0 trasmessa nel mese di Giugno 2022 da una emittente a diffusione regionale (Emilia Romagna-Marche)<\/span><\/div>\n<\/div>\n<div class=\"o9v6fnle cxmmr5t8 oygrvhab hcukyx3x c1et5uql ii04i59q\">\n<div dir=\"auto\"><span style=\"color: #000000;\">mail del concorso: <\/span><span style=\"color: #000000;\">iocantautorechesonio@circoloilcampanile.it<\/span><\/div>\n<\/div>\n<div dir=\"auto\"><\/div>\n<div dir=\"auto\" style=\"text-align: center;\"><span style=\"color: #000000;\">Tutti i diritti riservati \u00a9 2021\u2013 Email: nonsolomodanews@gmail.com<\/span><\/div>\n","protected":false},"excerpt":{"rendered":"<p>IO CANTAUTORE CHE SON IO Concorso Nazionale rivolto ai nuovi e futuri cantautori\/cantautrici.<\/p>\n","protected":false},"author":1,"featured_media":22741,"comment_status":"open","ping_status":"open","sticky":false,"template":"","format":"standard","meta":{"rop_custom_images_group":[],"rop_custom_messages_group":[],"rop_publish_now":"initial","rop_publish_now_accounts":[],"rop_publish_now_history":[],"rop_publish_now_status":"pending","footnotes":""},"categories":[16],"tags":[9020,9019],"class_list":["post-22739","post","type-post","status-publish","format-standard","has-post-thumbnail","hentry","category-articolo","tag-circolo-il-campanile","tag-io-cantautore-che-son-io"],"_links":{"self":[{"href":"https:\/\/www.nonsolomodanews.it\/wordpress\/wp-json\/wp\/v2\/posts\/22739","targetHints":{"allow":["GET"]}}],"collection":[{"href":"https:\/\/www.nonsolomodanews.it\/wordpress\/wp-json\/wp\/v2\/posts"}],"about":[{"href":"https:\/\/www.nonsolomodanews.it\/wordpress\/wp-json\/wp\/v2\/types\/post"}],"author":[{"embeddable":true,"href":"https:\/\/www.nonsolomodanews.it\/wordpress\/wp-json\/wp\/v2\/users\/1"}],"replies":[{"embeddable":true,"href":"https:\/\/www.nonsolomodanews.it\/wordpress\/wp-json\/wp\/v2\/comments?post=22739"}],"version-history":[{"count":3,"href":"https:\/\/www.nonsolomodanews.it\/wordpress\/wp-json\/wp\/v2\/posts\/22739\/revisions"}],"predecessor-version":[{"id":22743,"href":"https:\/\/www.nonsolomodanews.it\/wordpress\/wp-json\/wp\/v2\/posts\/22739\/revisions\/22743"}],"wp:featuredmedia":[{"embeddable":true,"href":"https:\/\/www.nonsolomodanews.it\/wordpress\/wp-json\/wp\/v2\/media\/22741"}],"wp:attachment":[{"href":"https:\/\/www.nonsolomodanews.it\/wordpress\/wp-json\/wp\/v2\/media?parent=22739"}],"wp:term":[{"taxonomy":"category","embeddable":true,"href":"https:\/\/www.nonsolomodanews.it\/wordpress\/wp-json\/wp\/v2\/categories?post=22739"},{"taxonomy":"post_tag","embeddable":true,"href":"https:\/\/www.nonsolomodanews.it\/wordpress\/wp-json\/wp\/v2\/tags?post=22739"}],"curies":[{"name":"wp","href":"https:\/\/api.w.org\/{rel}","templated":true}]}}