{"id":22721,"date":"2021-11-13T08:23:55","date_gmt":"2021-11-13T08:23:55","guid":{"rendered":"https:\/\/www.nonsolomodanews.it\/wordpress\/?p=22721"},"modified":"2021-11-13T08:25:16","modified_gmt":"2021-11-13T08:25:16","slug":"diritto-di-esprimere-il-proprio-pensiero-e-dintorni","status":"publish","type":"post","link":"https:\/\/www.nonsolomodanews.it\/wordpress\/diritto-di-esprimere-il-proprio-pensiero-e-dintorni\/","title":{"rendered":"Diritto di esprimere il proprio pensiero e dintorni."},"content":{"rendered":"<div id=\"attachment_22723\" style=\"width: 297px\" class=\"wp-caption alignleft\"><img loading=\"lazy\" decoding=\"async\" aria-describedby=\"caption-attachment-22723\" class=\"wp-image-22723 size-medium\" src=\"https:\/\/www.nonsolomodanews.it\/wordpress\/wp-content\/uploads\/2021\/11\/Keith-Haring_UNTITLED-287x300.jpg\" alt=\"Keith Allen Haring - Tutti i diritti riservati\" width=\"287\" height=\"300\" srcset=\"https:\/\/www.nonsolomodanews.it\/wordpress\/wp-content\/uploads\/2021\/11\/Keith-Haring_UNTITLED-287x300.jpg 287w, https:\/\/www.nonsolomodanews.it\/wordpress\/wp-content\/uploads\/2021\/11\/Keith-Haring_UNTITLED-980x1024.jpg 980w, https:\/\/www.nonsolomodanews.it\/wordpress\/wp-content\/uploads\/2021\/11\/Keith-Haring_UNTITLED-768x802.jpg 768w, https:\/\/www.nonsolomodanews.it\/wordpress\/wp-content\/uploads\/2021\/11\/Keith-Haring_UNTITLED-1470x1536.jpg 1470w, https:\/\/www.nonsolomodanews.it\/wordpress\/wp-content\/uploads\/2021\/11\/Keith-Haring_UNTITLED-1080x1128.jpg 1080w, https:\/\/www.nonsolomodanews.it\/wordpress\/wp-content\/uploads\/2021\/11\/Keith-Haring_UNTITLED.jpg 1772w\" sizes=\"auto, (max-width: 287px) 100vw, 287px\" \/><p id=\"caption-attachment-22723\" class=\"wp-caption-text\">Keith Allen Haring &#8211; Tutti i diritti riservati<\/p><\/div>\n<p><span style=\"color: #000000;\">Diritto di esprimere il proprio pensiero e dintorni. Come la Costituzione e in modo particolare l&#8217;art. 21 viene ricordato &#8220;Pro domo nostra&#8221;.\u00a0 Spesso ci si avvicina ai blog con superficialit\u00e0. Nessun comprende esattamente cosa siano e che cosa vogliano trasmettere ma questo potrebbe valere per tutti. I blog spaziano su vari campi, non sono testate registrate in quanto non vengono aggiornate con continuit\u00e0 e per ci\u00f2 non vi \u00e8 l\u2019obbligo di essere registrati presso il Tribunale competente e avere un direttore responsabile (giornalista professionista o pubblicista).<\/span><\/p>\n<p><!--more--><\/p>\n<p><span style=\"color: #000000;\">Molti di noi sentono l\u2019esigenza di comunicare e la comunicazione non \u00e8 solo verbale o scritta; ci sono molti altri modi e non sempre tengono in considerazione l\u2019altro, in quanto, in primis, \u00e8 dare soddisfazione a se stessi, al proprio ego e questo pu\u00f2 avvenire in pi\u00f9 forme: dalla scrittura, alla fotografia, alla pittura etc. tutti necessitano di un luogo dove potersi fare leggere o vedere. Negli ultimi anni si sono affermati i social, agor\u00e0 virtuali, primo tra tutti Facebook, poi con il passare del tempo seguito da Twitter e ora da Instagram e da molti altri come i canali whatsapp, telegram etc.. Tutti modi di comunicare ognuno con una caratteristica differente. Nell\u2019epoca pandemica in cui viviamo i social hanno giocato e giocano un ruolo importante sia nel bene che nel male. Lo hanno fatto in passato, ricordiamoci tutte le polemiche sulle elezioni americane e l\u2019influenza che hanno avuto stati stranieri sull\u2019elezione del presidente, lo fanno oggi dove tutti possono dire la propria senza avere un filtro (cosa relativa e lo si \u00e8 visto bene con i profili dell\u2019ex presidente Trump) o nella crisi Iraniana dove twitter era l\u2019unico mezzo per comunicare. In Italia l\u2019art. 21 della Costituzione (questa sconosciuta, purtroppo) afferma che tutti hanno diritto di manifestare liberamente il proprio pensiero con la parola, lo scritto e ogni altro mezzo di diffusione \u00a0&#8211; ma non di dire cose false e menzognere o ancora peggio diffamare. Vale per ogni cosa ma in particolare sulle recensioni in quanto un conto \u00e8 il diritto di critica, un conto \u00e8 la diffamazione e spesso non ci si accorge di avere travalicato. Infatti, spesso ci si dimentica di ci\u00f2 e si diventa leoni da tastiera senza pensare alle conseguenze nefaste che un tale comportamento ha sul piano giudiziario della persona coinvolta. A maggior ragione d\u00e0 fastidio la superficialit\u00e0 con le quali le persone esprimono giudizi sulle cose e sulle persone senza neppure avere visto o letto ci\u00f2 di che stanno parlando, ma solo per sentito dire. Leggiamo, guardiamo, osserviamo, assaggiamo e poi esprimiamo il nostro giudizio, evitiamo le banalit\u00e0, cosa che si sta vedendo in questo periodo. Riflettiamo su quello che scriviamo e come lo esterniamo, probabilmente eviteremmo di incorrere, nel migliore dei modi, in figure barbine.<\/span><\/p>\n<p><span style=\"color: #000000;\"><a href=\"https:\/\/www.instagram.com\/brunoangeloporcellana\/\">Bruno Angelo Porcellana<\/a> (*)<\/span><\/p>\n<p>(*) Giornalista, <a href=\"http:\/\/Elenco iscritti - Ordine Dei Giornalisti (odg.it)\">iscritto all&#8217;albo dei giornalisti pubblicisti<\/a>.<\/p>\n<p style=\"text-align: center;\"><span style=\"color: #000000;\">Tutti i diritti riservati \u00a9 2021\u2013 Email: nonsolomodanews@gmail.com<\/span><\/p>\n","protected":false},"excerpt":{"rendered":"<p>Diritto di esprimere il proprio pensiero e dintorni. Come la Costituzione e in modo particolare l&rsquo;art. 21 viene ricordato &ldquo;Pro domo nostra&rdquo;.&nbsp; Spesso ci si avvicina ai blog con superficialit&agrave;. Nessun comprende esattamente cosa siano e che cosa vogliano trasmettere ma questo potrebbe valere per tutti. I blog spaziano su vari campi, non sono testate registrate in quanto non vengono aggiornate con continuit&agrave; e per ci&ograve; non vi &egrave; l&rsquo;obbligo di essere registrati presso il Tribunale competente e avere un direttore responsabile (giornalista professionista o pubblicista).<\/p>\n","protected":false},"author":1,"featured_media":22723,"comment_status":"open","ping_status":"open","sticky":false,"template":"","format":"standard","meta":{"rop_custom_images_group":[],"rop_custom_messages_group":[],"rop_publish_now":"initial","rop_publish_now_accounts":[],"rop_publish_now_history":[],"rop_publish_now_status":"pending","footnotes":""},"categories":[16],"tags":[281,9016,9017],"class_list":["post-22721","post","type-post","status-publish","format-standard","has-post-thumbnail","hentry","category-articolo","tag-bruno-angelo-porcellana","tag-costituzione","tag-liberta-di-stampa"],"_links":{"self":[{"href":"https:\/\/www.nonsolomodanews.it\/wordpress\/wp-json\/wp\/v2\/posts\/22721","targetHints":{"allow":["GET"]}}],"collection":[{"href":"https:\/\/www.nonsolomodanews.it\/wordpress\/wp-json\/wp\/v2\/posts"}],"about":[{"href":"https:\/\/www.nonsolomodanews.it\/wordpress\/wp-json\/wp\/v2\/types\/post"}],"author":[{"embeddable":true,"href":"https:\/\/www.nonsolomodanews.it\/wordpress\/wp-json\/wp\/v2\/users\/1"}],"replies":[{"embeddable":true,"href":"https:\/\/www.nonsolomodanews.it\/wordpress\/wp-json\/wp\/v2\/comments?post=22721"}],"version-history":[{"count":3,"href":"https:\/\/www.nonsolomodanews.it\/wordpress\/wp-json\/wp\/v2\/posts\/22721\/revisions"}],"predecessor-version":[{"id":22726,"href":"https:\/\/www.nonsolomodanews.it\/wordpress\/wp-json\/wp\/v2\/posts\/22721\/revisions\/22726"}],"wp:featuredmedia":[{"embeddable":true,"href":"https:\/\/www.nonsolomodanews.it\/wordpress\/wp-json\/wp\/v2\/media\/22723"}],"wp:attachment":[{"href":"https:\/\/www.nonsolomodanews.it\/wordpress\/wp-json\/wp\/v2\/media?parent=22721"}],"wp:term":[{"taxonomy":"category","embeddable":true,"href":"https:\/\/www.nonsolomodanews.it\/wordpress\/wp-json\/wp\/v2\/categories?post=22721"},{"taxonomy":"post_tag","embeddable":true,"href":"https:\/\/www.nonsolomodanews.it\/wordpress\/wp-json\/wp\/v2\/tags?post=22721"}],"curies":[{"name":"wp","href":"https:\/\/api.w.org\/{rel}","templated":true}]}}