{"id":22715,"date":"2021-11-12T07:08:04","date_gmt":"2021-11-12T07:08:04","guid":{"rendered":"https:\/\/www.nonsolomodanews.it\/wordpress\/?p=22715"},"modified":"2021-11-12T07:08:04","modified_gmt":"2021-11-12T07:08:04","slug":"torna-eicma-lindustria-delle-due-ruote-abbraccia-nuovamente-il-suo-pubblico","status":"publish","type":"post","link":"https:\/\/www.nonsolomodanews.it\/wordpress\/torna-eicma-lindustria-delle-due-ruote-abbraccia-nuovamente-il-suo-pubblico\/","title":{"rendered":"TORNA EICMA, \u00a0L&#8217;INDUSTRIA DELLE DUE RUOTE ABBRACCIA NUOVAMENTE IL SUO PUBBLICO"},"content":{"rendered":"<p><span style=\"color: #000000;\"><strong><img loading=\"lazy\" decoding=\"async\" class=\"size-medium wp-image-22716 alignleft\" src=\"https:\/\/www.nonsolomodanews.it\/wordpress\/wp-content\/uploads\/2021\/11\/Eicma_Campagna21-A4-ITA-23-28-212x300.jpg\" alt=\"\" width=\"212\" height=\"300\" srcset=\"https:\/\/www.nonsolomodanews.it\/wordpress\/wp-content\/uploads\/2021\/11\/Eicma_Campagna21-A4-ITA-23-28-212x300.jpg 212w, https:\/\/www.nonsolomodanews.it\/wordpress\/wp-content\/uploads\/2021\/11\/Eicma_Campagna21-A4-ITA-23-28-724x1024.jpg 724w, https:\/\/www.nonsolomodanews.it\/wordpress\/wp-content\/uploads\/2021\/11\/Eicma_Campagna21-A4-ITA-23-28-768x1086.jpg 768w, https:\/\/www.nonsolomodanews.it\/wordpress\/wp-content\/uploads\/2021\/11\/Eicma_Campagna21-A4-ITA-23-28-1086x1536.jpg 1086w, https:\/\/www.nonsolomodanews.it\/wordpress\/wp-content\/uploads\/2021\/11\/Eicma_Campagna21-A4-ITA-23-28-1448x2048.jpg 1448w, https:\/\/www.nonsolomodanews.it\/wordpress\/wp-content\/uploads\/2021\/11\/Eicma_Campagna21-A4-ITA-23-28-1080x1527.jpg 1080w, https:\/\/www.nonsolomodanews.it\/wordpress\/wp-content\/uploads\/2021\/11\/Eicma_Campagna21-A4-ITA-23-28-scaled.jpg 1810w\" sizes=\"auto, (max-width: 212px) 100vw, 212px\" \/>Presentato il numero 78 dello storico evento espositivo: a Fiera Milano Rho pi\u00f9 di 820 marchi presenti, espositori esteri da 35 differenti nazioni, novit\u00e0, spettacolo e il tributo alla carriera di Valentino Rossi. Al via da marted\u00ec 23 novembre solo per stampa, poi mercoled\u00ec 24 per operatori e stampa e da gioved\u00ec 25 fino a domenica 28 spazio agli appassionati<\/strong><\/span><\/p>\n<p><span style=\"color: #000000;\">Torna EICMA, l&#8217;Esposizione internazionale delle due ruote. Dal 23 al 28 novembre prossimi il presente e il futuro del settore si ritrovano a Fiera Milano Rho. L&#8217;Edizione 2021, la numero 78 dell&#8217;evento espositivo pi\u00f9 importante al mondo per l&#8217;industria di riferimento, \u00e8 stata presentata stamane all&#8217;Auditorium Testori di Regione Lombardia a Milano, alla presenza del Governatore Attilio Fontana, del presidente di EICMA Pietro Meda, del presidente di Confindustria ANCMA (Associazione Nazionale Ciclo Motociclo Accessori) Paolo Magri e dell&#8217;amministratore delegato di Fiera Milano Luca Palermo.<\/span><\/p>\n<p><span style=\"color: #000000;\">Cinque padiglioni occupati all&#8217;interno del quartiere fieristico disegnato da Fuksas e pi\u00f9 di 820 i marchi presenti. E poi novit\u00e0, anteprime, le gare e lo spettacolo offerto nelle aree esterne, dove non mancheranno inoltre le occasioni di <em>test ride <\/em>di motocicli sviluppate dagli espositori. Un&#8217;opportunit\u00e0 rivolta anche agli amanti delle eBike, che potranno testare gli ultimi prodotti dall&#8217;universo delle bici a pedalata assistita all&#8217;interno di un tracciato tecnico realizzato al padiglione 24. Spazio, infine, anche alle start up <em>e <\/em>al futuro della mobilit\u00e0 su due ruote nell&#8217;area speciale a esse dedicata, che quest&#8217;anno accoglie 15 realt\u00e0 innovative internazionali pronte a proporre idee, soluzioni e prototipi.<\/span><\/p>\n<p><span style=\"color: #000000;\">I primi due giorni dell&#8217;Esposizione sono riservati a stampa e operatori, marted\u00ec 23 l&#8217;esclusivo <em>press day, <\/em>mentre il mercoled\u00ec 24 vede la compresenza di giornalisti e operatori di settore. Da gioved\u00ec 25 a domenica 28 l&#8217;apertura al grande pubblico degli appassionati. Confermata quindi la duplice natura b2b e b2c di EICMA e anche l&#8217;attrattivit\u00e0 internazionale della kermesse, con il 47% degli espositori provenienti dall&#8217;estero in rappresentanza di 35 nazioni e l&#8217;interesse di migliaia di operatori del settore e giornalisti gi\u00e0 accreditati.<\/span><\/p>\n<p><iframe loading=\"lazy\" title=\"#usaledueruote\" width=\"1080\" height=\"608\" src=\"https:\/\/www.youtube.com\/embed\/G2qaumrcRWY?feature=oembed\" frameborder=\"0\" allow=\"accelerometer; autoplay; clipboard-write; encrypted-media; gyroscope; picture-in-picture\" allowfullscreen><\/iframe><\/p>\n<p><span style=\"color: #000000;\">Un&#8217;edizione che, dopo lo stop forzato dell&#8217;anno scorso, mette al centro la passione. Con &#8220;Bentornata Adrenalina&#8221;, il claim scelto per il lancio della campagna pubblicitaria 2021, EICMA chiama infatti a raccolta la comunit\u00e0 degli appassionati, facendo leva sull&#8217;emozione che pi\u00f9 li accomuna. Ed \u00e8 stato proprio il presidente di EICMA Pietro Meda a sottolineare questo aspetto durante l&#8217;incontro odierno con la stampa. &#8220;In un settore merceologico dove la passione \u00e8 ancora una motivazione d&#8217;acquisto trainante &#8211; ha dichiarato Meda &#8211; il rapporto diretto con i prodotti dell&#8217;industria di riferimento e la dimensione emotiva e sensoriale rendono il modello EICMA attuale e aperto al futuro. Siamo sempre pi\u00f9 convinti che non pu\u00f2 essere una soluzione virtuale a sostituire completamente l&#8217;esperienza di visita che portiamo in scena con gli espositori che tornano a investire in questo evento: non \u00e8 cos\u00ec per il grande pubblico, n\u00e9 per le migliaia di operatori del settore che stanno dimostrando <strong>il <\/strong>desiderio di tornare a fare business dal vivo, specialmente in un momento cos\u00ec dinamico e interessante per il nostro mercato&#8221;.<\/span><\/p>\n<p><span style=\"color: #000000;\">&#8220;\u00c8 anche l&#8217;andamento positivo delle vendite di cicli e motocicli, insieme al protagonismo che le due ruote hanno assunto nella mobilit\u00e0 post Covid &#8211; ha confermato infatti il presidente di ANCMA Paolo Magri &#8211; che consegna a questa edizione di EICMA un grande valore simbolico. Le aziende si riappropriano finalmente del loro palcoscenico naturale, dove poter incanalare il frutto degli sforzi profusi in questo ultimo periodo e trasformarli in nuove opportunit\u00e0. Ed \u00e8 importane che questo accada nell&#8217;ambito di un sistema fieristico d&#8217;eccellenza come quello milanese e in Italia, dove l&#8217;industria delle due ruote, con oltre 7 miliardi di euro di valore e pi\u00f9 di 1oomila addetti, gioca un ruolo economico da assoluta protagonista a livello europeo ed internazionale&#8221;.<\/span><\/p>\n<p><span style=\"color: #000000;\">&#8220;EICMA rappresenta un evento in continua evoluzione, ricco di sfide e di nuovi traguardi&#8221; ha dichiarato Luca Palermo, amministratore delegato di Fiera Milano. &#8220;Siamo onorati di poterlo ospitare da oltre settant&#8217;anni. Fiera Milano \u00e8 al fianco dell&#8217;Esposizione internazionale delle due ruote, che si attesta come centrale e imprescindibile per l&#8217;industria del settore. Ospitando EICMA, Fiera Milano si conferma, ancora una volta, uno strumento essenziale di proiezione sui mercati internazionali per le imprese&#8221;.<\/span><\/p>\n<p style=\"text-align: center;\">Testo e immagini a cura ufficio Stampa Eicma<br \/>\nTutti i diritti riservati \u00a9 2021\u2013 Email: nonsolomodanews@gmail.com<\/p>\n<p>&nbsp;<\/p>\n<p>&nbsp;<\/p>\n","protected":false},"excerpt":{"rendered":"<p>Presentato il numero 78 dello storico evento espositivo: a Fiera Milano Rho pi&ugrave; di 820 marchi presenti, espositori esteri da 35 differenti nazioni, novit&agrave;, spettacolo e il tributo alla carriera di Valentino Rossi. Al via da marted&igrave; 23 novembre solo per stampa, poi mercoled&igrave; 24 per operatori e stampa e da gioved&igrave; 25 fino a domenica 28 spazio agli appassionati Torna EICMA, l&rsquo;Esposizione internazionale delle due ruote. Dal 23 al 28 novembre prossimi il presente e il futuro del settore si ritrovano a Fiera Milano Rho. L&rsquo;Edizione 2021, la numero 78 dell&rsquo;evento espositivo pi&ugrave; importante al mondo per l&rsquo;industria di riferimento, &egrave; stata presentata stamane all&rsquo;Auditorium Testori di Regione Lombardia a Milano, alla presenza del Governatore Attilio Fontana, del presidente di EICMA Pietro Meda, del presidente di Confindustria ANCMA (Associazione Nazionale Ciclo Motociclo Accessori) Paolo Magri e dell&rsquo;amministratore delegato di Fiera Milano Luca Palermo. Cinque padiglioni occupati all&rsquo;interno del quartiere fieristico disegnato da Fuksas e pi&ugrave; di 820 i marchi presenti. E poi novit&agrave;, anteprime, le gare e lo spettacolo offerto nelle aree esterne, dove non mancheranno inoltre le occasioni di test ride di motocicli sviluppate dagli espositori. Un&rsquo;opportunit&agrave; rivolta anche agli amanti delle eBike, che potranno testare gli ultimi [&hellip;]<\/p>\n","protected":false},"author":1,"featured_media":22717,"comment_status":"open","ping_status":"open","sticky":false,"template":"","format":"standard","meta":{"rop_custom_images_group":[],"rop_custom_messages_group":[],"rop_publish_now":"initial","rop_publish_now_accounts":[],"rop_publish_now_history":[],"rop_publish_now_status":"pending","footnotes":""},"categories":[16],"tags":[281,1689,1099],"class_list":["post-22715","post","type-post","status-publish","format-standard","has-post-thumbnail","hentry","category-articolo","tag-bruno-angelo-porcellana","tag-eicma","tag-nonsolomodanews"],"_links":{"self":[{"href":"https:\/\/www.nonsolomodanews.it\/wordpress\/wp-json\/wp\/v2\/posts\/22715","targetHints":{"allow":["GET"]}}],"collection":[{"href":"https:\/\/www.nonsolomodanews.it\/wordpress\/wp-json\/wp\/v2\/posts"}],"about":[{"href":"https:\/\/www.nonsolomodanews.it\/wordpress\/wp-json\/wp\/v2\/types\/post"}],"author":[{"embeddable":true,"href":"https:\/\/www.nonsolomodanews.it\/wordpress\/wp-json\/wp\/v2\/users\/1"}],"replies":[{"embeddable":true,"href":"https:\/\/www.nonsolomodanews.it\/wordpress\/wp-json\/wp\/v2\/comments?post=22715"}],"version-history":[{"count":2,"href":"https:\/\/www.nonsolomodanews.it\/wordpress\/wp-json\/wp\/v2\/posts\/22715\/revisions"}],"predecessor-version":[{"id":22719,"href":"https:\/\/www.nonsolomodanews.it\/wordpress\/wp-json\/wp\/v2\/posts\/22715\/revisions\/22719"}],"wp:featuredmedia":[{"embeddable":true,"href":"https:\/\/www.nonsolomodanews.it\/wordpress\/wp-json\/wp\/v2\/media\/22717"}],"wp:attachment":[{"href":"https:\/\/www.nonsolomodanews.it\/wordpress\/wp-json\/wp\/v2\/media?parent=22715"}],"wp:term":[{"taxonomy":"category","embeddable":true,"href":"https:\/\/www.nonsolomodanews.it\/wordpress\/wp-json\/wp\/v2\/categories?post=22715"},{"taxonomy":"post_tag","embeddable":true,"href":"https:\/\/www.nonsolomodanews.it\/wordpress\/wp-json\/wp\/v2\/tags?post=22715"}],"curies":[{"name":"wp","href":"https:\/\/api.w.org\/{rel}","templated":true}]}}