{"id":22666,"date":"2021-10-30T23:09:58","date_gmt":"2021-10-30T23:09:58","guid":{"rendered":"https:\/\/www.nonsolomodanews.it\/wordpress\/?p=22666"},"modified":"2021-10-30T23:09:58","modified_gmt":"2021-10-30T23:09:58","slug":"inaugurata-a-bologna-la-seconda-edizione-del-salone-nautico-internazionale","status":"publish","type":"post","link":"https:\/\/www.nonsolomodanews.it\/wordpress\/inaugurata-a-bologna-la-seconda-edizione-del-salone-nautico-internazionale\/","title":{"rendered":"Inaugurata a Bologna la seconda edizione\u00a0del Salone Nautico Internazionale"},"content":{"rendered":"<div id=\"attachment_22668\" style=\"width: 310px\" class=\"wp-caption alignleft\"><img loading=\"lazy\" decoding=\"async\" aria-describedby=\"caption-attachment-22668\" class=\"wp-image-22668 size-medium\" src=\"https:\/\/www.nonsolomodanews.it\/wordpress\/wp-content\/uploads\/2021\/10\/REN0782-300x200.jpg\" alt=\"\" width=\"300\" height=\"200\" srcset=\"https:\/\/www.nonsolomodanews.it\/wordpress\/wp-content\/uploads\/2021\/10\/REN0782-300x200.jpg 300w, https:\/\/www.nonsolomodanews.it\/wordpress\/wp-content\/uploads\/2021\/10\/REN0782-1024x683.jpg 1024w, https:\/\/www.nonsolomodanews.it\/wordpress\/wp-content\/uploads\/2021\/10\/REN0782-768x512.jpg 768w, https:\/\/www.nonsolomodanews.it\/wordpress\/wp-content\/uploads\/2021\/10\/REN0782-1536x1024.jpg 1536w, https:\/\/www.nonsolomodanews.it\/wordpress\/wp-content\/uploads\/2021\/10\/REN0782-2048x1365.jpg 2048w, https:\/\/www.nonsolomodanews.it\/wordpress\/wp-content\/uploads\/2021\/10\/REN0782-1080x720.jpg 1080w\" sizes=\"auto, (max-width: 300px) 100vw, 300px\" \/><p id=\"caption-attachment-22668\" class=\"wp-caption-text\"><\/span> <span style=\"color: #000000;\">Gennaro Amato<\/span><br \/><span style=\"color: #000000;\">Salone nautico internazionale di Bologna<\/span><br \/><span style=\"color: #000000;\">Ph: Stefano Renna<\/span><\/p><\/div>\n<p><span style=\"color: #000000;\">\u201c<em style=\"font-weight: inherit;\">La crescita degli spazi espositivi, il raddoppio di barche con circa 200 modelli esposti e la crescita delle adesioni degli espositori con un +20% rispetto allo scorso anno, sono solo alcuni dati che qualificano la seconda edizione del salone. Il successo vero \u00e8 quello che giunge dal consenso del pubblico e quindi dal mercato vendite<\/em>\u201d. Ha affermato Gennaro Amato, presidente SNIDI (Saloni Nautici Internazionali D\u2019Italia) che organizza l\u2019evento, al taglio del nastro della seconda edizione del Salone Nautico Internazionale di Bologna, in programma sino al 7 novembre.<\/span><\/p>\n<p><span style=\"color: #000000;\"><!--more--><\/span><\/p>\n<p><span style=\"color: #000000;\">Alla cerimonia inaugurale hanno partecipato anche le istituzioni con il prefetto di Bologna Francesca Ferrandino e l\u2019assessore del Comune di Bologna Massimo Bugani unitamente al presidente di BolognaFiere, Gianpiero Calzolari ed ai vertici di Ferrovie dello Stato Italiane, Francesco Parlato e Giovanni Palladino che, insieme al direttore Alta Velocit\u00e0 di Frecciarossa, Pietro Diamantini, da quest\u2019anno affiancano in partnership l\u2019esposizione nautica.<\/span><\/p>\n<p><span style=\"color: #000000;\">Il salone ha evidenziato anche la presenza di brand importanti della nautica come il ritorno ad una fiera del cantiere Fratelli Aprea e dei cantieri Tornado, la partecipazione dei Cantieri Rizzardi Yachts, dei maggiori cantieri della produzione di gozzi come Nautica Esposito e Cantieri Mim\u00ec. Tra i dati indicativi della crescita del segmento produttivo 5 \u2013 15 metri, spiccano le partecipazioni dei gommoni sempre pi\u00f9 protagonisti con Italiamarine che ha portato le novit\u00e0 del 33 e 38 piedi.<\/span><\/p>\n<p><span style=\"color: #000000;\">\u201c<em style=\"font-weight: inherit;\">So che i numeri della nautica sono in aumento anche forse grazie al Covid, perch\u00e9 c\u2019\u00e8 voglia di mare e aria pulita<\/em>\u00a0\u2013 ha affermato Massimo Bugani, Assessore Rapporti con il Consiglio Comune di Bologna \u2013<em style=\"font-weight: inherit;\">. Qui ho visto una offerta straordinaria alla portata di tutti, non di nicchia come si pensa in genere. Per questo gli organizzatori vanno ringraziati e anche Trenitalia\u201d.<\/em><\/span><\/p>\n<p><span style=\"color: #000000;\">Proprio la partnership con il maggior vettore italiano su ferro ha sottolineato la valenza e l\u2019importanza del Salone che ha scelto Bologna come sede baricentrica dell\u2019economia italiana, ma soprattutto come snodo ferroviario, vero supporto per far giungere i visitatori all\u2019esposizione.<\/span><\/p>\n<p><span style=\"color: #000000;\">\u201c<em style=\"font-weight: inherit;\">Questa iniziativa \u00e8 importante e il Gruppo Ferrovie dello Stato ha inteso accompagnarla, cos\u00ec come accompagniamo altre iniziative in Italia\u201d.\u00a0<\/em>Ha spiegato Francesco Parlato \u2013 Direttore Affari Istituzionali Ferrovie dello Stato, che ha proseguito: \u201c<em style=\"font-weight: inherit;\">La nostra partnership si sviluppa con una scontistica per i treni e per il biglietto di ingresso. Speriamo di proseguire anche negli anni futuri, ma mi sembra che ci siano tutti i presupposti per procedere in tal senso\u201d.<\/em><\/span><\/p>\n<p><span style=\"color: #000000;\">Soddisfazione anche per Gianpiero Calzolari, Presidente BolognaFiere:\u00a0\u201c<em style=\"font-weight: inherit;\">Guardiamo con particolare affezione a questa fiera che l\u2019anno scorso ha coinciso con un momento particolare per il nostro Paese. L\u2019ottimismo e la fiducia sono stati premiati: quest\u2019anno c\u2019\u00e8 il raddoppio di barche e di spazio espositivo. Il rapporto con l\u2019associazione \u00e8 il rapporto che abbiamo immaginato sin da principio e ci piace questo tratto della internazionalizzazione, perch\u00e9 Fiera Bologna \u00e8 la pi\u00f9 internazionalizzata d\u2019Italia<\/em>\u201d.<\/span><\/p>\n<p style=\"text-align: center;\"><span style=\"color: #000000;\">Testo e foto a cura Ufficio Stampa Salone Nautico<\/span><br \/>\n<span style=\"color: #000000;\">Tutti i diritti riservati \u00a9 2021 \u2013 Email:\u00a0<a style=\"color: #000000;\" href=\"mailto:nonsolomodanews@gmail.com\">nonsolomodanews@gmail.com<\/a><\/span><\/p>\n","protected":false},"excerpt":{"rendered":"<p>&ldquo;La crescita degli spazi espositivi, il raddoppio di barche con circa 200 modelli esposti e la crescita delle adesioni degli espositori con un +20% rispetto allo scorso anno, sono solo alcuni dati che qualificano la seconda edizione del salone. Il successo vero &egrave; quello che giunge dal consenso del pubblico e quindi dal mercato vendite&rdquo;. Ha affermato Gennaro Amato, presidente SNIDI (Saloni Nautici Internazionali D&rsquo;Italia) che organizza l&rsquo;evento, al taglio del nastro della seconda edizione del Salone Nautico Internazionale di Bologna, in programma sino al 7 novembre.<\/p>\n","protected":false},"author":1,"featured_media":22667,"comment_status":"open","ping_status":"open","sticky":false,"template":"","format":"standard","meta":{"rop_custom_images_group":[],"rop_custom_messages_group":[],"rop_publish_now":"initial","rop_publish_now_accounts":[],"rop_publish_now_history":[],"rop_publish_now_status":"pending","footnotes":""},"categories":[16],"tags":[281,372,1099,8996],"class_list":["post-22666","post","type-post","status-publish","format-standard","has-post-thumbnail","hentry","category-articolo","tag-bruno-angelo-porcellana","tag-comunicato-stampa-2","tag-nonsolomodanews","tag-salone-nautico-bologna"],"_links":{"self":[{"href":"https:\/\/www.nonsolomodanews.it\/wordpress\/wp-json\/wp\/v2\/posts\/22666","targetHints":{"allow":["GET"]}}],"collection":[{"href":"https:\/\/www.nonsolomodanews.it\/wordpress\/wp-json\/wp\/v2\/posts"}],"about":[{"href":"https:\/\/www.nonsolomodanews.it\/wordpress\/wp-json\/wp\/v2\/types\/post"}],"author":[{"embeddable":true,"href":"https:\/\/www.nonsolomodanews.it\/wordpress\/wp-json\/wp\/v2\/users\/1"}],"replies":[{"embeddable":true,"href":"https:\/\/www.nonsolomodanews.it\/wordpress\/wp-json\/wp\/v2\/comments?post=22666"}],"version-history":[{"count":1,"href":"https:\/\/www.nonsolomodanews.it\/wordpress\/wp-json\/wp\/v2\/posts\/22666\/revisions"}],"predecessor-version":[{"id":22669,"href":"https:\/\/www.nonsolomodanews.it\/wordpress\/wp-json\/wp\/v2\/posts\/22666\/revisions\/22669"}],"wp:featuredmedia":[{"embeddable":true,"href":"https:\/\/www.nonsolomodanews.it\/wordpress\/wp-json\/wp\/v2\/media\/22667"}],"wp:attachment":[{"href":"https:\/\/www.nonsolomodanews.it\/wordpress\/wp-json\/wp\/v2\/media?parent=22666"}],"wp:term":[{"taxonomy":"category","embeddable":true,"href":"https:\/\/www.nonsolomodanews.it\/wordpress\/wp-json\/wp\/v2\/categories?post=22666"},{"taxonomy":"post_tag","embeddable":true,"href":"https:\/\/www.nonsolomodanews.it\/wordpress\/wp-json\/wp\/v2\/tags?post=22666"}],"curies":[{"name":"wp","href":"https:\/\/api.w.org\/{rel}","templated":true}]}}