{"id":22600,"date":"2021-10-22T23:22:52","date_gmt":"2021-10-22T23:22:52","guid":{"rendered":"https:\/\/www.nonsolomodanews.it\/wordpress\/?p=22600"},"modified":"2021-10-22T23:22:52","modified_gmt":"2021-10-22T23:22:52","slug":"eima-un-ritorno-in-grande-stile","status":"publish","type":"post","link":"https:\/\/www.nonsolomodanews.it\/wordpress\/eima-un-ritorno-in-grande-stile\/","title":{"rendered":"EIMA, un ritorno in grande stile"},"content":{"rendered":"<p><span style=\"color: #000000;\"><img loading=\"lazy\" decoding=\"async\" class=\"size-medium wp-image-22603 alignleft\" src=\"https:\/\/www.nonsolomodanews.it\/wordpress\/wp-content\/uploads\/2021\/10\/19102021-DSC_1027-300x199.jpg\" alt=\"\" width=\"300\" height=\"199\" srcset=\"https:\/\/www.nonsolomodanews.it\/wordpress\/wp-content\/uploads\/2021\/10\/19102021-DSC_1027-300x199.jpg 300w, https:\/\/www.nonsolomodanews.it\/wordpress\/wp-content\/uploads\/2021\/10\/19102021-DSC_1027-1024x679.jpg 1024w, https:\/\/www.nonsolomodanews.it\/wordpress\/wp-content\/uploads\/2021\/10\/19102021-DSC_1027-768x509.jpg 768w, https:\/\/www.nonsolomodanews.it\/wordpress\/wp-content\/uploads\/2021\/10\/19102021-DSC_1027-1536x1018.jpg 1536w, https:\/\/www.nonsolomodanews.it\/wordpress\/wp-content\/uploads\/2021\/10\/19102021-DSC_1027-1080x716.jpg 1080w, https:\/\/www.nonsolomodanews.it\/wordpress\/wp-content\/uploads\/2021\/10\/19102021-DSC_1027.jpg 2048w\" sizes=\"auto, (max-width: 300px) 100vw, 300px\" \/>L\u2019Esposizione mondiale della meccanica agricola si presenta, dopo il blocco delle attivit\u00e0 per l\u2019emergenza sanitaria, con una nutrita presenza di espositori, importanti novit\u00e0, e un calendario di appuntamenti d\u2019interesse anche politico. Operatori economici da tutto il mondo per un evento che \u2013 sostiene il direttore generale di FederUnacoma Simona Rapastella \u2013 ha un contenuto tecnico molto elevato ma che \u00e8 anche una formidabile \u2018macchina di relazioni\u2019.<\/span><\/p>\n<p><span style=\"color: #000000;\"><!--more--><\/span><br \/>\n<span style=\"color: #000000;\">La 44 ma edizione di EIMA International, la rassegna mondiale delle macchine, delle attrezzature e della componentistica per l\u2019agricoltura e la cura del verde, in scena a Bologna dal 19 al 23 ottobre, si presenta ai nastri di partenza con numeri di tutto rispetto. Alla rassegna, primo evento di settore di risonanza internazionale dopo la sospensione delle attivit\u00e0 fieristiche imposta dall\u2019emergenza sanitaria, sono presenti ben 1.350 industrie espositrici, 350 delle quali estere in rappresentanza di oltre 40 Paesi, che espongono oltre 40 mila modelli nei 14 settori di specializzazione e nei 5 Saloni tematici (\u201cComponenti\u201d, \u201cGreen\u201d, \u201cEnergy\u201d, \u201cDigital\u201d e \u201cIdrotech\u201d) in cui si articola la manifestazione. \u00abIl dato relativo agli espositori \u00e8 molto positivo &#8211; ha commentato nel corso della conferenza stampa di presentazione, tenutasi questo pomeriggio a Bologna, Simona Rapastella, Direttore Generale di FederUnacoma, la federazione italiana dei costruttori che \u00e8 organizzatrice della rassegna &#8211; se si considera che mancano, per cause di forza maggiore legate alle restrizioni Covid, le aziende provenienti da alcuni importanti Paesi, vedi la Cina o l\u2019India che nella scorsa edizione erano presenti con oltre 300 industrie, e che dovrebbero fare ritorno, insieme con le case costruttrici di altri Paesi mancanti, nell\u2019edizione prossima di novembre 2022\u201d. Al di l\u00e0 delle limitazioni ancora vigenti per alcune aree, EIMA 2021 conferma la sua caratura internazionale. Nei cinque giorni della rassegna sono attesi in Fiera, oltre ad imprenditori agricoli e tecnici della meccanizzazione, operatori economici da ogni parte del mondo, fra i quali i delegati ufficiali selezionati dagli uffici ICE (circa 300 in rappresentanza di 60 Paesi), interessati a trattare l\u2019acquisto di macchinari che rispondano alle esigenze specifiche delle diverse agricolture e dei differenti modelli di impresa. Ampiezza di offerta, novit\u00e0 di prodotto e anteprime assolute sono i tradizionali punti di forza della manifestazione. Confermato il Concorso Novit\u00e0 Tecniche, che premia le soluzioni d\u2019avanguardia progettate dalle case costruttrici per ogni tipo di lavorazione agricola (esposte nell\u2019area Quadriportico) e spazio anche ai modelli finalisti del Tractor of the Year, che per la prima volta potranno sfilare in una arena all\u2019aperto, dove sono visibili anche le macchine per le filiere bioenergetiche. \u00abOltre ad essere una grande vetrina promozionale e commerciale, l\u2019EIMA \u00e8 da sempre una grande \u201cmacchina di relazioni\u201d \u2013 ha detto ancora Simona Rapastella \u2013 e questo \u00e8 un fatto di rilevanza strategica, perch\u00e9 l\u2019industria della meccanica agricola \u00e8 parte di un sistema complesso, nel quale sono necessarie interazioni strette fra mondo agricolo, mondo industriale, attivit\u00e0 di ricerca, istanze ambientali e attivit\u00e0 di orientamento e coordinamento politico e amministrativo\u201d.<\/span><br \/>\n<span style=\"color: #000000;\">\u201cL\u2019esposizione bolognese &#8211; ha concluso Rapastella &#8211; \u00e8 riconosciuta come il forum che mette in relazione tutti questi soggetti, il luogo dove le filiere agroindustriali si connettono in modo sempre pi\u00f9 stretto e dove si programma il futuro dell\u2019agricoltura\u201d. L\u2019edizione 2021 di EIMA International \u00e8 in effetti una delle pi\u00f9 interessanti in una prospettiva politica. Il Governo sar\u00e0 presente attraverso il Sottosegretario del Ministero degli Affari Esteri Manlio Di Stefano; ed anche i presidenti della Commissione Agricoltura di Camera e Senato, unitamente alle delegazioni dei membri delle commissioni stesse, saranno in visita alla rassegna anche per un confronto sulle migliori politiche per il settore. Presenti in EIMA saranno il Presidente della regione Emilia Romagna Stefano Bonaccini, e tutti gli Assessori all\u2019agricoltura delle Regioni italiane, il sindaco di Bologna Matteo Lepore, Daniele Vaccarino consigliere di amministrazione ICE e insieme ad essi sar\u00e0 ospite una nutrita delegazione di europarlamentari. Un momento molto atteso, per i suoi contenuti politici ma anche culturali, \u00e8 la Conferenza che Paolo De Castro terr\u00e0 in EIMA sui principi ispiratori e sulle sfide della Politica agricola comunitaria, in collegamento streaming con tutte le organizzazioni agricole e della filiera agroalimentare, oltre che con le istituzioni nazionali e comunitarie.<\/span><\/p>\n<p style=\"text-align: center;\"><span style=\"color: #000000;\">Ufficio Stampa Eima<\/span><br \/>\n<span style=\"color: #000000;\">Tutti i diritti riservati \u00a9 2021 \u2013 Email: nonsolomodanews@gmail.com<\/span><\/p>\n","protected":false},"excerpt":{"rendered":"<p>L&rsquo;Esposizione mondiale della meccanica agricola si presenta, dopo il blocco delle attivit&agrave; per l&rsquo;emergenza sanitaria, con una nutrita presenza di espositori, importanti novit&agrave;, e un calendario di appuntamenti d&rsquo;interesse anche politico. Operatori economici da tutto il mondo per un evento che &ndash; sostiene il direttore generale di FederUnacoma Simona Rapastella &ndash; ha un contenuto tecnico molto elevato ma che &egrave; anche una formidabile &lsquo;macchina di relazioni&rsquo;.<\/p>\n","protected":false},"author":1,"featured_media":22602,"comment_status":"open","ping_status":"open","sticky":false,"template":"","format":"standard","meta":{"rop_custom_images_group":[],"rop_custom_messages_group":[],"rop_publish_now":"initial","rop_publish_now_accounts":[],"rop_publish_now_history":[],"rop_publish_now_status":"pending","footnotes":""},"categories":[16],"tags":[262,281,2733,1099],"class_list":["post-22600","post","type-post","status-publish","format-standard","has-post-thumbnail","hentry","category-articolo","tag-bologna","tag-bruno-angelo-porcellana","tag-eima","tag-nonsolomodanews"],"_links":{"self":[{"href":"https:\/\/www.nonsolomodanews.it\/wordpress\/wp-json\/wp\/v2\/posts\/22600","targetHints":{"allow":["GET"]}}],"collection":[{"href":"https:\/\/www.nonsolomodanews.it\/wordpress\/wp-json\/wp\/v2\/posts"}],"about":[{"href":"https:\/\/www.nonsolomodanews.it\/wordpress\/wp-json\/wp\/v2\/types\/post"}],"author":[{"embeddable":true,"href":"https:\/\/www.nonsolomodanews.it\/wordpress\/wp-json\/wp\/v2\/users\/1"}],"replies":[{"embeddable":true,"href":"https:\/\/www.nonsolomodanews.it\/wordpress\/wp-json\/wp\/v2\/comments?post=22600"}],"version-history":[{"count":2,"href":"https:\/\/www.nonsolomodanews.it\/wordpress\/wp-json\/wp\/v2\/posts\/22600\/revisions"}],"predecessor-version":[{"id":22605,"href":"https:\/\/www.nonsolomodanews.it\/wordpress\/wp-json\/wp\/v2\/posts\/22600\/revisions\/22605"}],"wp:featuredmedia":[{"embeddable":true,"href":"https:\/\/www.nonsolomodanews.it\/wordpress\/wp-json\/wp\/v2\/media\/22602"}],"wp:attachment":[{"href":"https:\/\/www.nonsolomodanews.it\/wordpress\/wp-json\/wp\/v2\/media?parent=22600"}],"wp:term":[{"taxonomy":"category","embeddable":true,"href":"https:\/\/www.nonsolomodanews.it\/wordpress\/wp-json\/wp\/v2\/categories?post=22600"},{"taxonomy":"post_tag","embeddable":true,"href":"https:\/\/www.nonsolomodanews.it\/wordpress\/wp-json\/wp\/v2\/tags?post=22600"}],"curies":[{"name":"wp","href":"https:\/\/api.w.org\/{rel}","templated":true}]}}