{"id":226,"date":"2013-04-28T20:31:39","date_gmt":"2013-04-28T20:31:39","guid":{"rendered":"http:\/\/nonsolomodanews.wordpress.com\/?p=226"},"modified":"2013-04-28T20:31:39","modified_gmt":"2013-04-28T20:31:39","slug":"fiorella-paris-presenta-il-libro-quote-rosa-laltra-faccia-della-medaglia-luci-ed-ombre-delluniverso-femminile-nella-societa-moderna-istituzioni-economia-lavoro","status":"publish","type":"post","link":"https:\/\/www.nonsolomodanews.it\/wordpress\/fiorella-paris-presenta-il-libro-quote-rosa-laltra-faccia-della-medaglia-luci-ed-ombre-delluniverso-femminile-nella-societa-moderna-istituzioni-economia-lavoro\/","title":{"rendered":"Fiorella Paris presenta il libro &quot;Quote Rosa, l&#039;altra faccia della medaglia luci ed ombre dell&#039;universo femminile nella societ\u00e0 moderna: istituzioni, economia, lavoro&quot;"},"content":{"rendered":"<p style=\"text-align:center;\"><a href=\"http:\/\/wp.me\/p3onRD-ab\">Sabato 11 Maggio alle ore 17,30 presso la Villa Calcaterra in via Magenta in Busto Arsizio (VA) , ci sar\u00e0 la presentazione del libro &#8220;Quote Rosa&#8221; scritto da Fiorella Paris.<\/a><\/p>\n<p style=\"text-align:justify;\"><a href=\"http:\/\/nonsolomodanews.files.wordpress.com\/2013\/04\/quote-rosa_13-maggio-2013.jpg\"><img loading=\"lazy\" decoding=\"async\" class=\"size-medium wp-image-230 aligncenter\" alt=\"Quote Rosa_13 maggio 2013\" src=\"http:\/\/nonsolomodanews.files.wordpress.com\/2013\/04\/quote-rosa_13-maggio-2013.jpg?w=217\" width=\"353\" height=\"458\" \/><\/a><\/p>\n<p style=\"text-align:justify;\"><strong>Premessa a &#8220;Quote Rosa&#8221;<\/strong><\/p>\n<p style=\"text-align:justify;\">(&#8230;)\u00a0 uno dei grandi eventi del Novecento \u2013 se non forse il pi\u00f9 significativo \u2013 \u00e8 l\u2019irruzione del femminile nella vita sociale e politica dell\u2019Occidente e, in parte, dell\u2019umanit\u00e0 tutta. Certo non \u00e8 stato facile, perch\u00e9 secoli di dominio maschile \u2013 in ogni campo \u2013 hanno formato una sorta di impenetrabile bastione contro le giuste rivendicazioni delle donne che non chiedevano altro che poter avere pari diritti con gli uomini. Ma forse volevano qualcosa di pi\u00f9 e ancora pi\u00f9 giusto: volevano poter <i>essere se stesse. (&#8230;) <\/i>Per questo, il libro \u2013 agile, intelligente e curioso \u2013 di Fiorella Paris vuole offrire alle donne (e non solo) un insegnamento vecchio come il mondo ma sempre, drammaticamente, nuovo: bisogna avere il coraggio di <i>diventare se stessi<\/i>.\u00a0 Anche superando i luoghi comuni, le apparenti vittorie e i messaggi consumistici che aggrediscono (e tentano) le donne, ma sono strumentali. Se questo non avviene, le <i>quote rosa<\/i> non segneranno un passaggio fondamentale nella crescita del femminile. Saranno uno dei tanti inganni con cui la societ\u00e0 \u2013 come <i>sistema<\/i> \u2013 vuole mantenere il suo potere \u2013 sia sulle donne che su gli uomini \u2013 facendone \u201coggetti di consumo\u201d e estendendo ad entrambi quella (pi\u00f9 o meno) sottile e interiorizzata repressione che, in passato, colpiva prevalentemente la donna. Fiorella Paris non vuole questo e il suo invito, per la donna, a ri-trovare, <i>consciamente<\/i>, il suo <i>Animus<\/i> (la sua componente maschile) coincide con la speranza che \u201cdiventando se stessa\u201d mostri all\u2019umanit\u00e0 tutta \u2013 come tante volte, <i>inconsciamente<\/i>, ha fatto \u2013 che si pu\u00f2 \u201cessere come si \u00e8\u201d. Ma questo coincide con l\u2019eterno auspicio di poter costruire un mondo migliore, in cui uomini e donne possano vivere quella esperienza straordinaria che \u00e8 la vita.<br \/>\nClaudio Bonvecchio<\/p>\n<p style=\"text-align:justify;\"><strong>Quote rosa in Lombardia di Fiorella Paris Aracne editrice<\/strong> \u00e8 un saggio agile e curioso sul mondo femminile nella sua espressione pubblica e di potere. Poco potere, a dire la verit\u00e0, se si pensa proprio al caso presentato dall\u2019autrice: l\u2019entrata forzosa delle quote rosa nell\u2019ultima giunta guidata da Roberto Formigoni.<br \/>\nIl libro ripercorre il percorso che ha portato le associazioni femminile al ricorso giudiziario fino all\u2019entrata delle donne in giunta, ma non si lascia ancorare solo ad un profilo sociologico. Le ragioni della scarsit\u00e0 pubblica femminile sono analizzate con una nuova lente investigativa: la psicologia analitica dove il femminile non \u00e8 un succedaneo del maschile: \u00e8 il complemento psicologico di ogni essere maschile cos\u00ec come il maschile \u00e8 il complemento psicologico in ogni essere femminile.<br \/>\nNel libro la politica si intreccia con il mito e gli archetipi, le immagini primordiali presenti dentro ognuno di noi, e l\u2019autrice rintraccia per ogni intervistata l\u2019immagine primordiale che essa reca dentro di se: il viaggio letterario sara cos\u00ec accompagnato da dee greche che metteranno in luce per ognuna le caratteristiche personali che esprimono nella vita pubblica.<br \/>\nMa la domanda che percorre tutto il libro \u00e8 perch\u00e9 le donne devono essere imposte nel governo da una sentenza giuridica? Perch\u00e9 le donne non votano le donne? Perch\u00e9 le donne imitano spesso modelli maschili nel potere? Perch\u00e9 le donne utilizzano ancora antiche scorciatoie? Perch\u00e9 le donne invidiano le donne?<br \/>\nBen pi\u00f9 che un fenomeno statistico e un quadro sociale e politico, il libro \u00e8 un <i>fare il punto<\/i> sulla donna e sul suo <i>essere quello che dovrebbe essere<\/i>, sempre secondo la visione analitica.<\/p>\n<p style=\"text-align:justify;\" align=\"left\"><strong><a href=\"http:\/\/nonsolomodanews.files.wordpress.com\/2013\/04\/paris-05.jpg\"><img loading=\"lazy\" decoding=\"async\" class=\"alignnone size-medium wp-image-229\" alt=\"Paris 05\" src=\"http:\/\/nonsolomodanews.files.wordpress.com\/2013\/04\/paris-05.jpg?w=300\" width=\"300\" height=\"200\" srcset=\"https:\/\/www.nonsolomodanews.it\/wordpress\/wp-content\/uploads\/2013\/04\/paris-05.jpg 5616w, https:\/\/www.nonsolomodanews.it\/wordpress\/wp-content\/uploads\/2013\/04\/paris-05-300x200.jpg 300w, https:\/\/www.nonsolomodanews.it\/wordpress\/wp-content\/uploads\/2013\/04\/paris-05-1024x683.jpg 1024w, https:\/\/www.nonsolomodanews.it\/wordpress\/wp-content\/uploads\/2013\/04\/paris-05-1080x720.jpg 1080w\" sizes=\"auto, (max-width: 300px) 100vw, 300px\" \/><\/a>Fiorella Paris<\/strong> \u00e8 giornalista e si occupa di comunicazione politica nel consiglio regionale lombardo, con attenzione particolare per i programmi televisivi e i social network. Laureata in scienze della comunicazione, ha partecipato alla\u00a0 <em>3rd european Conference on Public communication<\/em> a Bruxelles. Notista politica per moltissimi anni per un giornale dell\u2019Altomilanese, ha manifestato sempre interesse per le questioni femminili, curando anche pagine dedicate alle donne.<\/p>\n<p style=\"text-align:justify;\" align=\"left\">\u00a9 RIPRODUZIONE RISERVATA<\/p>\n","protected":false},"excerpt":{"rendered":"<p>Sabato 11 Maggio alle ore 17,30 presso la Villa Calcaterra in via Magenta in Busto Arsizio (VA) , ci sar&agrave; la presentazione del libro &ldquo;Quote Rosa&rdquo; scritto da Fiorella Paris. Premessa a &ldquo;Quote Rosa&rdquo; (&hellip;)&nbsp; uno dei grandi eventi del Novecento &ndash; se non forse il pi&ugrave; significativo &ndash; &egrave; l&rsquo;irruzione del femminile nella vita sociale e politica dell&rsquo;Occidente e, in parte, dell&rsquo;umanit&agrave; tutta. Certo non &egrave; stato facile, perch&eacute; secoli di dominio maschile &ndash; in ogni campo &ndash; hanno formato una sorta di impenetrabile bastione contro le giuste rivendicazioni delle donne che non chiedevano altro che poter avere pari diritti con gli uomini. Ma forse volevano qualcosa di pi&ugrave; e ancora pi&ugrave; giusto: volevano poter essere se stesse. (&hellip;) Per questo, il libro &ndash; agile, intelligente e curioso &ndash; di Fiorella Paris vuole offrire alle donne (e non solo) un insegnamento vecchio come il mondo ma sempre, drammaticamente, nuovo: bisogna avere il coraggio di diventare se stessi.&nbsp; Anche superando i luoghi comuni, le apparenti vittorie e i messaggi consumistici che aggrediscono (e tentano) le donne, ma sono strumentali. Se questo non avviene, le quote rosa non segneranno un passaggio fondamentale nella crescita del femminile. Saranno uno dei tanti inganni [&hellip;]<\/p>\n","protected":false},"author":1,"featured_media":0,"comment_status":"open","ping_status":"open","sticky":false,"template":"","format":"standard","meta":{"rop_custom_images_group":[],"rop_custom_messages_group":[],"rop_publish_now":"initial","rop_publish_now_accounts":[],"rop_publish_now_history":[],"rop_publish_now_status":"pending","footnotes":""},"categories":[16],"tags":[291,359,567,826,827,1186,1198],"class_list":["post-226","post","type-post","status-publish","format-standard","hentry","category-articolo","tag-busto-arsizio","tag-claudio-bonvecchio","tag-fiorella-paris","tag-libri","tag-libro-2","tag-presentazione","tag-quote-rosa"],"_links":{"self":[{"href":"https:\/\/www.nonsolomodanews.it\/wordpress\/wp-json\/wp\/v2\/posts\/226","targetHints":{"allow":["GET"]}}],"collection":[{"href":"https:\/\/www.nonsolomodanews.it\/wordpress\/wp-json\/wp\/v2\/posts"}],"about":[{"href":"https:\/\/www.nonsolomodanews.it\/wordpress\/wp-json\/wp\/v2\/types\/post"}],"author":[{"embeddable":true,"href":"https:\/\/www.nonsolomodanews.it\/wordpress\/wp-json\/wp\/v2\/users\/1"}],"replies":[{"embeddable":true,"href":"https:\/\/www.nonsolomodanews.it\/wordpress\/wp-json\/wp\/v2\/comments?post=226"}],"version-history":[{"count":0,"href":"https:\/\/www.nonsolomodanews.it\/wordpress\/wp-json\/wp\/v2\/posts\/226\/revisions"}],"wp:attachment":[{"href":"https:\/\/www.nonsolomodanews.it\/wordpress\/wp-json\/wp\/v2\/media?parent=226"}],"wp:term":[{"taxonomy":"category","embeddable":true,"href":"https:\/\/www.nonsolomodanews.it\/wordpress\/wp-json\/wp\/v2\/categories?post=226"},{"taxonomy":"post_tag","embeddable":true,"href":"https:\/\/www.nonsolomodanews.it\/wordpress\/wp-json\/wp\/v2\/tags?post=226"}],"curies":[{"name":"wp","href":"https:\/\/api.w.org\/{rel}","templated":true}]}}