{"id":22539,"date":"2021-10-09T20:54:18","date_gmt":"2021-10-09T20:54:18","guid":{"rendered":"https:\/\/www.nonsolomodanews.it\/wordpress\/?p=22539"},"modified":"2021-10-09T21:03:29","modified_gmt":"2021-10-09T21:03:29","slug":"adede-cosmetics-quando-una-passione-diventa-un-lavoro","status":"publish","type":"post","link":"https:\/\/www.nonsolomodanews.it\/wordpress\/adede-cosmetics-quando-una-passione-diventa-un-lavoro\/","title":{"rendered":"Adede Cosmetics, quando una passione diventa un lavoro."},"content":{"rendered":"<div id=\"attachment_22543\" style=\"width: 310px\" class=\"wp-caption alignleft\"><img loading=\"lazy\" decoding=\"async\" aria-describedby=\"caption-attachment-22543\" class=\"wp-image-22543 size-medium\" src=\"https:\/\/www.nonsolomodanews.it\/wordpress\/wp-content\/uploads\/2021\/10\/image-1-300x200.jpg\" alt=\"\" width=\"300\" height=\"200\" srcset=\"https:\/\/www.nonsolomodanews.it\/wordpress\/wp-content\/uploads\/2021\/10\/image-1-300x200.jpg 300w, https:\/\/www.nonsolomodanews.it\/wordpress\/wp-content\/uploads\/2021\/10\/image-1-1024x683.jpg 1024w, https:\/\/www.nonsolomodanews.it\/wordpress\/wp-content\/uploads\/2021\/10\/image-1-768x512.jpg 768w, https:\/\/www.nonsolomodanews.it\/wordpress\/wp-content\/uploads\/2021\/10\/image-1-1536x1025.jpg 1536w, https:\/\/www.nonsolomodanews.it\/wordpress\/wp-content\/uploads\/2021\/10\/image-1-1080x720.jpg 1080w, https:\/\/www.nonsolomodanews.it\/wordpress\/wp-content\/uploads\/2021\/10\/image-1.jpg 2048w\" sizes=\"auto, (max-width: 300px) 100vw, 300px\" \/><p id=\"caption-attachment-22543\" class=\"wp-caption-text\">Adede Cosmetics<\/p><\/div>\n<p><span style=\"color: #000000;\"><strong>Adede Cosmetics<\/strong>, ovvero quando una passione per il makeup e non solo diventa una professione. In queste vesti troviamo l&#8217;imprenditrice di origini ghanesi Victoria Adede. Dopo varie esperienze nel mondo della bellezza, Victoria ha deciso che fosse arrivato il momento di fare il grande salto e permettere a tutte le persone che la conoscono di poter utilizzare prodotti di bellezza con caratteristiche che le rendono uniche. Per questo ha costituito nel 2021 l&#8217;Adede Cosmetics. Desiderando conoscere e far conoscere Victoria e la sua azienda, abbiamo realizzato questa intervista. Ringraziamo Victoria per la disponibilit\u00e0 e siamo sicuri che i lettori e in modo particolari le lettrici di <strong>Nonsolomodanews<\/strong> ne trarranno giovamento venendo a conoscenza della filosofia che sta alla base di Adede Cosmetics.\u00a0<\/span><\/p>\n<p><!--more--><\/p>\n<p><span style=\"color: #000000;\"><strong>Salve Victoria, lei ha creato la ADEDE\u00a0Cosmetics, come si fa a far diventare una passione un lavoro?<\/strong><em> \u201cSono sempre stata convinta delle mie attitudini e con perseveranza ho migliorato me stessa come donna e come professionista. Perch\u00e9 siamo prima di tutto parte di un mondo da migliorare e senza essere noi stessi migliori non possiamo pensare di farlo nel lavoro con i nostri clienti\u201d.<\/em><\/span><\/p>\n<p><span style=\"color: #000000;\"><strong><img loading=\"lazy\" decoding=\"async\" class=\"alignnone size-medium wp-image-22541 aligncenter\" src=\"https:\/\/www.nonsolomodanews.it\/wordpress\/wp-content\/uploads\/2021\/10\/unnamed-2-218x300.jpg\" alt=\"\" width=\"218\" height=\"300\" srcset=\"https:\/\/www.nonsolomodanews.it\/wordpress\/wp-content\/uploads\/2021\/10\/unnamed-2-218x300.jpg 218w, https:\/\/www.nonsolomodanews.it\/wordpress\/wp-content\/uploads\/2021\/10\/unnamed-2-745x1024.jpg 745w, https:\/\/www.nonsolomodanews.it\/wordpress\/wp-content\/uploads\/2021\/10\/unnamed-2-768x1056.jpg 768w, https:\/\/www.nonsolomodanews.it\/wordpress\/wp-content\/uploads\/2021\/10\/unnamed-2-1117x1536.jpg 1117w, https:\/\/www.nonsolomodanews.it\/wordpress\/wp-content\/uploads\/2021\/10\/unnamed-2-1489x2048.jpg 1489w, https:\/\/www.nonsolomodanews.it\/wordpress\/wp-content\/uploads\/2021\/10\/unnamed-2-1080x1485.jpg 1080w, https:\/\/www.nonsolomodanews.it\/wordpress\/wp-content\/uploads\/2021\/10\/unnamed-2-scaled.jpg 1862w\" sizes=\"auto, (max-width: 218px) 100vw, 218px\" \/> Quando \u00e8 nata la ADEDE Cosmetics?<\/strong>\u00a0\u201c<em>ADEDE COSMETICS \u00e8 un marchio beauty nata a settembre\u00a02021, ispirata alle necessit\u00e0 estetiche a 360\u00b0.\u00a0<\/em> <em>Il marchio propone prodotti selezionati ideali per tutti i tipi di pelle, anche le pi\u00f9 sensibili.\u00a0<\/em><em>La creazione e produzione dei prodotti nasce da una scelta accurata di ingredienti di alto standard qualitativo.\u00a0<\/em> <em>I prodotti sono biologici, altamente performanti, nickel free, paraben free, vegani,\u00a0cruelty\u00a0free e\u00a0made\u00a0in Italy\u201d.<\/em><\/span><\/p>\n<p><span style=\"color: #000000;\"><strong>Cosa fornisce la sua societ\u00e0?<\/strong><em>\u00a0\u201cLa linea fornisce prodotti\u00a0skincare per\u00a0viso e corpo, accessori beauty e makeup per tutti i tipi di carnagione.<\/em><\/span><\/p>\n<p><img loading=\"lazy\" decoding=\"async\" class=\"size-medium wp-image-22543 aligncenter\" src=\"https:\/\/www.nonsolomodanews.it\/wordpress\/wp-content\/uploads\/2021\/10\/image-1-300x200.jpg\" alt=\"\" width=\"300\" height=\"200\" srcset=\"https:\/\/www.nonsolomodanews.it\/wordpress\/wp-content\/uploads\/2021\/10\/image-1-300x200.jpg 300w, https:\/\/www.nonsolomodanews.it\/wordpress\/wp-content\/uploads\/2021\/10\/image-1-1024x683.jpg 1024w, https:\/\/www.nonsolomodanews.it\/wordpress\/wp-content\/uploads\/2021\/10\/image-1-768x512.jpg 768w, https:\/\/www.nonsolomodanews.it\/wordpress\/wp-content\/uploads\/2021\/10\/image-1-1536x1025.jpg 1536w, https:\/\/www.nonsolomodanews.it\/wordpress\/wp-content\/uploads\/2021\/10\/image-1-1080x720.jpg 1080w, https:\/\/www.nonsolomodanews.it\/wordpress\/wp-content\/uploads\/2021\/10\/image-1.jpg 2048w\" sizes=\"auto, (max-width: 300px) 100vw, 300px\" \/><\/p>\n<p><span style=\"color: #000000;\"><strong>L\u2019esperienza maturata in questi anni nel mondo del make up, dello skincare e dell\u2019immagine come l\u2019ha riportata all\u2019interno del suo brand?<\/strong> <em>\u201cNel mio bagaglio da makeup artist custodisco ogni tutte mia esperienze e storie lavorativa. Ho voluto creare una linea di prodotti in abbinamento con servizi di consulenza beauty per aiutare e seguire la clientela non solo nella scelta per l\u2019acquisto ma anche dando consigli sul loro utilizzo e come curare, nutrire e trattare la pelle al meglio. Ho voluto proprio iniziare dallo skincare prima del makeup proprio perch\u00e9 il segreto di un trucco perfetto e ben fatto, dipende anche da una pelle sana e ben curata\u201d.<\/em><\/span><\/p>\n<p><span style=\"color: #000000;\"><strong>I prodotti che vende sul tuo sito online \u00a0<\/strong><a style=\"color: #000000;\" href=\"http:\/\/www.adedecosmetics.com\/\" data-saferedirecturl=\"https:\/\/www.google.com\/url?q=http:\/\/www.adedecosmetics.com\/&amp;source=gmail&amp;ust=1633896147112000&amp;usg=AFQjCNHOd445tl_ow4nAS_JTrzdlgL2IwQ\"><strong>www.adedecosmetics.com<\/strong><\/a><strong>\u00a0oltre a molte caratteristiche come l\u2019essere biologici, nickel free, paraben free, vegani,\u00a0crueltu\u00a0free sono\u00a0made\u00a0in Italy, questo vuol dire che la produzione \u00e8 in Italia?<\/strong> <em>\u201cSi, esattamente! Tutti i prodotti sono Made in Italy che\u00a0\u00a0non \u00e8 solo un marchio, \u00e8 soprattutto una filosofia, una cultura, una storia: scegliere un prodotto italiano certificato significa comprare un qualcosa di unico e al livello di sicurezza\u00a0l\u2019Italia ha il sistema di controlli pi\u00f9 severo e pi\u00f9 accurato al mondo in tutte le fasi della filiera produttiva. Infatti, il nostro Paese \u00e8 tra quelli con il pi\u00f9 alto numero di prodotti controllati e protetti in Europa\u201d.<\/em><\/span><\/p>\n<p><span style=\"color: #000000;\"><strong>Quali servizi fornite sul vostro sito alle vostre clienti?\u00a0<\/strong><em>\u201cSul sito \u00e8 \u00a0possibile inoltre iscriversi a consulenze beauty online individuali o di gruppo per imparare qualche segreto in pi\u00f9 di trucco o per perfezionare la propria tecnica. Chi desidera acquistare i prodotti di Victoria e dell\u2019Adede Cosmetics li trova online al seguente indirizzo <a style=\"color: #000000;\" href=\"http:\/\/www.adedecosmetics.com\/\" data-saferedirecturl=\"https:\/\/www.google.com\/url?q=http:\/\/www.adedecosmetics.com\/&amp;source=gmail&amp;ust=1633896147113000&amp;usg=AFQjCNFSg3k3iW3y9G8mE5wtxe9vvk5MNg\">www.adedecosmetics.com<\/a>&#8220;.<\/em><\/span><\/p>\n<p><span style=\"color: #000000;\"><strong>Breve bio di Victoria<\/strong><\/span><br \/>\n<span style=\"color: #000000;\"><strong><img loading=\"lazy\" decoding=\"async\" class=\" wp-image-22540 alignleft\" src=\"https:\/\/www.nonsolomodanews.it\/wordpress\/wp-content\/uploads\/2021\/10\/unnamed-1-289x300.jpg\" alt=\"\" width=\"115\" height=\"116\" \/>Victoria\u00a0Adede<\/strong>, \u00e8\u00a0una ragazza\u00a0di origini\u00a0ghanesi\u00a0e ha 29 anni. Vive in Italia dal 98 e abita nella bellissima Brianza.\u00a0 E\u2019 appassionata d\u2019arte, \u00e8\u00a0una makeup\u00a0artist\u00a0visagista e lavora anche nel mondo delle telecomunicazioni. Sin da piccola ha sempre avuto la passione per il\u00a0make\u00a0up. Ha iniziato a truccarsi all\u2019et\u00e0 di 12 anni, era affascinata da tutti i prodotti cosmetici, si piaceva di pi\u00f9, ma sopratutto si piaceva prendersi cura di se stessa.<\/span><br \/>\n<span style=\"color: #000000;\">Ha preso il diploma di makeup\u00a0artist\u00a0a Bologna alla\u00a0Truccheria\u00a0di Makeup\u00a0Forever\u00a0nel 2017, e ha continuato ad approfondire con vari corsi professionali specializzati le sue tecniche di trucco fino ad acquisire una completa conoscenza nel mondo del makeup,\u00a0skincare\u00a0e immagine.<\/span><br \/>\n<span style=\"color: #000000;\">Ha lavorato anche in un negozio di cosmetica in centro Milano per un periodo di 6 anni, ha truccato future spose e damigelle, mamme per battesimi, modelle e modelli per\u00a0shooting, concorsi di bellezza ed eventi di moda arricchendo cos\u00ec il suo bagaglio di esperienze in questo settore.\u00a0Con gli anni ho voluto creare qualcosa di suo da condividere con tutti.<\/span><\/p>\n<p><a href=\"https:\/\/www.instagram.com\/brunoangeloporcellana\/\">Bruno Angelo Porcellana\u00a0<\/a><\/p>\n<p style=\"text-align: center;\">Fotografie fornite da Victoria Adede \u2013 I crediti appartengono ai relativi fotografi<br \/>\nTutti i diritti riservati \u00a9 2021 \u2013 Email:\u00a0<a href=\"mailto:nonsolomodanews@gmail.com\">nonsolomodanews@gmail.com<\/a><\/p>\n","protected":false},"excerpt":{"rendered":"<p>Adede Cosmetics, ovvero quando una passione per il makeup e non solo diventa una professione. In queste vesti troviamo l&rsquo;imprenditrice di origini ghanesi Victoria Adede. Dopo varie esperienze nel mondo della bellezza, Victoria ha deciso che fosse arrivato il momento di fare il grande salto e permettere a tutte le persone che la conoscono di poter utilizzare prodotti di bellezza con caratteristiche che le rendono uniche. Per questo ha costituito nel 2021 l&rsquo;Adede Cosmetics. Desiderando conoscere e far conoscere Victoria e la sua azienda, abbiamo realizzato questa intervista. Ringraziamo Victoria per la disponibilit&agrave; e siamo sicuri che i lettori e in modo particolari le lettrici di Nonsolomodanews ne trarranno giovamento venendo a conoscenza della filosofia che sta alla base di Adede Cosmetics.&nbsp;<\/p>\n","protected":false},"author":1,"featured_media":22543,"comment_status":"open","ping_status":"open","sticky":false,"template":"","format":"standard","meta":{"rop_custom_images_group":[],"rop_custom_messages_group":[],"rop_publish_now":"initial","rop_publish_now_accounts":[],"rop_publish_now_history":[],"rop_publish_now_status":"pending","footnotes":""},"categories":[16],"tags":[8966,281,1099,8965],"class_list":["post-22539","post","type-post","status-publish","format-standard","has-post-thumbnail","hentry","category-articolo","tag-adede-cosmetics","tag-bruno-angelo-porcellana","tag-nonsolomodanews","tag-victoria-adede"],"_links":{"self":[{"href":"https:\/\/www.nonsolomodanews.it\/wordpress\/wp-json\/wp\/v2\/posts\/22539","targetHints":{"allow":["GET"]}}],"collection":[{"href":"https:\/\/www.nonsolomodanews.it\/wordpress\/wp-json\/wp\/v2\/posts"}],"about":[{"href":"https:\/\/www.nonsolomodanews.it\/wordpress\/wp-json\/wp\/v2\/types\/post"}],"author":[{"embeddable":true,"href":"https:\/\/www.nonsolomodanews.it\/wordpress\/wp-json\/wp\/v2\/users\/1"}],"replies":[{"embeddable":true,"href":"https:\/\/www.nonsolomodanews.it\/wordpress\/wp-json\/wp\/v2\/comments?post=22539"}],"version-history":[{"count":8,"href":"https:\/\/www.nonsolomodanews.it\/wordpress\/wp-json\/wp\/v2\/posts\/22539\/revisions"}],"predecessor-version":[{"id":22550,"href":"https:\/\/www.nonsolomodanews.it\/wordpress\/wp-json\/wp\/v2\/posts\/22539\/revisions\/22550"}],"wp:featuredmedia":[{"embeddable":true,"href":"https:\/\/www.nonsolomodanews.it\/wordpress\/wp-json\/wp\/v2\/media\/22543"}],"wp:attachment":[{"href":"https:\/\/www.nonsolomodanews.it\/wordpress\/wp-json\/wp\/v2\/media?parent=22539"}],"wp:term":[{"taxonomy":"category","embeddable":true,"href":"https:\/\/www.nonsolomodanews.it\/wordpress\/wp-json\/wp\/v2\/categories?post=22539"},{"taxonomy":"post_tag","embeddable":true,"href":"https:\/\/www.nonsolomodanews.it\/wordpress\/wp-json\/wp\/v2\/tags?post=22539"}],"curies":[{"name":"wp","href":"https:\/\/api.w.org\/{rel}","templated":true}]}}