{"id":22405,"date":"2021-09-27T10:55:32","date_gmt":"2021-09-27T10:55:32","guid":{"rendered":"https:\/\/www.nonsolomodanews.it\/wordpress\/?p=22405"},"modified":"2021-09-27T10:55:32","modified_gmt":"2021-09-27T10:55:32","slug":"imma-mentino-venere-obsession-2021","status":"publish","type":"post","link":"https:\/\/www.nonsolomodanews.it\/wordpress\/imma-mentino-venere-obsession-2021\/","title":{"rendered":"Imma Mentino, Venere Obsession 2021"},"content":{"rendered":"<p><span style=\"color: #000000;\"><strong><img loading=\"lazy\" decoding=\"async\" class=\"size-medium wp-image-22407 alignleft\" src=\"https:\/\/www.nonsolomodanews.it\/wordpress\/wp-content\/uploads\/2021\/09\/IMG-20210910-WA0103-225x300.jpg\" alt=\"\" width=\"225\" height=\"300\" srcset=\"https:\/\/www.nonsolomodanews.it\/wordpress\/wp-content\/uploads\/2021\/09\/IMG-20210910-WA0103-225x300.jpg 225w, https:\/\/www.nonsolomodanews.it\/wordpress\/wp-content\/uploads\/2021\/09\/IMG-20210910-WA0103-768x1024.jpg 768w, https:\/\/www.nonsolomodanews.it\/wordpress\/wp-content\/uploads\/2021\/09\/IMG-20210910-WA0103-1152x1536.jpg 1152w, https:\/\/www.nonsolomodanews.it\/wordpress\/wp-content\/uploads\/2021\/09\/IMG-20210910-WA0103-1080x1440.jpg 1080w, https:\/\/www.nonsolomodanews.it\/wordpress\/wp-content\/uploads\/2021\/09\/IMG-20210910-WA0103.jpg 1536w\" sizes=\"auto, (max-width: 225px) 100vw, 225px\" \/>Nonsolomodanews<\/strong>\u00a0ha il piacere di presentare ai propri lettori le concorrenti che hanno partecipato alla finale nazionale del concorso\u00a0<a style=\"color: #000000;\" href=\"http:\/\/www.nonsolomodanews.it\/wordpress\/diana-trandafir-e-la-venere-ditalia-2018\/\">Venere d\u2019Italia<\/a>\u00a0che si \u00e8 svolto presso <strong>Resort Sant\u2019Angelo in Pimonte<\/strong> (NA). Oggi \u00e8 la volta di <strong>Imma Mentino<\/strong>, <em>Miss Obsession 2021<\/em>.\u00a0 Ringraziamo Imma e lo staff del concorso, augurando ai lettori di Nonsolomodanews buona lettura.\u00a0<\/span><\/p>\n<p><!--more--><\/p>\n<p><span style=\"color: #000000;\"><strong>Ti vuoi presentare? <em>\u201c<\/em><\/strong><em>Piacere a tutti, mi chiamo Imma Mentino sono nata a Napoli e vivo a Casoria.<\/em> <em>Sono alta 170 cm e ho gli occhi e i capelli color castano scuro; indosso la taglia 38 e precisamente misuro di seno 85 cm, di vita 65 cm e di fianchi 85 cm mentre di scarpe indosso la 39\/40.\u201d<\/em><\/span><\/p>\n<p><span style=\"color: #000000;\"><strong>Complimenti per avere conquistato la fascia Venere Obsession. <\/strong><em>\u201cGrazie mille\u201d.<\/em><\/span><\/p>\n<p><span style=\"color: #000000;\"><strong>Ti aspettavi questo risultato, ovvero rientrare tra le fasciate del concorso Venere d\u2019Italia? <\/strong><em>\u201cAssolutamente no, tutte le ragazze partecipanti avevano un particolare che le distingueva l\u2019una dall\u2019altra\u2026erano veramente tutte bellissime\u2026quindi ce la siamo giocate alla pari\u201d.<\/em><\/span><\/p>\n<p><span style=\"color: #000000;\"><strong>Ci dici in due parole le emozioni che hai provato partecipando al concorso?<\/strong><em> \u201c\u00c8 sicuramente un\u2019esperienza che auguro a tutte le ragazze, non solo per l\u2019emozione della vincita ma dell\u2019esperienza in s\u00e9 per s\u00e9\u2026Ogni occasione \u00e8 motivo di crescita e questo evento ne \u00e8 la prova. Non si cresce solo a livello personale, e quindi credere nella propria persona e concretizzare la propria bellezza, ma ci si impara a stare bene e condividere insieme emozioni molto intense. Vincere \u00e8 stata la ciliegina sulla torta\u201d.<\/em><\/span><\/p>\n<p><span style=\"color: #000000;\"><strong>Come sei giunta alla finale nazionale, qual \u00e8 stato il percorso? <\/strong><em>\u201cPer giungere alla finale nazionale ho dovuto prima superare una selezione regionale che si \u00e8 tenuta presso il Castello di Cisterna in provincia di Napoli. Anche l\u00ec l\u2019emozione \u00e8 stata molto forte<\/em><em>\u201d.<\/em><\/span><\/p>\n<p><span style=\"color: #000000;\"><strong>In cuor tuo ti aspettavi qualcosa di pi\u00f9? <\/strong><em>\u201cAssolutamente no, arrivare seconda \u00e8 gi\u00e0 stato abbastanza. S\u00ec, sicuramente per un soffio non ho coronato il sogno del titolo, ma sono comunque grata di aver provato quell\u2019emozione di attesa prima della nomina. Sono felicissima per la prima classificata<\/em><em>\u201d.<\/em><\/span><\/p>\n<p><span style=\"color: #000000;\"><strong>Quando sei tornata a casa che cosa ti hanno detto le persone che ti conoscono quando sei rientrata dal concorso in Campania? <\/strong><em>\u201cSi sono congratulati tutti e anche loro come me hanno sperato fino alla fine\u2026ma il bello \u00e8 non aspettarsi niente e vivere il momento.\u201d<\/em><\/span><\/p>\n<p><span style=\"color: #000000;\"><strong>Come sei di carattere?<\/strong><em> \u201cMi definisco una ragazza dolce ed estroversa. Mi piace vedere le persone felici e sorridenti quindi cerco di fare il possibile per renderle serene\u2026quindi s\u00ec, mi definisco anche generosa e altruista\u201d.<\/em><\/span><\/p>\n<p><span style=\"color: #000000;\"><strong>Sei una persona ambiziosa?\u00a0 <\/strong><em>\u201cMolto ambiziosa, ovviamente nel senso positivo. Mi piace pormi sempre obiettivi nuovi.\u201d<\/em><\/span><\/p>\n<p><span style=\"color: #000000;\"><strong>Cosa vuol dire per te essere fotogenica? <\/strong><em>\u201cEssere fotogenica per me vuol dire accettarsi e vedersi belle in una rappresentazione di s\u00e8, che sia un ritratto, una foto, un video\u2026l\u2019importante \u00e8 che guardando quella foto, quel ritratto ecc\u2026siamo fiere e orgogliose di dire &lt;&lt;Questa sono io<\/em><em>&gt;&gt;\u201d.<\/em><\/span><\/p>\n<p><span style=\"color: #000000;\"><strong>Fai attivit\u00e0 fisica per mantenere il tuo corpo? <\/strong><em>\u201cS\u00ec, faccio attivit\u00e0 fisica a dire la verit\u00e0 pratico Ginnastica artistica. Diciamo per\u00f2 che non faccio attivit\u00e0 fisica per mantenere il mio corpo ma semplicemente il mio fisico \u00e8 frutto di una passione che nutro da bambina per questo sport<\/em><em>\u201d.<\/em><\/span><\/p>\n<p><span style=\"color: #000000;\"><strong>Stai attenta all\u2019alimentazione? <\/strong><em>\u201cA dire la verit\u00e0 no, sono una mangiona anche se non si vede\u2026sono di buona forchetta. Per\u00f2 mi piace che la mia alimentazione sia molto varia<\/em><em>\u201d.<\/em><\/span><\/p>\n<p><span style=\"color: #000000;\"><strong>Qual \u00e8 il colore preferito?<\/strong><em> \u201cMhm non ho particolare preferenza mi piacciono molto i colori pastello\u201d.<\/em><\/span><\/p>\n<p><span style=\"color: #000000;\"><strong>Che cosa \u00e8 per te la femminilit\u00e0? <\/strong><em>\u201cPer me la femminilit\u00e0 \u00e8 sinonimo di sinuosit\u00e0. La dolcezza nelle forme e negli atteggiamenti di una donna \u00e8 l\u2019eleganza che manca in un uomo<\/em><em>\u201d.<\/em><\/span><\/p>\n<p><span style=\"color: #000000;\"><strong>Pensi che presentarti davanti al pubblico in costume possa ledere la tua femminilit\u00e0? <\/strong><em>\u201cAssolutamente no, personalmente accetto al 100% il mio fisico quindi non penso che pormi in pubblico possa alterare questa mia considerazione<\/em><em>\u201d.<\/em><\/span><\/p>\n<p><span style=\"color: #000000;\"><strong>Quando hai iniziato a partecipare a concorsi di bellezza? <\/strong><em>\u201cQuesta estate a dire la verit\u00e0\u2026quindi \u00e8 molto recente la cosa<\/em><em>\u201d.<\/em><\/span><\/p>\n<p><span style=\"color: #000000;\"><strong>Ti ricordi la prima volta? <\/strong><em>\u201cDirei proprio di si, anche perch\u00e9 \u00e8 stato il concorso che mi ha permesso di partecipare a questa finale nazionale<\/em><em>\u201d.<\/em><\/span><\/p>\n<p><span style=\"color: #000000;\"><strong>Hai un progetto fotografico ti piacerebbe realizzare? <\/strong><em>\u201cNessuno in particolare, ma ovviamente sono attratta dall\u2019originalit\u00e0<\/em><em>\u201d.<\/em><\/span><\/p>\n<p><span style=\"color: #000000;\"><strong>Hai degli hobby?<\/strong><em> \u201cAdoro la cucina, in particolar modo la pasticceria\u201d.<\/em><\/span><\/p>\n<p><span style=\"color: #000000;\"><strong>Hai una modella che conosci e alla quale ti ispiri?<\/strong><em> \u201cSicuramente le sorelle Hadid\u2026alto livello\u201d.<\/em><\/span><\/p>\n<p><span style=\"color: #000000;\"><strong>Che cos&#8217;\u00e8 per te la moda?<\/strong><em> \u201cLa moda per me \u00e8 una forma d\u2019arte, espressione di vita e sentimento\u201d.<\/em><\/span><\/p>\n<p><span style=\"color: #000000;\"><strong>Hai seguito le giornate della Fashion Week di Milano? <\/strong><em>\u201cImpossibile non farlo\u201d.<\/em><\/span><\/p>\n<p><span style=\"color: #000000;\"><strong>Qual \u00e8 l&#8217;accessorio che non ti stacchi mai quando esci? <\/strong><em>\u201cI miei anelli sicuramente\u201d.<\/em><\/span><\/p>\n<p><span style=\"color: #000000;\"><strong>Come \u00e8 stato il rapporto con le altre concorrenti del concorso? E&#8217; nata qualche nuova amicizia? <\/strong><em>\u201cCon le altre concorrenti si \u00e8 instaurato fin da subito un bellissimo rapporto, ci siamo date consigli a vicenda e ci siamo supportate l\u2019un l\u2019altra sfilata dopo sfilata. S\u00ec, con delle ragazze sono ancora in contatto ma la pecca \u00e8 la lontananza\u201d.<\/em><\/span><\/p>\n<p><span style=\"color: #000000;\"><strong>Se avessi di fronte a te le altre concorrenti del concorso che cosa le vorresti dire che non hai detto la sera dell\u2019incoronazione della Venere d\u2019Italia 2021? <\/strong><em>\u201cSicuramente I miei complimenti\u2026 ne eravamo davvero tante quindi credo che involontariamente mi sia sfuggita qualcuna\u201d.<\/em><\/span><\/p>\n<p><span style=\"color: #000000;\"><strong>Hai un episodio\/aneddoto curioso che ti \u00e8 capitato durante la finale che ci vuoi raccontare? <\/strong><em>\u201cNessuno in particolare\u201d.<\/em><\/span><\/p>\n<p><span style=\"color: #000000;\"><strong>Sogno nel cassetto? <\/strong><em>\u201cIn primis il sogno olimpico, e subito dopo sfilare per stilisti di alta moda\u201d.<\/em><\/span><\/p>\n<p><span style=\"color: #000000;\"><strong>Ultima domanda, hai qualche persona in particolare da ringraziare per la tua partecipazione al concorso Venere d\u2019Italia?<\/strong><em> \u201cRingrazio di vero cuore il patron Pietro Cortese per aver dato questa possibilit\u00e0 a me e a tutte le altre ragazze, e oltre i miei affetti pi\u00f9 stretti che mi hanno sostenuta, ringrazio Mauro Carillo, referente della Campania, che mi ha accompagnata e accolta nel suo team\u201d.<\/em><\/span><\/p>\n<p><strong>Grazie e complimenti ancora.\u00a0<\/strong><\/p>\n<p><a href=\"https:\/\/www.instagram.com\/brunoangeloporcellana\/\">Bruno Angelo Porcellana\u00a0<\/a><\/p>\n<p style=\"text-align: center;\">Fotografie fornite da Imma Mentino \u2013 I crediti appartengono ai relativi fotografi<br \/>\nTutti i diritti riservati \u00a9 2021 \u2013 Email:\u00a0<a href=\"mailto:nonsolomodanews@gmail.com\">nonsolomodanews@gmail.com<style id=\"bwg-style-0\">      #bwg_container1_0 #bwg_container2_0 #bwg_mosaic_thumbnails_div_0 {        width: 100%;        position: relative;        background-color: rgba(255, 255, 255, 0.00);        text-align: center;        justify-content: center;                  margin-left: auto;          margin-right: auto;                    padding-left: 4px;          padding-top: 4px;                }          #bwg_container1_0 #bwg_container2_0 .bwg_mosaic_thumb_spun_0 {        display: block;        position: absolute;\t\t\t\tborder-radius: 0;\t\t\t\tborder: 0px none #CCCCCC;    \t\t    \t\tbackground-color:rgba(0,0,0, 0.30);        -moz-box-sizing: content-box !important;        -webkit-box-sizing: content-box !important;        box-sizing: content-box !important;      }\t\t\t#bwg_container1_0 #bwg_container2_0 .bwg_mosaic_thumb_0 {\t\t\t\tdisplay: block;\t\t\t\t-moz-box-sizing: content-box !important;\t\t\t\t-webkit-box-sizing: content-box !important;\t\t\t\tbox-sizing: content-box !important;\t\t\t\tmargin: 0;\t\t\t\topacity: 1.00;\t\t\t}      #bwg_container1_0 #bwg_container2_0 .bwg_mosaic_thumb_spun_0:hover {        opacity: 1;        backface-visibility: hidden;        -webkit-backface-visibility: hidden;        -moz-backface-visibility: hidden;        -ms-backface-visibility: hidden;        z-index: 102;      }\t      @media only screen and (min-width: 480px) {        #bwg_container1_0 #bwg_container2_0 .bwg_mosaic_thumb_spun_0:hover {          transform: scale(1.1);          -ms-transform: scale(1.1);          -webkit-transform: scale(1.1);        }      }\t      #bwg_container1_0 #bwg_container2_0 .bwg_mosaic_thumbnails_0 {        background-color: rgba(255, 255, 255, 0.00);        font-size: 0;        position: relative;        text-align: center;        display: inline-block;        visibility: hidden;              }\t  \/*image title styles*\/      #bwg_container1_0 #bwg_container2_0 .bwg_mosaic_title_spun1_0,      #bwg_container1_0 #bwg_container2_0 .bwg-mosaic-thumbnails .bwg_ecommerce_spun1_0 {        position: absolute;        display: block;        opacity: 0;        box-sizing: border-box;        text-align: center;\t\t\t\ttop: 50%;\t\t\t\tleft: 50%;\t\t\t\ttransform: translate(-50%, -50%);      }      #bwg_container1_0 #bwg_container2_0 .bwg-mosaic-thumbnails .bwg_mosaic_title_spun2_0,      #bwg_container1_0 #bwg_container2_0 .bwg-mosaic-thumbnails .bwg_ecommerce_spun2_0 {\t\t    color: #CCCCCC;        font-family: segoe ui;        font-size: 16px;        font-weight: bold;        text-shadow: 0px 0px 0px #888888;        vertical-align: middle;        word-wrap: break-word;      }            .bwg_mosaic_play_icon_spun_0 {        display: table;        position: absolute;        left: -10000px;        top: 0px;        opacity: 0;      }      .bwg_mosaic_play_icon_0 {        color: #CCCCCC;        font-size: 32px;        vertical-align: middle;        display: table-cell !important;        z-index: 1;        text-align: center;        margin: 0 auto;      }      #bwg_container1_0 #bwg_container2_0 .bwg_gal_title_0 {        background-color: rgba(0, 0, 0, 0);        color: #323A45;        display: block;        font-family: Ubuntu;        font-size: 16px;        font-weight: bold;        padding: 2px;        text-shadow: ;        text-align: center;      }            @media screen and (max-width: 350px) {      div[class^=\"bwg_mosaic_thumbnails_\"],      span[class^=\"bwg_mosaic_thumb_spun_\"] {      width: 100% !important;      }      img[class^=\"bwg_mosaic_thumb_\"] {      width: 100% !important;      height: auto !important;      margin: 0px auto !important;      }      }      <\/style>    <div id=\"bwg_container1_0\"         class=\"bwg_container bwg_thumbnail bwg_thumbnails_mosaic \"         data-right-click-protection=\"0\"         data-bwg=\"0\"         data-scroll=\"0\"         data-gallery-type=\"thumbnails_mosaic\"         data-gallery-view-type=\"thumbnails_mosaic\"         data-current-url=\"\/wordpress\/wp-json\/wp\/v2\/posts\/22405\"         data-lightbox-url=\"https:\/\/www.nonsolomodanews.it\/wordpress\/wp-admin\/admin-ajax.php?action=GalleryBox&#038;current_view=0&#038;gallery_id=546&#038;tag=0&#038;theme_id=1&#038;shortcode_id=1111&#038;sort_by=filename&#038;order_by=asc&#038;current_url=%2Fwordpress%2Fwp-json%2Fwp%2Fv2%2Fposts%2F22405\"         data-gallery-id=\"546\"         data-popup-width=\"800\"         data-popup-height=\"500\"         data-is-album=\"gallery\"         data-buttons-position=\"bottom\">      <div id=\"bwg_container2_0\">             <div id=\"ajax_loading_0\" class=\"bwg_loading_div_1\">      <div class=\"bwg_loading_div_2\">        <div class=\"bwg_loading_div_3\">          <div id=\"loading_div_0\" class=\"bwg_spider_ajax_loading\">          <\/div>        <\/div>      <\/div>    <\/div>            <form id=\"gal_front_form_0\"              class=\"bwg-hidden\"              method=\"post\"              action=\"#\"              data-current=\"0\"              data-shortcode-id=\"1111\"              data-gallery-type=\"thumbnails_mosaic\"              data-gallery-id=\"546\"              data-tag=\"0\"              data-album-id=\"0\"              data-theme-id=\"1\"              data-ajax-url=\"https:\/\/www.nonsolomodanews.it\/wordpress\/wp-admin\/admin-ajax.php?action=bwg_frontend_data\">          <div id=\"bwg_container3_0\" class=\"bwg-background bwg-background-0\">                <div id=\"bwg_mosaic_thumbnails_div_0\"         class=\"bwg-container-0 bwg-container bwg-mosaic-thumbnails\"         data-bwg=\"0\"         data-mosaic-direction=\"vertical\"         data-resizable=\"0\"         data-width=\"250\"         data-height=\"250\"         data-total-width=\"100\"         data-block-id=\"bwg_thumbnails_mosaic_0\"         data-thumb-padding=\"4\"         data-thumb-border=\"0\"         data-title-margin=\"2px\"         data-image-title=\"none\"         data-play-icon=\"1\"         data-ecommerce-icon=\"none\"         data-gallery-id=\"546\"         data-lightbox-url=\"https:\/\/www.nonsolomodanews.it\/wordpress\/wp-admin\/admin-ajax.php?action=GalleryBox&#038;current_view=0&#038;gallery_id=546&#038;tag=0&#038;theme_id=1&#038;shortcode_id=1111&#038;sort_by=filename&#038;order_by=asc&#038;current_url=%2Fwordpress%2Fwp-json%2Fwp%2Fv2%2Fposts%2F22405\"         data-mosaic-thumb-transition=\"1\"         style=\"visibility: hidden\" >      <div id=\"bwg_thumbnails_mosaic_0\" class=\"bwg_mosaic_thumbnails_0\">                  <a  class=\"bwg-a bwg_lightbox bwg_lightbox_0\" href=\"https:\/\/www.nonsolomodanews.it\/wordpress\/wp-content\/uploads\/photo-gallery\/Imma_Mentino\/20210822_004239.jpg?bwg=1632583787\" data-image-id=\"32506\" data-elementor-open-lightbox=\"no\">          <div class=\"bwg_mosaic_thumb_spun_0 bwg-item0 bwg-mosaic-thumb-span \">            <img decoding=\"async\" class=\"bwg_mosaic_thumb_0 skip-lazy bwg_img_clear bwg_img_custom \"                 id=\"32506\"                 src=\"https:\/\/www.nonsolomodanews.it\/wordpress\/wp-content\/uploads\/photo-gallery\/Imma_Mentino\/thumb\/20210822_004239.jpg?bwg=1632583787\"                 data-src=\"https:\/\/www.nonsolomodanews.it\/wordpress\/wp-content\/uploads\/photo-gallery\/Imma_Mentino\/thumb\/20210822_004239.jpg?bwg=1632583787\"                 data-width=\"300\"                 data-height=\"225\"                 alt=\"Model Imma Mentino\"                 title=\"Model Imma Mentino\" \/>                      <\/div>        <\/a>                <a  class=\"bwg-a bwg_lightbox bwg_lightbox_0\" href=\"https:\/\/www.nonsolomodanews.it\/wordpress\/wp-content\/uploads\/photo-gallery\/Imma_Mentino\/20210916_200904.jpg?bwg=1632583577\" data-image-id=\"32502\" data-elementor-open-lightbox=\"no\">          <div class=\"bwg_mosaic_thumb_spun_0 bwg-item0 bwg-mosaic-thumb-span \">            <img decoding=\"async\" class=\"bwg_mosaic_thumb_0 skip-lazy bwg_img_clear bwg_img_custom \"                 id=\"32502\"                 src=\"https:\/\/www.nonsolomodanews.it\/wordpress\/wp-content\/uploads\/photo-gallery\/Imma_Mentino\/thumb\/20210916_200904.jpg?bwg=1632583577\"                 data-src=\"https:\/\/www.nonsolomodanews.it\/wordpress\/wp-content\/uploads\/photo-gallery\/Imma_Mentino\/thumb\/20210916_200904.jpg?bwg=1632583577\"                 data-width=\"285\"                 data-height=\"300\"                 alt=\"Model Imma Mentino\"                 title=\"Model Imma Mentino\" \/>                      <\/div>        <\/a>                <a  class=\"bwg-a bwg_lightbox bwg_lightbox_0\" href=\"https:\/\/www.nonsolomodanews.it\/wordpress\/wp-content\/uploads\/photo-gallery\/Imma_Mentino\/20210925_145940.jpg?bwg=1632583787\" data-image-id=\"32504\" data-elementor-open-lightbox=\"no\">          <div class=\"bwg_mosaic_thumb_spun_0 bwg-item0 bwg-mosaic-thumb-span \">            <img decoding=\"async\" class=\"bwg_mosaic_thumb_0 skip-lazy bwg_img_clear bwg_img_custom \"                 id=\"32504\"                 src=\"https:\/\/www.nonsolomodanews.it\/wordpress\/wp-content\/uploads\/photo-gallery\/Imma_Mentino\/thumb\/20210925_145940.jpg?bwg=1632583787\"                 data-src=\"https:\/\/www.nonsolomodanews.it\/wordpress\/wp-content\/uploads\/photo-gallery\/Imma_Mentino\/thumb\/20210925_145940.jpg?bwg=1632583787\"                 data-width=\"198\"                 data-height=\"300\"                 alt=\"Model Imma Mentino\"                 title=\"Model Imma Mentino\" \/>                      <\/div>        <\/a>                <a  class=\"bwg-a bwg_lightbox bwg_lightbox_0\" href=\"https:\/\/www.nonsolomodanews.it\/wordpress\/wp-content\/uploads\/photo-gallery\/Imma_Mentino\/IMG-20210910-WA0061.jpg?bwg=1632583787\" data-image-id=\"32509\" data-elementor-open-lightbox=\"no\">          <div class=\"bwg_mosaic_thumb_spun_0 bwg-item0 bwg-mosaic-thumb-span \">            <img decoding=\"async\" class=\"bwg_mosaic_thumb_0 skip-lazy bwg_img_clear bwg_img_custom \"                 id=\"32509\"                 src=\"https:\/\/www.nonsolomodanews.it\/wordpress\/wp-content\/uploads\/photo-gallery\/Imma_Mentino\/thumb\/IMG-20210910-WA0061.jpg?bwg=1632583787\"                 data-src=\"https:\/\/www.nonsolomodanews.it\/wordpress\/wp-content\/uploads\/photo-gallery\/Imma_Mentino\/thumb\/IMG-20210910-WA0061.jpg?bwg=1632583787\"                 data-width=\"225\"                 data-height=\"300\"                 alt=\"Model Imma Mentino\"                 title=\"Model Imma Mentino\" \/>                      <\/div>        <\/a>                <a  class=\"bwg-a bwg_lightbox bwg_lightbox_0\" href=\"https:\/\/www.nonsolomodanews.it\/wordpress\/wp-content\/uploads\/photo-gallery\/Imma_Mentino\/IMG-20210910-WA0103.jpg?bwg=1632583787\" data-image-id=\"32508\" data-elementor-open-lightbox=\"no\">          <div class=\"bwg_mosaic_thumb_spun_0 bwg-item0 bwg-mosaic-thumb-span \">            <img decoding=\"async\" class=\"bwg_mosaic_thumb_0 skip-lazy bwg_img_clear bwg_img_custom \"                 id=\"32508\"                 src=\"https:\/\/www.nonsolomodanews.it\/wordpress\/wp-content\/uploads\/photo-gallery\/Imma_Mentino\/thumb\/IMG-20210910-WA0103.jpg?bwg=1632583787\"                 data-src=\"https:\/\/www.nonsolomodanews.it\/wordpress\/wp-content\/uploads\/photo-gallery\/Imma_Mentino\/thumb\/IMG-20210910-WA0103.jpg?bwg=1632583787\"                 data-width=\"225\"                 data-height=\"300\"                 alt=\"Model Imma Mentino\"                 title=\"Model Imma Mentino\" \/>                      <\/div>        <\/a>                <a  class=\"bwg-a bwg_lightbox bwg_lightbox_0\" href=\"https:\/\/www.nonsolomodanews.it\/wordpress\/wp-content\/uploads\/photo-gallery\/Imma_Mentino\/IMG-20210915-WA0081.jpg?bwg=1632583787\" data-image-id=\"32505\" data-elementor-open-lightbox=\"no\">          <div class=\"bwg_mosaic_thumb_spun_0 bwg-item0 bwg-mosaic-thumb-span \">            <img decoding=\"async\" class=\"bwg_mosaic_thumb_0 skip-lazy bwg_img_clear bwg_img_custom \"                 id=\"32505\"                 src=\"https:\/\/www.nonsolomodanews.it\/wordpress\/wp-content\/uploads\/photo-gallery\/Imma_Mentino\/thumb\/IMG-20210915-WA0081.jpg?bwg=1632583787\"                 data-src=\"https:\/\/www.nonsolomodanews.it\/wordpress\/wp-content\/uploads\/photo-gallery\/Imma_Mentino\/thumb\/IMG-20210915-WA0081.jpg?bwg=1632583787\"                 data-width=\"223\"                 data-height=\"300\"                 alt=\"Model Imma Mentino\"                 title=\"Model Imma Mentino\" \/>                      <\/div>        <\/a>                <a  class=\"bwg-a bwg_lightbox bwg_lightbox_0\" href=\"https:\/\/www.nonsolomodanews.it\/wordpress\/wp-content\/uploads\/photo-gallery\/Imma_Mentino\/IMG_20200726_172254_425.jpg?bwg=1632583787\" data-image-id=\"32507\" data-elementor-open-lightbox=\"no\">          <div class=\"bwg_mosaic_thumb_spun_0 bwg-item0 bwg-mosaic-thumb-span \">            <img decoding=\"async\" class=\"bwg_mosaic_thumb_0 skip-lazy bwg_img_clear bwg_img_custom \"                 id=\"32507\"                 src=\"https:\/\/www.nonsolomodanews.it\/wordpress\/wp-content\/uploads\/photo-gallery\/Imma_Mentino\/thumb\/IMG_20200726_172254_425.jpg?bwg=1632583787\"                 data-src=\"https:\/\/www.nonsolomodanews.it\/wordpress\/wp-content\/uploads\/photo-gallery\/Imma_Mentino\/thumb\/IMG_20200726_172254_425.jpg?bwg=1632583787\"                 data-width=\"300\"                 data-height=\"300\"                 alt=\"Model Imma Mentino\"                 title=\"Model Imma Mentino\" \/>                      <\/div>        <\/a>                <a  class=\"bwg-a bwg_lightbox bwg_lightbox_0\" href=\"https:\/\/www.nonsolomodanews.it\/wordpress\/wp-content\/uploads\/photo-gallery\/Imma_Mentino\/IMG_20210702_014133_716.jpg?bwg=1632583787\" data-image-id=\"32510\" data-elementor-open-lightbox=\"no\">          <div class=\"bwg_mosaic_thumb_spun_0 bwg-item0 bwg-mosaic-thumb-span \">            <img decoding=\"async\" class=\"bwg_mosaic_thumb_0 skip-lazy bwg_img_clear bwg_img_custom \"                 id=\"32510\"                 src=\"https:\/\/www.nonsolomodanews.it\/wordpress\/wp-content\/uploads\/photo-gallery\/Imma_Mentino\/thumb\/IMG_20210702_014133_716.jpg?bwg=1632583787\"                 data-src=\"https:\/\/www.nonsolomodanews.it\/wordpress\/wp-content\/uploads\/photo-gallery\/Imma_Mentino\/thumb\/IMG_20210702_014133_716.jpg?bwg=1632583787\"                 data-width=\"169\"                 data-height=\"300\"                 alt=\"Model Imma Mentino\"                 title=\"Model Imma Mentino\" \/>                      <\/div>        <\/a>                <a  class=\"bwg-a bwg_lightbox bwg_lightbox_0\" href=\"https:\/\/www.nonsolomodanews.it\/wordpress\/wp-content\/uploads\/photo-gallery\/Imma_Mentino\/Screenshot_20210910-180147_Video_Player-01.jpeg?bwg=1632583787\" data-image-id=\"32503\" data-elementor-open-lightbox=\"no\">          <div class=\"bwg_mosaic_thumb_spun_0 bwg-item0 bwg-mosaic-thumb-span \">            <img decoding=\"async\" class=\"bwg_mosaic_thumb_0 skip-lazy bwg_img_clear bwg_img_custom \"                 id=\"32503\"                 src=\"https:\/\/www.nonsolomodanews.it\/wordpress\/wp-content\/uploads\/photo-gallery\/Imma_Mentino\/thumb\/Screenshot_20210910-180147_Video_Player-01.jpeg?bwg=1632583787\"                 data-src=\"https:\/\/www.nonsolomodanews.it\/wordpress\/wp-content\/uploads\/photo-gallery\/Imma_Mentino\/thumb\/Screenshot_20210910-180147_Video_Player-01.jpeg?bwg=1632583787\"                 data-width=\"168\"                 data-height=\"300\"                 alt=\"Model Imma Mentino\"                 title=\"Model Imma Mentino\" \/>                      <\/div>        <\/a>            <\/div>    <\/div>    <style>      \/*pagination styles*\/      #bwg_container1_0 #bwg_container2_0 .tablenav-pages_0 {\t\t\t\ttext-align: center;\t\t\t\tfont-size: 12px;\t\t\t\tfont-family: segoe ui;\t\t\t\tfont-weight: bold;\t\t\t\tcolor: #666666;\t\t\t\tmargin: 6px 0 4px;\t\t\t\tdisplay: block;      }      @media only screen and (max-width : 320px) {      #bwg_container1_0 #bwg_container2_0 .displaying-num_0 {     \t display: none;      }      }      #bwg_container1_0 #bwg_container2_0 .displaying-num_0 {\t\t\t\tfont-size: 12px;\t\t\t\tfont-family: segoe ui;\t\t\t\tfont-weight: bold;\t\t\t\tcolor: #666666;\t\t\t\tmargin-right: 10px;\t\t\t\tvertical-align: middle;      }      #bwg_container1_0 #bwg_container2_0 .paging-input_0 {\t\t\t\tfont-size: 12px;\t\t\t\tfont-family: segoe ui;\t\t\t\tfont-weight: bold;\t\t\t\tcolor: #666666;\t\t\t\tvertical-align: middle;      }      #bwg_container1_0 #bwg_container2_0 .tablenav-pages_0 a.disabled,      #bwg_container1_0 #bwg_container2_0 .tablenav-pages_0 a.disabled:hover,      #bwg_container1_0 #bwg_container2_0 .tablenav-pages_0 a.disabled:focus,\t\t\t#bwg_container1_0 #bwg_container2_0 .tablenav-pages_0 input.bwg_current_page {\t\t\t\tcursor: default;\t\t\t\tcolor: rgba(102, 102, 102, 0.5);      }      #bwg_container1_0 #bwg_container2_0 .tablenav-pages_0 a,      #bwg_container1_0 #bwg_container2_0 .tablenav-pages_0 input.bwg_current_page {\t\t\t\tcursor: pointer;\t\t\t\ttext-align: center;\t\t\t\tfont-size: 12px;\t\t\t\tfont-family: segoe ui;\t\t\t\tfont-weight: bold;\t\t\t\tcolor: #666666;\t\t\t\ttext-decoration: none;\t\t\t\tpadding: 3px 6px;\t\t\t\tmargin: 0;\t\t\t\tborder-radius: 0;\t\t\t\tborder-style: solid;\t\t\t\tborder-width: 1px;\t\t\t\tborder-color: #E3E3E3;\t\t\t\t\t\t\t\tbackground-color: rgba(255, 255, 255, 1.00);\t\t\t\tbox-shadow: 0;\t\t\t\ttransition: all 0.3s ease 0s;-webkit-transition: all 0.3s ease 0s;      }      <\/style>      <span class=\"bwg_nav_cont_0\">              <div class=\"tablenav-pages_0\">                  <\/div>                <input type=\"hidden\" id=\"page_number_0\" name=\"page_number_0\" value=\"1\" \/>      <script type=\"text\/javascript\">        if( jQuery('.bwg_nav_cont_0').length > 1 ) {          jQuery('.bwg_nav_cont_0').first().remove()        }        function spider_page_0(cur, x, y, load_more) {          if (typeof load_more == \"undefined\") {            var load_more = false;          }          if (jQuery(cur).hasClass('disabled')) {            return false;          }          var items_county_0 = 1;          switch (y) {            case 1:              if (x >= items_county_0) {                document.getElementById('page_number_0').value = items_county_0;              }              else {                document.getElementById('page_number_0').value = x + 1;              }              break;            case 2:              document.getElementById('page_number_0').value = items_county_0;              break;            case -1:              if (x == 1) {                document.getElementById('page_number_0').value = 1;              }              else {                document.getElementById('page_number_0').value = x - 1;              }              break;            case -2:              document.getElementById('page_number_0').value = 1;              break;\t\t\t\t\t\tcase 0:              document.getElementById('page_number_0').value = x;              break;            default:              document.getElementById('page_number_0').value = 1;          }          bwg_ajax('gal_front_form_0', '0', 'bwg_thumbnails_mosaic_0', '0', '', 'gallery', 0, '', '', load_more, '', 1);        }                    jQuery('.first-page-0').on('click', function () {              spider_page_0(this, 1, -2, 'numeric');              return false;            });            jQuery('.prev-page-0').on('click', function () {              spider_page_0(this, 1, -1, 'numeric');              return false;            });            jQuery('.next-page-0').on('click', function () {              spider_page_0(this, 1, 1, 'numeric');              return false;            });            jQuery('.last-page-0').on('click', function () {              spider_page_0(this, 1, 2, 'numeric');              return false;            });        \t\t\t\t\/* Change page on input enter. *\/        function bwg_change_page_0( e, that ) {          if (  e.key == 'Enter' ) {            var to_page = parseInt(jQuery(that).val());            var pages_count = jQuery(that).parents(\".pagination-links\").data(\"pages-count\");            var current_url_param = jQuery(that).attr('data-url-info');            if (to_page > pages_count) {              to_page = 1;            }\t \t\t\t\t\t\t\t\t\t\t\t\tspider_page_0(this, to_page, 0, 'numeric');\t\t\t\t\t\t\treturn false;\t\t\t\t\t\t          }          return true;        }        jQuery('.bwg_load_btn_0').on('click', function () {            spider_page_0(this, 1, 1, true);            return false;        });      <\/script>      <\/span>                <\/div>        <\/form>        <style>          #bwg_container1_0 #bwg_container2_0 #spider_popup_overlay_0 {          background-color: #000000;          opacity: 0.70;          }          <\/style>        <div id=\"bwg_spider_popup_loading_0\" class=\"bwg_spider_popup_loading\"><\/div>        <div id=\"spider_popup_overlay_0\" class=\"spider_popup_overlay\" onclick=\"spider_destroypopup(1000)\"><\/div>        <input type=\"hidden\" id=\"bwg_random_seed_0\" value=\"553843822\">                <\/div>    <\/div>    <script>      if (document.readyState === 'complete') {        if( typeof bwg_main_ready == 'function' ) {          if ( jQuery(\"#bwg_container1_0\").height() ) {            bwg_main_ready(jQuery(\"#bwg_container1_0\"));          }        }      } else {        document.addEventListener('DOMContentLoaded', function() {          if( typeof bwg_main_ready == 'function' ) {            if ( jQuery(\"#bwg_container1_0\").height() ) {             bwg_main_ready(jQuery(\"#bwg_container1_0\"));            }          }        });      }    <\/script>    <\/p>\n<p><\/a><\/p>\n<p>&nbsp;<\/p>\n<p>&nbsp;<\/p>\n","protected":false},"excerpt":{"rendered":"<p>Nonsolomodanews&nbsp;ha il piacere di presentare ai propri lettori le concorrenti che hanno partecipato alla finale nazionale del concorso&nbsp;Venere d&rsquo;Italia&nbsp;che si &egrave; svolto presso Resort Sant&rsquo;Angelo in Pimonte (NA). Oggi &egrave; la volta di Imma Mentino, Miss Obsession 2021.&nbsp; Ringraziamo Imma e lo staff del concorso, augurando ai lettori di Nonsolomodanews buona lettura.&nbsp;<\/p>\n","protected":false},"author":1,"featured_media":22406,"comment_status":"open","ping_status":"open","sticky":false,"template":"","format":"standard","meta":{"rop_custom_images_group":[],"rop_custom_messages_group":[],"rop_publish_now":"initial","rop_publish_now_accounts":[],"rop_publish_now_history":[],"rop_publish_now_status":"pending","footnotes":""},"categories":[16],"tags":[281,8939,1099,8947],"class_list":["post-22405","post","type-post","status-publish","format-standard","has-post-thumbnail","hentry","category-articolo","tag-bruno-angelo-porcellana","tag-imma-mentino","tag-nonsolomodanews","tag-venere-obsession"],"_links":{"self":[{"href":"https:\/\/www.nonsolomodanews.it\/wordpress\/wp-json\/wp\/v2\/posts\/22405","targetHints":{"allow":["GET"]}}],"collection":[{"href":"https:\/\/www.nonsolomodanews.it\/wordpress\/wp-json\/wp\/v2\/posts"}],"about":[{"href":"https:\/\/www.nonsolomodanews.it\/wordpress\/wp-json\/wp\/v2\/types\/post"}],"author":[{"embeddable":true,"href":"https:\/\/www.nonsolomodanews.it\/wordpress\/wp-json\/wp\/v2\/users\/1"}],"replies":[{"embeddable":true,"href":"https:\/\/www.nonsolomodanews.it\/wordpress\/wp-json\/wp\/v2\/comments?post=22405"}],"version-history":[{"count":4,"href":"https:\/\/www.nonsolomodanews.it\/wordpress\/wp-json\/wp\/v2\/posts\/22405\/revisions"}],"predecessor-version":[{"id":22412,"href":"https:\/\/www.nonsolomodanews.it\/wordpress\/wp-json\/wp\/v2\/posts\/22405\/revisions\/22412"}],"wp:featuredmedia":[{"embeddable":true,"href":"https:\/\/www.nonsolomodanews.it\/wordpress\/wp-json\/wp\/v2\/media\/22406"}],"wp:attachment":[{"href":"https:\/\/www.nonsolomodanews.it\/wordpress\/wp-json\/wp\/v2\/media?parent=22405"}],"wp:term":[{"taxonomy":"category","embeddable":true,"href":"https:\/\/www.nonsolomodanews.it\/wordpress\/wp-json\/wp\/v2\/categories?post=22405"},{"taxonomy":"post_tag","embeddable":true,"href":"https:\/\/www.nonsolomodanews.it\/wordpress\/wp-json\/wp\/v2\/tags?post=22405"}],"curies":[{"name":"wp","href":"https:\/\/api.w.org\/{rel}","templated":true}]}}