{"id":22380,"date":"2021-09-23T21:49:52","date_gmt":"2021-09-23T21:49:52","guid":{"rendered":"https:\/\/www.nonsolomodanews.it\/wordpress\/?p=22380"},"modified":"2021-09-23T21:49:52","modified_gmt":"2021-09-23T21:49:52","slug":"arianna-caputo-venere-nonsolomodanews-2021","status":"publish","type":"post","link":"https:\/\/www.nonsolomodanews.it\/wordpress\/arianna-caputo-venere-nonsolomodanews-2021\/","title":{"rendered":"Arianna Caputo, Venere Nonsolomodanews 2021"},"content":{"rendered":"<p><span style=\"color: #000000;\"><strong><img loading=\"lazy\" decoding=\"async\" class=\"size-medium wp-image-22381 alignleft\" src=\"https:\/\/www.nonsolomodanews.it\/wordpress\/wp-content\/uploads\/2021\/09\/d0df04ee-92e3-4372-b782-46cf2cc62032-225x300.jpg\" alt=\"\" width=\"225\" height=\"300\" srcset=\"https:\/\/www.nonsolomodanews.it\/wordpress\/wp-content\/uploads\/2021\/09\/d0df04ee-92e3-4372-b782-46cf2cc62032-225x300.jpg 225w, https:\/\/www.nonsolomodanews.it\/wordpress\/wp-content\/uploads\/2021\/09\/d0df04ee-92e3-4372-b782-46cf2cc62032.jpg 768w\" sizes=\"auto, (max-width: 225px) 100vw, 225px\" \/>Nonsolomodanews<\/strong>\u00a0ha il piacere di presentare ai propri lettori le ragazze che hanno partecipato alla finale nazionale del concorso\u00a0<a style=\"color: #000000;\" href=\"http:\/\/www.nonsolomodanews.it\/wordpress\/diana-trandafir-e-la-venere-ditalia-2018\/\">Venere d\u2019Italia<\/a>\u00a0che si \u00e8 svolto presso <strong>Resort Sant\u2019Angelo in Pimonte<\/strong> (NA) Iniziamo con la giovanissima<strong>\u00a0Arianna Caputo <\/strong><em>Miss Nonsomodanews 2021<\/em>.\u00a0 Ringraziamo Arianna e lo staff del concorso del Concorso Venere d&#8217;Italia, augurando ai lettori di Nonsolomodanews buona lettura.\u00a0<\/span><\/p>\n<p><span style=\"color: #000000;\"><!--more--><\/span><\/p>\n<p><span style=\"color: #000000;\"><strong>Ciao Arianna, ti vuoi presentare?<\/strong><em>\u201c Buongiorno a tutti mi chiamo Arianna Caputo.\u00a0 <\/em><em>(Altezza 170 cm, seno: 88 cm; vita: 67cm fianchi:90 cm occhi: castani capelli: castano scuro scarpe : n 40) Attualmente abito ad Albenga ma sono nata ad Imperia il 16 febbraio del 2001\u201d.\u201c<\/em><\/span><\/p>\n<p><span style=\"color: #000000;\"><strong>Complimenti per avere conquistato la fascia Venere Nonsolomodanews. <\/strong><em>\u201cGrazie. \u201c<\/em><\/span><\/p>\n<p><span style=\"color: #000000;\"><strong>Ci dici in due parole le emozioni \u00a0che hai provato partecipando al concorso? <\/strong><em>\u201cE\u2019 stata un\u2019opportunit\u00e0 ed un esperienza fantastica, in particolare molto interessante conoscere ragazze provenienti da tutta Italia, scambiare opinioni e usanze diverse, per quanto riguarda il concorso in s\u00e9 \u00e8 stato molto euforico indossare abiti di stilisti diversi e arricchire il proprio \u201cbagaglio\u201d personale a livello emotivo e professionale, come per esempio: il portamento\u201d.<\/em><\/span><\/p>\n<p><span style=\"color: #000000;\"><strong>Come sei giunta alla finale nazionale, qual \u00e8 stato il percorso? <\/strong><em>\u201cHo partecipato al concorso \u201cMiss Val Nervia\u201d lo scorso 19 Giugno 2021, in cui c\u2019era la prima selezione di miss venere Liguria, in sostanza due concorsi in uno, qui ho vinto secondo posto per la selezione di Venere d\u2019Italia con la fascia di \u201cDamigella Fotomodella\u201d e, oltre a ci\u00f2, ho vinto anche il concorso in s\u00e9 e quindi Miss Val Nervia\u201d.<\/em><\/span><\/p>\n<p><span style=\"color: #000000;\"><strong>In cuor tuo ti aspettavi qualcosa di pi\u00f9? <\/strong><em>\u201cSinceramente s\u00ec, c\u2019\u00e8 stato un momento di scoramento sul secondo passaggio in giuria, purtroppo, nel girare mi si \u00e8 \u201carrotolato\u201d di poco il tappeto sotto i piedi e credo che questo mi abbia fatto perdere molti punti\u2026 Per il resto no, sono convinta di aver dato del mio meglio e ne vado fiera\u201d.<\/em><\/span><\/p>\n<p><span style=\"color: #000000;\"><strong>Tu vivi in Liguria e pi\u00f9 precisamente ad Albenga (SV), che cosa ti hanno detto le persone che ti conoscono quando sei rientrata dal concorso in Campania? <\/strong><em>\u201cInnanzitutto mi hanno fatto i complimenti per essere arrivata fin l\u00ec, essendo che gi\u00e0 questa si rivela una grandissima vittoria e oltre a ci\u00f2 per aver comunque conquistato una fascia &lt;&lt;sfidando&gt;&gt; le altre 53 concorrenti\u201d.<\/em><\/span><\/p>\n<p><span style=\"color: #000000;\"><strong>Come sei di carattere?<\/strong><em> \u201cMi reputo una persona introversa per quanto riguarda &lt;&lt;me stessa&gt;&gt; ma allo stesso tempo molto estroversa, faccio amicizia subito, ho sempre la battuta pronta, e cerco di coinvolgere pi\u00f9 persone possibili sempre. \u201c<\/em><\/span><\/p>\n<p><span style=\"color: #000000;\"><strong>Sei una persona ambiziosa? <\/strong><em>\u201cAssolutamente s\u00ec, cerco sempre di essere determinata in tutto e per tutto! \u201c<\/em><\/span><\/p>\n<p><span style=\"color: #000000;\"><strong>Cosa vuol dire per te essere fotogenica? <\/strong><em>\u201cEssere fotogenici per me significa trasmettere un &lt;&lt;qualcosa&gt;&gt; tramite una foto, o meglio il combo perfetto tra il soggetto ed il paesaggio\/luogo che si ha intorno. \u201c<\/em><\/span><\/p>\n<p><span style=\"color: #000000;\"><strong>Fai attivit\u00e0 fisica per mantenere il tuo corpo? <\/strong><em>\u201cS\u00ec, nel tempo libero vado in palestra\u201d.<\/em><\/span><\/p>\n<p><span style=\"color: #000000;\"><strong>Stai attenta all\u2019alimentazione? <\/strong><em>\u201cDiciamo che, non sono una ragazza fissata in modo eccessivo con l\u2019alimentazione, ma comunque tendo ad essere equilibrata nelle cose\u201d.<\/em><\/span><\/p>\n<p><span style=\"color: #000000;\"><strong>Qual \u00e8 il colore preferito?<\/strong><em> \u201cCeleste\u201d.<\/em><\/span><\/p>\n<p><span style=\"color: #000000;\"><strong>Che cosa \u00e8 per te la femminilit\u00e0? <\/strong><em>\u201cLa femminilit\u00e0 per me si pu\u00f2 definire eleganza, \u00e8 la cosa pi\u00f9 bella che ci possa essere in una donna, un combo perfetto tra sensualit\u00e0 (non eccessiva), eleganza, e cordialit\u00e0. E quando si sfila credo che questo sia molto importante\u201d.<\/em><\/span><\/p>\n<p><span style=\"color: #000000;\"><strong>Pensi che presentarti davanti al pubblico in costume possa ledere la tua femminilit\u00e0? <\/strong><em>\u201cBeh no, in riferimento alla domanda precedente dipende da come lo &lt;&lt;porti&gt;&gt; devi essere tu a graziare questa cosa qui\u201d.<\/em><\/span><\/p>\n<p><span style=\"color: #000000;\"><strong>Quando hai iniziato a partecipare a concorsi di bellezza?\u00a0 <\/strong><em>\u201cHo iniziato a 17 anni, circa 3 anni fa\u201d.<\/em><\/span><\/p>\n<p><span style=\"color: #000000;\"><strong>Ti ricordi la prima volta? <\/strong><em>\u201cAssolutamente s\u00ec, molto imbarazzante\u201d.<\/em><\/span><\/p>\n<p><span style=\"color: #000000;\"><strong>Quali sono i generi fotografici che preferisci e perch\u00e9? <\/strong><em>\u201cIl genere paesaggistico mi piace molto perch\u00e9 ti trasporta in un&#8217;altra realt\u00e0 e allo stesso tempo ti immedesima in un certo senso di tranquillit\u00e0\u201d.<\/em><\/span><\/p>\n<p><span style=\"color: #000000;\"><strong>Hai un progetto fotografico ti piacerebbe realizzare? <\/strong><em>\u201cPer ora nulla in corso\u201d.<\/em><\/span><\/p>\n<p><span style=\"color: #000000;\"><strong>Hai degli hobby?<\/strong><em> \u201cS\u00ec, principalmente leggo libri di poesia e, oltre a ci\u00f2, vado in palestra \u201c<\/em><\/span><\/p>\n<p><span style=\"color: #000000;\"><strong>Hai una modella che conosci e alla quale ti ispiri? <\/strong><em>\u201cMa non mi piace ispirarmi a un qualcuno in s\u00e8 perch\u00e9 essere se stessi \u00e8 la miglior libert\u00e0 e personalit\u00e0 che ci possa essere per\u00f2, in particolare &lt;&lt;seguo&gt;&gt;: Gigi Hadid e Naomi Campbell\u201d.<\/em><\/span><\/p>\n<p><span style=\"color: #000000;\"><strong>Che cos&#8217;\u00e8 per te la moda?<\/strong><em> \u201cE\u2019 un mondo artistico che esprime un \u201cboomh\u201d di idee, colori e pensieri paradossali dove non c\u2019\u00e8 limite a nulla\u201d.<\/em><\/span><\/p>\n<p><span style=\"color: #000000;\"><strong>Qual \u00e8 l&#8217;accessorio che non ti stacchi mai quando esci? <\/strong><em>\u201cOrecchini e collana \u201c<\/em><\/span><\/p>\n<p><span style=\"color: #000000;\"><strong>Come \u00e8 stato il rapporto con le altre concorrenti del concorso? E&#8217; nata qualche nuova amicizia? <\/strong><em>\u201cBuono, anche se ci sono state delle incomprensioni all\u2019inizio che hanno visto coinvolto il nostro gruppo regionale poi, per il resto, abbiamo conosciuto qualche ragazza simpatica e disponibile\u201d. <\/em><\/span><\/p>\n<p><span style=\"color: #000000;\"><strong>Se avessi di fronte a te le altre concorrenti del concorso che cosa le vorresti dire che non hai detto la sera dell\u2019incoronazione della Venere d\u2019Italia 2021? <\/strong><em>\u201cNulla in particolare, sicuramento ogni una di loro ha dato il meglio, conta questo\u201d <\/em><\/span><\/p>\n<p><span style=\"color: #000000;\"><strong>Hai un episodio\/aneddoto curioso che ti \u00e8 capitato durante la finale che ci vuoi raccontare? <\/strong><em><span style=\"color: #000000;\">\u201cIn realt\u00e0 all\u2019assegnazione delle fasce noi eravamo tutte in un&#8217;altra sala, io ero un po&#8217; pi\u00f9 distante delle altre perch\u00e9 come ho detto prima, per &lt;&lt;colpa&gt;&gt; del mio errore sulla passerella non pensavo nemmeno di prendere una fascia, appena hanno detto il mio nome, sono rimasta basita e mi sono incamminata verso la passerella un po&#8217; stupita, alche non potevo n\u00e9 chiedere n\u00e9 fare qualcosa, solo prendere la fascia fare le foto di rito ed andare in fila con le altre fasciate, finito ci\u00f2 dopo qualche minuto ho chiesto alla ragazza affianco a me di leggermi cosa ci fosse scritto sulla fascia perch\u00e9 non avevo la pi\u00f9 pallida idea di che fascia avessi preso (Nonsolomodanews ndr)\u201d.<\/span><\/em><\/span><\/p>\n<p><span style=\"color: #000000;\"><strong>Sogno nel cassetto? <\/strong><em>\u201cIl mio sogno \u00e8 lavorare in ambito della moda e grazie a ci\u00f2 girarne il mondo.\u201d<\/em><\/span><\/p>\n<p><span style=\"color: #000000;\"><strong>Ultima domanda, hai qualche persona in particolare da ringraziare per la tua partecipazione al concorso Venere d\u2019Italia?<\/strong><em> &lt;&lt;Ringrazio Stefano Calabria che mi ha dato la possibilit\u00e0 scegliendomi di partecipare <\/em><em>al concorso&gt;&gt;.<\/em><\/span><\/p>\n<p><span style=\"color: #000000;\"><strong>Grazie<\/strong><\/span><\/p>\n<p><span style=\"color: #000000;\"><a style=\"color: #000000;\" href=\"https:\/\/www.instagram.com\/brunoangeloporcellana\/\">Bruno Angelo Porcellana\u00a0<\/a><\/span><\/p>\n<p style=\"text-align: center;\"><span style=\"color: #000000;\">Fotografie fornite da Arianna Caputo \u2013 I crediti appartengono ai relativi fotografi<\/span><br \/>\n<span style=\"color: #000000;\">Tutti i diritti riservati \u00a9 2021 \u2013 Email:\u00a0<a style=\"color: #000000;\" href=\"mailto:nonsolomodanews@gmail.com\">nonsolomodanews@gmail.com<style id=\"bwg-style-0\">      #bwg_container1_0 #bwg_container2_0 #bwg_mosaic_thumbnails_div_0 {        width: 100%;        position: relative;        background-color: rgba(255, 255, 255, 0.00);        text-align: center;        justify-content: center;                  margin-left: auto;          margin-right: auto;                    padding-left: 4px;          padding-top: 4px;                }          #bwg_container1_0 #bwg_container2_0 .bwg_mosaic_thumb_spun_0 {        display: block;        position: absolute;\t\t\t\tborder-radius: 0;\t\t\t\tborder: 0px none #CCCCCC;    \t\t    \t\tbackground-color:rgba(0,0,0, 0.30);        -moz-box-sizing: content-box !important;        -webkit-box-sizing: content-box !important;        box-sizing: content-box !important;      }\t\t\t#bwg_container1_0 #bwg_container2_0 .bwg_mosaic_thumb_0 {\t\t\t\tdisplay: block;\t\t\t\t-moz-box-sizing: content-box !important;\t\t\t\t-webkit-box-sizing: content-box !important;\t\t\t\tbox-sizing: content-box !important;\t\t\t\tmargin: 0;\t\t\t\topacity: 1.00;\t\t\t}      #bwg_container1_0 #bwg_container2_0 .bwg_mosaic_thumb_spun_0:hover {        opacity: 1;        backface-visibility: hidden;        -webkit-backface-visibility: hidden;        -moz-backface-visibility: hidden;        -ms-backface-visibility: hidden;        z-index: 102;      }\t      @media only screen and (min-width: 480px) {        #bwg_container1_0 #bwg_container2_0 .bwg_mosaic_thumb_spun_0:hover {          transform: scale(1.1);          -ms-transform: scale(1.1);          -webkit-transform: scale(1.1);        }      }\t      #bwg_container1_0 #bwg_container2_0 .bwg_mosaic_thumbnails_0 {        background-color: rgba(255, 255, 255, 0.00);        font-size: 0;        position: relative;        text-align: center;        display: inline-block;        visibility: hidden;              }\t  \/*image title styles*\/      #bwg_container1_0 #bwg_container2_0 .bwg_mosaic_title_spun1_0,      #bwg_container1_0 #bwg_container2_0 .bwg-mosaic-thumbnails .bwg_ecommerce_spun1_0 {        position: absolute;        display: block;        opacity: 0;        box-sizing: border-box;        text-align: center;\t\t\t\ttop: 50%;\t\t\t\tleft: 50%;\t\t\t\ttransform: translate(-50%, -50%);      }      #bwg_container1_0 #bwg_container2_0 .bwg-mosaic-thumbnails .bwg_mosaic_title_spun2_0,      #bwg_container1_0 #bwg_container2_0 .bwg-mosaic-thumbnails .bwg_ecommerce_spun2_0 {\t\t    color: #CCCCCC;        font-family: segoe ui;        font-size: 16px;        font-weight: bold;        text-shadow: 0px 0px 0px #888888;        vertical-align: middle;        word-wrap: break-word;      }            .bwg_mosaic_play_icon_spun_0 {        display: table;        position: absolute;        left: -10000px;        top: 0px;        opacity: 0;      }      .bwg_mosaic_play_icon_0 {        color: #CCCCCC;        font-size: 32px;        vertical-align: middle;        display: table-cell !important;        z-index: 1;        text-align: center;        margin: 0 auto;      }      #bwg_container1_0 #bwg_container2_0 .bwg_gal_title_0 {        background-color: rgba(0, 0, 0, 0);        color: #323A45;        display: block;        font-family: Ubuntu;        font-size: 16px;        font-weight: bold;        padding: 2px;        text-shadow: ;        text-align: center;      }            @media screen and (max-width: 350px) {      div[class^=\"bwg_mosaic_thumbnails_\"],      span[class^=\"bwg_mosaic_thumb_spun_\"] {      width: 100% !important;      }      img[class^=\"bwg_mosaic_thumb_\"] {      width: 100% !important;      height: auto !important;      margin: 0px auto !important;      }      }      <\/style>    <div id=\"bwg_container1_0\"         class=\"bwg_container bwg_thumbnail bwg_thumbnails_mosaic \"         data-right-click-protection=\"0\"         data-bwg=\"0\"         data-scroll=\"0\"         data-gallery-type=\"thumbnails_mosaic\"         data-gallery-view-type=\"thumbnails_mosaic\"         data-current-url=\"\/wordpress\/wp-json\/wp\/v2\/posts\/22380\"         data-lightbox-url=\"https:\/\/www.nonsolomodanews.it\/wordpress\/wp-admin\/admin-ajax.php?action=GalleryBox&#038;current_view=0&#038;gallery_id=545&#038;tag=0&#038;theme_id=1&#038;shortcode_id=1109&#038;sort_by=filename&#038;order_by=asc&#038;current_url=%2Fwordpress%2Fwp-json%2Fwp%2Fv2%2Fposts%2F22380\"         data-gallery-id=\"545\"         data-popup-width=\"800\"         data-popup-height=\"500\"         data-is-album=\"gallery\"         data-buttons-position=\"bottom\">      <div id=\"bwg_container2_0\">             <div id=\"ajax_loading_0\" class=\"bwg_loading_div_1\">      <div class=\"bwg_loading_div_2\">        <div class=\"bwg_loading_div_3\">          <div id=\"loading_div_0\" class=\"bwg_spider_ajax_loading\">          <\/div>        <\/div>      <\/div>    <\/div>            <form id=\"gal_front_form_0\"              class=\"bwg-hidden\"              method=\"post\"              action=\"#\"              data-current=\"0\"              data-shortcode-id=\"1109\"              data-gallery-type=\"thumbnails_mosaic\"              data-gallery-id=\"545\"              data-tag=\"0\"              data-album-id=\"0\"              data-theme-id=\"1\"              data-ajax-url=\"https:\/\/www.nonsolomodanews.it\/wordpress\/wp-admin\/admin-ajax.php?action=bwg_frontend_data\">          <div id=\"bwg_container3_0\" class=\"bwg-background bwg-background-0\">                <div id=\"bwg_mosaic_thumbnails_div_0\"         class=\"bwg-container-0 bwg-container bwg-mosaic-thumbnails\"         data-bwg=\"0\"         data-mosaic-direction=\"vertical\"         data-resizable=\"0\"         data-width=\"250\"         data-height=\"250\"         data-total-width=\"100\"         data-block-id=\"bwg_thumbnails_mosaic_0\"         data-thumb-padding=\"4\"         data-thumb-border=\"0\"         data-title-margin=\"2px\"         data-image-title=\"none\"         data-play-icon=\"1\"         data-ecommerce-icon=\"none\"         data-gallery-id=\"545\"         data-lightbox-url=\"https:\/\/www.nonsolomodanews.it\/wordpress\/wp-admin\/admin-ajax.php?action=GalleryBox&#038;current_view=0&#038;gallery_id=545&#038;tag=0&#038;theme_id=1&#038;shortcode_id=1109&#038;sort_by=filename&#038;order_by=asc&#038;current_url=%2Fwordpress%2Fwp-json%2Fwp%2Fv2%2Fposts%2F22380\"         data-mosaic-thumb-transition=\"1\"         style=\"visibility: hidden\" >      <div id=\"bwg_thumbnails_mosaic_0\" class=\"bwg_mosaic_thumbnails_0\">                  <a  class=\"bwg-a bwg_lightbox bwg_lightbox_0\" href=\"https:\/\/www.nonsolomodanews.it\/wordpress\/wp-content\/uploads\/photo-gallery\/Arianna_Caputo\/Arianna_Caputo_-_All_rights_reserved_0001.jpg?bwg=1632433612\" data-image-id=\"32488\" data-elementor-open-lightbox=\"no\">          <div class=\"bwg_mosaic_thumb_spun_0 bwg-item0 bwg-mosaic-thumb-span \">            <img decoding=\"async\" class=\"bwg_mosaic_thumb_0 skip-lazy bwg_img_clear bwg_img_custom \"                 id=\"32488\"                 src=\"https:\/\/www.nonsolomodanews.it\/wordpress\/wp-content\/uploads\/photo-gallery\/Arianna_Caputo\/thumb\/Arianna_Caputo_-_All_rights_reserved_0001.jpg?bwg=1632433612\"                 data-src=\"https:\/\/www.nonsolomodanews.it\/wordpress\/wp-content\/uploads\/photo-gallery\/Arianna_Caputo\/thumb\/Arianna_Caputo_-_All_rights_reserved_0001.jpg?bwg=1632433612\"                 data-width=\"640\"                 data-height=\"960\"                 alt=\"Arianna Caputo - All rights reserved 0001\"                 title=\"Arianna Caputo - All rights reserved 0001\" \/>                      <\/div>        <\/a>                <a  class=\"bwg-a bwg_lightbox bwg_lightbox_0\" href=\"https:\/\/www.nonsolomodanews.it\/wordpress\/wp-content\/uploads\/photo-gallery\/Arianna_Caputo\/Arianna_Caputo_-_All_rights_reserved_0002.jpg?bwg=1632433612\" data-image-id=\"32498\" data-elementor-open-lightbox=\"no\">          <div class=\"bwg_mosaic_thumb_spun_0 bwg-item0 bwg-mosaic-thumb-span \">            <img decoding=\"async\" class=\"bwg_mosaic_thumb_0 skip-lazy bwg_img_clear bwg_img_custom \"                 id=\"32498\"                 src=\"https:\/\/www.nonsolomodanews.it\/wordpress\/wp-content\/uploads\/photo-gallery\/Arianna_Caputo\/thumb\/Arianna_Caputo_-_All_rights_reserved_0002.jpg?bwg=1632433612\"                 data-src=\"https:\/\/www.nonsolomodanews.it\/wordpress\/wp-content\/uploads\/photo-gallery\/Arianna_Caputo\/thumb\/Arianna_Caputo_-_All_rights_reserved_0002.jpg?bwg=1632433612\"                 data-width=\"640\"                 data-height=\"960\"                 alt=\"Arianna Caputo - All rights reserved 0002\"                 title=\"Arianna Caputo - All rights reserved 0002\" \/>                      <\/div>        <\/a>                <a  class=\"bwg-a bwg_lightbox bwg_lightbox_0\" href=\"https:\/\/www.nonsolomodanews.it\/wordpress\/wp-content\/uploads\/photo-gallery\/Arianna_Caputo\/Arianna_Caputo_-_All_rights_reserved_0003.jpg?bwg=1632433612\" data-image-id=\"32493\" data-elementor-open-lightbox=\"no\">          <div class=\"bwg_mosaic_thumb_spun_0 bwg-item0 bwg-mosaic-thumb-span \">            <img decoding=\"async\" class=\"bwg_mosaic_thumb_0 skip-lazy bwg_img_clear bwg_img_custom \"                 id=\"32493\"                 src=\"https:\/\/www.nonsolomodanews.it\/wordpress\/wp-content\/uploads\/photo-gallery\/Arianna_Caputo\/thumb\/Arianna_Caputo_-_All_rights_reserved_0003.jpg?bwg=1632433612\"                 data-src=\"https:\/\/www.nonsolomodanews.it\/wordpress\/wp-content\/uploads\/photo-gallery\/Arianna_Caputo\/thumb\/Arianna_Caputo_-_All_rights_reserved_0003.jpg?bwg=1632433612\"                 data-width=\"720\"                 data-height=\"960\"                 alt=\"Arianna Caputo - All rights reserved 0003\"                 title=\"Arianna Caputo - All rights reserved 0003\" \/>                      <\/div>        <\/a>                <a  class=\"bwg-a bwg_lightbox bwg_lightbox_0\" href=\"https:\/\/www.nonsolomodanews.it\/wordpress\/wp-content\/uploads\/photo-gallery\/Arianna_Caputo\/Arianna_Caputo_-_All_rights_reserved_0004.jpg?bwg=1632433612\" data-image-id=\"32496\" data-elementor-open-lightbox=\"no\">          <div class=\"bwg_mosaic_thumb_spun_0 bwg-item0 bwg-mosaic-thumb-span \">            <img decoding=\"async\" class=\"bwg_mosaic_thumb_0 skip-lazy bwg_img_clear bwg_img_custom \"                 id=\"32496\"                 src=\"https:\/\/www.nonsolomodanews.it\/wordpress\/wp-content\/uploads\/photo-gallery\/Arianna_Caputo\/thumb\/Arianna_Caputo_-_All_rights_reserved_0004.jpg?bwg=1632433612\"                 data-src=\"https:\/\/www.nonsolomodanews.it\/wordpress\/wp-content\/uploads\/photo-gallery\/Arianna_Caputo\/thumb\/Arianna_Caputo_-_All_rights_reserved_0004.jpg?bwg=1632433612\"                 data-width=\"600\"                 data-height=\"600\"                 alt=\"Arianna Caputo - All rights reserved 0004\"                 title=\"Arianna Caputo - All rights reserved 0004\" \/>                      <\/div>        <\/a>                <a  class=\"bwg-a bwg_lightbox bwg_lightbox_0\" href=\"https:\/\/www.nonsolomodanews.it\/wordpress\/wp-content\/uploads\/photo-gallery\/Arianna_Caputo\/Arianna_Caputo_-_All_rights_reserved_0005.jpg?bwg=1632433612\" data-image-id=\"32500\" data-elementor-open-lightbox=\"no\">          <div class=\"bwg_mosaic_thumb_spun_0 bwg-item0 bwg-mosaic-thumb-span \">            <img decoding=\"async\" class=\"bwg_mosaic_thumb_0 skip-lazy bwg_img_clear bwg_img_custom \"                 id=\"32500\"                 src=\"https:\/\/www.nonsolomodanews.it\/wordpress\/wp-content\/uploads\/photo-gallery\/Arianna_Caputo\/thumb\/Arianna_Caputo_-_All_rights_reserved_0005.jpg?bwg=1632433612\"                 data-src=\"https:\/\/www.nonsolomodanews.it\/wordpress\/wp-content\/uploads\/photo-gallery\/Arianna_Caputo\/thumb\/Arianna_Caputo_-_All_rights_reserved_0005.jpg?bwg=1632433612\"                 data-width=\"829\"                 data-height=\"524\"                 alt=\"Arianna Caputo - All rights reserved 0005\"                 title=\"Arianna Caputo - All rights reserved 0005\" \/>                      <\/div>        <\/a>                <a  class=\"bwg-a bwg_lightbox bwg_lightbox_0\" href=\"https:\/\/www.nonsolomodanews.it\/wordpress\/wp-content\/uploads\/photo-gallery\/Arianna_Caputo\/Arianna_Caputo_-_All_rights_reserved_0006.jpg?bwg=1632433612\" data-image-id=\"32499\" data-elementor-open-lightbox=\"no\">          <div class=\"bwg_mosaic_thumb_spun_0 bwg-item0 bwg-mosaic-thumb-span \">            <img decoding=\"async\" class=\"bwg_mosaic_thumb_0 skip-lazy bwg_img_clear bwg_img_custom \"                 id=\"32499\"                 src=\"https:\/\/www.nonsolomodanews.it\/wordpress\/wp-content\/uploads\/photo-gallery\/Arianna_Caputo\/thumb\/Arianna_Caputo_-_All_rights_reserved_0006.jpg?bwg=1632433612\"                 data-src=\"https:\/\/www.nonsolomodanews.it\/wordpress\/wp-content\/uploads\/photo-gallery\/Arianna_Caputo\/thumb\/Arianna_Caputo_-_All_rights_reserved_0006.jpg?bwg=1632433612\"                 data-width=\"720\"                 data-height=\"960\"                 alt=\"Arianna Caputo - All rights reserved 0006\"                 title=\"Arianna Caputo - All rights reserved 0006\" \/>                      <\/div>        <\/a>                <a  class=\"bwg-a bwg_lightbox bwg_lightbox_0\" href=\"https:\/\/www.nonsolomodanews.it\/wordpress\/wp-content\/uploads\/photo-gallery\/Arianna_Caputo\/Arianna_Caputo_-_All_rights_reserved_0007.jpg?bwg=1632433612\" data-image-id=\"32492\" data-elementor-open-lightbox=\"no\">          <div class=\"bwg_mosaic_thumb_spun_0 bwg-item0 bwg-mosaic-thumb-span \">            <img decoding=\"async\" class=\"bwg_mosaic_thumb_0 skip-lazy bwg_img_clear bwg_img_custom \"                 id=\"32492\"                 src=\"https:\/\/www.nonsolomodanews.it\/wordpress\/wp-content\/uploads\/photo-gallery\/Arianna_Caputo\/thumb\/Arianna_Caputo_-_All_rights_reserved_0007.jpg?bwg=1632433612\"                 data-src=\"https:\/\/www.nonsolomodanews.it\/wordpress\/wp-content\/uploads\/photo-gallery\/Arianna_Caputo\/thumb\/Arianna_Caputo_-_All_rights_reserved_0007.jpg?bwg=1632433612\"                 data-width=\"720\"                 data-height=\"960\"                 alt=\"Arianna Caputo - All rights reserved 0007\"                 title=\"Arianna Caputo - All rights reserved 0007\" \/>                      <\/div>        <\/a>                <a  class=\"bwg-a bwg_lightbox bwg_lightbox_0\" href=\"https:\/\/www.nonsolomodanews.it\/wordpress\/wp-content\/uploads\/photo-gallery\/Arianna_Caputo\/Arianna_Caputo_-_All_rights_reserved_0008.jpg?bwg=1632433612\" data-image-id=\"32495\" data-elementor-open-lightbox=\"no\">          <div class=\"bwg_mosaic_thumb_spun_0 bwg-item0 bwg-mosaic-thumb-span \">            <img decoding=\"async\" class=\"bwg_mosaic_thumb_0 skip-lazy bwg_img_clear bwg_img_custom \"                 id=\"32495\"                 src=\"https:\/\/www.nonsolomodanews.it\/wordpress\/wp-content\/uploads\/photo-gallery\/Arianna_Caputo\/thumb\/Arianna_Caputo_-_All_rights_reserved_0008.jpg?bwg=1632433612\"                 data-src=\"https:\/\/www.nonsolomodanews.it\/wordpress\/wp-content\/uploads\/photo-gallery\/Arianna_Caputo\/thumb\/Arianna_Caputo_-_All_rights_reserved_0008.jpg?bwg=1632433612\"                 data-width=\"720\"                 data-height=\"960\"                 alt=\"Arianna Caputo - All rights reserved 0008\"                 title=\"Arianna Caputo - All rights reserved 0008\" \/>                      <\/div>        <\/a>                <a  class=\"bwg-a bwg_lightbox bwg_lightbox_0\" href=\"https:\/\/www.nonsolomodanews.it\/wordpress\/wp-content\/uploads\/photo-gallery\/Arianna_Caputo\/Arianna_Caputo_-_All_rights_reserved_0009.jpg?bwg=1632433612\" data-image-id=\"32497\" data-elementor-open-lightbox=\"no\">          <div class=\"bwg_mosaic_thumb_spun_0 bwg-item0 bwg-mosaic-thumb-span \">            <img decoding=\"async\" class=\"bwg_mosaic_thumb_0 skip-lazy bwg_img_clear bwg_img_custom \"                 id=\"32497\"                 src=\"https:\/\/www.nonsolomodanews.it\/wordpress\/wp-content\/uploads\/photo-gallery\/Arianna_Caputo\/thumb\/Arianna_Caputo_-_All_rights_reserved_0009.jpg?bwg=1632433612\"                 data-src=\"https:\/\/www.nonsolomodanews.it\/wordpress\/wp-content\/uploads\/photo-gallery\/Arianna_Caputo\/thumb\/Arianna_Caputo_-_All_rights_reserved_0009.jpg?bwg=1632433612\"                 data-width=\"691\"                 data-height=\"960\"                 alt=\"Arianna Caputo - All rights reserved 0009\"                 title=\"Arianna Caputo - All rights reserved 0009\" \/>                      <\/div>        <\/a>                <a  class=\"bwg-a bwg_lightbox bwg_lightbox_0\" href=\"https:\/\/www.nonsolomodanews.it\/wordpress\/wp-content\/uploads\/photo-gallery\/Arianna_Caputo\/Arianna_Caputo_-_All_rights_reserved_0010.jpg?bwg=1632433612\" data-image-id=\"32501\" data-elementor-open-lightbox=\"no\">          <div class=\"bwg_mosaic_thumb_spun_0 bwg-item0 bwg-mosaic-thumb-span \">            <img decoding=\"async\" class=\"bwg_mosaic_thumb_0 skip-lazy bwg_img_clear bwg_img_custom \"                 id=\"32501\"                 src=\"https:\/\/www.nonsolomodanews.it\/wordpress\/wp-content\/uploads\/photo-gallery\/Arianna_Caputo\/thumb\/Arianna_Caputo_-_All_rights_reserved_0010.jpg?bwg=1632433612\"                 data-src=\"https:\/\/www.nonsolomodanews.it\/wordpress\/wp-content\/uploads\/photo-gallery\/Arianna_Caputo\/thumb\/Arianna_Caputo_-_All_rights_reserved_0010.jpg?bwg=1632433612\"                 data-width=\"641\"                 data-height=\"960\"                 alt=\"Arianna Caputo - All rights reserved 0010\"                 title=\"Arianna Caputo - All rights reserved 0010\" \/>                      <\/div>        <\/a>                <a  class=\"bwg-a bwg_lightbox bwg_lightbox_0\" href=\"https:\/\/www.nonsolomodanews.it\/wordpress\/wp-content\/uploads\/photo-gallery\/Arianna_Caputo\/Arianna_Caputo_-_All_rights_reserved_0011.jpg?bwg=1632433612\" data-image-id=\"32494\" data-elementor-open-lightbox=\"no\">          <div class=\"bwg_mosaic_thumb_spun_0 bwg-item0 bwg-mosaic-thumb-span \">            <img decoding=\"async\" class=\"bwg_mosaic_thumb_0 skip-lazy bwg_img_clear bwg_img_custom \"                 id=\"32494\"                 src=\"https:\/\/www.nonsolomodanews.it\/wordpress\/wp-content\/uploads\/photo-gallery\/Arianna_Caputo\/thumb\/Arianna_Caputo_-_All_rights_reserved_0011.jpg?bwg=1632433612\"                 data-src=\"https:\/\/www.nonsolomodanews.it\/wordpress\/wp-content\/uploads\/photo-gallery\/Arianna_Caputo\/thumb\/Arianna_Caputo_-_All_rights_reserved_0011.jpg?bwg=1632433612\"                 data-width=\"640\"                 data-height=\"960\"                 alt=\"Arianna Caputo - All rights reserved 0011\"                 title=\"Arianna Caputo - All rights reserved 0011\" \/>                      <\/div>        <\/a>                <a  class=\"bwg-a bwg_lightbox bwg_lightbox_0\" href=\"https:\/\/www.nonsolomodanews.it\/wordpress\/wp-content\/uploads\/photo-gallery\/Arianna_Caputo\/Arianna_Caputo_-_All_rights_reserved_0012.jpg?bwg=1632433612\" data-image-id=\"32489\" data-elementor-open-lightbox=\"no\">          <div class=\"bwg_mosaic_thumb_spun_0 bwg-item0 bwg-mosaic-thumb-span \">            <img decoding=\"async\" class=\"bwg_mosaic_thumb_0 skip-lazy bwg_img_clear bwg_img_custom \"                 id=\"32489\"                 src=\"https:\/\/www.nonsolomodanews.it\/wordpress\/wp-content\/uploads\/photo-gallery\/Arianna_Caputo\/thumb\/Arianna_Caputo_-_All_rights_reserved_0012.jpg?bwg=1632433612\"                 data-src=\"https:\/\/www.nonsolomodanews.it\/wordpress\/wp-content\/uploads\/photo-gallery\/Arianna_Caputo\/thumb\/Arianna_Caputo_-_All_rights_reserved_0012.jpg?bwg=1632433612\"                 data-width=\"640\"                 data-height=\"960\"                 alt=\"Arianna Caputo - All rights reserved 0012\"                 title=\"Arianna Caputo - All rights reserved 0012\" \/>                      <\/div>        <\/a>                <a  class=\"bwg-a bwg_lightbox bwg_lightbox_0\" href=\"https:\/\/www.nonsolomodanews.it\/wordpress\/wp-content\/uploads\/photo-gallery\/Arianna_Caputo\/Arianna_Caputo_-_All_rights_reserved_0013.jpg?bwg=1632433612\" data-image-id=\"32490\" data-elementor-open-lightbox=\"no\">          <div class=\"bwg_mosaic_thumb_spun_0 bwg-item0 bwg-mosaic-thumb-span \">            <img decoding=\"async\" class=\"bwg_mosaic_thumb_0 skip-lazy bwg_img_clear bwg_img_custom \"                 id=\"32490\"                 src=\"https:\/\/www.nonsolomodanews.it\/wordpress\/wp-content\/uploads\/photo-gallery\/Arianna_Caputo\/thumb\/Arianna_Caputo_-_All_rights_reserved_0013.jpg?bwg=1632433612\"                 data-src=\"https:\/\/www.nonsolomodanews.it\/wordpress\/wp-content\/uploads\/photo-gallery\/Arianna_Caputo\/thumb\/Arianna_Caputo_-_All_rights_reserved_0013.jpg?bwg=1632433612\"                 data-width=\"640\"                 data-height=\"960\"                 alt=\"Arianna Caputo - All rights reserved 0013\"                 title=\"Arianna Caputo - All rights reserved 0013\" \/>                      <\/div>        <\/a>                <a  class=\"bwg-a bwg_lightbox bwg_lightbox_0\" href=\"https:\/\/www.nonsolomodanews.it\/wordpress\/wp-content\/uploads\/photo-gallery\/Arianna_Caputo\/Arianna_Caputo_-_All_rights_reserved_0014.jpg?bwg=1632433612\" data-image-id=\"32491\" data-elementor-open-lightbox=\"no\">          <div class=\"bwg_mosaic_thumb_spun_0 bwg-item0 bwg-mosaic-thumb-span \">            <img decoding=\"async\" class=\"bwg_mosaic_thumb_0 skip-lazy bwg_img_clear bwg_img_custom \"                 id=\"32491\"                 src=\"https:\/\/www.nonsolomodanews.it\/wordpress\/wp-content\/uploads\/photo-gallery\/Arianna_Caputo\/thumb\/Arianna_Caputo_-_All_rights_reserved_0014.jpg?bwg=1632433612\"                 data-src=\"https:\/\/www.nonsolomodanews.it\/wordpress\/wp-content\/uploads\/photo-gallery\/Arianna_Caputo\/thumb\/Arianna_Caputo_-_All_rights_reserved_0014.jpg?bwg=1632433612\"                 data-width=\"768\"                 data-height=\"960\"                 alt=\"Arianna Caputo - All rights reserved 0014\"                 title=\"Arianna Caputo - All rights reserved 0014\" \/>                      <\/div>        <\/a>            <\/div>    <\/div>    <style>      \/*pagination styles*\/      #bwg_container1_0 #bwg_container2_0 .tablenav-pages_0 {\t\t\t\ttext-align: center;\t\t\t\tfont-size: 12px;\t\t\t\tfont-family: segoe ui;\t\t\t\tfont-weight: bold;\t\t\t\tcolor: #666666;\t\t\t\tmargin: 6px 0 4px;\t\t\t\tdisplay: block;      }      @media only screen and (max-width : 320px) {      #bwg_container1_0 #bwg_container2_0 .displaying-num_0 {     \t display: none;      }      }      #bwg_container1_0 #bwg_container2_0 .displaying-num_0 {\t\t\t\tfont-size: 12px;\t\t\t\tfont-family: segoe ui;\t\t\t\tfont-weight: bold;\t\t\t\tcolor: #666666;\t\t\t\tmargin-right: 10px;\t\t\t\tvertical-align: middle;      }      #bwg_container1_0 #bwg_container2_0 .paging-input_0 {\t\t\t\tfont-size: 12px;\t\t\t\tfont-family: segoe ui;\t\t\t\tfont-weight: bold;\t\t\t\tcolor: #666666;\t\t\t\tvertical-align: middle;      }      #bwg_container1_0 #bwg_container2_0 .tablenav-pages_0 a.disabled,      #bwg_container1_0 #bwg_container2_0 .tablenav-pages_0 a.disabled:hover,      #bwg_container1_0 #bwg_container2_0 .tablenav-pages_0 a.disabled:focus,\t\t\t#bwg_container1_0 #bwg_container2_0 .tablenav-pages_0 input.bwg_current_page {\t\t\t\tcursor: default;\t\t\t\tcolor: rgba(102, 102, 102, 0.5);      }      #bwg_container1_0 #bwg_container2_0 .tablenav-pages_0 a,      #bwg_container1_0 #bwg_container2_0 .tablenav-pages_0 input.bwg_current_page {\t\t\t\tcursor: pointer;\t\t\t\ttext-align: center;\t\t\t\tfont-size: 12px;\t\t\t\tfont-family: segoe ui;\t\t\t\tfont-weight: bold;\t\t\t\tcolor: #666666;\t\t\t\ttext-decoration: none;\t\t\t\tpadding: 3px 6px;\t\t\t\tmargin: 0;\t\t\t\tborder-radius: 0;\t\t\t\tborder-style: solid;\t\t\t\tborder-width: 1px;\t\t\t\tborder-color: #E3E3E3;\t\t\t\t\t\t\t\tbackground-color: rgba(255, 255, 255, 1.00);\t\t\t\tbox-shadow: 0;\t\t\t\ttransition: all 0.3s ease 0s;-webkit-transition: all 0.3s ease 0s;      }      <\/style>      <span class=\"bwg_nav_cont_0\">              <div class=\"tablenav-pages_0\">                  <\/div>                <input type=\"hidden\" id=\"page_number_0\" name=\"page_number_0\" value=\"1\" \/>      <script type=\"text\/javascript\">        if( jQuery('.bwg_nav_cont_0').length > 1 ) {          jQuery('.bwg_nav_cont_0').first().remove()        }        function spider_page_0(cur, x, y, load_more) {          if (typeof load_more == \"undefined\") {            var load_more = false;          }          if (jQuery(cur).hasClass('disabled')) {            return false;          }          var items_county_0 = 1;          switch (y) {            case 1:              if (x >= items_county_0) {                document.getElementById('page_number_0').value = items_county_0;              }              else {                document.getElementById('page_number_0').value = x + 1;              }              break;            case 2:              document.getElementById('page_number_0').value = items_county_0;              break;            case -1:              if (x == 1) {                document.getElementById('page_number_0').value = 1;              }              else {                document.getElementById('page_number_0').value = x - 1;              }              break;            case -2:              document.getElementById('page_number_0').value = 1;              break;\t\t\t\t\t\tcase 0:              document.getElementById('page_number_0').value = x;              break;            default:              document.getElementById('page_number_0').value = 1;          }          bwg_ajax('gal_front_form_0', '0', 'bwg_thumbnails_mosaic_0', '0', '', 'gallery', 0, '', '', load_more, '', 1);        }                    jQuery('.first-page-0').on('click', function () {              spider_page_0(this, 1, -2, 'numeric');              return false;            });            jQuery('.prev-page-0').on('click', function () {              spider_page_0(this, 1, -1, 'numeric');              return false;            });            jQuery('.next-page-0').on('click', function () {              spider_page_0(this, 1, 1, 'numeric');              return false;            });            jQuery('.last-page-0').on('click', function () {              spider_page_0(this, 1, 2, 'numeric');              return false;            });        \t\t\t\t\/* Change page on input enter. *\/        function bwg_change_page_0( e, that ) {          if (  e.key == 'Enter' ) {            var to_page = parseInt(jQuery(that).val());            var pages_count = jQuery(that).parents(\".pagination-links\").data(\"pages-count\");            var current_url_param = jQuery(that).attr('data-url-info');            if (to_page > pages_count) {              to_page = 1;            }\t \t\t\t\t\t\t\t\t\t\t\t\tspider_page_0(this, to_page, 0, 'numeric');\t\t\t\t\t\t\treturn false;\t\t\t\t\t\t          }          return true;        }        jQuery('.bwg_load_btn_0').on('click', function () {            spider_page_0(this, 1, 1, true);            return false;        });      <\/script>      <\/span>                <\/div>        <\/form>        <style>          #bwg_container1_0 #bwg_container2_0 #spider_popup_overlay_0 {          background-color: #000000;          opacity: 0.70;          }          <\/style>        <div id=\"bwg_spider_popup_loading_0\" class=\"bwg_spider_popup_loading\"><\/div>        <div id=\"spider_popup_overlay_0\" class=\"spider_popup_overlay\" onclick=\"spider_destroypopup(1000)\"><\/div>        <input type=\"hidden\" id=\"bwg_random_seed_0\" value=\"1712387061\">                <\/div>    <\/div>    <script>      if (document.readyState === 'complete') {        if( typeof bwg_main_ready == 'function' ) {          if ( jQuery(\"#bwg_container1_0\").height() ) {            bwg_main_ready(jQuery(\"#bwg_container1_0\"));          }        }      } else {        document.addEventListener('DOMContentLoaded', function() {          if( typeof bwg_main_ready == 'function' ) {            if ( jQuery(\"#bwg_container1_0\").height() ) {             bwg_main_ready(jQuery(\"#bwg_container1_0\"));            }          }        });      }    <\/script>    <\/p>\n<p><\/a><\/span><\/p>\n","protected":false},"excerpt":{"rendered":"<p>Nonsolomodanews&nbsp;ha il piacere di presentare ai propri lettori le ragazze che hanno partecipato alla finale nazionale del concorso&nbsp;Venere d&rsquo;Italia&nbsp;che si &egrave; svolto presso Resort Sant&rsquo;Angelo in Pimonte (NA) Iniziamo con la giovanissima&nbsp;Arianna Caputo Miss Nonsomodanews 2021.&nbsp; Ringraziamo Arianna e lo staff del concorso del Concorso Venere d&rsquo;Italia, augurando ai lettori di Nonsolomodanews buona lettura.&nbsp;<\/p>\n","protected":false},"author":1,"featured_media":22382,"comment_status":"open","ping_status":"open","sticky":false,"template":"","format":"standard","meta":{"rop_custom_images_group":[],"rop_custom_messages_group":[],"rop_publish_now":"initial","rop_publish_now_accounts":[],"rop_publish_now_history":[],"rop_publish_now_status":"pending","footnotes":""},"categories":[16],"tags":[8515,8946,281,1162,2071],"class_list":["post-22380","post","type-post","status-publish","format-standard","has-post-thumbnail","hentry","category-articolo","tag-8515","tag-arianna-caputo","tag-bruno-angelo-porcellana","tag-pietro-cortese","tag-venere-nonsolomodanews"],"_links":{"self":[{"href":"https:\/\/www.nonsolomodanews.it\/wordpress\/wp-json\/wp\/v2\/posts\/22380","targetHints":{"allow":["GET"]}}],"collection":[{"href":"https:\/\/www.nonsolomodanews.it\/wordpress\/wp-json\/wp\/v2\/posts"}],"about":[{"href":"https:\/\/www.nonsolomodanews.it\/wordpress\/wp-json\/wp\/v2\/types\/post"}],"author":[{"embeddable":true,"href":"https:\/\/www.nonsolomodanews.it\/wordpress\/wp-json\/wp\/v2\/users\/1"}],"replies":[{"embeddable":true,"href":"https:\/\/www.nonsolomodanews.it\/wordpress\/wp-json\/wp\/v2\/comments?post=22380"}],"version-history":[{"count":4,"href":"https:\/\/www.nonsolomodanews.it\/wordpress\/wp-json\/wp\/v2\/posts\/22380\/revisions"}],"predecessor-version":[{"id":22387,"href":"https:\/\/www.nonsolomodanews.it\/wordpress\/wp-json\/wp\/v2\/posts\/22380\/revisions\/22387"}],"wp:featuredmedia":[{"embeddable":true,"href":"https:\/\/www.nonsolomodanews.it\/wordpress\/wp-json\/wp\/v2\/media\/22382"}],"wp:attachment":[{"href":"https:\/\/www.nonsolomodanews.it\/wordpress\/wp-json\/wp\/v2\/media?parent=22380"}],"wp:term":[{"taxonomy":"category","embeddable":true,"href":"https:\/\/www.nonsolomodanews.it\/wordpress\/wp-json\/wp\/v2\/categories?post=22380"},{"taxonomy":"post_tag","embeddable":true,"href":"https:\/\/www.nonsolomodanews.it\/wordpress\/wp-json\/wp\/v2\/tags?post=22380"}],"curies":[{"name":"wp","href":"https:\/\/api.w.org\/{rel}","templated":true}]}}