{"id":2238,"date":"2013-09-19T20:55:53","date_gmt":"2013-09-19T20:55:53","guid":{"rendered":"http:\/\/nonsolomodanews.com\/?p=2238"},"modified":"2013-09-19T20:55:53","modified_gmt":"2013-09-19T20:55:53","slug":"intervista-con-laura-matucci-lalla-montana-una-fotomodella-bionda-estroversa-e-dinamica-da-veline-a-miss-italia-e-sempre-lalla-montana","status":"publish","type":"post","link":"https:\/\/www.nonsolomodanews.it\/wordpress\/intervista-con-laura-matucci-lalla-montana-una-fotomodella-bionda-estroversa-e-dinamica-da-veline-a-miss-italia-e-sempre-lalla-montana\/","title":{"rendered":"Intervista con Laura Matucci (Lalla Montana) Una fotomodella bionda estroversa e dinamica. Da Veline a Miss Italia \u00e8 sempre Lalla Montana."},"content":{"rendered":"<p style=\"text-align:justify;\"><strong>\n\t\t<style>\n\t\t\t#gallery-1 {\n\t\t\t\tmargin: auto;\n\t\t\t}\n\t\t\t#gallery-1 .gallery-item {\n\t\t\t\tfloat: left;\n\t\t\t\tmargin-top: 10px;\n\t\t\t\ttext-align: center;\n\t\t\t\twidth: 33%;\n\t\t\t}\n\t\t\t#gallery-1 img {\n\t\t\t\tborder: 2px solid #cfcfcf;\n\t\t\t}\n\t\t\t#gallery-1 .gallery-caption {\n\t\t\t\tmargin-left: 0;\n\t\t\t}\n\t\t\t\/* see gallery_shortcode() in wp-includes\/media.php *\/\n\t\t<\/style>\n\t\t<div id='gallery-1' class='gallery galleryid-2238 gallery-columns-3 gallery-size-thumbnail'><dl class='gallery-item'>\n\t\t\t<dt class='gallery-icon portrait'>\n\t\t\t\t<a href='https:\/\/www.nonsolomodanews.it\/wordpress\/3-4\/'><img loading=\"lazy\" decoding=\"async\" width=\"150\" height=\"150\" src=\"https:\/\/www.nonsolomodanews.it\/wordpress\/wp-content\/uploads\/2013\/09\/3-4-150x150.jpg\" class=\"attachment-thumbnail size-thumbnail\" alt=\"\" aria-describedby=\"gallery-1-2240\" \/><\/a>\n\t\t\t<\/dt>\n\t\t\t\t<dd class='wp-caption-text gallery-caption' id='gallery-1-2240'>\n\t\t\t\tLaura Matucci\n\t\t\t\t<\/dd><\/dl><dl class='gallery-item'>\n\t\t\t<dt class='gallery-icon landscape'>\n\t\t\t\t<a href='https:\/\/www.nonsolomodanews.it\/wordpress\/edit3\/'><img loading=\"lazy\" decoding=\"async\" width=\"150\" height=\"150\" src=\"https:\/\/www.nonsolomodanews.it\/wordpress\/wp-content\/uploads\/2013\/09\/edit3-150x150.jpg\" class=\"attachment-thumbnail size-thumbnail\" alt=\"\" aria-describedby=\"gallery-1-2248\" \/><\/a>\n\t\t\t<\/dt>\n\t\t\t\t<dd class='wp-caption-text gallery-caption' id='gallery-1-2248'>\n\t\t\t\tLaura Matucci\n\t\t\t\t<\/dd><\/dl><dl class='gallery-item'>\n\t\t\t<dt class='gallery-icon portrait'>\n\t\t\t\t<a href='https:\/\/www.nonsolomodanews.it\/wordpress\/12l\/'><img loading=\"lazy\" decoding=\"async\" width=\"150\" height=\"150\" src=\"https:\/\/www.nonsolomodanews.it\/wordpress\/wp-content\/uploads\/2013\/09\/12l-150x150.jpg\" class=\"attachment-thumbnail size-thumbnail\" alt=\"\" aria-describedby=\"gallery-1-2244\" \/><\/a>\n\t\t\t<\/dt>\n\t\t\t\t<dd class='wp-caption-text gallery-caption' id='gallery-1-2244'>\n\t\t\t\tLaura Matucci\n\t\t\t\t<\/dd><\/dl><br style=\"clear: both\" \/><dl class='gallery-item'>\n\t\t\t<dt class='gallery-icon portrait'>\n\t\t\t\t<a href='https:\/\/www.nonsolomodanews.it\/wordpress\/lallaaaa\/'><img loading=\"lazy\" decoding=\"async\" width=\"150\" height=\"150\" src=\"https:\/\/www.nonsolomodanews.it\/wordpress\/wp-content\/uploads\/2013\/09\/lallaaaa-150x150.jpeg\" class=\"attachment-thumbnail size-thumbnail\" alt=\"\" aria-describedby=\"gallery-1-2250\" \/><\/a>\n\t\t\t<\/dt>\n\t\t\t\t<dd class='wp-caption-text gallery-caption' id='gallery-1-2250'>\n\t\t\t\tLaura Matucci\n\t\t\t\t<\/dd><\/dl><dl class='gallery-item'>\n\t\t\t<dt class='gallery-icon landscape'>\n\t\t\t\t<a href='https:\/\/www.nonsolomodanews.it\/wordpress\/10-11\/'><img loading=\"lazy\" decoding=\"async\" width=\"150\" height=\"150\" src=\"https:\/\/www.nonsolomodanews.it\/wordpress\/wp-content\/uploads\/2013\/09\/10-11-150x150.jpg\" class=\"attachment-thumbnail size-thumbnail\" alt=\"\" aria-describedby=\"gallery-1-2243\" \/><\/a>\n\t\t\t<\/dt>\n\t\t\t\t<dd class='wp-caption-text gallery-caption' id='gallery-1-2243'>\n\t\t\t\tLaura Matucci\n\t\t\t\t<\/dd><\/dl><dl class='gallery-item'>\n\t\t\t<dt class='gallery-icon portrait'>\n\t\t\t\t<a href='https:\/\/www.nonsolomodanews.it\/wordpress\/407662_10151112735101851_1975901533_n\/'><img loading=\"lazy\" decoding=\"async\" width=\"150\" height=\"150\" src=\"https:\/\/www.nonsolomodanews.it\/wordpress\/wp-content\/uploads\/2013\/09\/407662_10151112735101851_1975901533_n-150x150.jpg\" class=\"attachment-thumbnail size-thumbnail\" alt=\"\" aria-describedby=\"gallery-1-2245\" \/><\/a>\n\t\t\t<\/dt>\n\t\t\t\t<dd class='wp-caption-text gallery-caption' id='gallery-1-2245'>\n\t\t\t\tLaura Matucci\n\t\t\t\t<\/dd><\/dl><br style=\"clear: both\" \/><dl class='gallery-item'>\n\t\t\t<dt class='gallery-icon landscape'>\n\t\t\t\t<a href='https:\/\/www.nonsolomodanews.it\/wordpress\/laur\/'><img loading=\"lazy\" decoding=\"async\" width=\"150\" height=\"150\" src=\"https:\/\/www.nonsolomodanews.it\/wordpress\/wp-content\/uploads\/2013\/09\/laur-150x150.jpg\" class=\"attachment-thumbnail size-thumbnail\" alt=\"\" aria-describedby=\"gallery-1-2252\" \/><\/a>\n\t\t\t<\/dt>\n\t\t\t\t<dd class='wp-caption-text gallery-caption' id='gallery-1-2252'>\n\t\t\t\tLaura Matucci\n\t\t\t\t<\/dd><\/dl><dl class='gallery-item'>\n\t\t\t<dt class='gallery-icon landscape'>\n\t\t\t\t<a href='https:\/\/www.nonsolomodanews.it\/wordpress\/8-2-2\/'><img loading=\"lazy\" decoding=\"async\" width=\"150\" height=\"150\" src=\"https:\/\/www.nonsolomodanews.it\/wordpress\/wp-content\/uploads\/2013\/09\/8-2-150x150.jpg\" class=\"attachment-thumbnail size-thumbnail\" alt=\"\" aria-describedby=\"gallery-1-2241\" \/><\/a>\n\t\t\t<\/dt>\n\t\t\t\t<dd class='wp-caption-text gallery-caption' id='gallery-1-2241'>\n\t\t\t\tLaura Matucci\n\t\t\t\t<\/dd><\/dl><dl class='gallery-item'>\n\t\t\t<dt class='gallery-icon portrait'>\n\t\t\t\t<a href='https:\/\/www.nonsolomodanews.it\/wordpress\/laura2\/'><img loading=\"lazy\" decoding=\"async\" width=\"150\" height=\"150\" src=\"https:\/\/www.nonsolomodanews.it\/wordpress\/wp-content\/uploads\/2013\/09\/laura2-150x150.jpg\" class=\"attachment-thumbnail size-thumbnail\" alt=\"\" aria-describedby=\"gallery-1-2253\" \/><\/a>\n\t\t\t<\/dt>\n\t\t\t\t<dd class='wp-caption-text gallery-caption' id='gallery-1-2253'>\n\t\t\t\tLaura Matucci\n\t\t\t\t<\/dd><\/dl><br style=\"clear: both\" \/><dl class='gallery-item'>\n\t\t\t<dt class='gallery-icon landscape'>\n\t\t\t\t<a href='https:\/\/www.nonsolomodanews.it\/wordpress\/lalla-fb4\/'><img loading=\"lazy\" decoding=\"async\" width=\"150\" height=\"150\" src=\"https:\/\/www.nonsolomodanews.it\/wordpress\/wp-content\/uploads\/2013\/09\/lalla-fb4-150x150.jpg\" class=\"attachment-thumbnail size-thumbnail\" alt=\"\" aria-describedby=\"gallery-1-2249\" \/><\/a>\n\t\t\t<\/dt>\n\t\t\t\t<dd class='wp-caption-text gallery-caption' id='gallery-1-2249'>\n\t\t\t\tLaura Matucci\n\t\t\t\t<\/dd><\/dl><dl class='gallery-item'>\n\t\t\t<dt class='gallery-icon portrait'>\n\t\t\t\t<a href='https:\/\/www.nonsolomodanews.it\/wordpress\/1146903_319650811483489_1842337380_o\/'><img loading=\"lazy\" decoding=\"async\" width=\"150\" height=\"150\" src=\"https:\/\/www.nonsolomodanews.it\/wordpress\/wp-content\/uploads\/2013\/09\/1146903_319650811483489_1842337380_o-150x150.jpg\" class=\"attachment-thumbnail size-thumbnail\" alt=\"\" aria-describedby=\"gallery-1-2247\" \/><\/a>\n\t\t\t<\/dt>\n\t\t\t\t<dd class='wp-caption-text gallery-caption' id='gallery-1-2247'>\n\t\t\t\tLaura Matucci\n\t\t\t\t<\/dd><\/dl><dl class='gallery-item'>\n\t\t\t<dt class='gallery-icon landscape'>\n\t\t\t\t<a href='https:\/\/www.nonsolomodanews.it\/wordpress\/1-2\/'><img loading=\"lazy\" decoding=\"async\" width=\"150\" height=\"150\" src=\"https:\/\/www.nonsolomodanews.it\/wordpress\/wp-content\/uploads\/2013\/09\/1-150x150.jpg\" class=\"attachment-thumbnail size-thumbnail\" alt=\"\" aria-describedby=\"gallery-1-2239\" \/><\/a>\n\t\t\t<\/dt>\n\t\t\t\t<dd class='wp-caption-text gallery-caption' id='gallery-1-2239'>\n\t\t\t\tLaura Matucci\n\t\t\t\t<\/dd><\/dl><br style=\"clear: both\" \/><dl class='gallery-item'>\n\t\t\t<dt class='gallery-icon landscape'>\n\t\t\t\t<a href='https:\/\/www.nonsolomodanews.it\/wordpress\/lallam\/'><img loading=\"lazy\" decoding=\"async\" width=\"150\" height=\"150\" src=\"https:\/\/www.nonsolomodanews.it\/wordpress\/wp-content\/uploads\/2013\/09\/lallam-150x150.jpg\" class=\"attachment-thumbnail size-thumbnail\" alt=\"\" aria-describedby=\"gallery-1-2251\" \/><\/a>\n\t\t\t<\/dt>\n\t\t\t\t<dd class='wp-caption-text gallery-caption' id='gallery-1-2251'>\n\t\t\t\tLaura Matucci\n\t\t\t\t<\/dd><\/dl><dl class='gallery-item'>\n\t\t\t<dt class='gallery-icon landscape'>\n\t\t\t\t<a href='https:\/\/www.nonsolomodanews.it\/wordpress\/969814_319200544861849_1009670586_n\/'><img loading=\"lazy\" decoding=\"async\" width=\"150\" height=\"150\" src=\"https:\/\/www.nonsolomodanews.it\/wordpress\/wp-content\/uploads\/2013\/09\/969814_319200544861849_1009670586_n-150x150.jpg\" class=\"attachment-thumbnail size-thumbnail\" alt=\"\" aria-describedby=\"gallery-1-2246\" \/><\/a>\n\t\t\t<\/dt>\n\t\t\t\t<dd class='wp-caption-text gallery-caption' id='gallery-1-2246'>\n\t\t\t\tLaura Matucci\n\t\t\t\t<\/dd><\/dl>\n\t\t\t<br style='clear: both' \/>\n\t\t<\/div>\n<\/p>\n<p><\/strong><\/p>\n<p>&nbsp;<\/p>\n<p><span style=\"color:#000000;\"><strong>Nonsolomodanews<\/strong> incontra Laura Matucci. Una ragazza \u201csemplice\u201d e semifinalista 2012 al concorso Veline.<\/span><\/p>\n<div id=\"attachment_2246\" style=\"width: 310px\" class=\"wp-caption alignleft\"><a href=\"http:\/\/nonsolomodanews.files.wordpress.com\/2013\/09\/969814_319200544861849_1009670586_n.jpg\"><img loading=\"lazy\" decoding=\"async\" aria-describedby=\"caption-attachment-2246\" class=\"size-medium wp-image-2246\" alt=\"Laura Matucci\" src=\"http:\/\/nonsolomodanews.files.wordpress.com\/2013\/09\/969814_319200544861849_1009670586_n.jpg?w=300\" width=\"300\" height=\"200\" srcset=\"https:\/\/www.nonsolomodanews.it\/wordpress\/wp-content\/uploads\/2013\/09\/969814_319200544861849_1009670586_n.jpg 720w, https:\/\/www.nonsolomodanews.it\/wordpress\/wp-content\/uploads\/2013\/09\/969814_319200544861849_1009670586_n-300x200.jpg 300w\" sizes=\"auto, (max-width: 300px) 100vw, 300px\" \/><\/a><p id=\"caption-attachment-2246\" class=\"wp-caption-text\">Laura Matucci<\/p><\/div>\n<p style=\"text-align:justify;\"><span style=\"color:#000000;\"><strong>Laura Matucci<\/strong> (Lalla Montana) \u00e8 una bionda ragazza bolognese con gli occhi marroni di 22 anni (23 il giorno di Natale). Un diploma di Ragioneria nel cassetto, lavora come modella &#8211; fotomodella &#8211; hostess e ragazza immagine dall&#8217;et\u00e0 di 17 anni. Una ragazza molto precoce in quanto quando andava a scuola lavorava gi\u00e0 nelle fiere, riuscendo a conciliare sia lo studio che il lavoro.<\/span><\/p>\n<p style=\"text-align:justify;\"><span style=\"color:#000000;\"><strong>Nonsolomodanews<\/strong> ha avuto l\u2019opportunit\u00e0 di conoscere di persona Laura Matucci alcuni mesi fa durante una sua attivit\u00e0 lavorativa presso uno stand alla Fiera di Bologna. A distanza di tempo abbiamo il piacere di presentare ai nostri lettori Laura e conoscerla meglio tramite una intervista non del tutto convenzionale ma che rispecchia molto il suo carattere.<\/span><\/p>\n<p style=\"text-align:justify;\"><span style=\"color:#000000;\">Ciao Laura e grazie della tua disponibilit\u00e0 ad essere intervistata.<\/span><\/p>\n<div id=\"attachment_2250\" style=\"width: 210px\" class=\"wp-caption alignright\"><a href=\"http:\/\/nonsolomodanews.files.wordpress.com\/2013\/09\/lallaaaa.jpeg\"><img loading=\"lazy\" decoding=\"async\" aria-describedby=\"caption-attachment-2250\" class=\"size-medium wp-image-2250\" alt=\"Laura Matucci\" src=\"http:\/\/nonsolomodanews.files.wordpress.com\/2013\/09\/lallaaaa.jpeg?w=200\" width=\"200\" height=\"300\" srcset=\"https:\/\/www.nonsolomodanews.it\/wordpress\/wp-content\/uploads\/2013\/09\/lallaaaa.jpeg 854w, https:\/\/www.nonsolomodanews.it\/wordpress\/wp-content\/uploads\/2013\/09\/lallaaaa-200x300.jpeg 200w, https:\/\/www.nonsolomodanews.it\/wordpress\/wp-content\/uploads\/2013\/09\/lallaaaa-683x1024.jpeg 683w\" sizes=\"auto, (max-width: 200px) 100vw, 200px\" \/><\/a><p id=\"caption-attachment-2250\" class=\"wp-caption-text\">Laura Matucci<\/p><\/div>\n<p style=\"text-align:justify;\"><span style=\"color:#000000;\"><b>Chi \u00e8 Laura Matucci<\/b>? <i>\u201cSono una ragazza estroversa e dinamica, mi piace sempre stare in movimento, conoscere gente e luoghi nuovi difatti adoro viaggiare, non come turista ma proprio come esploratrice, preferisco girare una citt\u00e0 per conto mio per vivere al meglio gli usi e i costumi del popolo. Non sono schizzinosa anzi, ho iniziato da molto piccola ad andare in giro per il mondo con mia madre e sono cresciuta con una grande capacit\u00e0 di adattamento. <\/i><i>Purtroppo per\u00f2 soffro molto di malinconie perch\u00e9 in molti posti e dopo aver conosciuto molte persone mi mancano davvero\u201d.<\/i><\/span><\/p>\n<p style=\"text-align:justify;\"><span style=\"color:#000000;\"><b>Ci vuoi parlare della tua esperienza al programma tv di Canale \u201cVeline\u201d?<\/b> <i>\u201cNel 2012 ho partecipato a &lt;&lt;Veline&gt;&gt; e sono arrivata in semifinale. Ho deciso di provare non tanto per arrivare dopo sono arrivata o pi\u00f9 avanti ma perch\u00e9 puntavo a farmi conoscere dato che comunque \u00e8 un programma\/vetrina. <\/i><i>Oltre all&#8217;esperienza che \u00e8 stata fantastica, perch\u00e9 mi sono molto divertita, ho conosciuto ragazze e realt\u00e0 diverse, ho raggiunto il mio scopo, le offerte di lavoro sono aumentate e quindi direi che \u00e8 stata anche un esperienza molto produttiva\u201d.<\/i><\/span><\/p>\n<div id=\"attachment_2245\" style=\"width: 210px\" class=\"wp-caption alignright\"><a href=\"http:\/\/nonsolomodanews.files.wordpress.com\/2013\/09\/407662_10151112735101851_1975901533_n.jpg\"><img loading=\"lazy\" decoding=\"async\" aria-describedby=\"caption-attachment-2245\" class=\"size-medium wp-image-2245 \" alt=\"Laura Matucci\" src=\"http:\/\/nonsolomodanews.files.wordpress.com\/2013\/09\/407662_10151112735101851_1975901533_n.jpg?w=200\" width=\"200\" height=\"300\" srcset=\"https:\/\/www.nonsolomodanews.it\/wordpress\/wp-content\/uploads\/2013\/09\/407662_10151112735101851_1975901533_n.jpg 640w, https:\/\/www.nonsolomodanews.it\/wordpress\/wp-content\/uploads\/2013\/09\/407662_10151112735101851_1975901533_n-200x300.jpg 200w\" sizes=\"auto, (max-width: 200px) 100vw, 200px\" \/><\/a><p id=\"caption-attachment-2245\" class=\"wp-caption-text\">Laura Matucci<\/p><\/div>\n<p style=\"text-align:justify;\"><span style=\"color:#000000;\"><b>Invece che esperienza hai avuto con il concorso di Miss Italia?<\/b> \u201c<i>Sempre lo stesso anno (2012) avevo iniziato le selezioni di Miss Italia, mi ero qualificata per le finali regionali ma da un momento all&#8217;altro mi sono accorta che ero stata eliminata perch\u00e9 stavo in contemporanea partecipando ad un altro concorso (Veline). Mi hanno eliminato a prescindere, senza chiedermi cosa preferivo continuare. Ma poco importa, la mia credibilit\u00e0 nei confronti di Miss Italia non \u00e8 bassa, non c&#8217;\u00e8 proprio\u201d.<\/i><\/span><\/p>\n<p style=\"text-align:justify;\"><span style=\"color:#000000;\"><b>Cosa cercano i fotografi da Laura Matucci?<\/b> <i>\u201cSolitamente i fotografi mi cercando perch\u00e9 interessati alle mie forme, curve morbide e quindi puntano sul mio fisico mentre io non voglio dare sempre un immagine di me &#8220;nuda&#8221;, non sono proprio quel genere di persona anzi, credo che mi si valorizzi di pi\u00f9 da vestita. Pertanto preferisco gli scatti glamour, tanto meglio se in esterna. Vorrei proprio far trasparire dalla foto la mia semplicit\u00e0, il fatto che sono una ragazza semplice, alla mano e che si diverte a fare quello che fa\u201d.<\/i><\/span><\/p>\n<p style=\"text-align:justify;\"><span style=\"color:#000000;\"><b>E che cosa cerca Laura dai fotografi?<\/b> <i>\u201cSicuramente cerco seriet\u00e0 da un fotografo, dato che dobbiamo praticamente restare da soli durante gli scatti voglio vivere in tranquillit\u00e0 sapendo che dall&#8217;altra parte c&#8217;\u00e8 una persona seria\u201d.<\/i><\/span><\/p>\n<div id=\"attachment_2241\" style=\"width: 310px\" class=\"wp-caption alignleft\"><a href=\"http:\/\/nonsolomodanews.files.wordpress.com\/2013\/09\/8-2.jpg\"><img loading=\"lazy\" decoding=\"async\" aria-describedby=\"caption-attachment-2241\" class=\"size-medium wp-image-2241\" alt=\"Laura Matucci\" src=\"http:\/\/nonsolomodanews.files.wordpress.com\/2013\/09\/8-2.jpg?w=300\" width=\"300\" height=\"201\" srcset=\"https:\/\/www.nonsolomodanews.it\/wordpress\/wp-content\/uploads\/2013\/09\/8-2.jpg 5715w, https:\/\/www.nonsolomodanews.it\/wordpress\/wp-content\/uploads\/2013\/09\/8-2-300x202.jpg 300w, https:\/\/www.nonsolomodanews.it\/wordpress\/wp-content\/uploads\/2013\/09\/8-2-1024x689.jpg 1024w, https:\/\/www.nonsolomodanews.it\/wordpress\/wp-content\/uploads\/2013\/09\/8-2-1080x726.jpg 1080w\" sizes=\"auto, (max-width: 300px) 100vw, 300px\" \/><\/a><p id=\"caption-attachment-2241\" class=\"wp-caption-text\">Laura Matucci<\/p><\/div>\n<p style=\"text-align:justify;\"><span style=\"color:#000000;\"><b>Che cosa fai per mantenerti in forma?<\/b> <i>\u201cPer mantenermi &#8220;in forma&#8221; (se cosi si pu\u00f2 dire) non faccio proprio niente e a mio parere si vede. (sorride). Sono davvero pigra, non c&#8217;\u00e8 nessuna forza suprema che mi aiuti a smuovermi\u201d.<\/i><\/span><\/p>\n<p style=\"text-align:justify;\"><span style=\"color:#000000;\"><b>Ma tu ti piaci come sei?<\/b> <i>\u201cAd essere sincera infatti non sono molto contenta del mio fisico, vorrei migliorarmi ma finch\u00e9 non trovo una spinta \u00e8 inutile che mi lamento di come sono\u201d.<\/i><\/span><\/p>\n<p style=\"text-align:justify;\"><span style=\"color:#000000;\"><b>Qual \u00e8 allora il tuo rapporto con il cibo?<\/b> \u201cNon sono nemmeno mai stata fissata (e mai lo sar\u00f2) con la dieta, mangio tutto quello che mi va di mangiare e mi piace anche cucinare\u201d.<\/span><\/p>\n<p style=\"text-align:justify;\"><span style=\"color:#000000;\"><b>Che cosa ti piace mangiare?<\/b> <i>\u201cAdoro la pizza ma sono succube dei dolci soprattutto se al cioccolato. Sono proprio una buongustaia\u201d. (sorride)<\/i><\/span><\/p>\n<p style=\"text-align:justify;\"><span style=\"color:#000000;\"><b>Da buongustaia ti consiglio il ristorante\/pizzeria \u201cIl Doge\u201d di via Caldarese, 5 in Bologna. Ottima pizza (e non solo) e ottimi dolci! \ud83d\ude42<\/b><\/span><\/p>\n<div id=\"attachment_2240\" style=\"width: 234px\" class=\"wp-caption aligncenter\"><a href=\"http:\/\/nonsolomodanews.files.wordpress.com\/2013\/09\/3-4.jpg\"><img loading=\"lazy\" decoding=\"async\" aria-describedby=\"caption-attachment-2240\" class=\"size-medium wp-image-2240\" alt=\"Laura Matucci\" src=\"http:\/\/nonsolomodanews.files.wordpress.com\/2013\/09\/3-4.jpg?w=224\" width=\"224\" height=\"300\" srcset=\"https:\/\/www.nonsolomodanews.it\/wordpress\/wp-content\/uploads\/2013\/09\/3-4.jpg 4656w, https:\/\/www.nonsolomodanews.it\/wordpress\/wp-content\/uploads\/2013\/09\/3-4-225x300.jpg 225w, https:\/\/www.nonsolomodanews.it\/wordpress\/wp-content\/uploads\/2013\/09\/3-4-767x1024.jpg 767w, https:\/\/www.nonsolomodanews.it\/wordpress\/wp-content\/uploads\/2013\/09\/3-4-1080x1442.jpg 1080w\" sizes=\"auto, (max-width: 224px) 100vw, 224px\" \/><\/a><p id=\"caption-attachment-2240\" class=\"wp-caption-text\">Laura Matucci<\/p><\/div>\n<p style=\"text-align:justify;\"><span style=\"color:#000000;\"><b>Quali sono i tuoi hobby?<\/b> <i>\u201cNon ho hobby particolari, mi piace la fotografia per l&#8217;appunto, non mi reputo per niente una fotografa ma mi piace che la passione per i viaggi si sposi bene con i ricordi fotografici\u201d.<\/i><\/span><\/p>\n<p style=\"text-align:justify;\"><span style=\"color:#000000;\"><b>e invece lavorativamente?<\/b> <i>\u201cDurante la settimana lavoro come indossatrice, faccio show room per alcuni negozi della provincia. E&#8217; diverso dal lavoro di fotomodella ma mi piace il fatto che con la mia figura possa aiutare l\u2019attivit\u00e0 commerciale facendo da &#8220;manichino&#8221; vivente\u201d.<\/i><\/span><\/p>\n<dl class=\"wp-caption alignright\" id=\"attachment_2245\" style=\"width:210px;\">\n<dt class=\"wp-caption-dt\"><a href=\"http:\/\/nonsolomodanews.files.wordpress.com\/2013\/09\/407662_10151112735101851_1975901533_n.jpg\"><img loading=\"lazy\" decoding=\"async\" class=\"size-medium wp-image-2245\" alt=\"Laura Matucci\" src=\"http:\/\/nonsolomodanews.files.wordpress.com\/2013\/09\/407662_10151112735101851_1975901533_n.jpg?w=200\" width=\"200\" height=\"300\" srcset=\"https:\/\/www.nonsolomodanews.it\/wordpress\/wp-content\/uploads\/2013\/09\/407662_10151112735101851_1975901533_n.jpg 640w, https:\/\/www.nonsolomodanews.it\/wordpress\/wp-content\/uploads\/2013\/09\/407662_10151112735101851_1975901533_n-200x300.jpg 200w\" sizes=\"auto, (max-width: 200px) 100vw, 200px\" \/><\/a><\/dt>\n<dd class=\"wp-caption-dd\">Laura Matucci<\/dd>\n<\/dl>\n<p style=\"text-align:justify;\"><span style=\"color:#000000;\"><b>Cosa significa per te essere fotomodella?<\/b> <i>\u201cEssere fotomodella significa anche espressivit\u00e0, riuscire a trasmettere con il viso, con lo sguardo delle sensazioni e se io sono in grado di riuscirci mi fa sicuramente molto piacere\u201d. <\/i><i>Il fatto che magari abbiano scelto me per alcune campagne pubblicitarie vuol dire anche che forse avevo quel qualcosa che magari altre non avevano, sensazioni che io sono riuscita ad esternare ed altre no\u201d.<\/i><\/span><\/p>\n<p style=\"text-align:justify;\"><span style=\"color:#000000;\"><b>Hai qualche modella\/fotomodella che ti ispiri?<\/b> <i>\u201cNon mi ispiro a nessuno, mi piacciono modelle come Adriana Lima o Irina Shayk ma non mi fossilizzo, non miro ad essere come loro tanto siamo tutte diverse, ognuna con i suoi pregi e difetti. Io sono nata cosi e di conseguenza devo pensare a me stessa e magari a migliorarmi per me\u201d.<\/i><\/span><\/p>\n<p style=\"text-align:justify;\"><span style=\"color:#000000;\"><b>Pensi di rimanere nell\u2019ambiente della moda quanto terminerai di fare la modella\/fotomodella?<\/b> <i>\u201cFare la fotomodella mi piace, mi piace quello che vedo di me attraverso le foto ma sto comunque cercando un altro lavoro, magari che mi permetta di girare il mondo e che quindi mi faccia sentire libera priva di schemi di vita monotona\u201d.<\/i><\/span><\/p>\n<div id=\"attachment_2252\" style=\"width: 310px\" class=\"wp-caption alignleft\"><a href=\"http:\/\/nonsolomodanews.files.wordpress.com\/2013\/09\/laur.jpg\"><img loading=\"lazy\" decoding=\"async\" aria-describedby=\"caption-attachment-2252\" class=\"size-medium wp-image-2252\" alt=\"Laura Matucci\" src=\"http:\/\/nonsolomodanews.files.wordpress.com\/2013\/09\/laur.jpg?w=300\" width=\"300\" height=\"200\" srcset=\"https:\/\/www.nonsolomodanews.it\/wordpress\/wp-content\/uploads\/2013\/09\/laur.jpg 960w, https:\/\/www.nonsolomodanews.it\/wordpress\/wp-content\/uploads\/2013\/09\/laur-300x200.jpg 300w\" sizes=\"auto, (max-width: 300px) 100vw, 300px\" \/><\/a><p id=\"caption-attachment-2252\" class=\"wp-caption-text\">Laura Matucci<\/p><\/div>\n<p style=\"text-align:justify;\"><span style=\"color:#000000;\"><b>Tu hai detto che sei molto obiettiva con te stessa e basta?<\/b> <b>\u201cSe c&#8217;\u00e8 una cosa che di me posso dire in piena sicurezza, \u00e8 che ho la sindrome di Peter Pan, vorrei restare giovane per sempre per non avere i classici problemi da adulti\u201d.\u00a0<\/b><\/span><\/p>\n<p style=\"text-align:justify;\"><span style=\"color:#000000;\"><b>Consiglieresti ad una ragazza di fare la modella\/fotomodella?<\/b><i> \u201cIo sinceramente, per quanto riguarda me stessa, sono molto obbiettiva, riconosco i miei limiti e i miei tantissimi difetti perci\u00f2 quello che consiglierei ad una ragazza che vuole iniziare magari a fare questo lavoro \u00e8 di essere sincera con se stessa, capire da sola se davvero \u00e8 una strada che pu\u00f2 intraprendere. Solo in questo modo non ci saranno illusioni e delusioni\u201d.<\/i><\/span><\/p>\n<p style=\"text-align:justify;\"><span style=\"color:#000000;\"><b>Grazie Laura.<\/b><\/span><\/p>\n","protected":false},"excerpt":{"rendered":"<p>&nbsp; Nonsolomodanews incontra Laura Matucci. Una ragazza &ldquo;semplice&rdquo; e semifinalista 2012 al concorso Veline. Laura Matucci (Lalla Montana) &egrave; una bionda ragazza bolognese con gli occhi marroni di 22 anni (23 il giorno di Natale). Un diploma di Ragioneria nel cassetto, lavora come modella &ndash; fotomodella &ndash; hostess e ragazza immagine dall&rsquo;et&agrave; di 17 anni. Una ragazza molto precoce in quanto quando andava a scuola lavorava gi&agrave; nelle fiere, riuscendo a conciliare sia lo studio che il lavoro. Nonsolomodanews ha avuto l&rsquo;opportunit&agrave; di conoscere di persona Laura Matucci alcuni mesi fa durante una sua attivit&agrave; lavorativa presso uno stand alla Fiera di Bologna. A distanza di tempo abbiamo il piacere di presentare ai nostri lettori Laura e conoscerla meglio tramite una intervista non del tutto convenzionale ma che rispecchia molto il suo carattere. Ciao Laura e grazie della tua disponibilit&agrave; ad essere intervistata. Chi &egrave; Laura Matucci? &ldquo;Sono una ragazza estroversa e dinamica, mi piace sempre stare in movimento, conoscere gente e luoghi nuovi difatti adoro viaggiare, non come turista ma proprio come esploratrice, preferisco girare una citt&agrave; per conto mio per vivere al meglio gli usi e i costumi del popolo. Non sono schizzinosa anzi, ho iniziato da molto [&hellip;]<\/p>\n","protected":false},"author":1,"featured_media":0,"comment_status":"open","ping_status":"open","sticky":false,"template":"","format":"standard","meta":{"rop_custom_images_group":[],"rop_custom_messages_group":[],"rop_publish_now":"initial","rop_publish_now_accounts":[],"rop_publish_now_history":[],"rop_publish_now_status":"pending","footnotes":""},"categories":[16],"tags":[556,588,722,808,1036,1099],"class_list":["post-2238","post","type-post","status-publish","format-standard","hentry","category-articolo","tag-fiera-di-bologna","tag-fotomodella","tag-hostess","tag-laura-matucci","tag-modella","tag-nonsolomodanews"],"_links":{"self":[{"href":"https:\/\/www.nonsolomodanews.it\/wordpress\/wp-json\/wp\/v2\/posts\/2238","targetHints":{"allow":["GET"]}}],"collection":[{"href":"https:\/\/www.nonsolomodanews.it\/wordpress\/wp-json\/wp\/v2\/posts"}],"about":[{"href":"https:\/\/www.nonsolomodanews.it\/wordpress\/wp-json\/wp\/v2\/types\/post"}],"author":[{"embeddable":true,"href":"https:\/\/www.nonsolomodanews.it\/wordpress\/wp-json\/wp\/v2\/users\/1"}],"replies":[{"embeddable":true,"href":"https:\/\/www.nonsolomodanews.it\/wordpress\/wp-json\/wp\/v2\/comments?post=2238"}],"version-history":[{"count":0,"href":"https:\/\/www.nonsolomodanews.it\/wordpress\/wp-json\/wp\/v2\/posts\/2238\/revisions"}],"wp:attachment":[{"href":"https:\/\/www.nonsolomodanews.it\/wordpress\/wp-json\/wp\/v2\/media?parent=2238"}],"wp:term":[{"taxonomy":"category","embeddable":true,"href":"https:\/\/www.nonsolomodanews.it\/wordpress\/wp-json\/wp\/v2\/categories?post=2238"},{"taxonomy":"post_tag","embeddable":true,"href":"https:\/\/www.nonsolomodanews.it\/wordpress\/wp-json\/wp\/v2\/tags?post=2238"}],"curies":[{"name":"wp","href":"https:\/\/api.w.org\/{rel}","templated":true}]}}