{"id":22340,"date":"2021-09-14T13:59:00","date_gmt":"2021-09-14T13:59:00","guid":{"rendered":"https:\/\/www.nonsolomodanews.it\/wordpress\/?p=22340"},"modified":"2021-09-14T13:59:00","modified_gmt":"2021-09-14T13:59:00","slug":"trend-e-bilancio-positivi-per-la-33a-edizione-di-sana","status":"publish","type":"post","link":"https:\/\/www.nonsolomodanews.it\/wordpress\/trend-e-bilancio-positivi-per-la-33a-edizione-di-sana\/","title":{"rendered":"TREND E BILANCIO POSITIVI PER LA 33\u00aa EDIZIONE DI SANA \u00a0"},"content":{"rendered":"<p align=\"center\"><span style=\"color: #000000;\"><b>Il Salone internazionale del biologico e del naturale che\u00a0 <\/b><b>lancia nuove iniziative e progetti in Italia e all\u2019estero\u00a0<\/b><b> \u00a0<\/b><b>Sfiorate le 50.000 presenze in Fiera\u00a0<\/b><b><img loading=\"lazy\" decoding=\"async\" class=\"size-medium wp-image-22291 alignleft\" src=\"https:\/\/www.nonsolomodanews.it\/wordpress\/wp-content\/uploads\/2021\/09\/Sana-fiera-2021-768x542-1-300x212.jpeg\" alt=\"\" width=\"300\" height=\"212\" srcset=\"https:\/\/www.nonsolomodanews.it\/wordpress\/wp-content\/uploads\/2021\/09\/Sana-fiera-2021-768x542-1-300x212.jpeg 300w, https:\/\/www.nonsolomodanews.it\/wordpress\/wp-content\/uploads\/2021\/09\/Sana-fiera-2021-768x542-1.jpeg 768w\" sizes=\"auto, (max-width: 300px) 100vw, 300px\" \/><\/b><\/span><\/p>\n<p><span style=\"color: #000000;\">Nella prima edizione post pandemia &#8211; che si \u00e8 tenuta dal 9 al 12 settembre 2021 &#8211; in contemporanea con Cosmofarma Reazione e OnBeauty by Cosmoprof &#8211; SANA 2021 ha registrato ottimismo e grande dinamicit\u00e0 da parte degli espositori e degli operatori professionali\/buyer intervenuti in fiera che hanno evidenziato l\u2019esigenza e la volont\u00e0 di tornare a incontrarsi in presenza. \u00a0<\/span><\/p>\n<p><span style=\"color: #000000;\"><!--more--><\/span><\/p>\n<p><span style=\"color: #000000;\">La contemporaneit\u00e0 con gli altri due eventi ha valorizzato nuove sinergie fra il mondo del biologico e i settori merceologici degli altri due eventi in svolgimento, sviluppando nuovi contatti commerciali e opportunit\u00e0 di business. Ad accogliere gli operatori,\u00a0<b>circa 50.000 fra buyer, distributori e professionisti che hanno partecipato alle iniziative in presenza e digitali, una grande piattaforma\u00a0<\/b><b>espositiva con 1.150 brand \u2013 600 riferiti a SANA &#8211; e 10 padiglioni espositivi.\u00a0<\/b><\/span><\/p>\n<p><span style=\"color: #000000;\"><b>Trend e bilancio positivi e nuove iniziative per sviluppare nuovi business\u00a0<\/b><\/span><\/p>\n<p><span style=\"color: #000000;\">Il dinamismo negli scambi commerciali, i trend di mercato emersi dall\u2019<b>Osservatorio SANA<\/b>\u00a0(presentato in apertura di manifestazione, nell\u2019ambito di Rivoluzione Bio gli Stati generali del biologico) e degli altri numerosi momenti di confronto hanno evidenziato, nel post pandemia, una ancor maggiore sensibilit\u00e0 verso l\u2019ambiente e un concetto di wellness che coinvolge un numero sempre pi\u00f9 ampio di interlocutori.\u00a0<\/span><\/p>\n<p><span style=\"color: #000000;\">Una tendenza che si concretizza in un valore del mercato Bio che, in Italia, si \u00e8 attestato nel 2020 a 4.573 mln di euro e un export di bio\u00a0<i>made in Italy<\/i>\u00a0sui mercati internazionali pari a oltre 2.900 mln di euro.\u00a0<\/span><\/p>\n<p><span style=\"color: #000000;\">Nascono anche per dare risposte a questo nuovo scenario, in rapida evoluzione, alcune nuove iniziative che SANA 2021 ha presentato in questa edizione e di prossima realizzazione.\u00a0<\/span><\/p>\n<p><span style=\"color: #000000;\"><b>Internazionalizzazione: SANA lancia SANA BUSINESS DAYS ad Amburgo\u00a0<\/b><\/span><\/p>\n<p><span style=\"color: #000000;\">Si ampliano le azioni a sostegno dell\u2019internazionalizzazione delle imprese del bio con la nuova iniziativa\u00a0<b>SANA BUSINESS DAYS,<\/b>\u00a0<b>che nel mese di giugno 2022 \u2013 il 23 e il 24 \u2013 si terr\u00e0 ad Amburgo<\/b>; un progetto dedicato agli operatori del settore (produttori e distributori) interessati ad ampliare i loro contatti commerciali in Germania, Austria e Svizzera.\u00a0\u00a0\u00a0<\/span><\/p>\n<p><span style=\"color: #000000;\">Il mercato tedesco \u00e8, oggi, l\u2019area di maggior interesse in Europa per la cosmesi naturale, con un volume pari a 1.38 miliardi di euro (dato 2019) e un indice di crescita che si attesta al 9%. \u00a0<\/span><\/p>\n<p><span style=\"color: #000000;\">SANA BUSINESS DAYS sono organizzati da BolognaFiere in collaborazione con Health and Beauty, media company del Gruppo BolognaFiere, con sede in Germania, organizzatore di 14 manifestazioni\/eventi in Europa. Forte l\u2019interesse espresso dalle imprese del settore beauty verso la nuova iniziativa che apre le porte a mercati che offrono grandi opportunit\u00e0 commerciali; oltre il 70% delle imprese del settore care&amp;Beauty ha dichiarato di essere interessato a partecipare all\u2019evento.\u00a0<\/span><\/p>\n<p><span style=\"color: #000000;\">Sempre in chiave di internazionalizzazione, ma per settore Food, SANA 2021 ha visto la definizione di una ancor pi\u00f9 stretta collaborazione fra BolognaFiere, FederBio e Naturland (ente certificatore tedesco) per la promozione del bio italiano sui mercati esteri.; un altro contributo per valorizzare la qualit\u00e0 dei prodotti nazionali, supportando le strategie di marketing e di export dei nostri produttori.\u00a0<\/span><\/p>\n<p><span style=\"color: #000000;\">Ottime, quindi, anche le prospettive per l\u2019area FOOD le cui aziende specializzate nella produzione e distribuzione di alimenti bio ripartono dal bilancio in positivo di SANA lasciandosi definitivamente alle spalle le difficolt\u00e0 legate alla pandemia, aprendosi con ancora maggior dinamismo a nuovi mercati e potenziando ulteriormente i canali di vendita on line.\u00a0<\/span><\/p>\n<p><span style=\"color: #000000;\">Apprezzato, dagli operatori, il lancio di\u00a0<b>SANATECH<\/b>, il\u00a0Salone professionale dedicato alla filiera della produzione agroalimentare, zootecnica e del benessere, biologica ed ecosostenibile. Promosso da\u00a0<i>BolognaFiere<\/i>, con il sostegno di\u00a0<i>FederBio Servizi\u00a0<\/i>e la segreteria tecnico-scientifica di\u00a0<i>Avenue Media<\/i>, SANATECH ha offerto importanti momenti di riflessione su temi chiave per il comparto, dalla sostenibilit\u00e0 del packaging al bio-controllo evidenziando l\u2019esigenza di un momento di confronto esteso a livello di filiera.\u00a0<\/span><\/p>\n<p><span style=\"color: #000000;\">Numeri positivi anche per tutte le altre iniziative e per la prima edizione di\u00a0<b>SANA DIGITAL<\/b>\u00a0che, dall\u20191 all\u20198 settembre ha anticipato, con una fitta agenda di incontri, i contatti fra operatori nazionali e internazionali e gli espositori.\u00a0<\/span><\/p>\n<p><span style=\"color: #000000;\"><a style=\"color: #000000;\">\u201c<i>Abbiamo avuto conferma, con soddisfazione, della forte determinazione di ripresa delle imprese che sono tornate in Fiera dopo questo lungo periodo di interruzione delle attivit\u00e0 in presenza, confermandoci la loro fiducia<\/i>\u00a0\u2013 ha dichiarato\u00a0<\/a><b>Gianpiero Calzolari, presidente BolognaFiere<\/b>\u00a0-. A loro va il primo ringraziamento che estendiamo\u00a0<i>ai partner storici, Cosmetica Italia, FederBio, AssoBio e ICE (per il supporto nella promozione sui mercati internazionali) e alla citt\u00e0 che si \u00e8 stretta attorno alla sua Fiera per una ripartenza in totale sicurezza delle attivit\u00e0. Oggi, con ancora maggior determinazione siamo accanto alle nostre imprese per sostenerle nel rilancio e per rafforzarne la presenza sui mercati esteri anche con nuove iniziative e collaborazioni strategiche in termini di internazionalizzazione. Il biologico e la sostenibilit\u00e0 sono stati il filo conduttore di un dialogo che ha coinvolto anche le altre due manifestazioni in svolgimento contemporaneamente a SANA, evidenziando la crescente attenzione di produttori, industrie e consumatori ai temi ambientali\u201d.<\/i>\u00a0<\/span><\/p>\n<p><span style=\"color: #000000;\"><i>\u201c<\/i><i>Lo scorso anno, SANA \u00e8 stato l\u2019unico appuntamento fieristico in presenza di tutto l\u2019anno. Il fatto che nel 2021 il Salone del biologico e del naturale si sia svolto insieme a OnBeauty e Cosmofarma\u00a0<\/i>\u2013 commenta\u00a0<b>Renato Ancorotti, presidente di Cosmetica Italia<\/b>\u00a0<i>\u2013 credo sia un bellissimo segnale di una ripartenza che finalmente sembra prendere il giusto slancio. Non solo. Per chi come noi del mondo della cosmesi, vive e lavora a cavallo tra diversi settori e canali di distribuzione, un triplo appuntamento come questo \u00e8 il chiaro emblema di una sinergia virtuosa che sar\u00e0 indispensabile portare avanti per affrontare la ripresa con successo. Nello specifico, a Sana abbiamo portato avanti una riflessione sui cosmetici a connotazione naturale e sostenibile, che costituiscono, a livello nazionale, un fenomeno da oltre 1,6 miliardi di euro\u201d.<\/i><i>\u00a0<\/i><\/span><\/p>\n<p><span style=\"color: #000000;\"><i>\u201cSANA e Rivoluzione Bio 2021 hanno dato il segnale positivo della ripartenza e\u00a0<\/i><i>sono state occasione per fare il punto sul settore, facendo emergere il trend costante di crescita sia nella produzione che nel mercato, con un balzo notevole dell&#8217;export \u2013 ha dichiarato\u00a0<\/i><b>Maria Grazia Mammuccini, Presidente FederBio<\/b><i>\u00a0-. Tutti segni positivi che evidenziano una crescita strutturale. Ma ha fatto emergere anche le criticit\u00e0 che dobbiamo affrontare rapidamente se vogliamo cogliere le opportunit\u00e0 di questa fase nella quale i cittadini scelgono sempre di pi\u00f9 i prodotti biologici e l\u2019Europa punta in maniera determinata sul bio. Servono scelte politiche\u00a0<\/i><i>chiare, coraggiose,\u00a0<\/i><i>che investano nel biologico per supportare la transizione ecologica dell\u2019agricoltura italiana a partire dal Piano Strategico Nazionale della PAC con l\u2019obiettivo del 30% di superficie coltivata a bio al 2027, all\u2019approvazione definitiva della legge e all\u2019elaborazione del Piano d\u2019Azione Nazionale sul biologico<\/i>\u201d.\u00a0<\/span><\/p>\n<p><span style=\"color: #000000;\"><i>&#8220;In chiave di sostenibilit\u00e0 economica, ambientale e sociale, nell\u2019ultimo anno il ruolo del biologico si \u00e8 rafforzato grazie ad un mercato estremamente ricettivo verso i prodotti bio e di origine italiana.\u00a0Questo ha attribuito uno speciale significato all\u2019edizione 2021 di SANA\u00a0<\/i>\u2013 ha dichiarato\u00a0<b>Roberto Zanoni, Presidente AssoBio<\/b>\u00a0&#8211;<i>, a pochi mesi dall\u2019approvazione in Senato della legge sull\u2019agricoltura biologica, che adesso attende il passaggio alla Camera. Il grande interesse per il mondo del biologico, oltre ad essere l\u2019espressione di un settore solido e con ampie possibilit\u00e0 di crescita, \u00e8 anche l\u2019affermazione della volont\u00e0 sempre pi\u00f9 frequente da parte dei consumatori di scegliere biologico e condividere i valori da esso veicolati. Dimostrazione di questa volont\u00e0 \u00e8 stata l&#8217;affluenza ai convegni organizzati da AssoBio: il convegno &#8220;Food: Packaging&amp;Bio &#8211; Indagine AssoBio sul packaging sostenibile&#8221; ha sottolineato l&#8217;importanza del binomio prodotto-packaging sostenibile come aspetto fondamentale di coerenza, che il consumatore ha compreso a pieno e che ormai si aspetta. Le nostre aziende hanno sposato questa missione e durante questa edizione di SANA lo hanno dimostrato con la loro esperienza e i numeri&#8221;.\u00a0<\/i>\u00a0<\/span><\/p>\n<p align=\"center\"><span style=\"color: #000000;\"><b>SANA, salone internazionale del biologico e del naturale<\/b>\u00a0<b>d\u00e0 appuntamento\u00a0 <\/b><b>alla business community, a Bologna, dall\u20198 all\u201911 settembre 2022.\u00a0<\/b><\/span><\/p>\n<p align=\"center\"><span style=\"color: #000000;\">Testo e immagini a cura Ufficio Stampa Bologna Fiere &amp; Sana<\/span><br \/>\n<span style=\"color: #000000;\">Tutti i diritti riservati \u00a9 2021\u2013 Email: nonsolomodanews@gmail.com<\/span><\/p>\n","protected":false},"excerpt":{"rendered":"<p>Il Salone internazionale del biologico e del naturale che&nbsp; lancia nuove iniziative e progetti in Italia e all&rsquo;estero&nbsp; &nbsp;Sfiorate le 50.000 presenze in Fiera&nbsp; Nella prima edizione post pandemia &ndash; che si &egrave; tenuta dal 9 al 12 settembre 2021 &ndash; in contemporanea con Cosmofarma Reazione e OnBeauty by Cosmoprof &ndash; SANA 2021 ha registrato ottimismo e grande dinamicit&agrave; da parte degli espositori e degli operatori professionali\/buyer intervenuti in fiera che hanno evidenziato l&rsquo;esigenza e la volont&agrave; di tornare a incontrarsi in presenza. &nbsp;<\/p>\n","protected":false},"author":1,"featured_media":22290,"comment_status":"open","ping_status":"open","sticky":false,"template":"","format":"standard","meta":{"rop_custom_images_group":[],"rop_custom_messages_group":[],"rop_publish_now":"initial","rop_publish_now_accounts":[],"rop_publish_now_history":[],"rop_publish_now_status":"pending","footnotes":""},"categories":[16],"tags":[281,1099,1265],"class_list":["post-22340","post","type-post","status-publish","format-standard","has-post-thumbnail","hentry","category-articolo","tag-bruno-angelo-porcellana","tag-nonsolomodanews","tag-sana"],"_links":{"self":[{"href":"https:\/\/www.nonsolomodanews.it\/wordpress\/wp-json\/wp\/v2\/posts\/22340","targetHints":{"allow":["GET"]}}],"collection":[{"href":"https:\/\/www.nonsolomodanews.it\/wordpress\/wp-json\/wp\/v2\/posts"}],"about":[{"href":"https:\/\/www.nonsolomodanews.it\/wordpress\/wp-json\/wp\/v2\/types\/post"}],"author":[{"embeddable":true,"href":"https:\/\/www.nonsolomodanews.it\/wordpress\/wp-json\/wp\/v2\/users\/1"}],"replies":[{"embeddable":true,"href":"https:\/\/www.nonsolomodanews.it\/wordpress\/wp-json\/wp\/v2\/comments?post=22340"}],"version-history":[{"count":2,"href":"https:\/\/www.nonsolomodanews.it\/wordpress\/wp-json\/wp\/v2\/posts\/22340\/revisions"}],"predecessor-version":[{"id":22342,"href":"https:\/\/www.nonsolomodanews.it\/wordpress\/wp-json\/wp\/v2\/posts\/22340\/revisions\/22342"}],"wp:featuredmedia":[{"embeddable":true,"href":"https:\/\/www.nonsolomodanews.it\/wordpress\/wp-json\/wp\/v2\/media\/22290"}],"wp:attachment":[{"href":"https:\/\/www.nonsolomodanews.it\/wordpress\/wp-json\/wp\/v2\/media?parent=22340"}],"wp:term":[{"taxonomy":"category","embeddable":true,"href":"https:\/\/www.nonsolomodanews.it\/wordpress\/wp-json\/wp\/v2\/categories?post=22340"},{"taxonomy":"post_tag","embeddable":true,"href":"https:\/\/www.nonsolomodanews.it\/wordpress\/wp-json\/wp\/v2\/tags?post=22340"}],"curies":[{"name":"wp","href":"https:\/\/api.w.org\/{rel}","templated":true}]}}