{"id":21461,"date":"2021-03-11T18:02:20","date_gmt":"2021-03-11T18:02:20","guid":{"rendered":"https:\/\/www.nonsolomodanews.it\/wordpress\/?p=21461"},"modified":"2021-03-11T18:37:27","modified_gmt":"2021-03-11T18:37:27","slug":"15-marzo-2021-giornata-nazionale-del-fiocco-viola","status":"publish","type":"post","link":"https:\/\/www.nonsolomodanews.it\/wordpress\/15-marzo-2021-giornata-nazionale-del-fiocco-viola\/","title":{"rendered":"15 marzo 2021, giornata nazionale del fiocco viola"},"content":{"rendered":"<p><img loading=\"lazy\" decoding=\"async\" class=\"size-medium wp-image-21462\" src=\"https:\/\/www.nonsolomodanews.it\/wordpress\/wp-content\/uploads\/2021\/03\/unnamed-2-225x300.jpg\" alt=\"\" width=\"225\" height=\"300\" srcset=\"https:\/\/www.nonsolomodanews.it\/wordpress\/wp-content\/uploads\/2021\/03\/unnamed-2-225x300.jpg 225w, https:\/\/www.nonsolomodanews.it\/wordpress\/wp-content\/uploads\/2021\/03\/unnamed-2.jpg 480w\" sizes=\"auto, (max-width: 225px) 100vw, 225px\" \/><\/p>\n<p><span style=\"color: #000000;\">Promossa per la prima volta nel 2012 e istituzionalizzata con la direttiva del presidente del Consiglio Gentiloni dell\u20198 maggio 2018 e pubblicato sulla Gazzetta Ufficiale il 19 giugno dello stesso anno, \u00e8 stato indetta la \u00a0<strong>\u00abGiornata nazionale del fiocchetto lilla (o fiocco viola) dedicata ai disturbi del comportamento alimentare\u00bb<\/strong>. Su questo importante tema che tocca moltissime famiglie,\u00a0<strong> Nonsolomodanews<\/strong> ha intervistato due ragazze, <strong>Alessia Brina e Sofia Stanganello<\/strong>, che hanno voluto rappresentare un mondo, quello della moda, sulla base di due tipologie di fisicit\u00e0 opposte mediante un progetto video che verr\u00e0 pubblicato sul profilo instagram di <a style=\"color: #000000;\" href=\"https:\/\/www.instagram.com\/alessiabrina\/\">Alessia Brina<\/a> il 15 marzo e condiviso da questa testata sul proprio profilo<a style=\"color: #000000;\" href=\"https:\/\/www.instagram.com\/nonsolomodanews\/\"> instagram<\/a>. Ringraziamo Alessia e Sofia per questa doppia intervista. Chiediamo alle nostre lettrici e ai nostri lettori, di dirci la loro inviandoci una email.<\/span><\/p>\n<p><span style=\"color: #000000;\"><!--more--><\/span><\/p>\n<p><span style=\"color: #000000;\"><strong>Ciao Alessia e Sofia. Benvenute su Nonsolomodanews. Una piccola presentazione. <\/strong><\/span><br \/>\n<span style=\"color: #000000;\"><strong>A<\/strong><em>: \u201cCiao, mi chiamo Alessia Brina ho 22 anni e vengo dalla provincia di Bologna, ma credo che molti di voi mi conoscono gi\u00e0 in quanto ho collaborato con Nonsolomodanews altre volte.<\/em><\/span><br \/>\n<span style=\"color: #000000;\"><strong>S<\/strong><em>: \u201cCiao, mi chiamo Sofia Stanganello e ho ventuno anni, abito in un paese della provincia di Bologna\u201d.<\/em><\/span><\/p>\n<p><span style=\"color: #000000;\"><strong>Di cosa parla questo progetto che avete deciso di realizzare?<\/strong><\/span><br \/>\n<span style=\"color: #000000;\"><strong>A<\/strong><em>: \u201cQuesto piccolo progetto \u00e9 strutturato principalmente in un video, dove io e la mia amica Sofia abbiamo deciso di rappresentare la moda sulla base di due tipologie di fisicit\u00e0 opposte, e allo stesso tempo sensibilizzare le persone sul Body Shaming <\/em><strong>(Treccani &#8211; Il fatto di deridere qualcuno per il suo aspetto fisico ndr)<\/strong><em>\u00a0 e sulle conseguenze che ci\u00f2 comporta, non a caso abbiamo deciso di pubblicare questo progetto sul mio profilo Instagram il 15 Marzo 2021, in occasione della Giornata Nazionale dei disturbi alimentari anche nota come &lt;&lt;Giornata del Fiocco Viola&gt;&gt;\u201d.<\/em><\/span><br \/>\n<span style=\"color: #000000;\"><strong>S<\/strong><em>: \u201cIl nostro progetto, parla dell\u2019accettazione e delle varie tipologie di fisicit\u00e0, come il mio e quello della mia amica Alessia, dove non sono a confronto ma sono sull stesso livello. Perci\u00f2 abbiamo deciso di vestirci praticamente uguali, per valorizzare entrambe, con difetti e pregi che accettiamo\u201d.<\/em><\/span><\/p>\n<p><img loading=\"lazy\" decoding=\"async\" class=\"size-medium wp-image-21465 aligncenter\" src=\"https:\/\/www.nonsolomodanews.it\/wordpress\/wp-content\/uploads\/2021\/03\/unnamed-1-225x300.jpg\" alt=\"\" width=\"225\" height=\"300\" srcset=\"https:\/\/www.nonsolomodanews.it\/wordpress\/wp-content\/uploads\/2021\/03\/unnamed-1-225x300.jpg 225w, https:\/\/www.nonsolomodanews.it\/wordpress\/wp-content\/uploads\/2021\/03\/unnamed-1.jpg 480w\" sizes=\"auto, (max-width: 225px) 100vw, 225px\" \/><\/p>\n<p><span style=\"color: #000000;\"><strong>Come \u00e8 nata questa tipologia di video?<\/strong><\/span><br \/>\n<span style=\"color: #000000;\"><strong>A<\/strong><em>: \u201cQuesto video \u00e9 nato sulla base delle nostre esperienze, volevamo creare qualcosa di semplice e spensierato ma che allo stesso tempo facesse riflettere tutte le persone che l\u2019avrebbero guardato\u201d.<\/em><\/span><br \/>\n<span style=\"color: #000000;\"><strong>S<\/strong><em>: \u201c\u00c9 nato tutto da un idea che volevamo portare avanti, perch\u00e9 molte persone non accettano il proprio corpo, e vogliamo dire loro di accertarsi\u201d.<\/em><\/span><\/p>\n<p><span style=\"color: #000000;\"><strong>Qual \u00e8 il messaggio che volete trasmettere?<\/strong><\/span><br \/>\n<span style=\"color: #000000;\"><strong>A<\/strong><em>: \u201cIl messaggio principale di questo video \u00e9 che, nonostante io e Sofia abbiamo due fisici diversi possiamo vestirci allo stesso modo senza vergogna di come si \u00e8, il che si pu\u00f2 definire anche come un messaggio di uguaglianza e di accettazione di s\u00e9\u201d.<\/em><\/span><br \/>\n<span style=\"color: #000000;\"><strong>S<\/strong><em>: \u201cPenso che il messaggio che vogliamo trasmettere sia una cosa molto importante nella societ\u00e0 d\u2019oggi, perch\u00e9 non \u00e8 facile e si viene derisi per tutto. E sembra sempre scontato accettarsi ma purtroppo non lo \u00e8, ovviamente bisogna avere uno stile di vita sano, ma per molti \u00e8 difficile, quindi basta andare a piccoli passi, e si pu\u00f2 arrivare lontano\u201d.<\/em><\/span><\/p>\n<p><span style=\"color: #000000;\"><strong>Quando andate nei negozi vi trovate in difficolt\u00e0 a trovare il capo giusto per la vostra fisicit\u00e0?<\/strong><\/span><br \/>\n<span style=\"color: #000000;\"><strong>A<\/strong><em>: Generalmente no, per\u00f2 in alcuni negozi magari anche la taglia pi\u00f9 piccola (soprattutto per quel che riguarda gonne e pantaloni) mi sta leggermente grande, quindi non mi veste come dovrebbe. In alcuni siti internet, invece, sono state sviluppate sezioni apposta per le curvy e per le petite, in modo da soddisfare ogni fisicit\u00e0 e non andare incontro a queste problematiche\u201d.<\/em><\/span><br \/>\n<span style=\"color: #000000;\"><strong>S<\/strong><em>: \u201cSe devo essere sincera \u00e8 sempre complicato trovare il capo giusto, io ad esempio ho il fisico a clessidra, e sono comunque una ragazza in carne, e diciamo che non \u00e8 sempre semplice trovare qualcosa che sia adatto al mio fisico. Per\u00f2 nell\u2019ultimo periodo ho notato che molti negozi si stanno organizzando nel ampliare la disponibilit\u00e0 di capi e le taglie come anche \u00a0sui siti d\u2019abbigliamento online\u201d.<\/em><\/span><\/p>\n<p><span style=\"color: #000000;\"><strong>Qual\u2019\u00e8 la vostra opinione sul body shaming?<\/strong><\/span><br \/>\n<span style=\"color: #000000;\"><strong>A<\/strong><em>: \u201cIl body Shaming consiste nel fare sentire diversa una persona per la sua forma fisica, e in molti casi deriderla.\u00a0 Spesso si crede che sia un argomento che tocca solo le Curvy o le Plus Size ma la verit\u00e0 \u00e8 che anche dire a una persona magra che deve mangiare, che \u00e8 solo ossa e altre frasi simili \u00e8 considerato Body Shaming, ed \u00e8 un argomento che vale sia per il sesso maschile che per quello femminile, quindi ci riguarda un po\u2019 tutti\u201d.<\/em><\/span><br \/>\n<span style=\"color: #000000;\"><strong>S<\/strong><em>: \u201cCome argomento penso sia vastissimo, perch\u00e9 la maggior parte della gente pensa che siano solo le ragazze in carne ad essere colpite, ma in realt\u00e0 anche molto ragazze pi\u00f9 magre vengono colpite, alcune volte sono commenti veramente offensivi su parti del corpo come per esempio&lt;&lt;seno piccolo&gt;&gt; o &lt;&lt;seno troppo grande&gt;&gt; . Alla gente non andr\u00e0 mai bene nulla, e sapranno solo offendere\u201d.<\/em><\/span><\/p>\n<p><span style=\"color: #000000;\"><strong>In cosa consiste il &lt;&lt;movimento body positive&gt;&gt;?<\/strong><\/span><br \/>\n<span style=\"color: #000000;\"><strong>A<\/strong><em>: \u201cIn questo movimento il messaggio principale \u00e8 quello dell\u2019accettazione, non siamo la taglia che indossiamo e oltre all\u2019aspetto fisico c\u2019\u00e8 molto di pi\u00f9. Ogni fisicit\u00e0 ha i suoi punti di forza e una persona che si piace riesce ad acquistare molta sicurezza in s\u00e8 stessa. <\/em><em>Sempre per questo motivo molte case di moda hanno integrato le modelle Curvy e le Petite, per abbattere gli standard della fisicit\u00e0 perfetta, che non \u00e8 mai esistita realmente ma \u00e8 stato uno standard autoimposto da molti brand\u201d.<\/em><\/span><br \/>\n<span style=\"color: #000000;\"><strong>S<\/strong><em>: \u201cPenso che come &lt;&lt;movimento&gt;&gt; si stia per fortuna allargando, e vedere che ci sono molte persone all\u2019opera per far s\u00ec che non solo le persone si accettino, ma che facciano dei loro difetti i loro pregi penso che non ci siano parole per spiegarne la felicit\u00e0\u201d.<\/em><\/span><\/p>\n<p><span style=\"color: #000000;\"><strong>Che consiglio dareste a tutte quelle persone che si sentono a disagio a confrontarsi con persone con una diversa fisicit\u00e0?<\/strong><\/span><br \/>\n<span style=\"color: #000000;\"><strong>A<\/strong><em>: \u201cNessuno vale meno di nessuno solamente per una taglia scritta su un\u2019etichetta, nessuno puo\u2019 dire chi sei solo per la tua fisicit\u00e0. Tutti siamo diversi, ognuno ha la sua storia e le sue problematiche, e so\u2019 che \u00e8 una frase fatta ma nessuno \u00e8 perfetto. Quindi l\u2019unico consiglio che mi sento di dare \u00e8 quello di smetterla di paragonarsi agli altri e capire che ogni persona ha il suo valore, che va ben oltre a tutto questo\u201d.<\/em><\/span><br \/>\n<span style=\"color: #000000;\"><strong>S<\/strong><em>: \u201cVorrei dare loro solo un consiglio, <strong>OSATE<\/strong> perch\u00e9 la vita \u00e8 una sola e vivetela al meglio, non fermatevi alla vostra &lt;&lt;apparenza&gt;&gt;, perch\u00e9 magari vi togliete delle esperienze di vita. E se non vi sentite a vostro agio con una persona con differente fisicit\u00e0 non mettetevi a confronto, ma allo stesso livello, perch\u00e9 siamo tutti alla pari\u201d.<\/em><\/span><\/p>\n<p><span style=\"color: #000000;\"><a style=\"color: #000000;\" href=\"https:\/\/www.instagram.com\/brunoangeloporcellana\/\">Bruno Angelo Porcellana<\/a><\/span><\/p>\n<div style=\"text-align: center;\"><span style=\"color: #000000;\">L&#8217;immagine del profilo \u00e8 di <a href=\"https:\/\/www.instagram.com\/digitalcreations.am\/\">Digital Creation<\/a> &#8211;\u00a0 Le foto sono state fornite da Alessia Brina<\/span><br \/>\n<span style=\"color: #000000;\">Tutti i diritti riservati \u00a9 2021 \u2013 Email: nonsolomodanews@gmail.com<\/span><\/div>\n","protected":false},"excerpt":{"rendered":"<p>Promossa per la prima volta nel 2012 e istituzionalizzata con la direttiva del presidente del Consiglio Gentiloni dell&rsquo;8 maggio 2018 e pubblicato sulla Gazzetta Ufficiale il 19 giugno dello stesso anno, &egrave; stato indetta la &nbsp;&laquo;Giornata nazionale del fiocchetto lilla (o fiocco viola) dedicata ai disturbi del comportamento alimentare&raquo;. Su questo importante tema che tocca moltissime famiglie,&nbsp; Nonsolomodanews ha intervistato due ragazze, Alessia Brina e Sofia Stanganello, che hanno voluto rappresentare un mondo, quello della moda, sulla base di due tipologie di fisicit&agrave; opposte mediante un progetto video che verr&agrave; pubblicato sul profilo instagram di Alessia Brina il 15 marzo e condiviso da questa testata sul proprio profilo instagram. Ringraziamo Alessia e Sofia per questa doppia intervista. Chiediamo alle nostre lettrici e ai nostri lettori, di dirci la loro inviandoci una email.<\/p>\n","protected":false},"author":1,"featured_media":21463,"comment_status":"open","ping_status":"open","sticky":false,"template":"","format":"standard","meta":{"rop_custom_images_group":[],"rop_custom_messages_group":[],"rop_publish_now":"initial","rop_publish_now_accounts":[],"rop_publish_now_history":[],"rop_publish_now_status":"pending","footnotes":""},"categories":[16],"tags":[6043,281,8689,8688,1099,8687],"class_list":["post-21461","post","type-post","status-publish","format-standard","has-post-thumbnail","hentry","category-articolo","tag-alessia-brina","tag-bruno-angelo-porcellana","tag-fiocco-viola","tag-giornata-nazionale-del-fiocchetto-lilla","tag-nonsolomodanews","tag-sofia-stanganello"],"_links":{"self":[{"href":"https:\/\/www.nonsolomodanews.it\/wordpress\/wp-json\/wp\/v2\/posts\/21461","targetHints":{"allow":["GET"]}}],"collection":[{"href":"https:\/\/www.nonsolomodanews.it\/wordpress\/wp-json\/wp\/v2\/posts"}],"about":[{"href":"https:\/\/www.nonsolomodanews.it\/wordpress\/wp-json\/wp\/v2\/types\/post"}],"author":[{"embeddable":true,"href":"https:\/\/www.nonsolomodanews.it\/wordpress\/wp-json\/wp\/v2\/users\/1"}],"replies":[{"embeddable":true,"href":"https:\/\/www.nonsolomodanews.it\/wordpress\/wp-json\/wp\/v2\/comments?post=21461"}],"version-history":[{"count":5,"href":"https:\/\/www.nonsolomodanews.it\/wordpress\/wp-json\/wp\/v2\/posts\/21461\/revisions"}],"predecessor-version":[{"id":21471,"href":"https:\/\/www.nonsolomodanews.it\/wordpress\/wp-json\/wp\/v2\/posts\/21461\/revisions\/21471"}],"wp:featuredmedia":[{"embeddable":true,"href":"https:\/\/www.nonsolomodanews.it\/wordpress\/wp-json\/wp\/v2\/media\/21463"}],"wp:attachment":[{"href":"https:\/\/www.nonsolomodanews.it\/wordpress\/wp-json\/wp\/v2\/media?parent=21461"}],"wp:term":[{"taxonomy":"category","embeddable":true,"href":"https:\/\/www.nonsolomodanews.it\/wordpress\/wp-json\/wp\/v2\/categories?post=21461"},{"taxonomy":"post_tag","embeddable":true,"href":"https:\/\/www.nonsolomodanews.it\/wordpress\/wp-json\/wp\/v2\/tags?post=21461"}],"curies":[{"name":"wp","href":"https:\/\/api.w.org\/{rel}","templated":true}]}}