{"id":21301,"date":"2020-11-20T14:18:49","date_gmt":"2020-11-20T14:18:49","guid":{"rendered":"https:\/\/www.nonsolomodanews.it\/wordpress\/?p=21301"},"modified":"2020-11-20T14:18:49","modified_gmt":"2020-11-20T14:18:49","slug":"eveline-ricci-una-modella-alla-conquista-del-web","status":"publish","type":"post","link":"https:\/\/www.nonsolomodanews.it\/wordpress\/eveline-ricci-una-modella-alla-conquista-del-web\/","title":{"rendered":"Eveline Ricci, una modella alla conquista del web"},"content":{"rendered":"<p><strong><img loading=\"lazy\" decoding=\"async\" class=\"size-medium wp-image-21303 alignleft\" src=\"https:\/\/www.nonsolomodanews.it\/wordpress\/wp-content\/uploads\/2020\/11\/12112020-DSC_2520-200x300.jpg\" alt=\"\" width=\"200\" height=\"300\" srcset=\"https:\/\/www.nonsolomodanews.it\/wordpress\/wp-content\/uploads\/2020\/11\/12112020-DSC_2520-200x300.jpg 200w, https:\/\/www.nonsolomodanews.it\/wordpress\/wp-content\/uploads\/2020\/11\/12112020-DSC_2520-683x1024.jpg 683w, https:\/\/www.nonsolomodanews.it\/wordpress\/wp-content\/uploads\/2020\/11\/12112020-DSC_2520-768x1151.jpg 768w, https:\/\/www.nonsolomodanews.it\/wordpress\/wp-content\/uploads\/2020\/11\/12112020-DSC_2520-1025x1536.jpg 1025w, https:\/\/www.nonsolomodanews.it\/wordpress\/wp-content\/uploads\/2020\/11\/12112020-DSC_2520-1367x2048.jpg 1367w, https:\/\/www.nonsolomodanews.it\/wordpress\/wp-content\/uploads\/2020\/11\/12112020-DSC_2520-1080x1618.jpg 1080w, https:\/\/www.nonsolomodanews.it\/wordpress\/wp-content\/uploads\/2020\/11\/12112020-DSC_2520-scaled.jpg 1709w\" sizes=\"auto, (max-width: 200px) 100vw, 200px\" \/>Nonsolomodanews<\/strong> ha il piacere di presentare ai propri lettori la giovanissima modella <strong>Eveline Ricci<\/strong>. Eveline vive nella provincia bolognese e pi\u00f9 precisamente a Porretta Terme con la famiglia.\u00a0 Pap\u00e0 italiano e mamma del Congo e del sangue africano lo si nota nei capelli&#8230; anche se, le fotografie che vedrete nella galleria fotografica allegata, sono lisci. Zia di 4 nipoti maschi, Eveline ha la passione per la moda e le sfilate. Di buon carattere e molto curiosa. Brava con la tecnologia, Eveline ha un sogno nel cassetto. Quale? Leggete l&#8217;intervista e lo scoprirete. A corredo di questa intervista \u00e8 stato realizzato un servizio fotografico. Ringraziamo Eveline per questa intervista e auguriamo ai nostri lettori buona lettura e buona visione delle fotografie.<\/p>\n<p><!--more--><\/p>\n<p><span style=\"color: #000000;\"><strong>Ciao Eveline, benvenuta su Nonsolomodanews, ti vuoi presentare? <\/strong><em>\u201cSono Eveline Ricci, ho 22 anni sono di origine italo-congolese e sono nata a Porretta Terme. Di seno misuro 91 cm, vita 68 cm e fianchi 99, e sono alta 1.80m. Ho i capelli afro di colore castano scuro e occhi marroni&#8221;<\/em><\/span><\/p>\n<p><span style=\"color: #000000;\"><strong>Come sei di carattere?<\/strong><em> \u201cIo mi reputo una persona empatica perch\u00e9 cerco di mettermi\u00a0 nei panni delle altre persone come in una discussione per esempio, amichevole ma anche che tende a stare nel suo, probabilmente un po&#8217; troppo&#8221;.<\/em><\/span><\/p>\n<p><span style=\"color: #000000;\"><strong>Sei una persona curiosa? <\/strong><em>\u201cSono una persona molto curiosa, mi piace imparare cose nuove che riguardano pi\u00f9 ambiti e adoro saper e poter inserirmi in una conversazione di qualunque tipo, inoltre vorrei viaggiare tantissimo per soddisfare questo mio senso di ricerca costante&#8221;.<\/em><\/span><\/p>\n<p><span style=\"color: #000000;\"><strong>Come sta incidendo sulla tua persona il Covid-19 e i provvedimenti annessi?<\/strong> <em>\u201cBeh, penso che il Covid 19 sia stato ed \u00e8 tutt&#8217;ora un brutto colpo per tutti, ha rallentato le nostre vite e modificato il corso, a met\u00e0 febbraio per esempio avevo appena iniziato a lavorare, tempo una settimana e ho dovuto smettere, poi niente palestra che per me \u00e8 una valvola di sfogo importante e rapporti sociali ridotti al minimo (tenuti vivi solo grazie ai social). Durante la pandemia ho seguito tutte le regole imposte ed ho cercato comunque di mantenermi attiva facendo un po&#8217; di ginnastica tutti i giorni, guardando serie e cercando di prendermi pi\u00f9 cura di me in generale&#8221;.<\/em><\/span><\/p>\n<p><span style=\"color: #000000;\"><strong>Come ti comporti con i tuoi amici\/parenti?<\/strong><em> \u201cSono molto legata alla mia famiglia e ai miei amici. Sono zia di 4 nipoti maschi e per me sono come fratelli, per ognuno di loro ci sar\u00f2 sempre e anche se non lo dico mai voglio un bene dell&#8217; anima a tutti e darei la mia vita per loro. Per quanto riguarda gli amici sono per la &#8220;&lt;&lt;regola&gt;&gt; pochi ma buoni. Ho pi\u00f9 conoscenti che amici veri , ma quelli che ci sono penso che saranno al mio fianco per sempre&#8221;.<\/em><\/span><\/p>\n<p><span style=\"color: #000000;\"><strong>E\u2019 vero che la curiosit\u00e0 sia femmina? <\/strong><em>\u201cAhha secondo me \u00e8 vero, alla fine fu Eva a cedere alla tentazione della mela, siamo molto sensibili ma vogliamo anche tanto, difficilmente ci accontentiamo.<\/em><\/span><\/p>\n<p><span style=\"color: #000000;\"><strong>Quali sono le tue passioni? <\/strong><em>\u201cLa mia pi\u00f9 grande passione \u00e8 la moda, amo tutto ci\u00f2 che riguarda questo campo anche se ovviamente non \u00e8 un &lt;&lt;mondo&gt;&gt; perfetto, adoro le cose creative che stimolano la fantasia, come la fotografia. Mi piace molto anche viaggiare, guardare documentari, serie TV e il mondo del fitness &amp; alimentazione&#8221;.<\/em><\/span><\/p>\n<p><span style=\"color: #000000;\"><strong>Qual \u00e8 il rapporto con il tuo corpo?<\/strong><em> \u201cCon il mio corpo a dire la verit\u00e0 non ho mai avuto un gran rapporto, sono il peggiore giudice di me stessa, ho avuto momenti in cui l&#8217;ho odiato tantissimo per via delle mie curve, nella mia testa troppe o per i miei capelli indomabili. Attualmente non sono ancora soddisfatta di come sono, ma cerco di accettarmi, amarmi cos\u00ec e migliorarmi sempre pi\u00f9, ho un tatuaggio a riguardo (e l&#8217;unico). In generale per\u00f2 la mia autostima \u00e8 cresciuta grazie alla palestra e se qualcosa non mi convince cerco di capire come fare a migliorarla per stare bene con me stessa. Devo ringraziare anche i miei amici che mi sopportano e supportano sempre&#8221;.<\/em><\/span><\/p>\n<p><a href=\"https:\/\/www.langolodellefatedilucia.it\/\"><img loading=\"lazy\" decoding=\"async\" class=\"size-medium wp-image-21191 aligncenter\" src=\"https:\/\/www.nonsolomodanews.it\/wordpress\/wp-content\/uploads\/2020\/10\/img040-3-300x193.jpg\" alt=\"\" width=\"300\" height=\"193\" srcset=\"https:\/\/www.nonsolomodanews.it\/wordpress\/wp-content\/uploads\/2020\/10\/img040-3-300x193.jpg 300w, https:\/\/www.nonsolomodanews.it\/wordpress\/wp-content\/uploads\/2020\/10\/img040-3-768x494.jpg 768w, https:\/\/www.nonsolomodanews.it\/wordpress\/wp-content\/uploads\/2020\/10\/img040-3.jpg 978w\" sizes=\"auto, (max-width: 300px) 100vw, 300px\" \/><\/a><\/p>\n<p><span style=\"color: #000000;\"><strong>Quale musica ti piace? Artista preferito?<\/strong><em> \u201cNon ho un genere musicale preferito, forse prediligo il pop, comunque attualmente il mio artista preferito \u00e8 The Weekend&#8221;.<\/em><\/span><\/p>\n<p><span style=\"color: #000000;\"><strong>Vai in discoteca?<\/strong><em> \u201cMi piace ballare e la discoteca per\u00f2 non ci vado quasi mai, bisogna avere una compagnia a cui piaccia andarci&#8221;.<\/em><\/span><\/p>\n<p><span style=\"color: #000000;\"><strong>Tu sei italiana da parte di pap\u00e0 e africana da parte di mamma. Che cosa hai del paese di origine di tua mamma?<\/strong><em> \u201cDel paese di origine di mia mamma ho preso i miei capelli, che sono un tratto distintivo, un po&#8217; di colorito che amo , il carattere solare e sempre sorridente e la dinamicit\u00e0, se una cosa non va bene pazienza ne andr\u00e0 bene un altra o far\u00f2 in modo di farla funzionare\u201d.<\/em><\/span><\/p>\n<p><span style=\"color: #000000;\"><strong>Piatto preferito della cucina tradizionale della Rep. Dem. del Congo?<\/strong><em> \u201cA dire la verit\u00e0 non mangio molte pietanze tipiche anche perch\u00e9 mia mamma alla fine \u00e8 cresciuta qui, per\u00f2 amo mangiare il &#8220;Fuf\u00fa&#8221; una sorta di polenta condita con spezzatino di carne di manzo e una verdura buonissima di nome Ocra , \u00e8 delizioso! Un altro piatto buono \u00e8 una torta alle banane&#8221;.<\/em><\/span><\/p>\n<p><span style=\"color: #000000;\"><strong>Come ti sei avvicinata al mondo della fotografia?<\/strong><em> \u201cMi sono avvicinata in primis al mondo della moda, da bambina guardavo sempre quando ero a casa da scuola il sabato mattina le sfilate trasmesse su Italia 1 e condotte da Jo Squillo, da l\u00ec mi sono appassionata a tutto il mondo circostante, inoltre mia sorella maggiore era una suicide girl , quindi faceva servizi fotografici e la cosa mi ha incuriosita&#8221;.<\/em><\/span><\/p>\n<p><span style=\"color: #000000;\"><strong>In una tua fotografia di ritratto che cosa noti immediatamente?<\/strong><em> \u201cLa prima cosa che noto sono gli occhi, l&#8217;espressione in generale&#8221;.<\/em><\/span><\/p>\n<p><span style=\"color: #000000;\"><strong>Quali sono le tue sensazioni quando vieni fotografata?<\/strong><em> \u201cQuando vengo fotografata all&#8217;inizio sono un po&#8217; in imbarazzo ma poi mi sciolgo e se il fotografo ti fa sentire a tuo agio \u00e8 fatta, \u00e8 puro divertimento, non vedi l&#8217;ora di vedere il risultato&#8221;.<\/em><\/span><\/p>\n<p><span style=\"color: #000000;\"><strong>Quali sono i generi fotografici che preferisci e perch\u00e9?<\/strong> <em>\u201c<\/em><em>I generi fotografici che preferisco sono glamour e ritratto. Glamour perch\u00e9 si vede tutta la femminilit\u00e0 della modella, tutte le ragazze trasmettono sensualit\u00e0 ed \u00e8 bellissimo, ti fa pensare &lt;&lt;ma questa donna sono davvero io?!&gt;&gt;&#8221;.<\/em><\/span><\/p>\n<p><span style=\"color: #000000;\"><em>Ritratto perch\u00e9 secondo me sono d&#8217;impatto, non serve tutto il corpo per trasmetterti qualcosa, basta uno sguardo per raccontarti una storia, oppure dei semplici\u00a0 segni d&#8217;espressione&#8221;.<\/em><\/span><\/p>\n<p><span style=\"color: #000000;\"><strong>Cosa significa per te femminilit\u00e0?<\/strong><em> \u201cPer me femminilit\u00e0 significa sapersi valorizzare, sentirsi bellissime ed inferiori a nessuno, stare bene nella propria pelle e mostrarlo&#8221;.<\/em><\/span><\/p>\n<p><span style=\"color: #000000;\"><strong>Sfilare in costume lo consideri offensivo nei confronti della donna?<\/strong><em> \u201cSecondo me non \u00e8 offensivo perch\u00e9 alla fine siamo noi ragazze che decidiamo di farlo per vanit\u00e0, capisco che i concorsi di bellezza possono sembrare concorsi di cani come dico io, per\u00f2 per me \u00e8 da considerare offensivo quando chi lo organizza ha un occhio di riguardo verso una persona in particolare o se si sottovalutano bellezze pi\u00f9 particolari&#8221;.<\/em><\/span><\/p>\n<p><span style=\"color: #000000;\"><strong>Che cosa \u00e8 per te la moda (fashion)?<\/strong><em> \u201cPer me la moda \u00e8 un universo estroso, creativo, fantastico ma anche crudele, \u00e8 come stare sulle montagne russe, puoi all\u2019improvviso salire ma pure scendere e penso che a noi persone curiose e mai soddisfatte queste cose ci eccitano&#8221;.<\/em><\/span><\/p>\n<p><span style=\"color: #000000;\"><strong>Qual \u00e8 il tuo rapporto con la moda?<\/strong> <em>\u201c<\/em><em>Il mio rapporto con la moda \u00e8 complicato cerco di inserirmici da una vita per\u00f2 sono sicura che in qualche modo ci riuscir\u00f2 se non da modella da collaboratrice di qualche azienda, stay tuned&#8221;.<\/em><\/span><\/p>\n<p><span style=\"color: #000000;\"><strong>Chi \u00e8 il tuo fashion designer preferito?<\/strong><em> \u201cFashion designer preferiti sono dolce &amp; gabbana, amo come rappresentano l&#8217;italianit\u00e0 in diverse versioni ma tutte estremamente eleganti e poi i capi sono super lavorati e ricchi di dettagli.<\/em><\/span><\/p>\n<p><span style=\"color: #000000;\"><strong>La tua TopModel preferita?<\/strong><em> \u201cTop model preferita neanche da chiedere, ovviamente Naomi Campbell, lei \u00e8 la Top per eccellenza&#8221;.<\/em><\/span><\/p>\n<p><span style=\"color: #000000;\"><strong>Qual \u00e8 il capo di vestiario che ami di pi\u00f9 e quello di meno?<\/strong> <em>\u201c<\/em><em>Amo di pi\u00f9 i body, mi piace come vestono e puoi creare tanti outfit differenti, invece i capi che non mi piacciono\u00a0 sono i vestiti poco sagomati, quelli che cadono gi\u00f9 dritti e non ti rendono\u00a0 giustizia per capirci.<\/em><\/span><\/p>\n<p><span style=\"color: #000000;\"><strong>Scarpe basse o tacchi?<\/strong> <em>\u201c<\/em><em>Tacchi assolutamente, anche se sono 1.80 e con i tacchi divento un avatar gli adoro. Per me vale la regola o tacco altissimo o sneakes, no vie di mezzo&#8221;.<\/em><\/span><\/p>\n<p><span style=\"color: #000000;\"><strong>Un accessorio che non manca mai quando esci da casa?<\/strong><em> \u201cUn accessorio che non manca mai \u00e8 la borsa, senza quella sono persa&#8221;.<\/em><\/span><\/p>\n<p><span style=\"color: #000000;\"><strong>Qual \u00e8 il tuo rapporto con la tecnologia?<\/strong><em> \u201cHo un ottimo rapporto con la tecnologia, me la cavo abbastanza bene, a casa mia sono io il tecnico ahahha&#8221;.<\/em><\/span><\/p>\n<p><span style=\"color: #000000;\"><strong>Dovessi scegliere tra internet e smartphone, quale dei due scarteresti e perch\u00e9?<\/strong><em> Scarterei lo smartphone, uso il tablet piuttosto ma non toglietemi la connessione ahahah&#8221;.\u00a0<\/em><\/span><\/p>\n<p><span style=\"color: #000000;\"><strong>In ordine di preferenza quali sono i tuoi Social preferiti?<\/strong><em> instagram, tick tok e facebook&#8221;.<\/em><\/span><\/p>\n<p><span style=\"color: #000000;\"><strong>Nel caso non ci fosse pi\u00f9 internet, pensi che le relazioni personali migliorerebbero o\u2026 <\/strong><em>sinceramente si , penso che le relazioni personali migliorerebbero, avremmo pi\u00f9 tempo di ascoltare e conoscere realmente l&#8217;altra persona, non in modo superficiale perch\u00e9 vogliamo passare a fare altro&#8221;.<\/em><\/span><\/p>\n<p><span style=\"color: #000000;\"><strong>Che cosa significa inseguire un sogno per te?<\/strong><em> Per me inseguire un sogno significa non demordere mai, dimostrare a se stessi di essere abbastanza forti a prendere una decisione e seguirla nonostante tutto, avere delusioni ma rialzarsi con pi\u00f9 esperienza e consapevolezza&#8221;.<\/em><\/span><\/p>\n<p><span style=\"color: #000000;\">Grazie!<\/span><\/p>\n<p><a href=\"https:\/\/www.instagram.com\/brunoangeloporcellana\/\">Bruno Angelo Porcellana<\/a><\/p>\n<p style=\"text-align: center;\">Tutti i diritti riservati \u00a9 2020 \u2013 Email: nonsolomodanews@gmail.com<style id=\"bwg-style-0\">      #bwg_container1_0 #bwg_container2_0 #bwg_mosaic_thumbnails_div_0 {        width: 100%;        position: relative;        background-color: rgba(255, 255, 255, 0.00);        text-align: center;        justify-content: center;                  margin-left: auto;          margin-right: auto;                    padding-left: 4px;          padding-top: 4px;                }          #bwg_container1_0 #bwg_container2_0 .bwg_mosaic_thumb_spun_0 {        display: block;        position: absolute;\t\t\t\tborder-radius: 0;\t\t\t\tborder: 0px none #CCCCCC;    \t\t    \t\tbackground-color:rgba(0,0,0, 0.30);        -moz-box-sizing: content-box !important;        -webkit-box-sizing: content-box !important;        box-sizing: content-box !important;      }\t\t\t#bwg_container1_0 #bwg_container2_0 .bwg_mosaic_thumb_0 {\t\t\t\tdisplay: block;\t\t\t\t-moz-box-sizing: content-box !important;\t\t\t\t-webkit-box-sizing: content-box !important;\t\t\t\tbox-sizing: content-box !important;\t\t\t\tmargin: 0;\t\t\t\topacity: 1.00;\t\t\t}      #bwg_container1_0 #bwg_container2_0 .bwg_mosaic_thumb_spun_0:hover {        opacity: 1;        backface-visibility: hidden;        -webkit-backface-visibility: hidden;        -moz-backface-visibility: hidden;        -ms-backface-visibility: hidden;        z-index: 102;      }\t      @media only screen and (min-width: 480px) {        #bwg_container1_0 #bwg_container2_0 .bwg_mosaic_thumb_spun_0:hover {          transform: scale(1.1);          -ms-transform: scale(1.1);          -webkit-transform: scale(1.1);        }      }\t      #bwg_container1_0 #bwg_container2_0 .bwg_mosaic_thumbnails_0 {        background-color: rgba(255, 255, 255, 0.00);        font-size: 0;        position: relative;        text-align: center;        display: inline-block;        visibility: hidden;              }\t  \/*image title styles*\/      #bwg_container1_0 #bwg_container2_0 .bwg_mosaic_title_spun1_0,      #bwg_container1_0 #bwg_container2_0 .bwg-mosaic-thumbnails .bwg_ecommerce_spun1_0 {        position: absolute;        display: block;        opacity: 0;        box-sizing: border-box;        text-align: center;\t\t\t\ttop: 50%;\t\t\t\tleft: 50%;\t\t\t\ttransform: translate(-50%, -50%);      }      #bwg_container1_0 #bwg_container2_0 .bwg-mosaic-thumbnails .bwg_mosaic_title_spun2_0,      #bwg_container1_0 #bwg_container2_0 .bwg-mosaic-thumbnails .bwg_ecommerce_spun2_0 {\t\t    color: #CCCCCC;        font-family: segoe ui;        font-size: 16px;        font-weight: bold;        text-shadow: 0px 0px 0px #888888;        vertical-align: middle;        word-wrap: break-word;      }            .bwg_mosaic_play_icon_spun_0 {        display: table;        position: absolute;        left: -10000px;        top: 0px;        opacity: 0;      }      .bwg_mosaic_play_icon_0 {        color: #CCCCCC;        font-size: 32px;        vertical-align: middle;        display: table-cell !important;        z-index: 1;        text-align: center;        margin: 0 auto;      }      #bwg_container1_0 #bwg_container2_0 .bwg_gal_title_0 {        background-color: rgba(0, 0, 0, 0);        color: #323A45;        display: block;        font-family: Ubuntu;        font-size: 16px;        font-weight: bold;        padding: 2px;        text-shadow: ;        text-align: center;      }            @media screen and (max-width: 280px) {      div[class^=\"bwg_mosaic_thumbnails_\"],      span[class^=\"bwg_mosaic_thumb_spun_\"] {      width: 100% !important;      }      img[class^=\"bwg_mosaic_thumb_\"] {      width: 100% !important;      height: auto !important;      margin: 0px auto !important;      }      }      <\/style>    <div id=\"bwg_container1_0\"         class=\"bwg_container bwg_thumbnail bwg_thumbnails_mosaic \"         data-right-click-protection=\"0\"         data-bwg=\"0\"         data-scroll=\"0\"         data-gallery-type=\"thumbnails_mosaic\"         data-gallery-view-type=\"thumbnails_mosaic\"         data-current-url=\"\/wordpress\/wp-json\/wp\/v2\/posts\/21301\"         data-lightbox-url=\"https:\/\/www.nonsolomodanews.it\/wordpress\/wp-admin\/admin-ajax.php?action=GalleryBox&#038;current_view=0&#038;gallery_id=516&#038;tag=0&#038;theme_id=1&#038;shortcode_id=549&#038;sort_by=order&#038;order_by=asc&#038;current_url=%2Fwordpress%2Fwp-json%2Fwp%2Fv2%2Fposts%2F21301\"         data-gallery-id=\"516\"         data-popup-width=\"800\"         data-popup-height=\"500\"         data-is-album=\"gallery\"         data-buttons-position=\"bottom\">      <div id=\"bwg_container2_0\">             <div id=\"ajax_loading_0\" class=\"bwg_loading_div_1\">      <div class=\"bwg_loading_div_2\">        <div class=\"bwg_loading_div_3\">          <div id=\"loading_div_0\" class=\"bwg_spider_ajax_loading\">          <\/div>        <\/div>      <\/div>    <\/div>            <form id=\"gal_front_form_0\"              class=\"bwg-hidden\"              method=\"post\"              action=\"#\"              data-current=\"0\"              data-shortcode-id=\"549\"              data-gallery-type=\"thumbnails_mosaic\"              data-gallery-id=\"516\"              data-tag=\"0\"              data-album-id=\"0\"              data-theme-id=\"1\"              data-ajax-url=\"https:\/\/www.nonsolomodanews.it\/wordpress\/wp-admin\/admin-ajax.php?action=bwg_frontend_data\">          <div id=\"bwg_container3_0\" class=\"bwg-background bwg-background-0\">                <div id=\"bwg_mosaic_thumbnails_div_0\"         class=\"bwg-container-0 bwg-container bwg-mosaic-thumbnails\"         data-bwg=\"0\"         data-mosaic-direction=\"vertical\"         data-resizable=\"0\"         data-width=\"180\"         data-height=\"90\"         data-total-width=\"100\"         data-block-id=\"bwg_thumbnails_mosaic_0\"         data-thumb-padding=\"4\"         data-thumb-border=\"0\"         data-title-margin=\"2px\"         data-image-title=\"none\"         data-play-icon=\"1\"         data-ecommerce-icon=\"none\"         data-gallery-id=\"516\"         data-lightbox-url=\"https:\/\/www.nonsolomodanews.it\/wordpress\/wp-admin\/admin-ajax.php?action=GalleryBox&#038;current_view=0&#038;gallery_id=516&#038;tag=0&#038;theme_id=1&#038;shortcode_id=549&#038;sort_by=order&#038;order_by=asc&#038;current_url=%2Fwordpress%2Fwp-json%2Fwp%2Fv2%2Fposts%2F21301\"         data-mosaic-thumb-transition=\"1\"         style=\"visibility: hidden\" >      <div id=\"bwg_thumbnails_mosaic_0\" class=\"bwg_mosaic_thumbnails_0\">                  <a class=\"bwg-a\" >          <div class=\"bwg_mosaic_thumb_spun_0 bwg-item0 bwg-mosaic-thumb-span \">            <img decoding=\"async\" class=\"bwg_mosaic_thumb_0 skip-lazy bwg_img_clear bwg_img_custom \"                 id=\"31336\"                 src=\"https:\/\/www.nonsolomodanews.it\/wordpress\/wp-content\/uploads\/photo-gallery\/Eveline%20Ricci\/thumb\/12112020-DSC_2850.jpg?bwg=1624548760\"                 data-src=\"https:\/\/www.nonsolomodanews.it\/wordpress\/wp-content\/uploads\/photo-gallery\/Eveline%20Ricci\/thumb\/12112020-DSC_2850.jpg?bwg=1624548760\"                 data-width=\"\"                 data-height=\"\"                 alt=\"12112020-DSC_2850 \"                 title=\"12112020-DSC_2850 \" \/>                      <\/div>        <\/a>                <a class=\"bwg-a\" >          <div class=\"bwg_mosaic_thumb_spun_0 bwg-item0 bwg-mosaic-thumb-span \">            <img decoding=\"async\" class=\"bwg_mosaic_thumb_0 skip-lazy bwg_img_clear bwg_img_custom \"                 id=\"31335\"                 src=\"https:\/\/www.nonsolomodanews.it\/wordpress\/wp-content\/uploads\/photo-gallery\/Eveline%20Ricci\/thumb\/12112020-DSC_2820.jpg?bwg=1624548760\"                 data-src=\"https:\/\/www.nonsolomodanews.it\/wordpress\/wp-content\/uploads\/photo-gallery\/Eveline%20Ricci\/thumb\/12112020-DSC_2820.jpg?bwg=1624548760\"                 data-width=\"\"                 data-height=\"\"                 alt=\"12112020-DSC_2820 \"                 title=\"12112020-DSC_2820 \" \/>                      <\/div>        <\/a>                <a class=\"bwg-a\" >          <div class=\"bwg_mosaic_thumb_spun_0 bwg-item0 bwg-mosaic-thumb-span \">            <img decoding=\"async\" class=\"bwg_mosaic_thumb_0 skip-lazy bwg_img_clear bwg_img_custom \"                 id=\"31334\"                 src=\"https:\/\/www.nonsolomodanews.it\/wordpress\/wp-content\/uploads\/photo-gallery\/Eveline%20Ricci\/thumb\/12112020-DSC_2761.jpg?bwg=1624548760\"                 data-src=\"https:\/\/www.nonsolomodanews.it\/wordpress\/wp-content\/uploads\/photo-gallery\/Eveline%20Ricci\/thumb\/12112020-DSC_2761.jpg?bwg=1624548760\"                 data-width=\"\"                 data-height=\"\"                 alt=\"12112020-DSC_2761 \"                 title=\"12112020-DSC_2761 \" \/>                      <\/div>        <\/a>                <a class=\"bwg-a\" >          <div class=\"bwg_mosaic_thumb_spun_0 bwg-item0 bwg-mosaic-thumb-span \">            <img decoding=\"async\" class=\"bwg_mosaic_thumb_0 skip-lazy bwg_img_clear bwg_img_custom \"                 id=\"31333\"                 src=\"https:\/\/www.nonsolomodanews.it\/wordpress\/wp-content\/uploads\/photo-gallery\/Eveline%20Ricci\/thumb\/12112020-DSC_2737.jpg?bwg=1624548760\"                 data-src=\"https:\/\/www.nonsolomodanews.it\/wordpress\/wp-content\/uploads\/photo-gallery\/Eveline%20Ricci\/thumb\/12112020-DSC_2737.jpg?bwg=1624548760\"                 data-width=\"\"                 data-height=\"\"                 alt=\"12112020-DSC_2737 \"                 title=\"12112020-DSC_2737 \" \/>                      <\/div>        <\/a>                <a class=\"bwg-a\" >          <div class=\"bwg_mosaic_thumb_spun_0 bwg-item0 bwg-mosaic-thumb-span \">            <img decoding=\"async\" class=\"bwg_mosaic_thumb_0 skip-lazy bwg_img_clear bwg_img_custom \"                 id=\"31332\"                 src=\"https:\/\/www.nonsolomodanews.it\/wordpress\/wp-content\/uploads\/photo-gallery\/Eveline%20Ricci\/thumb\/12112020-DSC_2699.jpg?bwg=1624548760\"                 data-src=\"https:\/\/www.nonsolomodanews.it\/wordpress\/wp-content\/uploads\/photo-gallery\/Eveline%20Ricci\/thumb\/12112020-DSC_2699.jpg?bwg=1624548760\"                 data-width=\"\"                 data-height=\"\"                 alt=\"12112020-DSC_2699 \"                 title=\"12112020-DSC_2699 \" \/>                      <\/div>        <\/a>                <a class=\"bwg-a\" >          <div class=\"bwg_mosaic_thumb_spun_0 bwg-item0 bwg-mosaic-thumb-span \">            <img decoding=\"async\" class=\"bwg_mosaic_thumb_0 skip-lazy bwg_img_clear bwg_img_custom \"                 id=\"31331\"                 src=\"https:\/\/www.nonsolomodanews.it\/wordpress\/wp-content\/uploads\/photo-gallery\/Eveline%20Ricci\/thumb\/12112020-DSC_2697.jpg?bwg=1624548760\"                 data-src=\"https:\/\/www.nonsolomodanews.it\/wordpress\/wp-content\/uploads\/photo-gallery\/Eveline%20Ricci\/thumb\/12112020-DSC_2697.jpg?bwg=1624548760\"                 data-width=\"\"                 data-height=\"\"                 alt=\"12112020-DSC_2697 \"                 title=\"12112020-DSC_2697 \" \/>                      <\/div>        <\/a>                <a class=\"bwg-a\" >          <div class=\"bwg_mosaic_thumb_spun_0 bwg-item0 bwg-mosaic-thumb-span \">            <img decoding=\"async\" class=\"bwg_mosaic_thumb_0 skip-lazy bwg_img_clear bwg_img_custom \"                 id=\"31330\"                 src=\"https:\/\/www.nonsolomodanews.it\/wordpress\/wp-content\/uploads\/photo-gallery\/Eveline%20Ricci\/thumb\/12112020-DSC_2646.jpg?bwg=1624548760\"                 data-src=\"https:\/\/www.nonsolomodanews.it\/wordpress\/wp-content\/uploads\/photo-gallery\/Eveline%20Ricci\/thumb\/12112020-DSC_2646.jpg?bwg=1624548760\"                 data-width=\"\"                 data-height=\"\"                 alt=\"12112020-DSC_2646 \"                 title=\"12112020-DSC_2646 \" \/>                      <\/div>        <\/a>                <a class=\"bwg-a\" >          <div class=\"bwg_mosaic_thumb_spun_0 bwg-item0 bwg-mosaic-thumb-span \">            <img decoding=\"async\" class=\"bwg_mosaic_thumb_0 skip-lazy bwg_img_clear bwg_img_custom \"                 id=\"31329\"                 src=\"https:\/\/www.nonsolomodanews.it\/wordpress\/wp-content\/uploads\/photo-gallery\/Eveline%20Ricci\/thumb\/12112020-DSC_2600.jpg?bwg=1624548760\"                 data-src=\"https:\/\/www.nonsolomodanews.it\/wordpress\/wp-content\/uploads\/photo-gallery\/Eveline%20Ricci\/thumb\/12112020-DSC_2600.jpg?bwg=1624548760\"                 data-width=\"\"                 data-height=\"\"                 alt=\"12112020-DSC_2600 \"                 title=\"12112020-DSC_2600 \" \/>                      <\/div>        <\/a>                <a class=\"bwg-a\" >          <div class=\"bwg_mosaic_thumb_spun_0 bwg-item0 bwg-mosaic-thumb-span \">            <img decoding=\"async\" class=\"bwg_mosaic_thumb_0 skip-lazy bwg_img_clear bwg_img_custom \"                 id=\"31328\"                 src=\"https:\/\/www.nonsolomodanews.it\/wordpress\/wp-content\/uploads\/photo-gallery\/Eveline%20Ricci\/thumb\/12112020-DSC_2530.jpg?bwg=1624548760\"                 data-src=\"https:\/\/www.nonsolomodanews.it\/wordpress\/wp-content\/uploads\/photo-gallery\/Eveline%20Ricci\/thumb\/12112020-DSC_2530.jpg?bwg=1624548760\"                 data-width=\"\"                 data-height=\"\"                 alt=\"12112020-DSC_2530 \"                 title=\"12112020-DSC_2530 \" \/>                      <\/div>        <\/a>                <a class=\"bwg-a\" >          <div class=\"bwg_mosaic_thumb_spun_0 bwg-item0 bwg-mosaic-thumb-span \">            <img decoding=\"async\" class=\"bwg_mosaic_thumb_0 skip-lazy bwg_img_clear bwg_img_custom \"                 id=\"31327\"                 src=\"https:\/\/www.nonsolomodanews.it\/wordpress\/wp-content\/uploads\/photo-gallery\/Eveline%20Ricci\/thumb\/12112020-DSC_2520.jpg?bwg=1624548760\"                 data-src=\"https:\/\/www.nonsolomodanews.it\/wordpress\/wp-content\/uploads\/photo-gallery\/Eveline%20Ricci\/thumb\/12112020-DSC_2520.jpg?bwg=1624548760\"                 data-width=\"\"                 data-height=\"\"                 alt=\"12112020-DSC_2520 \"                 title=\"12112020-DSC_2520 \" \/>                      <\/div>        <\/a>                <a class=\"bwg-a\" >          <div class=\"bwg_mosaic_thumb_spun_0 bwg-item0 bwg-mosaic-thumb-span \">            <img decoding=\"async\" class=\"bwg_mosaic_thumb_0 skip-lazy bwg_img_clear bwg_img_custom \"                 id=\"31326\"                 src=\"https:\/\/www.nonsolomodanews.it\/wordpress\/wp-content\/uploads\/photo-gallery\/Eveline%20Ricci\/thumb\/12112020-DSC_2482.jpg?bwg=1624548760\"                 data-src=\"https:\/\/www.nonsolomodanews.it\/wordpress\/wp-content\/uploads\/photo-gallery\/Eveline%20Ricci\/thumb\/12112020-DSC_2482.jpg?bwg=1624548760\"                 data-width=\"\"                 data-height=\"\"                 alt=\"12112020-DSC_2482 \"                 title=\"12112020-DSC_2482 \" \/>                      <\/div>        <\/a>                <a class=\"bwg-a\" >          <div class=\"bwg_mosaic_thumb_spun_0 bwg-item0 bwg-mosaic-thumb-span \">            <img decoding=\"async\" class=\"bwg_mosaic_thumb_0 skip-lazy bwg_img_clear bwg_img_custom \"                 id=\"31325\"                 src=\"https:\/\/www.nonsolomodanews.it\/wordpress\/wp-content\/uploads\/photo-gallery\/Eveline%20Ricci\/thumb\/12112020-DSC_2456.jpg?bwg=1624548760\"                 data-src=\"https:\/\/www.nonsolomodanews.it\/wordpress\/wp-content\/uploads\/photo-gallery\/Eveline%20Ricci\/thumb\/12112020-DSC_2456.jpg?bwg=1624548760\"                 data-width=\"\"                 data-height=\"\"                 alt=\"12112020-DSC_2456 \"                 title=\"12112020-DSC_2456 \" \/>                      <\/div>        <\/a>            <\/div>    <\/div>    <style>      \/*pagination styles*\/      #bwg_container1_0 #bwg_container2_0 .tablenav-pages_0 {\t\t\t\ttext-align: center;\t\t\t\tfont-size: 12px;\t\t\t\tfont-family: segoe ui;\t\t\t\tfont-weight: bold;\t\t\t\tcolor: #666666;\t\t\t\tmargin: 6px 0 4px;\t\t\t\tdisplay: block;      }      @media only screen and (max-width : 320px) {      #bwg_container1_0 #bwg_container2_0 .displaying-num_0 {     \t display: none;      }      }      #bwg_container1_0 #bwg_container2_0 .displaying-num_0 {\t\t\t\tfont-size: 12px;\t\t\t\tfont-family: segoe ui;\t\t\t\tfont-weight: bold;\t\t\t\tcolor: #666666;\t\t\t\tmargin-right: 10px;\t\t\t\tvertical-align: middle;      }      #bwg_container1_0 #bwg_container2_0 .paging-input_0 {\t\t\t\tfont-size: 12px;\t\t\t\tfont-family: segoe ui;\t\t\t\tfont-weight: bold;\t\t\t\tcolor: #666666;\t\t\t\tvertical-align: middle;      }      #bwg_container1_0 #bwg_container2_0 .tablenav-pages_0 a.disabled,      #bwg_container1_0 #bwg_container2_0 .tablenav-pages_0 a.disabled:hover,      #bwg_container1_0 #bwg_container2_0 .tablenav-pages_0 a.disabled:focus,\t\t\t#bwg_container1_0 #bwg_container2_0 .tablenav-pages_0 input.bwg_current_page {\t\t\t\tcursor: default;\t\t\t\tcolor: rgba(102, 102, 102, 0.5);      }      #bwg_container1_0 #bwg_container2_0 .tablenav-pages_0 a,      #bwg_container1_0 #bwg_container2_0 .tablenav-pages_0 input.bwg_current_page {\t\t\t\tcursor: pointer;\t\t\t\ttext-align: center;\t\t\t\tfont-size: 12px;\t\t\t\tfont-family: segoe ui;\t\t\t\tfont-weight: bold;\t\t\t\tcolor: #666666;\t\t\t\ttext-decoration: none;\t\t\t\tpadding: 3px 6px;\t\t\t\tmargin: 0;\t\t\t\tborder-radius: 0;\t\t\t\tborder-style: solid;\t\t\t\tborder-width: 1px;\t\t\t\tborder-color: #E3E3E3;\t\t\t\t\t\t\t\tbackground-color: rgba(255, 255, 255, 1.00);\t\t\t\tbox-shadow: 0;\t\t\t\ttransition: all 0.3s ease 0s;-webkit-transition: all 0.3s ease 0s;      }      <\/style>      <span class=\"bwg_nav_cont_0\">              <div class=\"tablenav-pages_0\">                  <\/div>                <input type=\"hidden\" id=\"page_number_0\" name=\"page_number_0\" value=\"1\" \/>      <script type=\"text\/javascript\">        if( jQuery('.bwg_nav_cont_0').length > 1 ) {          jQuery('.bwg_nav_cont_0').first().remove()        }        function spider_page_0(cur, x, y, load_more) {          if (typeof load_more == \"undefined\") {            var load_more = false;          }          if (jQuery(cur).hasClass('disabled')) {            return false;          }          var items_county_0 = 1;          switch (y) {            case 1:              if (x >= items_county_0) {                document.getElementById('page_number_0').value = items_county_0;              }              else {                document.getElementById('page_number_0').value = x + 1;              }              break;            case 2:              document.getElementById('page_number_0').value = items_county_0;              break;            case -1:              if (x == 1) {                document.getElementById('page_number_0').value = 1;              }              else {                document.getElementById('page_number_0').value = x - 1;              }              break;            case -2:              document.getElementById('page_number_0').value = 1;              break;\t\t\t\t\t\tcase 0:              document.getElementById('page_number_0').value = x;              break;            default:              document.getElementById('page_number_0').value = 1;          }          bwg_ajax('gal_front_form_0', '0', 'bwg_thumbnails_mosaic_0', '0', '', 'gallery', 0, '', '', load_more, '', 1);        }                    jQuery('.first-page-0').on('click', function () {              spider_page_0(this, 1, -2, 'numeric');              return false;            });            jQuery('.prev-page-0').on('click', function () {              spider_page_0(this, 1, -1, 'numeric');              return false;            });            jQuery('.next-page-0').on('click', function () {              spider_page_0(this, 1, 1, 'numeric');              return false;            });            jQuery('.last-page-0').on('click', function () {              spider_page_0(this, 1, 2, 'numeric');              return false;            });        \t\t\t\t\/* Change page on input enter. *\/        function bwg_change_page_0( e, that ) {          if (  e.key == 'Enter' ) {            var to_page = parseInt(jQuery(that).val());            var pages_count = jQuery(that).parents(\".pagination-links\").data(\"pages-count\");            var current_url_param = jQuery(that).attr('data-url-info');            if (to_page > pages_count) {              to_page = 1;            }\t \t\t\t\t\t\t\t\t\t\t\t\tspider_page_0(this, to_page, 0, 'numeric');\t\t\t\t\t\t\treturn false;\t\t\t\t\t\t          }          return true;        }        jQuery('.bwg_load_btn_0').on('click', function () {            spider_page_0(this, 1, 1, true);            return false;        });      <\/script>      <\/span>                <\/div>        <\/form>              <\/div>    <\/div>    <script>      if (document.readyState === 'complete') {        if( typeof bwg_main_ready == 'function' ) {          if ( jQuery(\"#bwg_container1_0\").height() ) {            bwg_main_ready(jQuery(\"#bwg_container1_0\"));          }        }      } else {        document.addEventListener('DOMContentLoaded', function() {          if( typeof bwg_main_ready == 'function' ) {            if ( jQuery(\"#bwg_container1_0\").height() ) {             bwg_main_ready(jQuery(\"#bwg_container1_0\"));            }          }        });      }    <\/script>    <\/p>\n<p>&nbsp;<\/p>\n","protected":false},"excerpt":{"rendered":"<p>Nonsolomodanews ha il piacere di presentare ai propri lettori la giovanissima modella Eveline Ricci. Eveline vive nella provincia bolognese e pi&ugrave; precisamente a Porretta Terme con la famiglia.&nbsp; Pap&agrave; italiano e mamma del Congo e del sangue africano lo si nota nei capelli&hellip; anche se, le fotografie che vedrete nella galleria fotografica allegata, sono lisci. Zia di 4 nipoti maschi, Eveline ha la passione per la moda e le sfilate. Di buon carattere e molto curiosa. Brava con la tecnologia, Eveline ha un sogno nel cassetto. Quale? Leggete l&rsquo;intervista e lo scoprirete. A corredo di questa intervista &egrave; stato realizzato un servizio fotografico. Ringraziamo Eveline per questa intervista e auguriamo ai nostri lettori buona lettura e buona visione delle fotografie.<\/p>\n","protected":false},"author":1,"featured_media":21302,"comment_status":"open","ping_status":"open","sticky":false,"template":"","format":"standard","meta":{"rop_custom_images_group":[],"rop_custom_messages_group":[],"rop_publish_now":"initial","rop_publish_now_accounts":[],"rop_publish_now_history":[],"rop_publish_now_status":"pending","footnotes":""},"categories":[16],"tags":[262,281,488,8391,1099],"class_list":["post-21301","post","type-post","status-publish","format-standard","has-post-thumbnail","hentry","category-articolo","tag-bologna","tag-bruno-angelo-porcellana","tag-emilia-romagna","tag-eveline-ricci","tag-nonsolomodanews"],"_links":{"self":[{"href":"https:\/\/www.nonsolomodanews.it\/wordpress\/wp-json\/wp\/v2\/posts\/21301","targetHints":{"allow":["GET"]}}],"collection":[{"href":"https:\/\/www.nonsolomodanews.it\/wordpress\/wp-json\/wp\/v2\/posts"}],"about":[{"href":"https:\/\/www.nonsolomodanews.it\/wordpress\/wp-json\/wp\/v2\/types\/post"}],"author":[{"embeddable":true,"href":"https:\/\/www.nonsolomodanews.it\/wordpress\/wp-json\/wp\/v2\/users\/1"}],"replies":[{"embeddable":true,"href":"https:\/\/www.nonsolomodanews.it\/wordpress\/wp-json\/wp\/v2\/comments?post=21301"}],"version-history":[{"count":2,"href":"https:\/\/www.nonsolomodanews.it\/wordpress\/wp-json\/wp\/v2\/posts\/21301\/revisions"}],"predecessor-version":[{"id":21305,"href":"https:\/\/www.nonsolomodanews.it\/wordpress\/wp-json\/wp\/v2\/posts\/21301\/revisions\/21305"}],"wp:featuredmedia":[{"embeddable":true,"href":"https:\/\/www.nonsolomodanews.it\/wordpress\/wp-json\/wp\/v2\/media\/21302"}],"wp:attachment":[{"href":"https:\/\/www.nonsolomodanews.it\/wordpress\/wp-json\/wp\/v2\/media?parent=21301"}],"wp:term":[{"taxonomy":"category","embeddable":true,"href":"https:\/\/www.nonsolomodanews.it\/wordpress\/wp-json\/wp\/v2\/categories?post=21301"},{"taxonomy":"post_tag","embeddable":true,"href":"https:\/\/www.nonsolomodanews.it\/wordpress\/wp-json\/wp\/v2\/tags?post=21301"}],"curies":[{"name":"wp","href":"https:\/\/api.w.org\/{rel}","templated":true}]}}