{"id":21250,"date":"2020-11-08T22:43:50","date_gmt":"2020-11-08T22:43:50","guid":{"rendered":"https:\/\/www.nonsolomodanews.it\/wordpress\/?p=21250"},"modified":"2020-11-08T22:44:23","modified_gmt":"2020-11-08T22:44:23","slug":"antonella-sica-presenta-la-collezione-autunno-inverno-2020-2021","status":"publish","type":"post","link":"https:\/\/www.nonsolomodanews.it\/wordpress\/antonella-sica-presenta-la-collezione-autunno-inverno-2020-2021\/","title":{"rendered":"ANTONELLA SICA  PRESENTA LA COLLEZIONE  AUTUNNO-INVERNO 2020\/2021"},"content":{"rendered":"<p><span style=\"color: #000000;\"><img loading=\"lazy\" decoding=\"async\" class=\"size-medium wp-image-21251 alignleft\" src=\"https:\/\/www.nonsolomodanews.it\/wordpress\/wp-content\/uploads\/2020\/11\/antonella-sica-fw20_21-240x300.jpg\" alt=\"\" width=\"240\" height=\"300\" srcset=\"https:\/\/www.nonsolomodanews.it\/wordpress\/wp-content\/uploads\/2020\/11\/antonella-sica-fw20_21-240x300.jpg 240w, https:\/\/www.nonsolomodanews.it\/wordpress\/wp-content\/uploads\/2020\/11\/antonella-sica-fw20_21-819x1024.jpg 819w, https:\/\/www.nonsolomodanews.it\/wordpress\/wp-content\/uploads\/2020\/11\/antonella-sica-fw20_21-768x960.jpg 768w, https:\/\/www.nonsolomodanews.it\/wordpress\/wp-content\/uploads\/2020\/11\/antonella-sica-fw20_21.jpg 1080w\" sizes=\"auto, (max-width: 240px) 100vw, 240px\" \/>La classe non \u00e8 acqua. E ce lo dimostra ancora una volta la stilista napoletana <strong>Antonella Sica <\/strong>con la sua collezione<strong> Autunno-Inverno 2020\/2021<\/strong>, che si rivolge ad una donna dalla forte personalit\u00e0. Una collezione i cui caratteri distintivi sono l&#8217;eleganza, la raffinatezza e la ricercatezza.<\/span><\/p>\n<p><span style=\"color: #000000;\"><!--more--><\/span><\/p>\n<p><span style=\"color: #000000;\">A dominare l&#8217;essenziale, con l&#8217;immagine di una donna messa a nudo, sofisticata,\u00a0 dal carattere deciso e al tempo stesso romantico.<\/span><\/p>\n<p><span style=\"color: #000000;\">I colori della terra si alternano ai colori freddi, in una collezione dall\u2019impronta femminile ed elegante, a tratti bon ton, nella sua austera sensualit\u00e0.<\/span><\/p>\n<p><span style=\"color: #000000;\">I tessuti scelti variano dalla preziosa georgette al velluti per gli abiti da soir\u00e9e fino ad arrivare ai cad\u00ec per i pi\u00f9 strutturati completi dal taglio sartoriale.<\/span><\/p>\n<p><span style=\"color: #000000;\">Tutti i capi sono studiati e realizzati con estrema cura fin dei minimi dettagli, compresi gli interni. Una sapiente manifattura, espressione della eccellente sartoria napoletana.<\/span><\/p>\n<p><span style=\"color: #000000;\"><img loading=\"lazy\" decoding=\"async\" class=\"size-medium wp-image-21253 aligncenter\" src=\"https:\/\/www.nonsolomodanews.it\/wordpress\/wp-content\/uploads\/2020\/11\/antonellasica-fw-20_21-240x300.jpg\" alt=\"\" width=\"240\" height=\"300\" srcset=\"https:\/\/www.nonsolomodanews.it\/wordpress\/wp-content\/uploads\/2020\/11\/antonellasica-fw-20_21-240x300.jpg 240w, https:\/\/www.nonsolomodanews.it\/wordpress\/wp-content\/uploads\/2020\/11\/antonellasica-fw-20_21-819x1024.jpg 819w, https:\/\/www.nonsolomodanews.it\/wordpress\/wp-content\/uploads\/2020\/11\/antonellasica-fw-20_21-768x960.jpg 768w, https:\/\/www.nonsolomodanews.it\/wordpress\/wp-content\/uploads\/2020\/11\/antonellasica-fw-20_21.jpg 1080w\" sizes=\"auto, (max-width: 240px) 100vw, 240px\" \/>Il brand <strong>Antonella Sica<\/strong> nasce dalla passione per la moda di una donna, madre, professionista, imprenditrice e dal suo desiderio di creare abiti che la rispecchiassero, facendola sentire elegante, raffinata, femminile e sicura di s\u00e9. Capi unici, realizzati artigianalmente da mani esperte, con amore.<\/span><\/p>\n<p><span style=\"color: #000000;\">\u00c8 proprio per questo che, nel giro di poco tempo, la maison ha avuto successo conquistando anche personaggi dello spettacolo come, per esempio, Anna Falchi e Veronica Maya, che hanno indossato le sue creazioni.<\/span><\/p>\n<p><span style=\"color: #000000;\">Antonella Sica ha anche partecipato all&#8217;ultima edizione del Social World Film Festival, durante il quale hanno sfoggiato dei suoi capi la giornalista Roberta Nardi, la cantante Lavinia Voltolina Boffi e l\u2019attrice-regista Noemi Cusato.<\/span><\/p>\n<p>&nbsp;<\/p>\n<p><strong><span style=\"color: #000000;\">Sito: https:\/\/antonellasica.it\/<\/span><\/strong><\/p>\n<p><strong><span style=\"color: #000000;\">Facebook: https:\/\/www.facebook.com\/antonellasicabrand<\/span><\/strong><\/p>\n<p><strong><span style=\"color: #000000;\">Instagram: https:\/\/www.instagram.com\/_antonellasica_\/<\/span><\/strong><\/p>\n<p style=\"text-align: center;\"><span style=\"color: #000000;\">Ufficio stampa Laura Frigerio comunicati.frigeriopress@gmail.com<br \/>\n<\/span><span style=\"color: #000000;\">Tutti i diritti riservati \u00a9 2020 \u2013 Email: nonsolomodanews@gmail.com<\/span><\/p>\n<p>&nbsp;<\/p>\n","protected":false},"excerpt":{"rendered":"<p>La classe non &egrave; acqua. E ce lo dimostra ancora una volta la stilista napoletana Antonella Sica con la sua collezione Autunno-Inverno 2020\/2021, che si rivolge ad una donna dalla forte personalit&agrave;. Una collezione i cui caratteri distintivi sono l&rsquo;eleganza, la raffinatezza e la ricercatezza.<\/p>\n","protected":false},"author":1,"featured_media":21252,"comment_status":"open","ping_status":"open","sticky":false,"template":"","format":"standard","meta":{"rop_custom_images_group":[],"rop_custom_messages_group":[],"rop_publish_now":"initial","rop_publish_now_accounts":[],"rop_publish_now_history":[],"rop_publish_now_status":"pending","footnotes":""},"categories":[16],"tags":[8327,372,8328],"class_list":["post-21250","post","type-post","status-publish","format-standard","has-post-thumbnail","hentry","category-articolo","tag-antonella-sica","tag-comunicato-stampa-2","tag-laura-frigerio"],"_links":{"self":[{"href":"https:\/\/www.nonsolomodanews.it\/wordpress\/wp-json\/wp\/v2\/posts\/21250","targetHints":{"allow":["GET"]}}],"collection":[{"href":"https:\/\/www.nonsolomodanews.it\/wordpress\/wp-json\/wp\/v2\/posts"}],"about":[{"href":"https:\/\/www.nonsolomodanews.it\/wordpress\/wp-json\/wp\/v2\/types\/post"}],"author":[{"embeddable":true,"href":"https:\/\/www.nonsolomodanews.it\/wordpress\/wp-json\/wp\/v2\/users\/1"}],"replies":[{"embeddable":true,"href":"https:\/\/www.nonsolomodanews.it\/wordpress\/wp-json\/wp\/v2\/comments?post=21250"}],"version-history":[{"count":2,"href":"https:\/\/www.nonsolomodanews.it\/wordpress\/wp-json\/wp\/v2\/posts\/21250\/revisions"}],"predecessor-version":[{"id":21255,"href":"https:\/\/www.nonsolomodanews.it\/wordpress\/wp-json\/wp\/v2\/posts\/21250\/revisions\/21255"}],"wp:featuredmedia":[{"embeddable":true,"href":"https:\/\/www.nonsolomodanews.it\/wordpress\/wp-json\/wp\/v2\/media\/21252"}],"wp:attachment":[{"href":"https:\/\/www.nonsolomodanews.it\/wordpress\/wp-json\/wp\/v2\/media?parent=21250"}],"wp:term":[{"taxonomy":"category","embeddable":true,"href":"https:\/\/www.nonsolomodanews.it\/wordpress\/wp-json\/wp\/v2\/categories?post=21250"},{"taxonomy":"post_tag","embeddable":true,"href":"https:\/\/www.nonsolomodanews.it\/wordpress\/wp-json\/wp\/v2\/tags?post=21250"}],"curies":[{"name":"wp","href":"https:\/\/api.w.org\/{rel}","templated":true}]}}