{"id":2122,"date":"2013-09-16T21:59:36","date_gmt":"2013-09-16T21:59:36","guid":{"rendered":"http:\/\/nonsolomodanews.com\/?p=2122"},"modified":"2013-09-16T21:59:36","modified_gmt":"2013-09-16T21:59:36","slug":"intervista-ad-andreea-benchea-miss-romania-in-italia-2012","status":"publish","type":"post","link":"https:\/\/www.nonsolomodanews.it\/wordpress\/intervista-ad-andreea-benchea-miss-romania-in-italia-2012\/","title":{"rendered":"Intervista ad Andreea Benchea, Miss Romania in Italia 2012."},"content":{"rendered":"<p style=\"text-align:justify;\"><span style=\"color:#000000;\">\n\t\t<style>\n\t\t\t#gallery-1 {\n\t\t\t\tmargin: auto;\n\t\t\t}\n\t\t\t#gallery-1 .gallery-item {\n\t\t\t\tfloat: left;\n\t\t\t\tmargin-top: 10px;\n\t\t\t\ttext-align: center;\n\t\t\t\twidth: 33%;\n\t\t\t}\n\t\t\t#gallery-1 img {\n\t\t\t\tborder: 2px solid #cfcfcf;\n\t\t\t}\n\t\t\t#gallery-1 .gallery-caption {\n\t\t\t\tmargin-left: 0;\n\t\t\t}\n\t\t\t\/* see gallery_shortcode() in wp-includes\/media.php *\/\n\t\t<\/style>\n\t\t<div id='gallery-1' class='gallery galleryid-2122 gallery-columns-3 gallery-size-thumbnail'><dl class='gallery-item'>\n\t\t\t<dt class='gallery-icon portrait'>\n\t\t\t\t<a href='https:\/\/www.nonsolomodanews.it\/wordpress\/14512_235128919970934_1886550585_n\/'><img loading=\"lazy\" decoding=\"async\" width=\"150\" height=\"150\" src=\"https:\/\/www.nonsolomodanews.it\/wordpress\/wp-content\/uploads\/2013\/09\/14512_235128919970934_1886550585_n-150x150.jpg\" class=\"attachment-thumbnail size-thumbnail\" alt=\"\" \/><\/a>\n\t\t\t<\/dt><\/dl><dl class='gallery-item'>\n\t\t\t<dt class='gallery-icon landscape'>\n\t\t\t\t<a href='https:\/\/www.nonsolomodanews.it\/wordpress\/intervista-ad-andreea-benchea-miss-romania-in-italia-2012\/1240449_235128426637650_1383324494_n\/'><img loading=\"lazy\" decoding=\"async\" width=\"150\" height=\"150\" src=\"https:\/\/www.nonsolomodanews.it\/wordpress\/wp-content\/uploads\/2013\/09\/1240449_235128426637650_1383324494_n-150x150.jpg\" class=\"attachment-thumbnail size-thumbnail\" alt=\"\" aria-describedby=\"gallery-1-2135\" \/><\/a>\n\t\t\t<\/dt>\n\t\t\t\t<dd class='wp-caption-text gallery-caption' id='gallery-1-2135'>\n\t\t\t\tAndreea Benchea \n\t\t\t\t<\/dd><\/dl><dl class='gallery-item'>\n\t\t\t<dt class='gallery-icon portrait'>\n\t\t\t\t<a href='https:\/\/www.nonsolomodanews.it\/wordpress\/intervista-ad-andreea-benchea-miss-romania-in-italia-2012\/554113_235128786637614_56219361_n\/'><img loading=\"lazy\" decoding=\"async\" width=\"150\" height=\"150\" src=\"https:\/\/www.nonsolomodanews.it\/wordpress\/wp-content\/uploads\/2013\/09\/554113_235128786637614_56219361_n-150x150.jpg\" class=\"attachment-thumbnail size-thumbnail\" alt=\"\" aria-describedby=\"gallery-1-2130\" \/><\/a>\n\t\t\t<\/dt>\n\t\t\t\t<dd class='wp-caption-text gallery-caption' id='gallery-1-2130'>\n\t\t\t\tMiss Romania in Italia 2012 &#8211; Andreea Benchea \n\t\t\t\t<\/dd><\/dl><br style=\"clear: both\" \/><dl class='gallery-item'>\n\t\t\t<dt class='gallery-icon portrait'>\n\t\t\t\t<a href='https:\/\/www.nonsolomodanews.it\/wordpress\/intervista-ad-andreea-benchea-miss-romania-in-italia-2012\/1185873_235129056637587_1226267047_n\/'><img loading=\"lazy\" decoding=\"async\" width=\"150\" height=\"150\" src=\"https:\/\/www.nonsolomodanews.it\/wordpress\/wp-content\/uploads\/2013\/09\/1185873_235129056637587_1226267047_n-150x150.jpg\" class=\"attachment-thumbnail size-thumbnail\" alt=\"\" aria-describedby=\"gallery-1-2131\" \/><\/a>\n\t\t\t<\/dt>\n\t\t\t\t<dd class='wp-caption-text gallery-caption' id='gallery-1-2131'>\n\t\t\t\tAndreea Benchea \n\t\t\t\t<\/dd><\/dl><dl class='gallery-item'>\n\t\t\t<dt class='gallery-icon portrait'>\n\t\t\t\t<a href='https:\/\/www.nonsolomodanews.it\/wordpress\/intervista-ad-andreea-benchea-miss-romania-in-italia-2012\/1238938_235128359970990_1610789529_n\/'><img loading=\"lazy\" decoding=\"async\" width=\"150\" height=\"150\" src=\"https:\/\/www.nonsolomodanews.it\/wordpress\/wp-content\/uploads\/2013\/09\/1238938_235128359970990_1610789529_n-150x150.jpg\" class=\"attachment-thumbnail size-thumbnail\" alt=\"\" aria-describedby=\"gallery-1-2133\" srcset=\"https:\/\/www.nonsolomodanews.it\/wordpress\/wp-content\/uploads\/2013\/09\/1238938_235128359970990_1610789529_n-150x150.jpg 150w, https:\/\/www.nonsolomodanews.it\/wordpress\/wp-content\/uploads\/2013\/09\/1238938_235128359970990_1610789529_n-532x530.jpg 532w\" sizes=\"auto, (max-width: 150px) 100vw, 150px\" \/><\/a>\n\t\t\t<\/dt>\n\t\t\t\t<dd class='wp-caption-text gallery-caption' id='gallery-1-2133'>\n\t\t\t\tAndreea Benchea \n\t\t\t\t<\/dd><\/dl><dl class='gallery-item'>\n\t\t\t<dt class='gallery-icon portrait'>\n\t\t\t\t<a href='https:\/\/www.nonsolomodanews.it\/wordpress\/intervista-ad-andreea-benchea-miss-romania-in-italia-2012\/1229982_235128416637651_1065748611_n\/'><img loading=\"lazy\" decoding=\"async\" width=\"150\" height=\"150\" src=\"https:\/\/www.nonsolomodanews.it\/wordpress\/wp-content\/uploads\/2013\/09\/1229982_235128416637651_1065748611_n-150x150.jpg\" class=\"attachment-thumbnail size-thumbnail\" alt=\"\" aria-describedby=\"gallery-1-2132\" srcset=\"https:\/\/www.nonsolomodanews.it\/wordpress\/wp-content\/uploads\/2013\/09\/1229982_235128416637651_1065748611_n-150x150.jpg 150w, https:\/\/www.nonsolomodanews.it\/wordpress\/wp-content\/uploads\/2013\/09\/1229982_235128416637651_1065748611_n-532x530.jpg 532w\" sizes=\"auto, (max-width: 150px) 100vw, 150px\" \/><\/a>\n\t\t\t<\/dt>\n\t\t\t\t<dd class='wp-caption-text gallery-caption' id='gallery-1-2132'>\n\t\t\t\tAndreea Benchea \n\t\t\t\t<\/dd><\/dl><br style=\"clear: both\" \/><dl class='gallery-item'>\n\t\t\t<dt class='gallery-icon portrait'>\n\t\t\t\t<a href='https:\/\/www.nonsolomodanews.it\/wordpress\/intervista-ad-andreea-benchea-miss-romania-in-italia-2012\/1239602_235128419970984_164022408_n\/'><img loading=\"lazy\" decoding=\"async\" width=\"150\" height=\"150\" src=\"https:\/\/www.nonsolomodanews.it\/wordpress\/wp-content\/uploads\/2013\/09\/1239602_235128419970984_164022408_n-150x150.jpg\" class=\"attachment-thumbnail size-thumbnail\" alt=\"\" aria-describedby=\"gallery-1-2134\" srcset=\"https:\/\/www.nonsolomodanews.it\/wordpress\/wp-content\/uploads\/2013\/09\/1239602_235128419970984_164022408_n-150x150.jpg 150w, https:\/\/www.nonsolomodanews.it\/wordpress\/wp-content\/uploads\/2013\/09\/1239602_235128419970984_164022408_n-532x530.jpg 532w\" sizes=\"auto, (max-width: 150px) 100vw, 150px\" \/><\/a>\n\t\t\t<\/dt>\n\t\t\t\t<dd class='wp-caption-text gallery-caption' id='gallery-1-2134'>\n\t\t\t\tAndreea Benchea \n\t\t\t\t<\/dd><\/dl><dl class='gallery-item'>\n\t\t\t<dt class='gallery-icon landscape'>\n\t\t\t\t<a href='https:\/\/www.nonsolomodanews.it\/wordpress\/7-3\/'><img loading=\"lazy\" decoding=\"async\" width=\"150\" height=\"150\" src=\"https:\/\/www.nonsolomodanews.it\/wordpress\/wp-content\/uploads\/2013\/09\/7-150x150.jpg\" class=\"attachment-thumbnail size-thumbnail\" alt=\"\" aria-describedby=\"gallery-1-2128\" \/><\/a>\n\t\t\t<\/dt>\n\t\t\t\t<dd class='wp-caption-text gallery-caption' id='gallery-1-2128'>\n\t\t\t\tAndreea Benchea \n\t\t\t\t<\/dd><\/dl>\n\t\t\t<br style='clear: both' \/>\n\t\t<\/div>\n<\/p>\n<p><\/span><\/p>\n<p>&nbsp;<\/p>\n<p style=\"text-align:justify;\"><strong>Nonsolomodanews<\/strong> <span style=\"color:#000000;\">incontra la fotomodella di origini rumene <strong>Andreea Benchea<\/strong>. Andreea, dopo aver vinto varie fasce \u00e8 stata miss Romania in Italia nel 2012- La giovane Miss, che ha compiuto 23 anni lo scorso 25 agosto (auguri anche se in ritardo), risiede con la famiglia in Piemonte e in particolare nel Comune di Rivarolo, provincia di Torino.<\/span><\/p>\n<p style=\"text-align:justify;\"><span style=\"color:#000000;\">Ringraziamo Andreea per avere voluto incontrare <strong>Nonsolomodanews<\/strong> e farsi conoscere meglio ai nostri lettori e ai tuoi fans.<\/span><\/p>\n<div id=\"attachment_2128\" style=\"width: 650px\" class=\"wp-caption aligncenter\"><a href=\"http:\/\/nonsolomodanews.files.wordpress.com\/2013\/09\/7.jpg\"><img loading=\"lazy\" decoding=\"async\" aria-describedby=\"caption-attachment-2128\" class=\"size-large wp-image-2128\" alt=\"Andreea Benchea \" src=\"http:\/\/nonsolomodanews.files.wordpress.com\/2013\/09\/7.jpg?w=640\" width=\"640\" height=\"432\" srcset=\"https:\/\/www.nonsolomodanews.it\/wordpress\/wp-content\/uploads\/2013\/09\/7.jpg 3476w, https:\/\/www.nonsolomodanews.it\/wordpress\/wp-content\/uploads\/2013\/09\/7-300x203.jpg 300w, https:\/\/www.nonsolomodanews.it\/wordpress\/wp-content\/uploads\/2013\/09\/7-1024x693.jpg 1024w, https:\/\/www.nonsolomodanews.it\/wordpress\/wp-content\/uploads\/2013\/09\/7-1080x730.jpg 1080w\" sizes=\"auto, (max-width: 640px) 100vw, 640px\" \/><\/a><p id=\"caption-attachment-2128\" class=\"wp-caption-text\">Andreea Benchea<\/p><\/div>\n<p style=\"text-align:justify;\"><span style=\"color:#000000;\"><b>Ciao Andreea, ti vuoi presentare?<\/b> <i>\u201cCiao! Il mio nome e Andreea Benchea e sono nata il 25 agosto del 1990 in Romania\u201d.<\/i><\/span><\/p>\n<p style=\"text-align:justify;\"><span style=\"color:#000000;\"><b>Quali sono le tue misure?<\/b> <em>\u201cLe mie misure sono 85-62-92. Sono alta 170 cm e porto una scarpa n. 39. Ho i capelli rossi e gli occhi verdi\u201d.<\/em><\/span><\/p>\n<p style=\"text-align:justify;\"><span style=\"color:#000000;\"><b>Come sei di carattere?<\/b> <i>\u201cHo un carattere tranquillo anche se alle volte molto testarda\u201d.\u00a0<\/i><\/span><\/p>\n<div id=\"attachment_2131\" style=\"width: 245px\" class=\"wp-caption alignleft\"><a href=\"http:\/\/nonsolomodanews.files.wordpress.com\/2013\/09\/1185873_235129056637587_1226267047_n.jpg\"><img loading=\"lazy\" decoding=\"async\" aria-describedby=\"caption-attachment-2131\" class=\"size-medium wp-image-2131\" alt=\"Andreea Benchea \" src=\"http:\/\/nonsolomodanews.files.wordpress.com\/2013\/09\/1185873_235129056637587_1226267047_n.jpg?w=235\" width=\"235\" height=\"300\" srcset=\"https:\/\/www.nonsolomodanews.it\/wordpress\/wp-content\/uploads\/2013\/09\/1185873_235129056637587_1226267047_n.jpg 754w, https:\/\/www.nonsolomodanews.it\/wordpress\/wp-content\/uploads\/2013\/09\/1185873_235129056637587_1226267047_n-236x300.jpg 236w\" sizes=\"auto, (max-width: 235px) 100vw, 235px\" \/><\/a><p id=\"caption-attachment-2131\" class=\"wp-caption-text\">Andreea Benchea<\/p><\/div>\n<p style=\"text-align:justify;\"><span style=\"color:#000000;\"><b>Cosa ti piace e cosa non ti piace?<\/b> <i>\u201cMi piace il cibo italiano e non mi piace essere sola.<\/i><\/span><\/p>\n<p style=\"text-align:justify;\"><span style=\"color:#000000;\"><b>Qual \u00e8 il tuo colore preferito?<\/b> <i>\u201cIl mio colore preferito \u00e8 l&#8217;azzurro, mi e sempre piaciuto\u201d.<\/i><\/span><\/p>\n<p style=\"text-align:justify;\"><span style=\"color:#000000;\"><i><\/i><b>Venendo all\u2019argomento dell\u2019intervista, hai seguito corsi per fare la fotomodella?<\/b> <i>\u201cA livello artistico non ho mai seguito un corso ma ho sempre fatto tutto con molta passione\u201d.<\/i><\/span><\/p>\n<p style=\"text-align:justify;\"><span style=\"color:#000000;\"><b>Cosa cerchi dai fotografi e che cosa cercano i fotografi da te?<\/b> <i>\u201cIo cerco seriet\u00e0 e professionalit\u00e0 dai fotografi e loro cercano il mio sguardo\u201d.<\/i><\/span><\/p>\n<p style=\"text-align:justify;\"><span style=\"color:#000000;\"><b>In che senso cercano il tuo sguardo? \u00a0<\/b>\u00a0<em>&#8220;Il mio sguardo nel senso la profondit\u00e0, loro pensano che dia emozione allo scatto&#8221;.<\/em><\/span><\/p>\n<p style=\"text-align:justify;\"><span style=\"color:#000000;\"><b>Tu pensi che il mondo dello spettacolo sia il tuo futuro?<\/b> <i>\u201cIo non penso di far parte dal mondo dello spettacolo e solo una piccola parte della mia vita a cui mi dedico a volte e mi ci trovo bene ogni volta\u201d.<\/i><\/span><\/p>\n<div id=\"attachment_2134\" style=\"width: 209px\" class=\"wp-caption alignleft\"><a href=\"http:\/\/nonsolomodanews.files.wordpress.com\/2013\/09\/1239602_235128419970984_164022408_n.jpg\"><img loading=\"lazy\" decoding=\"async\" aria-describedby=\"caption-attachment-2134\" class=\"size-medium wp-image-2134\" alt=\"Andreea Benchea \" src=\"http:\/\/nonsolomodanews.files.wordpress.com\/2013\/09\/1239602_235128419970984_164022408_n.jpg?w=199\" width=\"199\" height=\"300\" srcset=\"https:\/\/www.nonsolomodanews.it\/wordpress\/wp-content\/uploads\/2013\/09\/1239602_235128419970984_164022408_n.jpg 532w, https:\/\/www.nonsolomodanews.it\/wordpress\/wp-content\/uploads\/2013\/09\/1239602_235128419970984_164022408_n-200x300.jpg 200w\" sizes=\"auto, (max-width: 199px) 100vw, 199px\" \/><\/a><p id=\"caption-attachment-2134\" class=\"wp-caption-text\">Andreea Benchea<\/p><\/div>\n<p style=\"text-align:justify;\"><span style=\"color:#000000;\"><b>Aspettative e speranze?<\/b><i> \u201c<\/i>Le <i>mie speranze? Fare la testimonial di qualcosa di importante\u201d.<\/i><\/span><\/p>\n<p style=\"text-align:justify;\"><span style=\"color:#000000;\"><b>Tu recentemente hai partecipato a vari concorsi di bellezza. Delle fasce che hai vinto. te ne ricordi qualcuna o una in particolare di cui ne vai molto fiera?<\/b> <i>\u201cDi fasce ne ho vinte. Alcune importanti e altre meno ma la pi\u00f9 importante, a cui ci tengo di pi\u00f9 in assoluto, \u00e8 quella di &#8220;Miss Romania in Italia 2012&#8221;.<\/i><\/span><\/p>\n<p style=\"text-align:justify;\"><b style=\"color:#000000;\">Ci vuoi raccontare come \u00e8 stata la tua esperienza al concorso di \u201cMiss Romania in Italia 2012?\u00a0<\/b><span style=\"color:#000000;\">\u201c<\/span><i style=\"color:#000000;\">Miss Romania in Italia era un sogno&#8230; <\/i><i><span style=\"color:#000000;\">mi ricordo una sera quando\u00a0avevo\u00a0appena finito di sfilare e mia sorella mi disse che esisteva questo concorso. M<\/span><\/i><i style=\"color:#000000;\">i hanno chiamata da Roma dopo l&#8217;iscrizione e mi hanno detto che ero stata scelta per andare a sfilare per loro. Ero felice, al nono cielo. La sera della semifinale arriv\u00f2 Ramona Badescu con la principessa Borghese, la creatrice di gioielli, con la corona. A distanza di tempo mi ricordo solo che l&#8217;ho guardata e mi sono rattristata&#8221;.<\/i><\/p>\n<div id=\"attachment_2130\" style=\"width: 234px\" class=\"wp-caption aligncenter\"><a href=\"http:\/\/nonsolomodanews.files.wordpress.com\/2013\/09\/554113_235128786637614_56219361_n.jpg\"><img loading=\"lazy\" decoding=\"async\" aria-describedby=\"caption-attachment-2130\" class=\"size-medium wp-image-2130\" alt=\"Miss Romania in Italia 2012 - Andreea Benchea \" src=\"http:\/\/nonsolomodanews.files.wordpress.com\/2013\/09\/554113_235128786637614_56219361_n.jpg?w=224\" width=\"224\" height=\"300\" srcset=\"https:\/\/www.nonsolomodanews.it\/wordpress\/wp-content\/uploads\/2013\/09\/554113_235128786637614_56219361_n.jpg 717w, https:\/\/www.nonsolomodanews.it\/wordpress\/wp-content\/uploads\/2013\/09\/554113_235128786637614_56219361_n-224x300.jpg 224w\" sizes=\"auto, (max-width: 224px) 100vw, 224px\" \/><\/a><p id=\"caption-attachment-2130\" class=\"wp-caption-text\">Miss Romania in Italia 2012 &#8211; Andreea Benchea<\/p><\/div>\n<p style=\"text-align:justify;\"><strong>Perch\u00e9 ti sei rattristata? <\/strong><i style=\"color:#000000;\">&#8220;Perch\u00e9\u00a0ero convinta di non meritarla e che non sarebbe mai stata mia e pi\u00f9 grande \u00e8 stata l&#8217;emozione quando hanno scelto me\u201d<\/i><\/p>\n<p style=\"text-align:justify;\"><b style=\"color:#000000;\">Come hai festeggiato la vittoria?<\/b><i style=\"color:#000000;\"> <\/i><i style=\"color:#000000;\">\u201c<\/i><i><span style=\"color:#000000;\">Non si\u00a0pu\u00f2\u00a0dire\u201d. (sorride)<\/span><\/i><\/p>\n<p style=\"text-align:justify;\"><span style=\"color:#000000;\"><b>E&#8217; cambiata la tua vita con la vittoria di Miss Romania 2012 in Italia? <\/b><\/span><b><i>\u201c<\/i><\/b><span style=\"color:#000000;\"><i>wow SI\u201d.<\/i><\/span><\/p>\n<div id=\"attachment_2132\" style=\"width: 209px\" class=\"wp-caption alignright\"><a href=\"http:\/\/nonsolomodanews.files.wordpress.com\/2013\/09\/1229982_235128416637651_1065748611_n.jpg\"><img loading=\"lazy\" decoding=\"async\" aria-describedby=\"caption-attachment-2132\" class=\"size-medium wp-image-2132\" alt=\"Andreea Benchea \" src=\"http:\/\/nonsolomodanews.files.wordpress.com\/2013\/09\/1229982_235128416637651_1065748611_n.jpg?w=199\" width=\"199\" height=\"300\" srcset=\"https:\/\/www.nonsolomodanews.it\/wordpress\/wp-content\/uploads\/2013\/09\/1229982_235128416637651_1065748611_n.jpg 532w, https:\/\/www.nonsolomodanews.it\/wordpress\/wp-content\/uploads\/2013\/09\/1229982_235128416637651_1065748611_n-200x300.jpg 200w\" sizes=\"auto, (max-width: 199px) 100vw, 199px\" \/><\/a><p id=\"caption-attachment-2132\" class=\"wp-caption-text\">Andreea Benchea<\/p><\/div>\n<p style=\"text-align:justify;\"><span style=\"color:#000000;\"><b>Un esempio<\/b><b>?<\/b> <i>\u201c<\/i><i>Le interviste, le foto, gli eventi in cui non sono pi\u00f9 una concorrente ma una giurata e altri piccoli vantaggi\u2026 Anche come quando mi trattano un po\u2019 troppo da principessa\u00a0<\/i><i>ma io sono una guerriera, :)) sono cattiva. diciamo che penso di essere una bella dura, una \u00a0con le &lt;&lt;palle&gt;&gt;.<\/i><\/span><\/p>\n<p style=\"text-align:justify;\"><span style=\"color:#000000;\"><b>Tra i vari lavori fotografici che hai fatto di recente, ce n\u2019\u00e8 uno in particolare che ti \u00e8 piaciuto, ci dici per quale motivo?<\/b> \u201c<i>Si, mi e piaciuto molto il workshop a Lucca in cui mi sono divertita molto\u201d.<\/i><\/span><\/p>\n<p style=\"text-align:justify;\"><span style=\"color:#000000;\"><b>Con chi lo hai fatto e quando?\u00a0<\/b>\u201c<i>&#8216;Erano veramente molti fotografi a Lucca e non voglio fare i nomi di pochi per non mancare di rispetto agli altri\u201d. Li ricordo tutti con molto piacere\u201d<\/i><\/span><\/p>\n<p style=\"text-align:justify;\"><span style=\"color:#000000;\"><b>Quando hai iniziato a posare e quali sono i generi che preferisci?<\/b> <i>\u201cHo iniziato a posare a settembre 2012 e apprezzo molto ogni genere di fotografia basta non siano foto volgari nonostante io non posi in topless, trasparenze o nudo\u201d.<\/i><\/span><\/p>\n<p style=\"text-align:justify;\"><span style=\"color:#000000;\"><b>Che cosa \u00e8 per te la fotografia?<\/b> <i>La fotografia per me e arte\u201d.<\/i><\/span><\/p>\n<div id=\"attachment_2135\" style=\"width: 310px\" class=\"wp-caption alignright\"><a href=\"http:\/\/nonsolomodanews.files.wordpress.com\/2013\/09\/1240449_235128426637650_1383324494_n.jpg\"><img loading=\"lazy\" decoding=\"async\" aria-describedby=\"caption-attachment-2135\" class=\"size-medium wp-image-2135\" alt=\"Andreea Benchea \" src=\"http:\/\/nonsolomodanews.files.wordpress.com\/2013\/09\/1240449_235128426637650_1383324494_n.jpg?w=300\" width=\"300\" height=\"199\" srcset=\"https:\/\/www.nonsolomodanews.it\/wordpress\/wp-content\/uploads\/2013\/09\/1240449_235128426637650_1383324494_n.jpg 960w, https:\/\/www.nonsolomodanews.it\/wordpress\/wp-content\/uploads\/2013\/09\/1240449_235128426637650_1383324494_n-300x200.jpg 300w\" sizes=\"auto, (max-width: 300px) 100vw, 300px\" \/><\/a><p id=\"caption-attachment-2135\" class=\"wp-caption-text\">Andreea Benchea<\/p><\/div>\n<p style=\"text-align:justify;\"><span style=\"color:#000000;\"><b>Ti consideri una fotomodella tradizionale?<\/b> \u201c<i>Diciamo che non mi considero una fotomodella ma pi\u00f9 una ragazza appassionata del farsi ritrarre\u201d.<\/i><\/span><\/p>\n<p style=\"text-align:justify;\"><span style=\"color:#000000;\"><b>Fai attivit\u00e0 fisica per mantenerti in forma?<\/b> <i>\u201cPer ora non sto facendo alcuna attivit\u00e0 fisica o dieta, al massimo se non mi sento in forma mi faccio qualche passo a piedi.<\/i><\/span><\/p>\n<p style=\"text-align:justify;\"><span style=\"color:#000000;\"><b>Quali sono i tuoi hobby?<\/b> <i>\u201cCome hobby ho il disegno in carboncino e ultimamente la fotografia\u201d.<\/i><\/span><\/p>\n<p style=\"text-align:justify;\"><span style=\"color:#000000;\"><b>Qual \u00e8 la frase che ti piace utilizzare di pi\u00f9?<\/b><i> La frase che dico pi\u00f9 spesso e&#8217;: &#8220;Nessuno e perfetto tanto meno io<\/i>\u201d.<\/span><\/p>\n<p style=\"text-align:justify;\"><span style=\"color:#000000;\"><b>Grazie Andreea per la tua cortesia e in bocca lupo per la tua carriera.<\/b><\/span><\/p>\n","protected":false},"excerpt":{"rendered":"<p>&nbsp; Nonsolomodanews incontra la fotomodella di origini rumene Andreea Benchea. Andreea, dopo aver vinto varie fasce &egrave; stata miss Romania in Italia nel 2012- La giovane Miss, che ha compiuto 23 anni lo scorso 25 agosto (auguri anche se in ritardo), risiede con la famiglia in Piemonte e in particolare nel Comune di Rivarolo, provincia di Torino. Ringraziamo Andreea per avere voluto incontrare Nonsolomodanews e farsi conoscere meglio ai nostri lettori e ai tuoi fans. Ciao Andreea, ti vuoi presentare? &ldquo;Ciao! Il mio nome e Andreea Benchea e sono nata il 25 agosto del 1990 in Romania&rdquo;. Quali sono le tue misure? &ldquo;Le mie misure sono 85-62-92. Sono alta 170 cm e porto una scarpa n. 39. Ho i capelli rossi e gli occhi verdi&rdquo;. Come sei di carattere? &ldquo;Ho un carattere tranquillo anche se alle volte molto testarda&rdquo;.&nbsp; Cosa ti piace e cosa non ti piace? &ldquo;Mi piace il cibo italiano e non mi piace essere sola. Qual &egrave; il tuo colore preferito? &ldquo;Il mio colore preferito &egrave; l&rsquo;azzurro, mi e sempre piaciuto&rdquo;. Venendo all&rsquo;argomento dell&rsquo;intervista, hai seguito corsi per fare la fotomodella? &ldquo;A livello artistico non ho mai seguito un corso ma ho sempre fatto tutto con molta [&hellip;]<\/p>\n","protected":false},"author":1,"featured_media":0,"comment_status":"open","ping_status":"open","sticky":false,"template":"","format":"standard","meta":{"rop_custom_images_group":[],"rop_custom_messages_group":[],"rop_publish_now":"initial","rop_publish_now_accounts":[],"rop_publish_now_history":[],"rop_publish_now_status":"pending","footnotes":""},"categories":[16],"tags":[148,588,1036,1099],"class_list":["post-2122","post","type-post","status-publish","format-standard","hentry","category-articolo","tag-andreea-benchea","tag-fotomodella","tag-modella","tag-nonsolomodanews"],"_links":{"self":[{"href":"https:\/\/www.nonsolomodanews.it\/wordpress\/wp-json\/wp\/v2\/posts\/2122","targetHints":{"allow":["GET"]}}],"collection":[{"href":"https:\/\/www.nonsolomodanews.it\/wordpress\/wp-json\/wp\/v2\/posts"}],"about":[{"href":"https:\/\/www.nonsolomodanews.it\/wordpress\/wp-json\/wp\/v2\/types\/post"}],"author":[{"embeddable":true,"href":"https:\/\/www.nonsolomodanews.it\/wordpress\/wp-json\/wp\/v2\/users\/1"}],"replies":[{"embeddable":true,"href":"https:\/\/www.nonsolomodanews.it\/wordpress\/wp-json\/wp\/v2\/comments?post=2122"}],"version-history":[{"count":0,"href":"https:\/\/www.nonsolomodanews.it\/wordpress\/wp-json\/wp\/v2\/posts\/2122\/revisions"}],"wp:attachment":[{"href":"https:\/\/www.nonsolomodanews.it\/wordpress\/wp-json\/wp\/v2\/media?parent=2122"}],"wp:term":[{"taxonomy":"category","embeddable":true,"href":"https:\/\/www.nonsolomodanews.it\/wordpress\/wp-json\/wp\/v2\/categories?post=2122"},{"taxonomy":"post_tag","embeddable":true,"href":"https:\/\/www.nonsolomodanews.it\/wordpress\/wp-json\/wp\/v2\/tags?post=2122"}],"curies":[{"name":"wp","href":"https:\/\/api.w.org\/{rel}","templated":true}]}}