{"id":21210,"date":"2020-11-05T13:07:36","date_gmt":"2020-11-05T13:07:36","guid":{"rendered":"https:\/\/www.nonsolomodanews.it\/wordpress\/?p=21210"},"modified":"2020-11-05T13:07:36","modified_gmt":"2020-11-05T13:07:36","slug":"intervista-con-la-prima-ballerina-lucia-colosio-quando-la-danza-fa-parte-di-te","status":"publish","type":"post","link":"https:\/\/www.nonsolomodanews.it\/wordpress\/intervista-con-la-prima-ballerina-lucia-colosio-quando-la-danza-fa-parte-di-te\/","title":{"rendered":"Intervista con la prima ballerina Lucia Colosio, quando la danza fa parte di te"},"content":{"rendered":"<p><span style=\"color: #000000;\"><strong><img loading=\"lazy\" decoding=\"async\" class=\"size-medium wp-image-21213 alignleft\" src=\"https:\/\/www.nonsolomodanews.it\/wordpress\/wp-content\/uploads\/2020\/11\/08092020-DSC_9044-200x300.jpg\" alt=\"\" width=\"200\" height=\"300\" srcset=\"https:\/\/www.nonsolomodanews.it\/wordpress\/wp-content\/uploads\/2020\/11\/08092020-DSC_9044-200x300.jpg 200w, https:\/\/www.nonsolomodanews.it\/wordpress\/wp-content\/uploads\/2020\/11\/08092020-DSC_9044-684x1024.jpg 684w, https:\/\/www.nonsolomodanews.it\/wordpress\/wp-content\/uploads\/2020\/11\/08092020-DSC_9044-768x1150.jpg 768w, https:\/\/www.nonsolomodanews.it\/wordpress\/wp-content\/uploads\/2020\/11\/08092020-DSC_9044-1025x1536.jpg 1025w, https:\/\/www.nonsolomodanews.it\/wordpress\/wp-content\/uploads\/2020\/11\/08092020-DSC_9044-1367x2048.jpg 1367w, https:\/\/www.nonsolomodanews.it\/wordpress\/wp-content\/uploads\/2020\/11\/08092020-DSC_9044-1080x1618.jpg 1080w, https:\/\/www.nonsolomodanews.it\/wordpress\/wp-content\/uploads\/2020\/11\/08092020-DSC_9044-scaled.jpg 1709w\" sizes=\"auto, (max-width: 200px) 100vw, 200px\" \/>Lucia Colosio<\/strong> ballerina classica e neoclassica professionista con percorso accademico italo ed estero, diplomatasi ballerina alla Pavlova International Ballet School di Bergamo e con diploma di perfezionamento del Teatro Bolshoi di Mosca, grazie alla borsa di studio per il pi\u00f9 prestigioso teatro russo al mondo, vinta nel luglio 2012 con 1 premio in categoria seniores al concorso internazionale Danzadriatico di Pescara.<\/span><br \/>\n<span style=\"color: #000000;\">Inizia la carriera a 18 anni scarsi lavorando in importanti compagnie italiane ed estere di balletto e produzioni neoclassiche, come la Pavlova International Ballet Company, la Compagnia Nazionale di Raffaele Paganini, il Teatro Bellini di Catania, il Royal Ballet of Flanders ad Anversa, al National Theatre di Pechino, il Balletto del Sud di Fredy Franzutti, Tony Martin Ballet con tourn\u00e9e di Giselle in tutta la Cina in ottobre-dicembre 2018, con debutto nel ruolo di Giselle in data 8 dicembre a Shenyang. Nel corso della sua carriera ottiene numerosi ruoli da solista, sia nel balletto classico, che nelle produzioni neoclassiche. Ringraziamo Lucia per questa lunga e intensa intervista. Ricordiamo ai lettori che le fotografie sono state realizzare durante un servizio fotografico ad hoc realizzato in Bologna. Auguriamo ai nostri lettori buona lettura e buona visione delle fotografie. Un ringraziamento particolare al dott. Marco Benni di Cotabo<a href=\"http:\/\/www.cotabo.it\/home\/\">\u00a0<\/a>e al dott. Massimiliano Ceresini di <a href=\"https:\/\/www.dispensaemilia.it\/it\/\">Dispensa Emilia<\/a> \u00a0per il supporto ricevuto durante lo il servizio fotografico.\u00a0<\/span><\/p>\n<p><!--more--><\/p>\n<p><span style=\"color: #000000;\"><strong>Ciao Lucia, benvenuta su Nonsolomodanews e g<\/strong><\/span><span style=\"color: #000000;\"><strong>razie per avere accettato l\u2019invito a concedere questa intervista. <\/strong><\/span><\/p>\n<p><span style=\"color: #000000;\"><strong>Quando ha capito che la danza era la tua vita?<\/strong> <em>\u201cHo capito che la danza fosse la mia Vita dall\u2019et\u00e0 di 2 anni, quando sulle spiagge di Jesolo gli indiani suonavano ed io iniziai a ballare in mezzo alla spiaggia, in pannolone, dicendo con gioia \u201cIo allo!\u201d. E\u2019 dunque una predestinazione innata la mia, senza alcun dubbio\u201d.<\/em><\/span><\/p>\n<p><span style=\"color: #000000;\"><strong>Tu ti sei avvicinata al mondo della danza all\u2019et\u00e0 di 14 anni e dopo ti sei trasferita alla scuola della Scala di Milano. Che cosa ricordi di quel periodo?<\/strong> <em>\u201cIl ricordo prezioso ed inciso dentro me dell\u2019Accademia del Teatro alla Scala \u00e8 la signora A. M. Prina. Lei mi scelse dalla prima audizione, tra tante talentuose piccole ballerine. Lei crebbe fin da subito in me, ed in me riconobbe del talento. Questa \u00e8 stata per me una grande ricchezza, ed \u00e8 stata l\u2019emozione che ha dato il via alla mia carriera professionale\u201d.<\/em><\/span><\/p>\n<p><span style=\"color: #000000;\"><strong>Tu ti sei diplomata alla scuola Pavlova International ballet School di Bergamo poi hai acquisito un diploma di perfezionamento presso il teatro Bolshoi di Mosca. Studiare in Italia e poi perfezionarsi in Russia, che cosa c\u2019\u00e8 in pi\u00f9 per una ballerina presso uno dei pi\u00f9 importanti teatri al mondo<\/strong>? <em>\u201cDirei che il Teatro Bolshoi di Mosca sia la vetta pi\u00f9 alta per noi ballerini classici. Ricordo ancor all\u2019emozione forte di quando vinsi la borsa di studio per potermi perfezionare e quindi diplomare ballerina all\u2019accademia del prestigioso teatro russo, il tanto sognato Bolshoi. Tremavo e faticavo nel realizzare che tutto ci\u00f2 stesse capitando proprio a me: dopo un\u2019infinit\u00e0 di sacrifici, quel Sogno, stava davvero diventando realt\u00e0! Penso quindi che esso sia stata una delle mie pi\u00f9 grandi e significative conquiste e che, l\u2019esperienza come ballerina a Mosca, mi abbia segnato nel profondo, insegnandomi davvero tanto, non solo a livello tecnico e professionale, ma anche e soprattutto ad apprezzare ancora di pi\u00f9 l\u2019Arte e la bellezza del balletto classico\u201d.<\/em><\/span><\/p>\n<p><span style=\"color: #000000;\"><strong>Tu sei una poliglotta, conosci pi\u00f9 lingue, come ti hanno aiutato nella tua attivit\u00e0 professionale?<\/strong> \u201c<em>Sicuramente la conoscenza di pi\u00f9 lingue mi ha aiutata nel mio campo, ma anche nel quotidiano, poich\u00e9 essa stessa agevola a livello di socializzazione con colleghi stranieri per esempio, ed \u00e8 fondamentale per comprendere direttori, maitres ed insegnanti, durante le spiegazioni della classe, correzioni e coreografie&#8221;.<\/em><\/span><\/p>\n<p><span style=\"color: #000000;\"><strong>Tu hai danzato in tutto il mondo, ti ricordi la prima volta che lo hai fatto in pubblico e dove hai avuto la maggior soddisfazione sia personale che artistica?<\/strong><em> La prima volta che mi ritrovai sul palcoscenico provai ci\u00f2 che provo tutt\u2019ora: adrenalina pura, senso di libert\u00e0 e soprattutto la voglia di raccontare al pubblico la mia storia, descrivere la mia persona, il mio Essere, attraverso il movimento. Sentii il cuore in gola poco prima che il sipario si apr\u00ec, ma quando sul palcoscenico le luci si accesero ed il sipario si apr\u00ec, fu allora che mi sentii immediatamente libera, leggera, proprio come una farfalla, con la voglia di volare con indossate le mie scarpette da punta, vestendo la mia Anima delle pi\u00f9 intense e preziose emozioni da regalare al pubblico di fronte a me. Ed ancora una volta, mi ritrovai nella mia pi\u00f9 bella sfera, colma di magia, di sentimento, e mi ritrovai perfettamente a mio agio nel mio posto del mondo: il palcoscenico della Vita. Questo, \u00e8 un piccolo sunto di come io mi senta ogni qualvolta metta piede sul palcoscenico appunto, e ringrazio Dio, per avermi donato questa predestinazione innata, e ringrazio la Danza, poich\u00e9 \u00e8 da sempre l\u2019Amore pi\u00f9 fedele di tutta la mia Vita. La Danza, un fuoco che arde sempre pi\u00f9 dentro me, semplicemente? Pi\u00f9 ballo, pi\u00f9 ballerei. E pi\u00f9 mi sento realmente VIVA&#8221;.<\/em><\/span><\/p>\n<p><span style=\"color: #000000;\"><strong>Tu hai partecipato anche ad Amici di Maria de Filippi. Che cosa ti ricordi di quel periodo?<\/strong> \u201c<em>Di AMICI ricordo con piacere in primis l\u2019ebrezza di aver danzato sul palcoscenico con pavimentazione in cemento, con le scarpette da punta, della serie \u201cmi metto alla prova in tutti i sensi\u201d. Ricordo inoltre la bellezza degli studi televisivi, il viversi all\u2019interno degli studi, l\u2019organizzazione impeccabile dei responsabili, l\u2019essere stata selezionata e scelta dai maestri A.Celentano e Kledi, e molto importante, l\u2019amicizia nata tra m ed i colleghi\/compagni, in particolar modo quella con Seba Melo, coltivata poi anche e soprattutto negli anni a seguire, fino ad arrivare al punto di considerarci come fratelli.<\/em><\/span><\/p>\n<p><span style=\"color: #000000;\"><strong>Hai qualche aneddoto curioso che vorresti raccontare ai nostri lettori?<\/strong> &#8220;<em>Riassumo svariati aneddoti nella parola: SPONTANEITA\u2019\u201d.<\/em><\/span><\/p>\n<p><a href=\"https:\/\/www.instagram.com\/langolodellefate\/\"><img loading=\"lazy\" decoding=\"async\" class=\"size-medium wp-image-21191 aligncenter\" src=\"https:\/\/www.nonsolomodanews.it\/wordpress\/wp-content\/uploads\/2020\/10\/img040-3-300x193.jpg\" alt=\"\" width=\"300\" height=\"193\" srcset=\"https:\/\/www.nonsolomodanews.it\/wordpress\/wp-content\/uploads\/2020\/10\/img040-3-300x193.jpg 300w, https:\/\/www.nonsolomodanews.it\/wordpress\/wp-content\/uploads\/2020\/10\/img040-3-768x494.jpg 768w, https:\/\/www.nonsolomodanews.it\/wordpress\/wp-content\/uploads\/2020\/10\/img040-3.jpg 978w\" sizes=\"auto, (max-width: 300px) 100vw, 300px\" \/><\/a><\/p>\n<p><span style=\"color: #000000;\"><strong>Come \u00e8 la giornata tipo di una ballerina professionista?<\/strong> &#8220;<em>La giornata tipo di una ballerina professionista \u00e8 perlopi\u00f9 incentrata, ovviamente, sulla Danza, sull\u2019allenamento. Per quanto mi riguarda, mi sveglio tutte le mattine praticamente all\u2019alba per compiere la mia prima fase di warm-up, dove compresi si trovano esercizi di rinforzo addominale, dorsale e laterale. Dopo la colazione, pasto per me pi\u00f9 importante e completo durante la giornata, corro in sala di balletto, ed un\u2019ora prima della classe, passo alla mia seconda fase di warm-up, che comprende anche stretching. Sono cos\u00ec ad affrontare una giornata full di lavoro (anche fino alle 14 h), compresi spettacoli. In questa giornata si inizia dalla lezione di balletto classico, nostro pane quotidiano, seguita da ore di prove, sia in sala di balletto, che on stage, per poi affrontare spettacolo\/i. La giornata di una ballerina \u00e8 dunque oggettivamente molto pesante a livello psico-fisico, ma in tutta onest\u00e0, non mi pesa per niente ed anzi, devo dire che mi riempie nel migliore dei modi la Vita&#8221;.<\/em><\/span><\/p>\n<p><span style=\"color: #000000;\"><strong>Tu sei una \u201cprima ballerina\u201d come si acquisisce il titolo?<\/strong> &#8220;<em>Si acquisisce con il duro e costante lavoro giornaliero, abbinato alla tenacia e ad una grande dose di umilt\u00e0. Tutto questo, in aggiunta ad una vasta esperienza sul palcoscenico, nell\u2019interpretazione di vari ruoli, dal minore, a quello da solista, per poi crescere a veri e propri ruoli da protagonista, e quindi da prima ballerina. Bisogna fare un grade gavetta!&#8221;.<\/em><\/span><\/p>\n<p><a href=\"http:\/\/www.cotabo.it\/home\/\"><img loading=\"lazy\" decoding=\"async\" class=\"size-full wp-image-21219 aligncenter\" src=\"https:\/\/www.nonsolomodanews.it\/wordpress\/wp-content\/uploads\/2020\/11\/logo-cotabo1.jpg\" alt=\"\" width=\"258\" height=\"85\" \/><\/a><\/p>\n<p><span style=\"color: #000000;\"><strong>Hai una ballerina preferita?<\/strong> <em>\u201cDifficile definire e scegliere una sola ballerina preferita.<\/em> <em>Amo prendere sunto ed esempio dalle migliori ballerine, prevalentemente russe lo ammetto, ma ne ho di diverse, in base ai ruoli dei vari balletti. Diciamo che quella che pi\u00f9 si avvicina al comprendere tutte le qualit\u00e0 da me predilette, e che si avvicina maggiormente alla tipologia di ballerina che sono (tragico-romantica), \u00e8 Ulyana Lopatkina. Di lei apprezzo la grazia, l\u2019eleganza e la sua umilt\u00e0 nella Vita del quotidiano e nel lavoro. La sua Morte del Cigno, che \u00e8 uno dei ruoli da me prediletti da interpretare, \u00e8 da pelle d\u2019oca e mi fa ogni volta piangere davanti allo schermo (purtroppo non ho ancora avuto occasione di ammirarla dal vivo)&#8221;.<\/em><\/span><\/p>\n<p><span style=\"color: #000000;\"><strong>Come la tua vita si \u00e8 modificata con il Covid?<\/strong> \u201c<em>Il COVID mi ha momentaneamente ammazzato la carriera. Teatro a Londra chiuso dove lavoravo felicemente come ballerina, eventi saltati, compresi due spettacoli, a dicembre, come prima ballerina in the USA in due recite nel rinomato balletto Lo Schiaccianoci, exc exc\u2026 In sintesi, se dovessi soffermarmi a pensare a come il COVID abbia e stia modificando la mia Vita e carriera soprattutto, penso potrei annegare in un mare di lacrime. Dunque, nonostante i momenti bui, ho da subito preferito reagire, prendendo in mano la mia Vita, stravolgendola anche, ma sfruttando ogni mia abilit\u00e0 e capacit\u00e0 per cercare, nel mio piccolo, di dipingerla nel migliore dei modi\u201d.<\/em><\/span><\/p>\n<p><span style=\"color: #000000;\"><strong>Tu eri a Londra e ora ti ritrovi in Italia. Quale futuro per la danza e in modo particolare per le arti come la tua?<\/strong><em> \u201cDomanda delicata, molto. Sinceramente penso che l\u2019Arte, purtroppo, venga troppo spesso screditata e\/o schiacciata da un\u2019infinita ignoranza e superficialit\u00e0, elementi che governano la nostra attuale societ\u00e0. In contrapposizione a ci\u00f2 per\u00f2, credo fortemente nella potenza della purezza e della bellezza dell\u2019Arte stessa, che vivendo dentro il Cuore di noi artisti, \u00e8 sempre pronta ad esplodere verso la sensibilizzazione del prossimo e verso la manifestazione di forti emozioni che possano lasciare il segno, e che quindi siano bagliore di luce e di speranza verso un futuro pi\u00f9 rose\u201d.<\/em><\/span><\/p>\n<p><a href=\"https:\/\/www.instagram.com\/p\/CHBO3qKqydf\/\"><img loading=\"lazy\" decoding=\"async\" class=\"size-medium wp-image-20704 aligncenter\" src=\"https:\/\/www.nonsolomodanews.it\/wordpress\/wp-content\/uploads\/2020\/06\/BANNER-NONSOLOMODANEWS-TESTATA-2-tagliato-300x42.jpg\" alt=\"\" width=\"300\" height=\"42\" srcset=\"https:\/\/www.nonsolomodanews.it\/wordpress\/wp-content\/uploads\/2020\/06\/BANNER-NONSOLOMODANEWS-TESTATA-2-tagliato-300x42.jpg 300w, https:\/\/www.nonsolomodanews.it\/wordpress\/wp-content\/uploads\/2020\/06\/BANNER-NONSOLOMODANEWS-TESTATA-2-tagliato-1024x144.jpg 1024w, https:\/\/www.nonsolomodanews.it\/wordpress\/wp-content\/uploads\/2020\/06\/BANNER-NONSOLOMODANEWS-TESTATA-2-tagliato-768x108.jpg 768w, https:\/\/www.nonsolomodanews.it\/wordpress\/wp-content\/uploads\/2020\/06\/BANNER-NONSOLOMODANEWS-TESTATA-2-tagliato-1536x217.jpg 1536w, https:\/\/www.nonsolomodanews.it\/wordpress\/wp-content\/uploads\/2020\/06\/BANNER-NONSOLOMODANEWS-TESTATA-2-tagliato-2048x289.jpg 2048w, https:\/\/www.nonsolomodanews.it\/wordpress\/wp-content\/uploads\/2020\/06\/BANNER-NONSOLOMODANEWS-TESTATA-2-tagliato-1080x152.jpg 1080w\" sizes=\"auto, (max-width: 300px) 100vw, 300px\" \/><\/a><\/p>\n<p><span style=\"color: #000000;\"><strong>Venendo a cose pi\u00f9 amente, qual \u00e8 il tuo colore preferito?<\/strong> \u201c<em>Il mio colore preferito \u00e8 il blu elettrico, mi ricorda il cielo d\u2019estate nelle luminose giornate di sole\u201d.<\/em><\/span><\/p>\n<p><span style=\"color: #000000;\"><strong>Quali sono le tue passioni<\/strong>?<em> \u201cSenza alcun dubbio tra le mie pi\u00f9 grandi passioni, esclusa la danza, prevale quella di viaggiare, scoprire nuovi post, viverne le diverse culture ed abitudini, poich\u00e9 penso sia un modo bellissimo per arricchire il proprio bagaglio culturale ed ancor pi\u00f9 arricchirsi come essere umano. Mi piace poi moltissimo perdermi ad osservare il cielo, specialmente durante la Golden Hour, viaggiando senza confini e limiti con mente e Cuore. Amo andare a teatro, vedere balletti, spettacoli e sentire musica dal vivo. Adoro anche andare a concerti, \u00e8 molto adrenalinico. Amo il mare, goderne la bellezza ed i profumi che esso stesso regala, oltre al sentire l\u2019acqua salata sul corpo. Adoro le coccole e le soprese. Amo gli animali, in particolar modo i cani. Tra le mie passioni c\u2019\u00e8 anche da non dimenticare la musica Rock, come i Pink Floyd, Queen, Guns &amp; Roses e per il grande Frank Sinatra\u201d.<\/em><\/span><\/p>\n<p><span style=\"color: #000000;\"><strong>Cosa significa per te femminilit\u00e0?<\/strong><em> \u201cFemminilit\u00e0 la descriverei con questa frase &lt;&lt;elegance inside, to outside&gt;&gt;, poich\u00e9 penso che la bellezza in una Donna di classe, sia saper portare l\u2019eleganza nel quotidiano, vestendosi di dignit\u00e0, buone maniere e gentilezza verso il prossimo\u201d.<\/em><\/span><\/p>\n<p><span style=\"color: #000000;\"><strong>Qual \u00e8 il capo di vestiario che ami di pi\u00f9 e quello di meno?<\/strong> \u201c<em>Amo gli abiti da sera, mentre non sopporto i jeans, poich\u00e9 mi sento fasciare troppo la muscolatura\u201d.<\/em><\/span><\/p>\n<p><span style=\"color: #000000;\"><strong>Scarpe basse o tacchi?<\/strong><em> \u201cSenza alcun dubbio tacchi, preferibilmente a spillo. Penso siano simbolo di sensualit\u00e0, nell\u2019eleganza di una Donna\u201d.<\/em><\/span><\/p>\n<p><a href=\"https:\/\/www.dispensaemilia.it\/it\/\"><img loading=\"lazy\" decoding=\"async\" class=\"size-medium wp-image-21218 aligncenter\" src=\"https:\/\/www.nonsolomodanews.it\/wordpress\/wp-content\/uploads\/2020\/11\/logo-full-300x147.png\" alt=\"\" width=\"300\" height=\"147\" srcset=\"https:\/\/www.nonsolomodanews.it\/wordpress\/wp-content\/uploads\/2020\/11\/logo-full-300x147.png 300w, https:\/\/www.nonsolomodanews.it\/wordpress\/wp-content\/uploads\/2020\/11\/logo-full-1024x502.png 1024w, https:\/\/www.nonsolomodanews.it\/wordpress\/wp-content\/uploads\/2020\/11\/logo-full-768x376.png 768w, https:\/\/www.nonsolomodanews.it\/wordpress\/wp-content\/uploads\/2020\/11\/logo-full-1536x753.png 1536w, https:\/\/www.nonsolomodanews.it\/wordpress\/wp-content\/uploads\/2020\/11\/logo-full-1080x530.png 1080w, https:\/\/www.nonsolomodanews.it\/wordpress\/wp-content\/uploads\/2020\/11\/logo-full.png 1920w\" sizes=\"auto, (max-width: 300px) 100vw, 300px\" \/><\/a><\/p>\n<p><span style=\"color: #000000;\"><strong>Un accessorio che non manca mai quando esci da casa?<\/strong> <em>Le punte, le mie da me denominate bambine. Ovunque io vada, viaggiano al mio fianco&#8221;.<\/em><\/span><\/p>\n<p><span style=\"color: #000000;\"><strong>Qual \u00e8 il tuo rapporto con la tecnologia?<\/strong><em> \u201cHo un terribile rapporto con la tecnologia. Sono pro all\u2019arte, ma non alla tecnologia! Ammetto per\u00f2 che, causa lavoro soprattutto, ultimamente io mi stia cimentando ed impegnando a comprenderla per utilizzarla al meglio per quanto possibile, poich\u00e9 mi rendo conto di quanto sia importante al giorno d\u2019oggi\u201d.<\/em><\/span><\/p>\n<p><span style=\"color: #000000;\"><strong>Dovessi scegliere tra internet e smartphone, quale dei due scarteresti e perch\u00e9?<\/strong> \u201c<em>Sceglierei smartphone, poich\u00e9 essendo continuamente e tendenzialmente sempre in viaggio, \u00e8 il modo pi\u00f9 pratico per tenermi in contatto con la mia famiglia per esempio\u201d.<\/em><\/span><\/p>\n<p><span style=\"color: #000000;\"><strong>Come hai vissuto il periodo di chiusura dell\u2019Italia?<\/strong><em> \u201cReinventandomi! Ecco, ci\u00f2 che racchiude il mio lockdown, da sola, a Pisa. Un susseguirsi di allenamenti a casa grazie alle lezioni online messe a nostra disposizione da importanti teatri europei, workout di potenziamento e lezioni online, come insegnante di postural stretching e balletto classico alla mie bimbe. Le giornate devo dire che erano colme, e volavano abbastanza, per fortuna. La Danza, \u00e8 stata quindi ancora una volta, la mia forza e motivazione ad andare avanti con la prospettiva di un futuro da riabbracciare come ballerina\u201d.<\/em><\/span><\/p>\n<p><span style=\"color: #000000;\"><strong>Che cosa significa inseguire un sogno per te?<\/strong><em> \u201cInseguire un sogno \u00e8 per me essenza di Vita, stimolo, obiettivo da trasformare in realt\u00e0 con le proprie forze. E\u2019 non arrendersi mai. E\u2019 energia positiva. E\u2019 bagliore di Luce. A tal proposito, vi voglio svelare il mio motto: &lt;&lt;LOTTERAI, L\u2019OTTERRAI, LO TERRAI&gt;&gt;. \u00a0Penso questa frase spieghi al meglio la mia forza interiore nel perseguire un sogno, il mio sogno, che sto rendendo realt\u00e0, da una Vita intera\u201d.<\/em><\/span><\/p>\n<p><strong><span style=\"color: #000000;\">Grazie!<\/span><\/strong><\/p>\n<p><span style=\"color: #000000;\"><a style=\"color: #000000;\" href=\"https:\/\/www.instagram.com\/brunoangeloporcellana\/\">Bruno Angelo Porcellana<\/a><\/span><\/p>\n<p style=\"text-align: center;\"><span style=\"color: #000000;\">Intervista raccolta da Bruno Angelo Porcellana &#8211; Crediti fotografici: Bruno Angelo Porcellana<\/span><br \/>\n<span style=\"color: #000000;\">Tutti i diritti riservati \u00a9 2020 \u2013 Email: nonsolomodanews@gmail.com<\/span><\/p>\n<style id=\"bwg-style-0\">      #bwg_container1_0 #bwg_container2_0 #bwg_mosaic_thumbnails_div_0 {        width: 100%;        position: relative;        background-color: rgba(255, 255, 255, 0.00);        text-align: center;        justify-content: center;                  margin-left: auto;          margin-right: auto;                    padding-left: 4px;          padding-top: 4px;                }          #bwg_container1_0 #bwg_container2_0 .bwg_mosaic_thumb_spun_0 {        display: block;        position: absolute;\t\t\t\tborder-radius: 0;\t\t\t\tborder: 0px none #CCCCCC;    \t\t    \t\tbackground-color:rgba(0,0,0, 0.30);        -moz-box-sizing: content-box !important;        -webkit-box-sizing: content-box !important;        box-sizing: content-box !important;      }\t\t\t#bwg_container1_0 #bwg_container2_0 .bwg_mosaic_thumb_0 {\t\t\t\tdisplay: block;\t\t\t\t-moz-box-sizing: content-box !important;\t\t\t\t-webkit-box-sizing: content-box !important;\t\t\t\tbox-sizing: content-box !important;\t\t\t\tmargin: 0;\t\t\t\topacity: 1.00;\t\t\t}      #bwg_container1_0 #bwg_container2_0 .bwg_mosaic_thumb_spun_0:hover {        opacity: 1;        backface-visibility: hidden;        -webkit-backface-visibility: hidden;        -moz-backface-visibility: hidden;        -ms-backface-visibility: hidden;        z-index: 102;      }\t      @media only screen and (min-width: 480px) {        #bwg_container1_0 #bwg_container2_0 .bwg_mosaic_thumb_spun_0:hover {          transform: scale(1.1);          -ms-transform: scale(1.1);          -webkit-transform: scale(1.1);        }      }\t      #bwg_container1_0 #bwg_container2_0 .bwg_mosaic_thumbnails_0 {        background-color: rgba(255, 255, 255, 0.00);        font-size: 0;        position: relative;        text-align: center;        display: inline-block;        visibility: hidden;              }\t  \/*image title styles*\/      #bwg_container1_0 #bwg_container2_0 .bwg_mosaic_title_spun1_0,      #bwg_container1_0 #bwg_container2_0 .bwg-mosaic-thumbnails .bwg_ecommerce_spun1_0 {        position: absolute;        display: block;        opacity: 0;        box-sizing: border-box;        text-align: center;\t\t\t\ttop: 50%;\t\t\t\tleft: 50%;\t\t\t\ttransform: translate(-50%, -50%);      }      #bwg_container1_0 #bwg_container2_0 .bwg-mosaic-thumbnails .bwg_mosaic_title_spun2_0,      #bwg_container1_0 #bwg_container2_0 .bwg-mosaic-thumbnails .bwg_ecommerce_spun2_0 {\t\t    color: #CCCCCC;        font-family: segoe ui;        font-size: 16px;        font-weight: bold;        text-shadow: 0px 0px 0px #888888;        vertical-align: middle;        word-wrap: break-word;      }            .bwg_mosaic_play_icon_spun_0 {        display: table;        position: absolute;        left: -10000px;        top: 0px;        opacity: 0;      }      .bwg_mosaic_play_icon_0 {        color: #CCCCCC;        font-size: 32px;        vertical-align: middle;        display: table-cell !important;        z-index: 1;        text-align: center;        margin: 0 auto;      }      #bwg_container1_0 #bwg_container2_0 .bwg_gal_title_0 {        background-color: rgba(0, 0, 0, 0);        color: #323A45;        display: block;        font-family: Ubuntu;        font-size: 16px;        font-weight: bold;        padding: 2px;        text-shadow: ;        text-align: center;      }            @media screen and (max-width: 280px) {      div[class^=\"bwg_mosaic_thumbnails_\"],      span[class^=\"bwg_mosaic_thumb_spun_\"] {      width: 100% !important;      }      img[class^=\"bwg_mosaic_thumb_\"] {      width: 100% !important;      height: auto !important;      margin: 0px auto !important;      }      }      <\/style>    <div id=\"bwg_container1_0\"         class=\"bwg_container bwg_thumbnail bwg_thumbnails_mosaic \"         data-right-click-protection=\"0\"         data-bwg=\"0\"         data-scroll=\"0\"         data-gallery-type=\"thumbnails_mosaic\"         data-gallery-view-type=\"thumbnails_mosaic\"         data-current-url=\"\/wordpress\/wp-json\/wp\/v2\/posts\/21210\"         data-lightbox-url=\"https:\/\/www.nonsolomodanews.it\/wordpress\/wp-admin\/admin-ajax.php?action=GalleryBox&#038;current_view=0&#038;gallery_id=511&#038;tag=0&#038;theme_id=1&#038;shortcode_id=544&#038;sort_by=order&#038;order_by=asc&#038;current_url=%2Fwordpress%2Fwp-json%2Fwp%2Fv2%2Fposts%2F21210\"         data-gallery-id=\"511\"         data-popup-width=\"800\"         data-popup-height=\"500\"         data-is-album=\"gallery\"         data-buttons-position=\"bottom\">      <div id=\"bwg_container2_0\">             <div id=\"ajax_loading_0\" class=\"bwg_loading_div_1\">      <div class=\"bwg_loading_div_2\">        <div class=\"bwg_loading_div_3\">          <div id=\"loading_div_0\" class=\"bwg_spider_ajax_loading\">          <\/div>        <\/div>      <\/div>    <\/div>            <form id=\"gal_front_form_0\"              class=\"bwg-hidden\"              method=\"post\"              action=\"#\"              data-current=\"0\"              data-shortcode-id=\"544\"              data-gallery-type=\"thumbnails_mosaic\"              data-gallery-id=\"511\"              data-tag=\"0\"              data-album-id=\"0\"              data-theme-id=\"1\"              data-ajax-url=\"https:\/\/www.nonsolomodanews.it\/wordpress\/wp-admin\/admin-ajax.php?action=bwg_frontend_data\">          <div id=\"bwg_container3_0\" class=\"bwg-background bwg-background-0\">                <div id=\"bwg_mosaic_thumbnails_div_0\"         class=\"bwg-container-0 bwg-container bwg-mosaic-thumbnails\"         data-bwg=\"0\"         data-mosaic-direction=\"vertical\"         data-resizable=\"0\"         data-width=\"180\"         data-height=\"90\"         data-total-width=\"100\"         data-block-id=\"bwg_thumbnails_mosaic_0\"         data-thumb-padding=\"4\"         data-thumb-border=\"0\"         data-title-margin=\"2px\"         data-image-title=\"none\"         data-play-icon=\"1\"         data-ecommerce-icon=\"none\"         data-gallery-id=\"511\"         data-lightbox-url=\"https:\/\/www.nonsolomodanews.it\/wordpress\/wp-admin\/admin-ajax.php?action=GalleryBox&#038;current_view=0&#038;gallery_id=511&#038;tag=0&#038;theme_id=1&#038;shortcode_id=544&#038;sort_by=order&#038;order_by=asc&#038;current_url=%2Fwordpress%2Fwp-json%2Fwp%2Fv2%2Fposts%2F21210\"         data-mosaic-thumb-transition=\"1\"         style=\"visibility: hidden\" >      <div id=\"bwg_thumbnails_mosaic_0\" class=\"bwg_mosaic_thumbnails_0\">                  <a class=\"bwg-a\" >          <div class=\"bwg_mosaic_thumb_spun_0 bwg-item0 bwg-mosaic-thumb-span \">            <img decoding=\"async\" class=\"bwg_mosaic_thumb_0 skip-lazy bwg_img_clear bwg_img_custom \"                 id=\"31239\"                 src=\"https:\/\/www.nonsolomodanews.it\/wordpress\/wp-content\/uploads\/photo-gallery\/lucia%20Colosio\/thumb\/08092020-DSC_8985.jpg?bwg=1624548760\"                 data-src=\"https:\/\/www.nonsolomodanews.it\/wordpress\/wp-content\/uploads\/photo-gallery\/lucia%20Colosio\/thumb\/08092020-DSC_8985.jpg?bwg=1624548760\"                 data-width=\"\"                 data-height=\"\"                 alt=\"08092020-DSC_8985  \"                 title=\"08092020-DSC_8985  \" \/>                      <\/div>        <\/a>                <a class=\"bwg-a\" >          <div class=\"bwg_mosaic_thumb_spun_0 bwg-item0 bwg-mosaic-thumb-span \">            <img decoding=\"async\" class=\"bwg_mosaic_thumb_0 skip-lazy bwg_img_clear bwg_img_custom \"                 id=\"31238\"                 src=\"https:\/\/www.nonsolomodanews.it\/wordpress\/wp-content\/uploads\/photo-gallery\/lucia%20Colosio\/thumb\/08092020-DSC_8935.jpg?bwg=1624548760\"                 data-src=\"https:\/\/www.nonsolomodanews.it\/wordpress\/wp-content\/uploads\/photo-gallery\/lucia%20Colosio\/thumb\/08092020-DSC_8935.jpg?bwg=1624548760\"                 data-width=\"\"                 data-height=\"\"                 alt=\"08092020-DSC_8935  \"                 title=\"08092020-DSC_8935  \" \/>                      <\/div>        <\/a>                <a class=\"bwg-a\" >          <div class=\"bwg_mosaic_thumb_spun_0 bwg-item0 bwg-mosaic-thumb-span \">            <img decoding=\"async\" class=\"bwg_mosaic_thumb_0 skip-lazy bwg_img_clear bwg_img_custom \"                 id=\"31236\"                 src=\"https:\/\/www.nonsolomodanews.it\/wordpress\/wp-content\/uploads\/photo-gallery\/lucia%20Colosio\/thumb\/08092020-DSC_8903.jpg?bwg=1624548760\"                 data-src=\"https:\/\/www.nonsolomodanews.it\/wordpress\/wp-content\/uploads\/photo-gallery\/lucia%20Colosio\/thumb\/08092020-DSC_8903.jpg?bwg=1624548760\"                 data-width=\"\"                 data-height=\"\"                 alt=\"08092020-DSC_8903  \"                 title=\"08092020-DSC_8903  \" \/>                      <\/div>        <\/a>                <a class=\"bwg-a\" >          <div class=\"bwg_mosaic_thumb_spun_0 bwg-item0 bwg-mosaic-thumb-span \">            <img decoding=\"async\" class=\"bwg_mosaic_thumb_0 skip-lazy bwg_img_clear bwg_img_custom \"                 id=\"31235\"                 src=\"https:\/\/www.nonsolomodanews.it\/wordpress\/wp-content\/uploads\/photo-gallery\/lucia%20Colosio\/thumb\/08092020-DSC_8890.jpg?bwg=1624548760\"                 data-src=\"https:\/\/www.nonsolomodanews.it\/wordpress\/wp-content\/uploads\/photo-gallery\/lucia%20Colosio\/thumb\/08092020-DSC_8890.jpg?bwg=1624548760\"                 data-width=\"\"                 data-height=\"\"                 alt=\"08092020-DSC_8890  \"                 title=\"08092020-DSC_8890  \" \/>                      <\/div>        <\/a>                <a class=\"bwg-a\" >          <div class=\"bwg_mosaic_thumb_spun_0 bwg-item0 bwg-mosaic-thumb-span \">            <img decoding=\"async\" class=\"bwg_mosaic_thumb_0 skip-lazy bwg_img_clear bwg_img_custom \"                 id=\"31234\"                 src=\"https:\/\/www.nonsolomodanews.it\/wordpress\/wp-content\/uploads\/photo-gallery\/lucia%20Colosio\/thumb\/08092020-DSC_8878.jpg?bwg=1624548760\"                 data-src=\"https:\/\/www.nonsolomodanews.it\/wordpress\/wp-content\/uploads\/photo-gallery\/lucia%20Colosio\/thumb\/08092020-DSC_8878.jpg?bwg=1624548760\"                 data-width=\"\"                 data-height=\"\"                 alt=\"08092020-DSC_8878  \"                 title=\"08092020-DSC_8878  \" \/>                      <\/div>        <\/a>                <a class=\"bwg-a\" >          <div class=\"bwg_mosaic_thumb_spun_0 bwg-item0 bwg-mosaic-thumb-span \">            <img decoding=\"async\" class=\"bwg_mosaic_thumb_0 skip-lazy bwg_img_clear bwg_img_custom \"                 id=\"31232\"                 src=\"https:\/\/www.nonsolomodanews.it\/wordpress\/wp-content\/uploads\/photo-gallery\/lucia%20Colosio\/thumb\/08092020-DSC_8869.jpg?bwg=1624548760\"                 data-src=\"https:\/\/www.nonsolomodanews.it\/wordpress\/wp-content\/uploads\/photo-gallery\/lucia%20Colosio\/thumb\/08092020-DSC_8869.jpg?bwg=1624548760\"                 data-width=\"\"                 data-height=\"\"                 alt=\"08092020-DSC_8869  \"                 title=\"08092020-DSC_8869  \" \/>                      <\/div>        <\/a>                <a class=\"bwg-a\" >          <div class=\"bwg_mosaic_thumb_spun_0 bwg-item0 bwg-mosaic-thumb-span \">            <img decoding=\"async\" class=\"bwg_mosaic_thumb_0 skip-lazy bwg_img_clear bwg_img_custom \"                 id=\"31231\"                 src=\"https:\/\/www.nonsolomodanews.it\/wordpress\/wp-content\/uploads\/photo-gallery\/lucia%20Colosio\/thumb\/08092020-DSC_8866.jpg?bwg=1624548760\"                 data-src=\"https:\/\/www.nonsolomodanews.it\/wordpress\/wp-content\/uploads\/photo-gallery\/lucia%20Colosio\/thumb\/08092020-DSC_8866.jpg?bwg=1624548760\"                 data-width=\"\"                 data-height=\"\"                 alt=\"08092020-DSC_8866  \"                 title=\"08092020-DSC_8866  \" \/>                      <\/div>        <\/a>                <a class=\"bwg-a\" >          <div class=\"bwg_mosaic_thumb_spun_0 bwg-item0 bwg-mosaic-thumb-span \">            <img decoding=\"async\" class=\"bwg_mosaic_thumb_0 skip-lazy bwg_img_clear bwg_img_custom \"                 id=\"31230\"                 src=\"https:\/\/www.nonsolomodanews.it\/wordpress\/wp-content\/uploads\/photo-gallery\/lucia%20Colosio\/thumb\/08092020-DSC_8837.jpg?bwg=1624548760\"                 data-src=\"https:\/\/www.nonsolomodanews.it\/wordpress\/wp-content\/uploads\/photo-gallery\/lucia%20Colosio\/thumb\/08092020-DSC_8837.jpg?bwg=1624548760\"                 data-width=\"\"                 data-height=\"\"                 alt=\"08092020-DSC_8837  \"                 title=\"08092020-DSC_8837  \" \/>                      <\/div>        <\/a>                <a class=\"bwg-a\" >          <div class=\"bwg_mosaic_thumb_spun_0 bwg-item0 bwg-mosaic-thumb-span \">            <img decoding=\"async\" class=\"bwg_mosaic_thumb_0 skip-lazy bwg_img_clear bwg_img_custom \"                 id=\"31228\"                 src=\"https:\/\/www.nonsolomodanews.it\/wordpress\/wp-content\/uploads\/photo-gallery\/lucia%20Colosio\/thumb\/08092020-DSC_8830.jpg?bwg=1624548760\"                 data-src=\"https:\/\/www.nonsolomodanews.it\/wordpress\/wp-content\/uploads\/photo-gallery\/lucia%20Colosio\/thumb\/08092020-DSC_8830.jpg?bwg=1624548760\"                 data-width=\"\"                 data-height=\"\"                 alt=\"08092020-DSC_8830  \"                 title=\"08092020-DSC_8830  \" \/>                      <\/div>        <\/a>                <a class=\"bwg-a\" >          <div class=\"bwg_mosaic_thumb_spun_0 bwg-item0 bwg-mosaic-thumb-span \">            <img decoding=\"async\" class=\"bwg_mosaic_thumb_0 skip-lazy bwg_img_clear bwg_img_custom \"                 id=\"31227\"                 src=\"https:\/\/www.nonsolomodanews.it\/wordpress\/wp-content\/uploads\/photo-gallery\/lucia%20Colosio\/thumb\/08092020-DSC_8805.jpg?bwg=1624548760\"                 data-src=\"https:\/\/www.nonsolomodanews.it\/wordpress\/wp-content\/uploads\/photo-gallery\/lucia%20Colosio\/thumb\/08092020-DSC_8805.jpg?bwg=1624548760\"                 data-width=\"\"                 data-height=\"\"                 alt=\"08092020-DSC_8805  \"                 title=\"08092020-DSC_8805  \" \/>                      <\/div>        <\/a>                <a class=\"bwg-a\" >          <div class=\"bwg_mosaic_thumb_spun_0 bwg-item0 bwg-mosaic-thumb-span \">            <img decoding=\"async\" class=\"bwg_mosaic_thumb_0 skip-lazy bwg_img_clear bwg_img_custom \"                 id=\"31226\"                 src=\"https:\/\/www.nonsolomodanews.it\/wordpress\/wp-content\/uploads\/photo-gallery\/lucia%20Colosio\/thumb\/08092020-DSC_8703.jpg?bwg=1624548760\"                 data-src=\"https:\/\/www.nonsolomodanews.it\/wordpress\/wp-content\/uploads\/photo-gallery\/lucia%20Colosio\/thumb\/08092020-DSC_8703.jpg?bwg=1624548760\"                 data-width=\"\"                 data-height=\"\"                 alt=\"08092020-DSC_8703  \"                 title=\"08092020-DSC_8703  \" \/>                      <\/div>        <\/a>                <a class=\"bwg-a\" >          <div class=\"bwg_mosaic_thumb_spun_0 bwg-item0 bwg-mosaic-thumb-span \">            <img decoding=\"async\" class=\"bwg_mosaic_thumb_0 skip-lazy bwg_img_clear bwg_img_custom \"                 id=\"31225\"                 src=\"https:\/\/www.nonsolomodanews.it\/wordpress\/wp-content\/uploads\/photo-gallery\/lucia%20Colosio\/thumb\/08092020-DSC_8651.jpg?bwg=1624548760\"                 data-src=\"https:\/\/www.nonsolomodanews.it\/wordpress\/wp-content\/uploads\/photo-gallery\/lucia%20Colosio\/thumb\/08092020-DSC_8651.jpg?bwg=1624548760\"                 data-width=\"\"                 data-height=\"\"                 alt=\"08092020-DSC_8651  \"                 title=\"08092020-DSC_8651  \" \/>                      <\/div>        <\/a>                <a class=\"bwg-a\" >          <div class=\"bwg_mosaic_thumb_spun_0 bwg-item0 bwg-mosaic-thumb-span \">            <img decoding=\"async\" class=\"bwg_mosaic_thumb_0 skip-lazy bwg_img_clear bwg_img_custom \"                 id=\"31224\"                 src=\"https:\/\/www.nonsolomodanews.it\/wordpress\/wp-content\/uploads\/photo-gallery\/lucia%20Colosio\/thumb\/08092020-DSC_8639.jpg?bwg=1624548760\"                 data-src=\"https:\/\/www.nonsolomodanews.it\/wordpress\/wp-content\/uploads\/photo-gallery\/lucia%20Colosio\/thumb\/08092020-DSC_8639.jpg?bwg=1624548760\"                 data-width=\"\"                 data-height=\"\"                 alt=\"08092020-DSC_8639  \"                 title=\"08092020-DSC_8639  \" \/>                      <\/div>        <\/a>                <a class=\"bwg-a\" >          <div class=\"bwg_mosaic_thumb_spun_0 bwg-item0 bwg-mosaic-thumb-span \">            <img decoding=\"async\" class=\"bwg_mosaic_thumb_0 skip-lazy bwg_img_clear bwg_img_custom \"                 id=\"31223\"                 src=\"https:\/\/www.nonsolomodanews.it\/wordpress\/wp-content\/uploads\/photo-gallery\/lucia%20Colosio\/thumb\/08092020-DSC_6438.jpg?bwg=1624548760\"                 data-src=\"https:\/\/www.nonsolomodanews.it\/wordpress\/wp-content\/uploads\/photo-gallery\/lucia%20Colosio\/thumb\/08092020-DSC_6438.jpg?bwg=1624548760\"                 data-width=\"\"                 data-height=\"\"                 alt=\"08092020-DSC_6438  \"                 title=\"08092020-DSC_6438  \" \/>                      <\/div>        <\/a>                <a class=\"bwg-a\" >          <div class=\"bwg_mosaic_thumb_spun_0 bwg-item0 bwg-mosaic-thumb-span \">            <img decoding=\"async\" class=\"bwg_mosaic_thumb_0 skip-lazy bwg_img_clear bwg_img_custom \"                 id=\"31221\"                 src=\"https:\/\/www.nonsolomodanews.it\/wordpress\/wp-content\/uploads\/photo-gallery\/lucia%20Colosio\/thumb\/08092020-DSC_6390.jpg?bwg=1624548760\"                 data-src=\"https:\/\/www.nonsolomodanews.it\/wordpress\/wp-content\/uploads\/photo-gallery\/lucia%20Colosio\/thumb\/08092020-DSC_6390.jpg?bwg=1624548760\"                 data-width=\"\"                 data-height=\"\"                 alt=\"08092020-DSC_6390  \"                 title=\"08092020-DSC_6390  \" \/>                      <\/div>        <\/a>                <a class=\"bwg-a\" >          <div class=\"bwg_mosaic_thumb_spun_0 bwg-item0 bwg-mosaic-thumb-span \">            <img decoding=\"async\" class=\"bwg_mosaic_thumb_0 skip-lazy bwg_img_clear bwg_img_custom \"                 id=\"31220\"                 src=\"https:\/\/www.nonsolomodanews.it\/wordpress\/wp-content\/uploads\/photo-gallery\/lucia%20Colosio\/thumb\/08092020-DSC_6382.jpg?bwg=1624548760\"                 data-src=\"https:\/\/www.nonsolomodanews.it\/wordpress\/wp-content\/uploads\/photo-gallery\/lucia%20Colosio\/thumb\/08092020-DSC_6382.jpg?bwg=1624548760\"                 data-width=\"\"                 data-height=\"\"                 alt=\"08092020-DSC_6382  \"                 title=\"08092020-DSC_6382  \" \/>                      <\/div>        <\/a>                <a class=\"bwg-a\" >          <div class=\"bwg_mosaic_thumb_spun_0 bwg-item0 bwg-mosaic-thumb-span \">            <img decoding=\"async\" class=\"bwg_mosaic_thumb_0 skip-lazy bwg_img_clear bwg_img_custom \"                 id=\"31219\"                 src=\"https:\/\/www.nonsolomodanews.it\/wordpress\/wp-content\/uploads\/photo-gallery\/lucia%20Colosio\/thumb\/08092020-DSC_6382-2.jpg?bwg=1624548760\"                 data-src=\"https:\/\/www.nonsolomodanews.it\/wordpress\/wp-content\/uploads\/photo-gallery\/lucia%20Colosio\/thumb\/08092020-DSC_6382-2.jpg?bwg=1624548760\"                 data-width=\"\"                 data-height=\"\"                 alt=\"08092020-DSC_6382-2  \"                 title=\"08092020-DSC_6382-2  \" \/>                      <\/div>        <\/a>                <a class=\"bwg-a\" >          <div class=\"bwg_mosaic_thumb_spun_0 bwg-item0 bwg-mosaic-thumb-span \">            <img decoding=\"async\" class=\"bwg_mosaic_thumb_0 skip-lazy bwg_img_clear bwg_img_custom \"                 id=\"31218\"                 src=\"https:\/\/www.nonsolomodanews.it\/wordpress\/wp-content\/uploads\/photo-gallery\/lucia%20Colosio\/thumb\/08092020-DSC_6377.jpg?bwg=1624548760\"                 data-src=\"https:\/\/www.nonsolomodanews.it\/wordpress\/wp-content\/uploads\/photo-gallery\/lucia%20Colosio\/thumb\/08092020-DSC_6377.jpg?bwg=1624548760\"                 data-width=\"\"                 data-height=\"\"                 alt=\"08092020-DSC_6377  \"                 title=\"08092020-DSC_6377  \" \/>                      <\/div>        <\/a>                <a class=\"bwg-a\" >          <div class=\"bwg_mosaic_thumb_spun_0 bwg-item0 bwg-mosaic-thumb-span \">            <img decoding=\"async\" class=\"bwg_mosaic_thumb_0 skip-lazy bwg_img_clear bwg_img_custom \"                 id=\"31217\"                 src=\"https:\/\/www.nonsolomodanews.it\/wordpress\/wp-content\/uploads\/photo-gallery\/lucia%20Colosio\/thumb\/08092020-DSC_6371.jpg?bwg=1624548760\"                 data-src=\"https:\/\/www.nonsolomodanews.it\/wordpress\/wp-content\/uploads\/photo-gallery\/lucia%20Colosio\/thumb\/08092020-DSC_6371.jpg?bwg=1624548760\"                 data-width=\"\"                 data-height=\"\"                 alt=\"08092020-DSC_6371  \"                 title=\"08092020-DSC_6371  \" \/>                      <\/div>        <\/a>                <a class=\"bwg-a\" >          <div class=\"bwg_mosaic_thumb_spun_0 bwg-item0 bwg-mosaic-thumb-span \">            <img decoding=\"async\" class=\"bwg_mosaic_thumb_0 skip-lazy bwg_img_clear bwg_img_custom \"                 id=\"31216\"                 src=\"https:\/\/www.nonsolomodanews.it\/wordpress\/wp-content\/uploads\/photo-gallery\/lucia%20Colosio\/thumb\/08092020-DSC_6364.jpg?bwg=1624548760\"                 data-src=\"https:\/\/www.nonsolomodanews.it\/wordpress\/wp-content\/uploads\/photo-gallery\/lucia%20Colosio\/thumb\/08092020-DSC_6364.jpg?bwg=1624548760\"                 data-width=\"\"                 data-height=\"\"                 alt=\"08092020-DSC_6364  \"                 title=\"08092020-DSC_6364  \" \/>                      <\/div>        <\/a>                <a class=\"bwg-a\" >          <div class=\"bwg_mosaic_thumb_spun_0 bwg-item0 bwg-mosaic-thumb-span \">            <img decoding=\"async\" class=\"bwg_mosaic_thumb_0 skip-lazy bwg_img_clear bwg_img_custom \"                 id=\"31215\"                 src=\"https:\/\/www.nonsolomodanews.it\/wordpress\/wp-content\/uploads\/photo-gallery\/lucia%20Colosio\/thumb\/08092020-DSC_6358.jpg?bwg=1624548760\"                 data-src=\"https:\/\/www.nonsolomodanews.it\/wordpress\/wp-content\/uploads\/photo-gallery\/lucia%20Colosio\/thumb\/08092020-DSC_6358.jpg?bwg=1624548760\"                 data-width=\"\"                 data-height=\"\"                 alt=\"08092020-DSC_6358  \"                 title=\"08092020-DSC_6358  \" \/>                      <\/div>        <\/a>                <a class=\"bwg-a\" >          <div class=\"bwg_mosaic_thumb_spun_0 bwg-item0 bwg-mosaic-thumb-span \">            <img decoding=\"async\" class=\"bwg_mosaic_thumb_0 skip-lazy bwg_img_clear bwg_img_custom \"                 id=\"31213\"                 src=\"https:\/\/www.nonsolomodanews.it\/wordpress\/wp-content\/uploads\/photo-gallery\/lucia%20Colosio\/thumb\/08092020-DSC_6347.jpg?bwg=1624548760\"                 data-src=\"https:\/\/www.nonsolomodanews.it\/wordpress\/wp-content\/uploads\/photo-gallery\/lucia%20Colosio\/thumb\/08092020-DSC_6347.jpg?bwg=1624548760\"                 data-width=\"\"                 data-height=\"\"                 alt=\"08092020-DSC_6347  \"                 title=\"08092020-DSC_6347  \" \/>                      <\/div>        <\/a>                <a class=\"bwg-a\" >          <div class=\"bwg_mosaic_thumb_spun_0 bwg-item0 bwg-mosaic-thumb-span \">            <img decoding=\"async\" class=\"bwg_mosaic_thumb_0 skip-lazy bwg_img_clear bwg_img_custom \"                 id=\"31212\"                 src=\"https:\/\/www.nonsolomodanews.it\/wordpress\/wp-content\/uploads\/photo-gallery\/lucia%20Colosio\/thumb\/08092020-DSC_6337.jpg?bwg=1624548760\"                 data-src=\"https:\/\/www.nonsolomodanews.it\/wordpress\/wp-content\/uploads\/photo-gallery\/lucia%20Colosio\/thumb\/08092020-DSC_6337.jpg?bwg=1624548760\"                 data-width=\"\"                 data-height=\"\"                 alt=\"08092020-DSC_6337  \"                 title=\"08092020-DSC_6337  \" \/>                      <\/div>        <\/a>                <a class=\"bwg-a\" >          <div class=\"bwg_mosaic_thumb_spun_0 bwg-item0 bwg-mosaic-thumb-span \">            <img decoding=\"async\" class=\"bwg_mosaic_thumb_0 skip-lazy bwg_img_clear bwg_img_custom \"                 id=\"31209\"                 src=\"https:\/\/www.nonsolomodanews.it\/wordpress\/wp-content\/uploads\/photo-gallery\/lucia%20Colosio\/thumb\/08092020-DSC_6324.jpg?bwg=1624548760\"                 data-src=\"https:\/\/www.nonsolomodanews.it\/wordpress\/wp-content\/uploads\/photo-gallery\/lucia%20Colosio\/thumb\/08092020-DSC_6324.jpg?bwg=1624548760\"                 data-width=\"\"                 data-height=\"\"                 alt=\"08092020-DSC_6324  \"                 title=\"08092020-DSC_6324  \" \/>                      <\/div>        <\/a>                <a class=\"bwg-a\" >          <div class=\"bwg_mosaic_thumb_spun_0 bwg-item0 bwg-mosaic-thumb-span \">            <img decoding=\"async\" class=\"bwg_mosaic_thumb_0 skip-lazy bwg_img_clear bwg_img_custom \"                 id=\"31207\"                 src=\"https:\/\/www.nonsolomodanews.it\/wordpress\/wp-content\/uploads\/photo-gallery\/lucia%20Colosio\/thumb\/08092020-DSC_6321.jpg?bwg=1624548760\"                 data-src=\"https:\/\/www.nonsolomodanews.it\/wordpress\/wp-content\/uploads\/photo-gallery\/lucia%20Colosio\/thumb\/08092020-DSC_6321.jpg?bwg=1624548760\"                 data-width=\"\"                 data-height=\"\"                 alt=\"08092020-DSC_6321  \"                 title=\"08092020-DSC_6321  \" \/>                      <\/div>        <\/a>                <a class=\"bwg-a\" >          <div class=\"bwg_mosaic_thumb_spun_0 bwg-item0 bwg-mosaic-thumb-span \">            <img decoding=\"async\" class=\"bwg_mosaic_thumb_0 skip-lazy bwg_img_clear bwg_img_custom \"                 id=\"31205\"                 src=\"https:\/\/www.nonsolomodanews.it\/wordpress\/wp-content\/uploads\/photo-gallery\/lucia%20Colosio\/thumb\/08092020-DSC_6306.jpg?bwg=1624548760\"                 data-src=\"https:\/\/www.nonsolomodanews.it\/wordpress\/wp-content\/uploads\/photo-gallery\/lucia%20Colosio\/thumb\/08092020-DSC_6306.jpg?bwg=1624548760\"                 data-width=\"\"                 data-height=\"\"                 alt=\"08092020-DSC_6306  \"                 title=\"08092020-DSC_6306  \" \/>                      <\/div>        <\/a>                <a class=\"bwg-a\" >          <div class=\"bwg_mosaic_thumb_spun_0 bwg-item0 bwg-mosaic-thumb-span \">            <img decoding=\"async\" class=\"bwg_mosaic_thumb_0 skip-lazy bwg_img_clear bwg_img_custom \"                 id=\"31204\"                 src=\"https:\/\/www.nonsolomodanews.it\/wordpress\/wp-content\/uploads\/photo-gallery\/lucia%20Colosio\/thumb\/08092020-DSC_6296.jpg?bwg=1624548760\"                 data-src=\"https:\/\/www.nonsolomodanews.it\/wordpress\/wp-content\/uploads\/photo-gallery\/lucia%20Colosio\/thumb\/08092020-DSC_6296.jpg?bwg=1624548760\"                 data-width=\"\"                 data-height=\"\"                 alt=\"08092020-DSC_6296  \"                 title=\"08092020-DSC_6296  \" \/>                      <\/div>        <\/a>                <a class=\"bwg-a\" >          <div class=\"bwg_mosaic_thumb_spun_0 bwg-item0 bwg-mosaic-thumb-span \">            <img decoding=\"async\" class=\"bwg_mosaic_thumb_0 skip-lazy bwg_img_clear bwg_img_custom \"                 id=\"31203\"                 src=\"https:\/\/www.nonsolomodanews.it\/wordpress\/wp-content\/uploads\/photo-gallery\/lucia%20Colosio\/thumb\/08092020-DSC_6293.jpg?bwg=1624548760\"                 data-src=\"https:\/\/www.nonsolomodanews.it\/wordpress\/wp-content\/uploads\/photo-gallery\/lucia%20Colosio\/thumb\/08092020-DSC_6293.jpg?bwg=1624548760\"                 data-width=\"\"                 data-height=\"\"                 alt=\"08092020-DSC_6293  \"                 title=\"08092020-DSC_6293  \" \/>                      <\/div>        <\/a>                <a class=\"bwg-a\" >          <div class=\"bwg_mosaic_thumb_spun_0 bwg-item0 bwg-mosaic-thumb-span \">            <img decoding=\"async\" class=\"bwg_mosaic_thumb_0 skip-lazy bwg_img_clear bwg_img_custom \"                 id=\"31200\"                 src=\"https:\/\/www.nonsolomodanews.it\/wordpress\/wp-content\/uploads\/photo-gallery\/lucia%20Colosio\/thumb\/08092020-DSC_6271.jpg?bwg=1624548760\"                 data-src=\"https:\/\/www.nonsolomodanews.it\/wordpress\/wp-content\/uploads\/photo-gallery\/lucia%20Colosio\/thumb\/08092020-DSC_6271.jpg?bwg=1624548760\"                 data-width=\"\"                 data-height=\"\"                 alt=\"08092020-DSC_6271  \"                 title=\"08092020-DSC_6271  \" \/>                      <\/div>        <\/a>                <a class=\"bwg-a\" >          <div class=\"bwg_mosaic_thumb_spun_0 bwg-item0 bwg-mosaic-thumb-span \">            <img decoding=\"async\" class=\"bwg_mosaic_thumb_0 skip-lazy bwg_img_clear bwg_img_custom \"                 id=\"31198\"                 src=\"https:\/\/www.nonsolomodanews.it\/wordpress\/wp-content\/uploads\/photo-gallery\/lucia%20Colosio\/thumb\/08092020-DSC_6251.jpg?bwg=1624548760\"                 data-src=\"https:\/\/www.nonsolomodanews.it\/wordpress\/wp-content\/uploads\/photo-gallery\/lucia%20Colosio\/thumb\/08092020-DSC_6251.jpg?bwg=1624548760\"                 data-width=\"\"                 data-height=\"\"                 alt=\"08092020-DSC_6251  \"                 title=\"08092020-DSC_6251  \" \/>                      <\/div>        <\/a>            <\/div>    <\/div>    <style>      \/*pagination styles*\/      #bwg_container1_0 #bwg_container2_0 .tablenav-pages_0 {\t\t\t\ttext-align: center;\t\t\t\tfont-size: 12px;\t\t\t\tfont-family: segoe ui;\t\t\t\tfont-weight: bold;\t\t\t\tcolor: #666666;\t\t\t\tmargin: 6px 0 4px;\t\t\t\tdisplay: block;      }      @media only screen and (max-width : 320px) {      #bwg_container1_0 #bwg_container2_0 .displaying-num_0 {     \t display: none;      }      }      #bwg_container1_0 #bwg_container2_0 .displaying-num_0 {\t\t\t\tfont-size: 12px;\t\t\t\tfont-family: segoe ui;\t\t\t\tfont-weight: bold;\t\t\t\tcolor: #666666;\t\t\t\tmargin-right: 10px;\t\t\t\tvertical-align: middle;      }      #bwg_container1_0 #bwg_container2_0 .paging-input_0 {\t\t\t\tfont-size: 12px;\t\t\t\tfont-family: segoe ui;\t\t\t\tfont-weight: bold;\t\t\t\tcolor: #666666;\t\t\t\tvertical-align: middle;      }      #bwg_container1_0 #bwg_container2_0 .tablenav-pages_0 a.disabled,      #bwg_container1_0 #bwg_container2_0 .tablenav-pages_0 a.disabled:hover,      #bwg_container1_0 #bwg_container2_0 .tablenav-pages_0 a.disabled:focus,\t\t\t#bwg_container1_0 #bwg_container2_0 .tablenav-pages_0 input.bwg_current_page {\t\t\t\tcursor: default;\t\t\t\tcolor: rgba(102, 102, 102, 0.5);      }      #bwg_container1_0 #bwg_container2_0 .tablenav-pages_0 a,      #bwg_container1_0 #bwg_container2_0 .tablenav-pages_0 input.bwg_current_page {\t\t\t\tcursor: pointer;\t\t\t\ttext-align: center;\t\t\t\tfont-size: 12px;\t\t\t\tfont-family: segoe ui;\t\t\t\tfont-weight: bold;\t\t\t\tcolor: #666666;\t\t\t\ttext-decoration: none;\t\t\t\tpadding: 3px 6px;\t\t\t\tmargin: 0;\t\t\t\tborder-radius: 0;\t\t\t\tborder-style: solid;\t\t\t\tborder-width: 1px;\t\t\t\tborder-color: #E3E3E3;\t\t\t\t\t\t\t\tbackground-color: rgba(255, 255, 255, 1.00);\t\t\t\tbox-shadow: 0;\t\t\t\ttransition: all 0.3s ease 0s;-webkit-transition: all 0.3s ease 0s;      }      <\/style>      <span class=\"bwg_nav_cont_0\">              <div class=\"tablenav-pages_0\">                  <\/div>                <input type=\"hidden\" id=\"page_number_0\" name=\"page_number_0\" value=\"1\" \/>      <script type=\"text\/javascript\">        if( jQuery('.bwg_nav_cont_0').length > 1 ) {          jQuery('.bwg_nav_cont_0').first().remove()        }        function spider_page_0(cur, x, y, load_more) {          if (typeof load_more == \"undefined\") {            var load_more = false;          }          if (jQuery(cur).hasClass('disabled')) {            return false;          }          var items_county_0 = 1;          switch (y) {            case 1:              if (x >= items_county_0) {                document.getElementById('page_number_0').value = items_county_0;              }              else {                document.getElementById('page_number_0').value = x + 1;              }              break;            case 2:              document.getElementById('page_number_0').value = items_county_0;              break;            case -1:              if (x == 1) {                document.getElementById('page_number_0').value = 1;              }              else {                document.getElementById('page_number_0').value = x - 1;              }              break;            case -2:              document.getElementById('page_number_0').value = 1;              break;\t\t\t\t\t\tcase 0:              document.getElementById('page_number_0').value = x;              break;            default:              document.getElementById('page_number_0').value = 1;          }          bwg_ajax('gal_front_form_0', '0', 'bwg_thumbnails_mosaic_0', '0', '', 'gallery', 0, '', '', load_more, '', 1);        }                    jQuery('.first-page-0').on('click', function () {              spider_page_0(this, 1, -2, 'numeric');              return false;            });            jQuery('.prev-page-0').on('click', function () {              spider_page_0(this, 1, -1, 'numeric');              return false;            });            jQuery('.next-page-0').on('click', function () {              spider_page_0(this, 1, 1, 'numeric');              return false;            });            jQuery('.last-page-0').on('click', function () {              spider_page_0(this, 1, 2, 'numeric');              return false;            });        \t\t\t\t\/* Change page on input enter. *\/        function bwg_change_page_0( e, that ) {          if (  e.key == 'Enter' ) {            var to_page = parseInt(jQuery(that).val());            var pages_count = jQuery(that).parents(\".pagination-links\").data(\"pages-count\");            var current_url_param = jQuery(that).attr('data-url-info');            if (to_page > pages_count) {              to_page = 1;            }\t \t\t\t\t\t\t\t\t\t\t\t\tspider_page_0(this, to_page, 0, 'numeric');\t\t\t\t\t\t\treturn false;\t\t\t\t\t\t          }          return true;        }        jQuery('.bwg_load_btn_0').on('click', function () {            spider_page_0(this, 1, 1, true);            return false;        });      <\/script>      <\/span>                <\/div>        <\/form>              <\/div>    <\/div>    <script>      if (document.readyState === 'complete') {        if( typeof bwg_main_ready == 'function' ) {          if ( jQuery(\"#bwg_container1_0\").height() ) {            bwg_main_ready(jQuery(\"#bwg_container1_0\"));          }        }      } else {        document.addEventListener('DOMContentLoaded', function() {          if( typeof bwg_main_ready == 'function' ) {            if ( jQuery(\"#bwg_container1_0\").height() ) {             bwg_main_ready(jQuery(\"#bwg_container1_0\"));            }          }        });      }    <\/script>    \n<p style=\"text-align: center;\">\n","protected":false},"excerpt":{"rendered":"<p>Lucia Colosio ballerina classica e neoclassica professionista con percorso accademico italo ed estero, diplomatasi ballerina alla Pavlova International Ballet School di Bergamo e con diploma di perfezionamento del Teatro Bolshoi di Mosca, grazie alla borsa di studio per il pi&ugrave; prestigioso teatro russo al mondo, vinta nel luglio 2012 con 1 premio in categoria seniores al concorso internazionale Danzadriatico di Pescara. Inizia la carriera a 18 anni scarsi lavorando in importanti compagnie italiane ed estere di balletto e produzioni neoclassiche, come la Pavlova International Ballet Company, la Compagnia Nazionale di Raffaele Paganini, il Teatro Bellini di Catania, il Royal Ballet of Flanders ad Anversa, al National Theatre di Pechino, il Balletto del Sud di Fredy Franzutti, Tony Martin Ballet con tourn&eacute;e di Giselle in tutta la Cina in ottobre-dicembre 2018, con debutto nel ruolo di Giselle in data 8 dicembre a Shenyang. Nel corso della sua carriera ottiene numerosi ruoli da solista, sia nel balletto classico, che nelle produzioni neoclassiche. Ringraziamo Lucia per questa lunga e intensa intervista. Ricordiamo ai lettori che le fotografie sono state realizzare durante un servizio fotografico ad hoc realizzato in Bologna. Auguriamo ai nostri lettori buona lettura e buona visione delle fotografie. Un ringraziamento particolare [&hellip;]<\/p>\n","protected":false},"author":1,"featured_media":21224,"comment_status":"open","ping_status":"open","sticky":false,"template":"","format":"standard","meta":{"rop_custom_images_group":[],"rop_custom_messages_group":[],"rop_publish_now":"initial","rop_publish_now_accounts":[],"rop_publish_now_history":[],"rop_publish_now_status":"pending","footnotes":""},"categories":[16],"tags":[8275,281,8276,1707,8277,8273,1099,8274],"class_list":["post-21210","post","type-post","status-publish","format-standard","has-post-thumbnail","hentry","category-articolo","tag-balletto-intervista","tag-bruno-angelo-porcellana","tag-cotabo","tag-danza","tag-dispensa-emilia","tag-lucia-colosio","tag-nonsolomodanews","tag-prima-ballerina"],"_links":{"self":[{"href":"https:\/\/www.nonsolomodanews.it\/wordpress\/wp-json\/wp\/v2\/posts\/21210","targetHints":{"allow":["GET"]}}],"collection":[{"href":"https:\/\/www.nonsolomodanews.it\/wordpress\/wp-json\/wp\/v2\/posts"}],"about":[{"href":"https:\/\/www.nonsolomodanews.it\/wordpress\/wp-json\/wp\/v2\/types\/post"}],"author":[{"embeddable":true,"href":"https:\/\/www.nonsolomodanews.it\/wordpress\/wp-json\/wp\/v2\/users\/1"}],"replies":[{"embeddable":true,"href":"https:\/\/www.nonsolomodanews.it\/wordpress\/wp-json\/wp\/v2\/comments?post=21210"}],"version-history":[{"count":11,"href":"https:\/\/www.nonsolomodanews.it\/wordpress\/wp-json\/wp\/v2\/posts\/21210\/revisions"}],"predecessor-version":[{"id":21227,"href":"https:\/\/www.nonsolomodanews.it\/wordpress\/wp-json\/wp\/v2\/posts\/21210\/revisions\/21227"}],"wp:featuredmedia":[{"embeddable":true,"href":"https:\/\/www.nonsolomodanews.it\/wordpress\/wp-json\/wp\/v2\/media\/21224"}],"wp:attachment":[{"href":"https:\/\/www.nonsolomodanews.it\/wordpress\/wp-json\/wp\/v2\/media?parent=21210"}],"wp:term":[{"taxonomy":"category","embeddable":true,"href":"https:\/\/www.nonsolomodanews.it\/wordpress\/wp-json\/wp\/v2\/categories?post=21210"},{"taxonomy":"post_tag","embeddable":true,"href":"https:\/\/www.nonsolomodanews.it\/wordpress\/wp-json\/wp\/v2\/tags?post=21210"}],"curies":[{"name":"wp","href":"https:\/\/api.w.org\/{rel}","templated":true}]}}