{"id":21202,"date":"2020-11-04T07:01:36","date_gmt":"2020-11-04T07:01:36","guid":{"rendered":"https:\/\/www.nonsolomodanews.it\/wordpress\/?p=21202"},"modified":"2020-11-04T07:01:36","modified_gmt":"2020-11-04T07:01:36","slug":"jessica-mantovani-modella-e-leader-naturale","status":"publish","type":"post","link":"https:\/\/www.nonsolomodanews.it\/wordpress\/jessica-mantovani-modella-e-leader-naturale\/","title":{"rendered":"Jessica Mantovani,  modella e leader naturale"},"content":{"rendered":"<div id=\"attachment_21203\" style=\"width: 210px\" class=\"wp-caption alignleft\"><img loading=\"lazy\" decoding=\"async\" aria-describedby=\"caption-attachment-21203\" class=\"size-medium wp-image-21203\" src=\"https:\/\/www.nonsolomodanews.it\/wordpress\/wp-content\/uploads\/2020\/11\/08102020-DSC_1854-200x300.jpg\" alt=\"\" width=\"200\" height=\"300\" srcset=\"https:\/\/www.nonsolomodanews.it\/wordpress\/wp-content\/uploads\/2020\/11\/08102020-DSC_1854-200x300.jpg 200w, https:\/\/www.nonsolomodanews.it\/wordpress\/wp-content\/uploads\/2020\/11\/08102020-DSC_1854-684x1024.jpg 684w, https:\/\/www.nonsolomodanews.it\/wordpress\/wp-content\/uploads\/2020\/11\/08102020-DSC_1854-768x1151.jpg 768w, https:\/\/www.nonsolomodanews.it\/wordpress\/wp-content\/uploads\/2020\/11\/08102020-DSC_1854-1025x1536.jpg 1025w, https:\/\/www.nonsolomodanews.it\/wordpress\/wp-content\/uploads\/2020\/11\/08102020-DSC_1854-1080x1618.jpg 1080w, https:\/\/www.nonsolomodanews.it\/wordpress\/wp-content\/uploads\/2020\/11\/08102020-DSC_1854.jpg 1367w\" sizes=\"auto, (max-width: 200px) 100vw, 200px\" \/><p id=\"caption-attachment-21203\" class=\"wp-caption-text\">Jessica<br \/>Ph. Bruno Angelo Porcellana<\/p><\/div>\n<p><span style=\"color: #000000;\"><strong>Nonsolomodanews<\/strong> ha il piacere di presentare ai propri lettori <strong>Jessica Mantovani<\/strong>, giovane modella della provincia di Reggio Emilia. Forte di carattere, si considera una leader naturale. La sua modella preferita \u00e8 <strong>Josephine Skriver<\/strong><em><strong>.\u00a0 <\/strong><\/em>L&#8217;abbiamo invitata a Bologna e abbiamo realizzato un servizio fotografico esclusivo con lei che pu\u00f2 essere visto nella galleria fotografica allegata. Grazie a Jessica per averci concesso questa lunga ed intensa intervista e auguriamo ai nostri lettori buona lettura e buona visione delle fotografie.<\/span><\/p>\n<p><!--more--><\/p>\n<p><span style=\"color: #000000;\"><strong>Ciao, benvenuta su Nonsolomodanews, ti vuoi presentare? <\/strong>\u201c<em>Ciao a tutti, sono Jessica Mantovani ho 20 anni, sono nata a Montecchio Emilia il 28 febbraio del 2000. Le mie misure sono 91\/64\/90, sono alta 1.77 e ho un piede 40\/41.\u00a0Ho capelli lunghezza media alla spalla con gradazioni che vanno dal castano ramato al biondo; di natura i miei capelli sarebbero ricci, molto ricci, ma io mi ostino a piastrarli.\u00a0Ho occhi a mandorla con un colore azzurro\/verde. Mi ritengo una ragazza solare e piena d\u2019iniziativa!\u201d<\/em><\/span><\/p>\n<p><span style=\"color: #000000;\"><strong>Come sei di carattere? <\/strong><em>\u201cSono una ragazza forte, determinata e con una grande carica erotica. Le mie passioni guidano la mia vita quotidiana e riesco sempre ad affrontare ogni difficolt\u00e0 con il coraggio di un leone. Ho la stoffa del leader e non sopporto le bugie, cosa che mi porta ad essere a mia volta molto schietta. Forse non piacer\u00f2 a tutti, ma chi mi ama e chi mi conosce sul serio sicuramente non se ne pente hihi! Sono una persona molto sensibile e dolce che si emoziona con i piccoli gesti!\u201d<\/em><\/span><\/p>\n<p><span style=\"color: #000000;\"><strong>Sei una persona curiosa? \u201c<\/strong><em>Sin\u00a0<\/em>da piccola ero curiosa,<em>\u00a0come tutti, ma a differenza di molti la mia\u00a0curiosit\u00e0\u00a0\u00e8 rimasta\u00a0radicata nel tempo\u00a0e con il passare degli anni, sono solo\u00a0<\/em>cambiate le fonti di approfondimento da cui attingere per conoscere la risposta alle mie domande<em>. Ogni mattina al mio risveglio guardo il cielo, che <\/em>mi ha sempre affascinata e continua a farlo, dandomi moltissimi spunti di riflessione.<em> Questa mattina il cielo mi ha particolarmente ispirata, non era ancora sorto il sole, ma c\u2019era una luminosissima stella proprio accanto ad un piccolo ma brillantissimo quarto di luna. <\/em>Mi sono soffermata ad ammirarlo pensando a quante persone in quel preciso momento stessero facendo la stessa cosa e a quanto sia bello il cielo con le sue stelle, le sue albe, i suoi tramonti, la luna e il sole e che tutti siamo sotto lo stesso cielo. <em>Il cielo \u00e8 per tutti\u00a0quelli che lo sanno guardare e ascoltare, a prescindere da razze, religioni, politica, classe sociale, poveri o ricchi, di successo o meno. Lui \u00e8 l\u00ec, sempre, per tutti. La\u00a0curiosit\u00e0\u00a0\u00e8 un\u00a0pregio, talvolta pu\u00f2 essere interpretata male, ma rimanere curiosi mi permette di continuare ad<\/em>\u00a0imparare<em>,\u00a0<\/em>migliorarmi<em>,\u00a0<\/em>riflettere<em>\u00a0e cercare di raggiungere i miei obiettivi.\u00a0 L\u2019essere curiosa mi permette\u00a0\u00a0di vedere nuove realt\u00e0 e possibilit\u00e0 che nella normalit\u00e0 non sono visibili.\u00a0Essi sono tutti elementi che nella vita quotidiana sono presenti ma rimangono celati dietro il velo della routine. Ci vuole quindi una mente curiosa, allenata a porsi delle domande per fare in modo di spostare quel velo e scoprire nuovi mondi con le loro nuove possibilit\u00e0. Passo la mia vita a pormi delle domande e a cercare delle risposte, (non \u00e8 sempre semplice hihi), quando non le trovo chiedo a chi \u00e8 competente nel settore. Mantengo la mia mente in movimento e attiva.. La curiosit\u00e0 per me \u00e8 una continua ricerca del nuovo, dello sconosciuto, \u00e8 il tentativo di acquisizione anche di un solo tassello che si vada ad inserire nel disegno sempre incompleto della nostra conoscenza, \u00e8 un sistema per aprire e rendere pi\u00f9 elastica la nostra mente nei confronti di tutto ci\u00f2 che ci circonda.\u201d<\/em><\/span><\/p>\n<p><span style=\"color: #000000;\"><strong>E\u2019 vero che la curiosit\u00e0 sia femmina o \u00e8 un luogo comune? <\/strong><em>\u201cCredo che la curiosit\u00e0 sia un luogo comune, non ha genere poich\u00e9 riguarda gli individui, senza distinzioni. Essere curiosi verso le novit\u00e0 \u00e8 un aspetto per me positivo, grazie ad essa molti esploratori e ricercatori ci hanno permesso di compiere passi avanti nella nostra evoluzione.\u201d<\/em><\/span><\/p>\n<p><span style=\"color: #000000;\"><strong>L\u2019estate con la paura del virus. Come ti sei comportata nei rapporti con le altre persone? \u201c<\/strong><em>Il rapporto con le altre persone non \u00e8 cambiato fortunatamente, ma ovviamente dovendo rispettare tutte le norme di sicurezza tante cose sono cambiate. Non si sono pi\u00f9 fatte feste in grande come era previsto, purtroppo non sono riuscita nemmeno a festeggiare la festa di maturit\u00e0 con genitori, parenti e amici pi\u00f9 cari. L\u2019estate \u00e8 stata molto diversa dagli anni scorsi, ma al tempo stesso molto interessante, sono riuscita a percepire i veri valori della vita!\u201d<\/em><\/span><\/p>\n<p><span style=\"color: #000000;\"><strong>Tu studi o lavori? <\/strong><em>\u201cAl momento mi sto dedicando soltanto al Mondo della moda e dello spettacolo, non perdendo mai la voglia di imparare e di apprendere..!\u201d<\/em><\/span><\/p>\n<p><a href=\"https:\/\/www.instagram.com\/langolodellefate\/\"><img loading=\"lazy\" decoding=\"async\" class=\"size-medium wp-image-21191 aligncenter\" src=\"https:\/\/www.nonsolomodanews.it\/wordpress\/wp-content\/uploads\/2020\/10\/img040-3-300x193.jpg\" alt=\"\" width=\"300\" height=\"193\" srcset=\"https:\/\/www.nonsolomodanews.it\/wordpress\/wp-content\/uploads\/2020\/10\/img040-3-300x193.jpg 300w, https:\/\/www.nonsolomodanews.it\/wordpress\/wp-content\/uploads\/2020\/10\/img040-3-768x494.jpg 768w, https:\/\/www.nonsolomodanews.it\/wordpress\/wp-content\/uploads\/2020\/10\/img040-3.jpg 978w\" sizes=\"auto, (max-width: 300px) 100vw, 300px\" \/><\/a><\/p>\n<p><span style=\"color: #000000;\"><strong>E se studi quali studi frequenti? <\/strong><em>\u201cSto studiando per prendere la patente, \u00e8 molto utile essere automuniti ed indipendenti.\u201d<\/em><\/span><\/p>\n<p><span style=\"color: #000000;\"><strong>Paura del ritorno del virus? <\/strong><em>\u201cAssolutamente si, ne ho tantissima! Sono stati mesi bruttissimi ma hanno fatto riflettere, persino su cose piccole che prima non ci si faceva molto caso. Per quanto mi riguarda non l\u2019ho vissuta benissimo, proprio in quel periodo stavo preparando l\u2019esame di maturit\u00e0. Una\u00a0vera e propria battaglia, perch\u00e8 vi assicuro che fare le lezioni online, non sono una passeggiata. Sono stata la prima in tutto l\u2019istituto ad aprire le danze, ma per fortuna con tanta forza sono riuscita ad affrontare questo grandissimo ostacolo ma molto importante. Per fortuna sia io che i miei famigliari non siamo stati attaccati da questo virus cos\u00ec cattivo, ma abbiamo sempre tenuto le dovute precauzioni. Affrontare nuovamente ci\u00f2 che abbiamo subito, non sarebbe semplice!\u201d<\/em><\/span><\/p>\n<p><span style=\"color: #000000;\"><strong>Qual \u00e8 il tuo colore preferito? <\/strong><em>\u201cIl mio colore preferito \u00e8 il rosso perch\u00e9 sono una persona estroversa, carismatica, sincera, energetica, e sensuale. Sono una persona ricca di idee! Il rosso \u00e8 un colore che mi appartiene particolarmente per diverse motivazioni, le quali sono: \u00e8 il colore dell\u2019amore, rappresenta la violenza contro le donne, eleganza e raffinatezza.\u201d<\/em><\/span><\/p>\n<p><span style=\"color: #000000;\"><strong>Quali sono le tue passioni? <\/strong><em>\u201cHo due passioni principali:<\/em><\/span><\/p>\n<ul>\n<li><span style=\"color: #000000;\"><em>la moda, fin da bambina indossavo vestiti e tacchi di mia mamma, facevo delle sfilate davanti allo specchio ed ora faccio shooting e sfilate di moda.<\/em><\/span><\/li>\n<li><span style=\"color: #000000;\"><em>lo sport, particolarmente il nuoto che lo pratico da quando ero neonata\u201d.<\/em><\/span><\/li>\n<\/ul>\n<p><span style=\"color: #000000;\"><strong>Quale musica ti piace? <em>\u201c<\/em><\/strong><strong><em>\u00a0<\/em><\/strong><em>Mi piace molto la musica, le cuffiette in borsa non possono\u00a0mai mancare. Ascolto tutti i generi di musica, in particolare quella Latino Americana e il Reggaton. Per me la musica \u00e8 unica in tutti i suoi generi, poich\u00e9 oltre ad ascoltarla la so suonare! Ho studiato la storia, l\u2019armonia che si racchiude dietro ad essa. Ho frequentato il conservatorio Achille Peri dall\u2019et\u00e0 di 6 anni studiando arpa, musica d\u2019insieme e canto. La musica \u00e8 storia e vita..!\u201d<\/em><\/span><\/p>\n<p><span style=\"color: #000000;\"><strong>Hai un artista che preferisci? <\/strong><em>\u201cIl mio cantante preferito \u00e8 Ultimo. Lui mi \u00e8 entrato nel cuore quando ha cantato la canzone \u201cil ballo delle incertezze\u201d. La canzone parla del bullismo, mi ha fatto capire che anche se ci sentiamo diversi, non dobbiamo mai farci prendere dalle paure, ma cercare di superarle. Ultimo in molte canzoni parla di se stesso, delle sue esperienze di vita, delle sue delusioni, anche dei suoi sentimenti. Pu\u00f2 sembrare scontroso e arrogante ma dalle sue canzoni, capisco il suo vero essere: un ragazzo dolce e gentile che nasconde i suoi timori, rifugiandosi in un atteggiamento apparentemente \u201cmaleducato\u201d. Ascolto Ultimo nei momenti di solitudine e, grazie alle sue canzoni, mi sento meno sola; mi ritorna il sorriso e mi permette di riflettere su me stessa. \u201cVorrei soltanto amarti\u201d, questa frase mi fa pensare sia stata scritta apposta per me. A dire il vero a me piace tantissimo, perch\u00e9 lo sento vicino ai miei problemi, ai miei interessi e al mio modo di essere. <\/em><\/span><\/p>\n<p><span style=\"color: #000000;\"><strong style=\"color: #000000;\">Mare o montagna? <\/strong><em><span style=\"color: #000000;\">\u201cEssendo come segno zodiacale un Pesci do a voi la risposta! Mare, mare, mare e ancora tanto mare, io vivrei se solo potessi in una citt\u00e0 di mare. Quando\u00a0sono in vacanza amo svegliarmi guardando il mare, amo fare lunghe passeggiate nelle acque cristalline, l\u2019odore che si sente del pesce fresco, mi inebria l\u2019olfatto. Adoro gli spaghetti allo scoglio, mmmmh che bont\u00e0..!\u201d<\/span><\/em><\/span><\/p>\n<p><span style=\"color: #000000;\"><strong>Stagione che preferisci<\/strong>? <em>\u201c<\/em><em>Io devo dire che a me piacciono tutte le stagioni, ognuna ha il proprio fascino. La primavera mi piace perch\u00e9 comincia a fare bel tempo, le giornate di sole sono pi\u00f9 lunghe, la campagna \u00e8 bellissima e i fiori cominciano a spuntare in questo periodo. Ah! E poi ci sono tanti prodotti dell&#8217;orto primaverili che adoro: fragole, asparagi, prugne, carciofi..\u00a0L&#8217;estate mi piace assai perch\u00e9 rappresenta il periodo di vacanze e di riposo. Anche se fa molto caldo a volte, io comunque lo sopporto bene. Approfitto soprattutto per leggere tantissimo, prendere il sole, riposare, fare qualche viaggietto e cucinare cose che di solito non faccio perch\u00e9 non ho tanto tempo: pane, dolci, piatti pi\u00f9 ricercati, ecc.\u00a0L&#8217;autunno \u00e8 anche bellissimo per me, mi piace quando le foglie degli alberi cambiano colore e diventano gialli, rossi, marroni. Il paesaggio si trasforma in nostalgia delle volte, e questo mi piace. E poi l&#8217;inverno. A molta gente non piace perch\u00e9 dicono che faccia freddo. A me invece piace pure il <\/em><em>freddo. La sensazione di un bel cappotto in una giornata gelida di Pamplona&#8230; e poi arrivano anche le castagne, i brodi, le giornate in casa a guardare film o a leggere. <\/em><strong><em>Uhmmmmmm, come vedete non ho una predilezione concreta!\u201d<\/em><\/strong><\/span><\/p>\n<p><span style=\"color: #000000;\"><strong>In una tua fotografia di ritratto che cosa noti immediatamente? <\/strong>\u00a0<em>\u201cUn foto ritratto \u00e8 affascinante\u00a0e sa dare tante soddisfazioni al fotografo, ma al tempo stesso questo tipo di fotografia necessita di un approccio diverso rispetto a tutti gli altri. E\u2019 necessario conoscere qualche piccolo rudimento in materia per avere la certezza di realizzare immagini di forte impatto, capaci di lasciare l\u2019osservatore a bocca aperta o, per lo meno, stupito per il lavoro eseguito. Nei miei ritratti noto subito la fossetta che ho sulla guancia destra, le lentiggini che appaiono solo quando sono abbronzata, anche se a volte (cerco di coprirle), e il mio sguardo cerca di ipnotizzare colui che guarda la fotografia, immedesimandomi nel personaggio.\u201d<\/em><\/span><\/p>\n<p><span style=\"color: #000000;\"><strong>Quali sono le tue sensazioni quando vieni fotografata? <em>\u201c<\/em><\/strong><em>Sono diverse e contrastanti. Certamente la sensazione che muove i miei gesti di fronte la macchina da presa \u00e8 quella in primis di far trapelare qualcosa che mi appartenga. Vorrei che le foto esprimessero la mia realt\u00e0 e quella ovviamente di colui che si trova dietro la macchina fotografica. Il fotografo a priori deve essere un artista e deve avere passione per l\u2019arte, saper vedere, osservare, catturare l\u2019attimo di un pensiero, avere competenze tecniche e specifiche. Stesso discorso vale per la fotomodella. Dalla fotografia cerco comunicazione.\u201d<\/em><\/span><\/p>\n<p><span style=\"color: #000000;\"><strong>Come ti prepari per uno shooting fotografico? <\/strong><em>\u201cPer uno shooting fotografico generalmente mi preparo molto facilmente, amando questo mestiere ci metto molto poco. Quando mi preparo dedico almeno un oretta solo a me stessa e guai a chi mi distrae (lo mangio ahah), cerco di fare trucchi e acconciature molto particolari! Amo essere diversa dalla massa.\u201d<\/em><\/span><\/p>\n<p><span style=\"color: #000000;\"><strong style=\"color: #000000;\">Quali sono i generi fotografici che preferisci?<\/strong> <em><span style=\"color: #000000;\">\u201cAmo tanti ma tanti generi di fotografia. Prediligo maggiormente lo stile elegante e glamour, ma qual volta poso per intimo e costume! Sono una ragazza molto frizzante e sbarazzina. Amo il diverso!\u201d<\/span><\/em><\/span><\/p>\n<p><span style=\"color: #000000;\"><strong style=\"color: #000000;\">Ti ricordi la prima volta che hai posato? <\/strong><em><span style=\"color: #000000;\">\u201cCome potersi non ricordare il primo shooting fotografico. Iniziai\u00a0a posare per pigiami ben 3 anni fa, mi sentivo impacciata ed insicura, avevo l\u2019ansia a mille, non avevo la minima idea di come si posasse, ma poi un certo giorno. Tutta\u00a0questa ansia se ne and\u00f2 e si trasform\u00f2 in una vera e propria passione. Adesso amo posare e faccio stancare prima il fotografo di me hihi. Mettetemi davanti a una macchina fotografica ed io ci rimango a vita!\u201d <\/span><\/em><\/span><\/p>\n<p><span style=\"color: #000000;\"><strong>Un tuo punto di forza del tuo fisico? <\/strong><em>\u201cLa parte del corpo che valorizza maggiormente la mia personalit\u00e0 \u00e8 il petto, che rende il mio fisico molto interessante. Anche se coperto dai vestiti, questa zona del mio corpo slancia il busto verso l\u2019alto ed esalta anche il mio viso, facendomi apparire sicura di me stessa.\u201d<\/em><\/span><\/p>\n<p><span style=\"color: #000000;\"><strong>In generale, sfilare in costume\/intimo pensi che possa essere lesivo della donna? <\/strong><em>\u201cAssolutamente no! Sono contro questi pensieri, una donna deve essere fiera del suo corpo.\u00a0Se sta bene con se stessa \u00e8\u00a0giusto che lo mostri, non vedo cosa ci possa essere di sbagliato. Sono i commenti invidiosi di terze persone ad essere nocivi\u201d.<\/em><em>\u00a0<\/em><\/span><\/p>\n<p><span style=\"color: #000000;\"><strong>In una donna che cosa noti per primo? <\/strong><em>\u201cIn una donna la prima cosa che guardo sono gli occhi, l&#8217;espressione del viso&#8230; perch\u00e8 credo che le parole possono mentire, ma se si guarda attentamente lo sguardo, si capisce perfettamente come si pone colei\/ui che si ha di fronte.\u201d \u00a0<\/em><\/span><\/p>\n<p><span style=\"color: #000000;\"><strong>Che cosa \u00e8 per te la moda (fashion)? <\/strong><em>\u201cSecondo me la moda deve essere lo specchio della nostra personalit\u00e0, ogni tanto si pu\u00f2 seguire, ma ci sono persone vittime di tutto quello che \u00e8 considerato di moda! Siamo tutti inevitabilmente influenzati dalle nuove tendenze o dalle nuove creazioni del nostro negozio preferito, ma non per questo siamo tutti uguali! Per me la moda deve avere anche un pizzico di originalit\u00e0 che ne viene dalla persona che indossa quel tipo di vestiti.. Il nostro modo di vestire e di mostrarci in pubblico il pi\u00f9 delle volte influenza l&#8217;opinione che gli altri hanno di noi&#8230; Io penso che la cosa fondamentale di tutti, \u00e8 sentirsi a proprio agio in tutte le situazioni, in modo da mostrare agli altri che se il look \u00e8 importante, scoprire cosa si nasconde nelle persone lo \u00e8 ancora di pi\u00f9..\u201d<\/em><\/span><\/p>\n<p><span style=\"color: #000000;\"><strong>Qual \u00e8 il tuo rapporto con la moda?<\/strong> <em>\u201cIl rapporto che ho con la moda \u00e8 ottimo! Adoro fare shopping, perch\u00e9 per me \u00e8 fonte di emozioni positive. Seguo molto le tendenze e adoro distinguermi dalla massa. Nel mio armadio non mancano le borse firmate, accessori iconici, abiti in linea con le ultime tendenze. Frequento i negozi di tendenza quelli delle griffe o i mercatini del vintage o dell\u2019artigianato, con la disinvoltura di chi si sente a casa nei templi della moda. Adoro anche tutti i palcoscenici sociali nei quali mostrare, esibire, osservare una moda. Amo gli stilisti emergenti, le firme, ma anche il vintage e i capi low cost da mixare sapientemente con quelli griffati per comunicare la mia capacit\u00e0 di esprimere la bellezza e stile con la moda.\u201d<\/em><\/span><\/p>\n<p><span style=\"color: #000000;\"><strong>Hai una TopModel preferita? <\/strong><em>\u201cLa mia super modella preferita \u00e8 <strong>Josephine Skriver<\/strong>, a soli sette anni pi\u00f9 di me. La vedo come una ragazza molto umile, solare e divertente e impegnata nel sociale.\u201d<\/em><\/span><\/p>\n<p><span style=\"color: #000000;\"><strong style=\"color: #000000;\">Qual \u00e8 il capo di vestiario che ami di pi\u00f9 e quello di meno?<\/strong> <em><span style=\"color: #000000;\">\u201cAprendo il mio armadio si capisce perfettamente quale \u00e8 il capo che preferisco, cio\u00e8 i \u201cvestiti\u201d. N\u00e8 possiamo trovare di tutti i colori&#8230; da giorno, cocktail e da sera. Adoro gli abiti perch\u00e9 sono pratici e solamente aggiungendo qualche accessorio si \u00e8 sempre eleganti. Odio, i pantaloni perch\u00e9 quando li trovo della mia misura la vita mi \u00e8 sempre esageratamente grande, lungo le gambe fanno sempre i giochi di pieghe anche\u00a0se provo ad aggiungere una cintura, mi sento sempre di essere in un sacco di patate ahaha..\u201d<\/span><\/em><\/span><\/p>\n<p><span style=\"color: #000000;\"><strong>Scarpe basse o tacchi?<\/strong> <em>\u201cSicuramente tacchi, ma dipende dal contesto. Quando si poteva andare a ballare prima dell\u2019emergenza Covid-19, quando indossavo i tacchi per rendere l\u2019outfit pi\u00f9 raffinato e femminile, mi sentivo in imbarazzo essendo gi\u00e0 molto alta di mio.\u201d<\/em><\/span><\/p>\n<p><span style=\"color: #000000;\"><strong>Un accessorio che non manca mai quando esci da casa? <\/strong><em>\u201cUn accessorio che non manca mai all\u2019interno della mia borsetta sono gli occhiali, che per me significano femminilit\u00e0 ed eleganza. Gli occhiali danno quel tocco di raffinatezza che non guasta mai in una donna..ci si pu\u00f2 non truccare che si \u00e8 sempre eleganti, ma nonostante ci\u00f2 con questo accessorio ci proteggiamo dai raggi nocivi del sole, ed inoltre completa perfettamente l\u2019outfit. Io ho un vero e proprio debole per gli occhiali..in effetti ogni volta che sono di ritorno da un viaggio n\u00e9 compro un paio.\u201d<\/em><\/span><\/p>\n<p><span style=\"color: #000000;\"><strong>Qual \u00e8 il tuo rapporto con la tecnologia visto che siamo invasi? <em>\u201c<\/em><\/strong><em>Viviamo in un\u2019epoca, dove la tecnologia \u00e8 considerata al primo posto, \u00e8 necessaria nonostante sia un po\u2019 troppo invadente. Si vedono bambini al ristornate silenziosi e composti con davanti lo smartphone , che proietta un film o un cartone animato. Mi rendo conto che l\u2019uso di questa tecnologia stia diventando un uso improprio, si incontrano ragazzini che attraversano le strade con la testa rivolta al loro smartphone, non facendo attenzione alla loro sicurezza. Anch\u2019io in prima persona mi rendo conto che non potrei pi\u00f9 vivere senza questo (dannato telefono), che mi mantiene i contatti velocissimi con gli amici, parenti, genitori e collaboratori, ma al tempo stesso non mi permette di vivere in totale libert\u00e0 e serenit\u00e0 concedendomi il lusso di godermi la bellezza della natura.<strong>\u201d<\/strong><\/em><\/span><\/p>\n<p><span style=\"color: #000000;\"><strong>Tu spegni o silenzi il telefonino quando vai a dormire? <\/strong><em>\u201cAssolutamente spengo il telefono ogni sera, perch\u00e8 le onde che emanano fanno malissimo al nostro cervello e al nostro corpo. Amo vivere e nutrirmi in modo sano!\u201d<\/em><\/span><\/p>\n<p><span style=\"color: #000000;\"><strong>In ordine di preferenza quali sono i tuoi Social preferiti? <\/strong><em>\u201cI miei social preferiti sono Instagram, Tik Tok e Youtube, sono stupendi perch\u00e9 posso conoscere nuove persone, confrontandomi ed interagire nel quotidiano. Amo fare dirette e rispondere alle domande che mi vengono poste, sul make-up la quale \u00e8 diventata una mia grande passione. Adoro scegliere i colori del mio make-up in relazione all\u2019abito che indosso.\u201d<\/em><\/span><\/p>\n<p><span style=\"color: #000000;\"><strong style=\"color: #000000;\">Che cosa significa inseguire un sogno per te? <em>\u201c<\/em><\/strong><em><span style=\"color: #000000;\">Per me inseguire un sogno \u00e8 lottare ogni giorno per poterlo realizzare sempre al meglio, non \u00e8 sempre semplice ottenere ci\u00f2 che si vuole, senza dover scendere a compromessi. Bisogna essere determinati, sapendosi distinguere dalla massa per la tanta competizione, bisogna sapere accettare anche le critiche facendone un punto di forza. Ma come sempre. \u00c8\u00a0molto importante la fortuna e le conoscenze.<\/span><strong style=\"color: #000000;\">\u201d<\/strong><\/em><\/span><\/p>\n<p><span style=\"color: #000000;\"><strong style=\"color: #000000;\">Ultima domanda, sogno nel cassetto che desideri realizzare?<\/strong> <em><span style=\"color: #000000;\">\u201cIl mio sogno nel cassetto pu\u00f2 essere uguale a quello di tantissime ragazze, mi piacerebbe poter sfilare sulle passerelle di alta moda: Milano, Parigi, Dubai ecc.. Lo scorso anno ho avuto l\u2019onore di sfilare alla MFW con la passerella dei cinque continenti, mescolando tra bellezza ed eleganza delle bellissime creazioni. Non ci credevo. Emozione\u00a0alle stelle, il cuore a mille, sentivo le braccia tremare, vedevo il mio viso grazie ai make-up artist che si illuminava e splendeva sempre di pi\u00f9, i miei capelli vennero raccolti in varie acconciature, ma una volta indossati gli abiti il mio corpo, inizi\u00f2 a muoversi armoniosamente e le mie lunghe gambe passo dopo passo, cominciarono a sfilare in modo raffinato!\u201d<\/span><\/em><\/span><\/p>\n<p><a href=\"https:\/\/www.instagram.com\/brunoangeloporcellana\/\">Bruno Angelo Porcellana<\/a><\/p>\n<p style=\"text-align: center;\"><strong><span style=\"color: #000000;\">Fotografie di Bruno Angelo Porcellana<\/span><\/strong><br \/>\n<strong><span style=\"color: #000000;\">Tutti i diritti riservati \u00a9 2020 \u2013 Email: nonsolomodanews@gmail.com<style id=\"bwg-style-0\">      #bwg_container1_0 #bwg_container2_0 #bwg_mosaic_thumbnails_div_0 {        width: 100%;        position: relative;        background-color: rgba(255, 255, 255, 0.00);        text-align: center;        justify-content: center;                  margin-left: auto;          margin-right: auto;                    padding-left: 4px;          padding-top: 4px;                }          #bwg_container1_0 #bwg_container2_0 .bwg_mosaic_thumb_spun_0 {        display: block;        position: absolute;\t\t\t\tborder-radius: 0;\t\t\t\tborder: 0px none #CCCCCC;    \t\t    \t\tbackground-color:rgba(0,0,0, 0.30);        -moz-box-sizing: content-box !important;        -webkit-box-sizing: content-box !important;        box-sizing: content-box !important;      }\t\t\t#bwg_container1_0 #bwg_container2_0 .bwg_mosaic_thumb_0 {\t\t\t\tdisplay: block;\t\t\t\t-moz-box-sizing: content-box !important;\t\t\t\t-webkit-box-sizing: content-box !important;\t\t\t\tbox-sizing: content-box !important;\t\t\t\tmargin: 0;\t\t\t\topacity: 1.00;\t\t\t}      #bwg_container1_0 #bwg_container2_0 .bwg_mosaic_thumb_spun_0:hover {        opacity: 1;        backface-visibility: hidden;        -webkit-backface-visibility: hidden;        -moz-backface-visibility: hidden;        -ms-backface-visibility: hidden;        z-index: 102;      }\t      @media only screen and (min-width: 480px) {        #bwg_container1_0 #bwg_container2_0 .bwg_mosaic_thumb_spun_0:hover {          transform: scale(1.1);          -ms-transform: scale(1.1);          -webkit-transform: scale(1.1);        }      }\t      #bwg_container1_0 #bwg_container2_0 .bwg_mosaic_thumbnails_0 {        background-color: rgba(255, 255, 255, 0.00);        font-size: 0;        position: relative;        text-align: center;        display: inline-block;        visibility: hidden;              }\t  \/*image title styles*\/      #bwg_container1_0 #bwg_container2_0 .bwg_mosaic_title_spun1_0,      #bwg_container1_0 #bwg_container2_0 .bwg-mosaic-thumbnails .bwg_ecommerce_spun1_0 {        position: absolute;        display: block;        opacity: 0;        box-sizing: border-box;        text-align: center;\t\t\t\ttop: 50%;\t\t\t\tleft: 50%;\t\t\t\ttransform: translate(-50%, -50%);      }      #bwg_container1_0 #bwg_container2_0 .bwg-mosaic-thumbnails .bwg_mosaic_title_spun2_0,      #bwg_container1_0 #bwg_container2_0 .bwg-mosaic-thumbnails .bwg_ecommerce_spun2_0 {\t\t    color: #CCCCCC;        font-family: segoe ui;        font-size: 16px;        font-weight: bold;        text-shadow: 0px 0px 0px #888888;        vertical-align: middle;        word-wrap: break-word;      }            .bwg_mosaic_play_icon_spun_0 {        display: table;        position: absolute;        left: -10000px;        top: 0px;        opacity: 0;      }      .bwg_mosaic_play_icon_0 {        color: #CCCCCC;        font-size: 32px;        vertical-align: middle;        display: table-cell !important;        z-index: 1;        text-align: center;        margin: 0 auto;      }      #bwg_container1_0 #bwg_container2_0 .bwg_gal_title_0 {        background-color: rgba(0, 0, 0, 0);        color: #323A45;        display: block;        font-family: Ubuntu;        font-size: 16px;        font-weight: bold;        padding: 2px;        text-shadow: ;        text-align: center;      }            @media screen and (max-width: 280px) {      div[class^=\"bwg_mosaic_thumbnails_\"],      span[class^=\"bwg_mosaic_thumb_spun_\"] {      width: 100% !important;      }      img[class^=\"bwg_mosaic_thumb_\"] {      width: 100% !important;      height: auto !important;      margin: 0px auto !important;      }      }      <\/style>    <div id=\"bwg_container1_0\"         class=\"bwg_container bwg_thumbnail bwg_thumbnails_mosaic \"         data-right-click-protection=\"0\"         data-bwg=\"0\"         data-scroll=\"0\"         data-gallery-type=\"thumbnails_mosaic\"         data-gallery-view-type=\"thumbnails_mosaic\"         data-current-url=\"\/wordpress\/wp-json\/wp\/v2\/posts\/21202\"         data-lightbox-url=\"https:\/\/www.nonsolomodanews.it\/wordpress\/wp-admin\/admin-ajax.php?action=GalleryBox&#038;current_view=0&#038;gallery_id=510&#038;tag=0&#038;theme_id=1&#038;shortcode_id=543&#038;sort_by=order&#038;order_by=asc&#038;current_url=%2Fwordpress%2Fwp-json%2Fwp%2Fv2%2Fposts%2F21202\"         data-gallery-id=\"510\"         data-popup-width=\"800\"         data-popup-height=\"500\"         data-is-album=\"gallery\"         data-buttons-position=\"bottom\">      <div id=\"bwg_container2_0\">             <div id=\"ajax_loading_0\" class=\"bwg_loading_div_1\">      <div class=\"bwg_loading_div_2\">        <div class=\"bwg_loading_div_3\">          <div id=\"loading_div_0\" class=\"bwg_spider_ajax_loading\">          <\/div>        <\/div>      <\/div>    <\/div>            <form id=\"gal_front_form_0\"              class=\"bwg-hidden\"              method=\"post\"              action=\"#\"              data-current=\"0\"              data-shortcode-id=\"543\"              data-gallery-type=\"thumbnails_mosaic\"              data-gallery-id=\"510\"              data-tag=\"0\"              data-album-id=\"0\"              data-theme-id=\"1\"              data-ajax-url=\"https:\/\/www.nonsolomodanews.it\/wordpress\/wp-admin\/admin-ajax.php?action=bwg_frontend_data\">          <div id=\"bwg_container3_0\" class=\"bwg-background bwg-background-0\">                <div id=\"bwg_mosaic_thumbnails_div_0\"         class=\"bwg-container-0 bwg-container bwg-mosaic-thumbnails\"         data-bwg=\"0\"         data-mosaic-direction=\"vertical\"         data-resizable=\"0\"         data-width=\"180\"         data-height=\"90\"         data-total-width=\"100\"         data-block-id=\"bwg_thumbnails_mosaic_0\"         data-thumb-padding=\"4\"         data-thumb-border=\"0\"         data-title-margin=\"2px\"         data-image-title=\"none\"         data-play-icon=\"1\"         data-ecommerce-icon=\"none\"         data-gallery-id=\"510\"         data-lightbox-url=\"https:\/\/www.nonsolomodanews.it\/wordpress\/wp-admin\/admin-ajax.php?action=GalleryBox&#038;current_view=0&#038;gallery_id=510&#038;tag=0&#038;theme_id=1&#038;shortcode_id=543&#038;sort_by=order&#038;order_by=asc&#038;current_url=%2Fwordpress%2Fwp-json%2Fwp%2Fv2%2Fposts%2F21202\"         data-mosaic-thumb-transition=\"1\"         style=\"visibility: hidden\" >      <div id=\"bwg_thumbnails_mosaic_0\" class=\"bwg_mosaic_thumbnails_0\">                  <a class=\"bwg-a\" >          <div class=\"bwg_mosaic_thumb_spun_0 bwg-item0 bwg-mosaic-thumb-span \">            <img decoding=\"async\" class=\"bwg_mosaic_thumb_0 skip-lazy bwg_img_clear bwg_img_custom \"                 id=\"31197\"                 src=\"https:\/\/www.nonsolomodanews.it\/wordpress\/wp-content\/uploads\/photo-gallery\/Jessica%20Mantovani\/thumb\/Tris.jpg?bwg=1624548760\"                 data-src=\"https:\/\/www.nonsolomodanews.it\/wordpress\/wp-content\/uploads\/photo-gallery\/Jessica%20Mantovani\/thumb\/Tris.jpg?bwg=1624548760\"                 data-width=\"\"                 data-height=\"\"                 alt=\"Tris\"                 title=\"Tris\" \/>                      <\/div>        <\/a>                <a class=\"bwg-a\" >          <div class=\"bwg_mosaic_thumb_spun_0 bwg-item0 bwg-mosaic-thumb-span \">            <img decoding=\"async\" class=\"bwg_mosaic_thumb_0 skip-lazy bwg_img_clear bwg_img_custom \"                 id=\"31196\"                 src=\"https:\/\/www.nonsolomodanews.it\/wordpress\/wp-content\/uploads\/photo-gallery\/Jessica%20Mantovani\/thumb\/img040%20(3).jpg?bwg=1624548760\"                 data-src=\"https:\/\/www.nonsolomodanews.it\/wordpress\/wp-content\/uploads\/photo-gallery\/Jessica%20Mantovani\/thumb\/img040%20(3).jpg?bwg=1624548760\"                 data-width=\"\"                 data-height=\"\"                 alt=\"img040 (3)\"                 title=\"img040 (3)\" \/>                      <\/div>        <\/a>                <a class=\"bwg-a\" >          <div class=\"bwg_mosaic_thumb_spun_0 bwg-item0 bwg-mosaic-thumb-span \">            <img decoding=\"async\" class=\"bwg_mosaic_thumb_0 skip-lazy bwg_img_clear bwg_img_custom \"                 id=\"31195\"                 src=\"https:\/\/www.nonsolomodanews.it\/wordpress\/wp-content\/uploads\/photo-gallery\/Jessica%20Mantovani\/thumb\/BANNER%20NONSOLOMODANEWS%20TESTATA%20senza%20scritte%20e%20piccolo%20oro%20e%20nero.jpg?bwg=1624548760\"                 data-src=\"https:\/\/www.nonsolomodanews.it\/wordpress\/wp-content\/uploads\/photo-gallery\/Jessica%20Mantovani\/thumb\/BANNER%20NONSOLOMODANEWS%20TESTATA%20senza%20scritte%20e%20piccolo%20oro%20e%20nero.jpg?bwg=1624548760\"                 data-width=\"\"                 data-height=\"\"                 alt=\"BANNER NONSOLOMODANEWS TESTATA senza scritte e piccolo oro e nero\"                 title=\"BANNER NONSOLOMODANEWS TESTATA senza scritte e piccolo oro e nero\" \/>                      <\/div>        <\/a>                <a class=\"bwg-a\" >          <div class=\"bwg_mosaic_thumb_spun_0 bwg-item0 bwg-mosaic-thumb-span \">            <img decoding=\"async\" class=\"bwg_mosaic_thumb_0 skip-lazy bwg_img_clear bwg_img_custom \"                 id=\"31194\"                 src=\"https:\/\/www.nonsolomodanews.it\/wordpress\/wp-content\/uploads\/photo-gallery\/Jessica%20Mantovani\/thumb\/08102020-DSC_1908.jpg?bwg=1624548760\"                 data-src=\"https:\/\/www.nonsolomodanews.it\/wordpress\/wp-content\/uploads\/photo-gallery\/Jessica%20Mantovani\/thumb\/08102020-DSC_1908.jpg?bwg=1624548760\"                 data-width=\"\"                 data-height=\"\"                 alt=\"08102020-DSC_1908\"                 title=\"08102020-DSC_1908\" \/>                      <\/div>        <\/a>                <a class=\"bwg-a\" >          <div class=\"bwg_mosaic_thumb_spun_0 bwg-item0 bwg-mosaic-thumb-span \">            <img decoding=\"async\" class=\"bwg_mosaic_thumb_0 skip-lazy bwg_img_clear bwg_img_custom \"                 id=\"31193\"                 src=\"https:\/\/www.nonsolomodanews.it\/wordpress\/wp-content\/uploads\/photo-gallery\/Jessica%20Mantovani\/thumb\/08102020-DSC_1891.jpg?bwg=1624548760\"                 data-src=\"https:\/\/www.nonsolomodanews.it\/wordpress\/wp-content\/uploads\/photo-gallery\/Jessica%20Mantovani\/thumb\/08102020-DSC_1891.jpg?bwg=1624548760\"                 data-width=\"\"                 data-height=\"\"                 alt=\"08102020-DSC_1891\"                 title=\"08102020-DSC_1891\" \/>                      <\/div>        <\/a>                <a class=\"bwg-a\" >          <div class=\"bwg_mosaic_thumb_spun_0 bwg-item0 bwg-mosaic-thumb-span \">            <img decoding=\"async\" class=\"bwg_mosaic_thumb_0 skip-lazy bwg_img_clear bwg_img_custom \"                 id=\"31192\"                 src=\"https:\/\/www.nonsolomodanews.it\/wordpress\/wp-content\/uploads\/photo-gallery\/Jessica%20Mantovani\/thumb\/08102020-DSC_1889.jpg?bwg=1624548760\"                 data-src=\"https:\/\/www.nonsolomodanews.it\/wordpress\/wp-content\/uploads\/photo-gallery\/Jessica%20Mantovani\/thumb\/08102020-DSC_1889.jpg?bwg=1624548760\"                 data-width=\"\"                 data-height=\"\"                 alt=\"08102020-DSC_1889\"                 title=\"08102020-DSC_1889\" \/>                      <\/div>        <\/a>                <a class=\"bwg-a\" >          <div class=\"bwg_mosaic_thumb_spun_0 bwg-item0 bwg-mosaic-thumb-span \">            <img decoding=\"async\" class=\"bwg_mosaic_thumb_0 skip-lazy bwg_img_clear bwg_img_custom \"                 id=\"31191\"                 src=\"https:\/\/www.nonsolomodanews.it\/wordpress\/wp-content\/uploads\/photo-gallery\/Jessica%20Mantovani\/thumb\/08102020-DSC_1888.jpg?bwg=1624548760\"                 data-src=\"https:\/\/www.nonsolomodanews.it\/wordpress\/wp-content\/uploads\/photo-gallery\/Jessica%20Mantovani\/thumb\/08102020-DSC_1888.jpg?bwg=1624548760\"                 data-width=\"\"                 data-height=\"\"                 alt=\"08102020-DSC_1888\"                 title=\"08102020-DSC_1888\" \/>                      <\/div>        <\/a>                <a class=\"bwg-a\" >          <div class=\"bwg_mosaic_thumb_spun_0 bwg-item0 bwg-mosaic-thumb-span \">            <img decoding=\"async\" class=\"bwg_mosaic_thumb_0 skip-lazy bwg_img_clear bwg_img_custom \"                 id=\"31190\"                 src=\"https:\/\/www.nonsolomodanews.it\/wordpress\/wp-content\/uploads\/photo-gallery\/Jessica%20Mantovani\/thumb\/08102020-DSC_1879.jpg?bwg=1624548760\"                 data-src=\"https:\/\/www.nonsolomodanews.it\/wordpress\/wp-content\/uploads\/photo-gallery\/Jessica%20Mantovani\/thumb\/08102020-DSC_1879.jpg?bwg=1624548760\"                 data-width=\"\"                 data-height=\"\"                 alt=\"08102020-DSC_1879\"                 title=\"08102020-DSC_1879\" \/>                      <\/div>        <\/a>                <a class=\"bwg-a\" >          <div class=\"bwg_mosaic_thumb_spun_0 bwg-item0 bwg-mosaic-thumb-span \">            <img decoding=\"async\" class=\"bwg_mosaic_thumb_0 skip-lazy bwg_img_clear bwg_img_custom \"                 id=\"31189\"                 src=\"https:\/\/www.nonsolomodanews.it\/wordpress\/wp-content\/uploads\/photo-gallery\/Jessica%20Mantovani\/thumb\/08102020-DSC_1871.jpg?bwg=1624548760\"                 data-src=\"https:\/\/www.nonsolomodanews.it\/wordpress\/wp-content\/uploads\/photo-gallery\/Jessica%20Mantovani\/thumb\/08102020-DSC_1871.jpg?bwg=1624548760\"                 data-width=\"\"                 data-height=\"\"                 alt=\"08102020-DSC_1871\"                 title=\"08102020-DSC_1871\" \/>                      <\/div>        <\/a>                <a class=\"bwg-a\" >          <div class=\"bwg_mosaic_thumb_spun_0 bwg-item0 bwg-mosaic-thumb-span \">            <img decoding=\"async\" class=\"bwg_mosaic_thumb_0 skip-lazy bwg_img_clear bwg_img_custom \"                 id=\"31188\"                 src=\"https:\/\/www.nonsolomodanews.it\/wordpress\/wp-content\/uploads\/photo-gallery\/Jessica%20Mantovani\/thumb\/08102020-DSC_1854.jpg?bwg=1624548760\"                 data-src=\"https:\/\/www.nonsolomodanews.it\/wordpress\/wp-content\/uploads\/photo-gallery\/Jessica%20Mantovani\/thumb\/08102020-DSC_1854.jpg?bwg=1624548760\"                 data-width=\"\"                 data-height=\"\"                 alt=\"08102020-DSC_1854\"                 title=\"08102020-DSC_1854\" \/>                      <\/div>        <\/a>                <a class=\"bwg-a\" >          <div class=\"bwg_mosaic_thumb_spun_0 bwg-item0 bwg-mosaic-thumb-span \">            <img decoding=\"async\" class=\"bwg_mosaic_thumb_0 skip-lazy bwg_img_clear bwg_img_custom \"                 id=\"31187\"                 src=\"https:\/\/www.nonsolomodanews.it\/wordpress\/wp-content\/uploads\/photo-gallery\/Jessica%20Mantovani\/thumb\/08102020-DSC_1840.jpg?bwg=1624548760\"                 data-src=\"https:\/\/www.nonsolomodanews.it\/wordpress\/wp-content\/uploads\/photo-gallery\/Jessica%20Mantovani\/thumb\/08102020-DSC_1840.jpg?bwg=1624548760\"                 data-width=\"\"                 data-height=\"\"                 alt=\"08102020-DSC_1840\"                 title=\"08102020-DSC_1840\" \/>                      <\/div>        <\/a>                <a class=\"bwg-a\" >          <div class=\"bwg_mosaic_thumb_spun_0 bwg-item0 bwg-mosaic-thumb-span \">            <img decoding=\"async\" class=\"bwg_mosaic_thumb_0 skip-lazy bwg_img_clear bwg_img_custom \"                 id=\"31186\"                 src=\"https:\/\/www.nonsolomodanews.it\/wordpress\/wp-content\/uploads\/photo-gallery\/Jessica%20Mantovani\/thumb\/08102020-DSC_1826.jpg?bwg=1624548760\"                 data-src=\"https:\/\/www.nonsolomodanews.it\/wordpress\/wp-content\/uploads\/photo-gallery\/Jessica%20Mantovani\/thumb\/08102020-DSC_1826.jpg?bwg=1624548760\"                 data-width=\"\"                 data-height=\"\"                 alt=\"08102020-DSC_1826\"                 title=\"08102020-DSC_1826\" \/>                      <\/div>        <\/a>                <a class=\"bwg-a\" >          <div class=\"bwg_mosaic_thumb_spun_0 bwg-item0 bwg-mosaic-thumb-span \">            <img decoding=\"async\" class=\"bwg_mosaic_thumb_0 skip-lazy bwg_img_clear bwg_img_custom \"                 id=\"31185\"                 src=\"https:\/\/www.nonsolomodanews.it\/wordpress\/wp-content\/uploads\/photo-gallery\/Jessica%20Mantovani\/thumb\/08102020-DSC_1806.jpg?bwg=1624548760\"                 data-src=\"https:\/\/www.nonsolomodanews.it\/wordpress\/wp-content\/uploads\/photo-gallery\/Jessica%20Mantovani\/thumb\/08102020-DSC_1806.jpg?bwg=1624548760\"                 data-width=\"\"                 data-height=\"\"                 alt=\"08102020-DSC_1806\"                 title=\"08102020-DSC_1806\" \/>                      <\/div>        <\/a>                <a class=\"bwg-a\" >          <div class=\"bwg_mosaic_thumb_spun_0 bwg-item0 bwg-mosaic-thumb-span \">            <img decoding=\"async\" class=\"bwg_mosaic_thumb_0 skip-lazy bwg_img_clear bwg_img_custom \"                 id=\"31184\"                 src=\"https:\/\/www.nonsolomodanews.it\/wordpress\/wp-content\/uploads\/photo-gallery\/Jessica%20Mantovani\/thumb\/08102020-DSC_1785.jpg?bwg=1624548760\"                 data-src=\"https:\/\/www.nonsolomodanews.it\/wordpress\/wp-content\/uploads\/photo-gallery\/Jessica%20Mantovani\/thumb\/08102020-DSC_1785.jpg?bwg=1624548760\"                 data-width=\"\"                 data-height=\"\"                 alt=\"08102020-DSC_1785\"                 title=\"08102020-DSC_1785\" \/>                      <\/div>        <\/a>                <a class=\"bwg-a\" >          <div class=\"bwg_mosaic_thumb_spun_0 bwg-item0 bwg-mosaic-thumb-span \">            <img decoding=\"async\" class=\"bwg_mosaic_thumb_0 skip-lazy bwg_img_clear bwg_img_custom \"                 id=\"31183\"                 src=\"https:\/\/www.nonsolomodanews.it\/wordpress\/wp-content\/uploads\/photo-gallery\/Jessica%20Mantovani\/thumb\/08102020-DSC_1782.jpg?bwg=1624548760\"                 data-src=\"https:\/\/www.nonsolomodanews.it\/wordpress\/wp-content\/uploads\/photo-gallery\/Jessica%20Mantovani\/thumb\/08102020-DSC_1782.jpg?bwg=1624548760\"                 data-width=\"\"                 data-height=\"\"                 alt=\"08102020-DSC_1782\"                 title=\"08102020-DSC_1782\" \/>                      <\/div>        <\/a>                <a class=\"bwg-a\" >          <div class=\"bwg_mosaic_thumb_spun_0 bwg-item0 bwg-mosaic-thumb-span \">            <img decoding=\"async\" class=\"bwg_mosaic_thumb_0 skip-lazy bwg_img_clear bwg_img_custom \"                 id=\"31182\"                 src=\"https:\/\/www.nonsolomodanews.it\/wordpress\/wp-content\/uploads\/photo-gallery\/Jessica%20Mantovani\/thumb\/08102020-DSC_1770.jpg?bwg=1624548760\"                 data-src=\"https:\/\/www.nonsolomodanews.it\/wordpress\/wp-content\/uploads\/photo-gallery\/Jessica%20Mantovani\/thumb\/08102020-DSC_1770.jpg?bwg=1624548760\"                 data-width=\"\"                 data-height=\"\"                 alt=\"08102020-DSC_1770\"                 title=\"08102020-DSC_1770\" \/>                      <\/div>        <\/a>                <a class=\"bwg-a\" >          <div class=\"bwg_mosaic_thumb_spun_0 bwg-item0 bwg-mosaic-thumb-span \">            <img decoding=\"async\" class=\"bwg_mosaic_thumb_0 skip-lazy bwg_img_clear bwg_img_custom \"                 id=\"31181\"                 src=\"https:\/\/www.nonsolomodanews.it\/wordpress\/wp-content\/uploads\/photo-gallery\/Jessica%20Mantovani\/thumb\/08102020-DSC_1764.jpg?bwg=1624548760\"                 data-src=\"https:\/\/www.nonsolomodanews.it\/wordpress\/wp-content\/uploads\/photo-gallery\/Jessica%20Mantovani\/thumb\/08102020-DSC_1764.jpg?bwg=1624548760\"                 data-width=\"\"                 data-height=\"\"                 alt=\"08102020-DSC_1764\"                 title=\"08102020-DSC_1764\" \/>                      <\/div>        <\/a>                <a class=\"bwg-a\" >          <div class=\"bwg_mosaic_thumb_spun_0 bwg-item0 bwg-mosaic-thumb-span \">            <img decoding=\"async\" class=\"bwg_mosaic_thumb_0 skip-lazy bwg_img_clear bwg_img_custom \"                 id=\"31180\"                 src=\"https:\/\/www.nonsolomodanews.it\/wordpress\/wp-content\/uploads\/photo-gallery\/Jessica%20Mantovani\/thumb\/08102020-DSC_1755.jpg?bwg=1624548760\"                 data-src=\"https:\/\/www.nonsolomodanews.it\/wordpress\/wp-content\/uploads\/photo-gallery\/Jessica%20Mantovani\/thumb\/08102020-DSC_1755.jpg?bwg=1624548760\"                 data-width=\"\"                 data-height=\"\"                 alt=\"08102020-DSC_1755\"                 title=\"08102020-DSC_1755\" \/>                      <\/div>        <\/a>                <a class=\"bwg-a\" >          <div class=\"bwg_mosaic_thumb_spun_0 bwg-item0 bwg-mosaic-thumb-span \">            <img decoding=\"async\" class=\"bwg_mosaic_thumb_0 skip-lazy bwg_img_clear bwg_img_custom \"                 id=\"31179\"                 src=\"https:\/\/www.nonsolomodanews.it\/wordpress\/wp-content\/uploads\/photo-gallery\/Jessica%20Mantovani\/thumb\/08102020-DSC_1751.jpg?bwg=1624548760\"                 data-src=\"https:\/\/www.nonsolomodanews.it\/wordpress\/wp-content\/uploads\/photo-gallery\/Jessica%20Mantovani\/thumb\/08102020-DSC_1751.jpg?bwg=1624548760\"                 data-width=\"\"                 data-height=\"\"                 alt=\"08102020-DSC_1751\"                 title=\"08102020-DSC_1751\" \/>                      <\/div>        <\/a>                <a class=\"bwg-a\" >          <div class=\"bwg_mosaic_thumb_spun_0 bwg-item0 bwg-mosaic-thumb-span \">            <img decoding=\"async\" class=\"bwg_mosaic_thumb_0 skip-lazy bwg_img_clear bwg_img_custom \"                 id=\"31178\"                 src=\"https:\/\/www.nonsolomodanews.it\/wordpress\/wp-content\/uploads\/photo-gallery\/Jessica%20Mantovani\/thumb\/08102020-DSC_1749.jpg?bwg=1624548760\"                 data-src=\"https:\/\/www.nonsolomodanews.it\/wordpress\/wp-content\/uploads\/photo-gallery\/Jessica%20Mantovani\/thumb\/08102020-DSC_1749.jpg?bwg=1624548760\"                 data-width=\"\"                 data-height=\"\"                 alt=\"08102020-DSC_1749\"                 title=\"08102020-DSC_1749\" \/>                      <\/div>        <\/a>            <\/div>    <\/div>    <style>      \/*pagination styles*\/      #bwg_container1_0 #bwg_container2_0 .tablenav-pages_0 {\t\t\t\ttext-align: center;\t\t\t\tfont-size: 12px;\t\t\t\tfont-family: segoe ui;\t\t\t\tfont-weight: bold;\t\t\t\tcolor: #666666;\t\t\t\tmargin: 6px 0 4px;\t\t\t\tdisplay: block;      }      @media only screen and (max-width : 320px) {      #bwg_container1_0 #bwg_container2_0 .displaying-num_0 {     \t display: none;      }      }      #bwg_container1_0 #bwg_container2_0 .displaying-num_0 {\t\t\t\tfont-size: 12px;\t\t\t\tfont-family: segoe ui;\t\t\t\tfont-weight: bold;\t\t\t\tcolor: #666666;\t\t\t\tmargin-right: 10px;\t\t\t\tvertical-align: middle;      }      #bwg_container1_0 #bwg_container2_0 .paging-input_0 {\t\t\t\tfont-size: 12px;\t\t\t\tfont-family: segoe ui;\t\t\t\tfont-weight: bold;\t\t\t\tcolor: #666666;\t\t\t\tvertical-align: middle;      }      #bwg_container1_0 #bwg_container2_0 .tablenav-pages_0 a.disabled,      #bwg_container1_0 #bwg_container2_0 .tablenav-pages_0 a.disabled:hover,      #bwg_container1_0 #bwg_container2_0 .tablenav-pages_0 a.disabled:focus,\t\t\t#bwg_container1_0 #bwg_container2_0 .tablenav-pages_0 input.bwg_current_page {\t\t\t\tcursor: default;\t\t\t\tcolor: rgba(102, 102, 102, 0.5);      }      #bwg_container1_0 #bwg_container2_0 .tablenav-pages_0 a,      #bwg_container1_0 #bwg_container2_0 .tablenav-pages_0 input.bwg_current_page {\t\t\t\tcursor: pointer;\t\t\t\ttext-align: center;\t\t\t\tfont-size: 12px;\t\t\t\tfont-family: segoe ui;\t\t\t\tfont-weight: bold;\t\t\t\tcolor: #666666;\t\t\t\ttext-decoration: none;\t\t\t\tpadding: 3px 6px;\t\t\t\tmargin: 0;\t\t\t\tborder-radius: 0;\t\t\t\tborder-style: solid;\t\t\t\tborder-width: 1px;\t\t\t\tborder-color: #E3E3E3;\t\t\t\t\t\t\t\tbackground-color: rgba(255, 255, 255, 1.00);\t\t\t\tbox-shadow: 0;\t\t\t\ttransition: all 0.3s ease 0s;-webkit-transition: all 0.3s ease 0s;      }      <\/style>      <span class=\"bwg_nav_cont_0\">              <div class=\"tablenav-pages_0\">                  <\/div>                <input type=\"hidden\" id=\"page_number_0\" name=\"page_number_0\" value=\"1\" \/>      <script type=\"text\/javascript\">        if( jQuery('.bwg_nav_cont_0').length > 1 ) {          jQuery('.bwg_nav_cont_0').first().remove()        }        function spider_page_0(cur, x, y, load_more) {          if (typeof load_more == \"undefined\") {            var load_more = false;          }          if (jQuery(cur).hasClass('disabled')) {            return false;          }          var items_county_0 = 1;          switch (y) {            case 1:              if (x >= items_county_0) {                document.getElementById('page_number_0').value = items_county_0;              }              else {                document.getElementById('page_number_0').value = x + 1;              }              break;            case 2:              document.getElementById('page_number_0').value = items_county_0;              break;            case -1:              if (x == 1) {                document.getElementById('page_number_0').value = 1;              }              else {                document.getElementById('page_number_0').value = x - 1;              }              break;            case -2:              document.getElementById('page_number_0').value = 1;              break;\t\t\t\t\t\tcase 0:              document.getElementById('page_number_0').value = x;              break;            default:              document.getElementById('page_number_0').value = 1;          }          bwg_ajax('gal_front_form_0', '0', 'bwg_thumbnails_mosaic_0', '0', '', 'gallery', 0, '', '', load_more, '', 1);        }                    jQuery('.first-page-0').on('click', function () {              spider_page_0(this, 1, -2, 'numeric');              return false;            });            jQuery('.prev-page-0').on('click', function () {              spider_page_0(this, 1, -1, 'numeric');              return false;            });            jQuery('.next-page-0').on('click', function () {              spider_page_0(this, 1, 1, 'numeric');              return false;            });            jQuery('.last-page-0').on('click', function () {              spider_page_0(this, 1, 2, 'numeric');              return false;            });        \t\t\t\t\/* Change page on input enter. *\/        function bwg_change_page_0( e, that ) {          if (  e.key == 'Enter' ) {            var to_page = parseInt(jQuery(that).val());            var pages_count = jQuery(that).parents(\".pagination-links\").data(\"pages-count\");            var current_url_param = jQuery(that).attr('data-url-info');            if (to_page > pages_count) {              to_page = 1;            }\t \t\t\t\t\t\t\t\t\t\t\t\tspider_page_0(this, to_page, 0, 'numeric');\t\t\t\t\t\t\treturn false;\t\t\t\t\t\t          }          return true;        }        jQuery('.bwg_load_btn_0').on('click', function () {            spider_page_0(this, 1, 1, true);            return false;        });      <\/script>      <\/span>                <\/div>        <\/form>              <\/div>    <\/div>    <script>      if (document.readyState === 'complete') {        if( typeof bwg_main_ready == 'function' ) {          if ( jQuery(\"#bwg_container1_0\").height() ) {            bwg_main_ready(jQuery(\"#bwg_container1_0\"));          }        }      } else {        document.addEventListener('DOMContentLoaded', function() {          if( typeof bwg_main_ready == 'function' ) {            if ( jQuery(\"#bwg_container1_0\").height() ) {             bwg_main_ready(jQuery(\"#bwg_container1_0\"));            }          }        });      }    <\/script>    <\/p>\n<p><\/span><\/strong><\/p>\n<p>&nbsp;<\/p>\n","protected":false},"excerpt":{"rendered":"<p>Nonsolomodanews ha il piacere di presentare ai propri lettori Jessica Mantovani, giovane modella della provincia di Reggio Emilia. Forte di carattere, si considera una leader naturale. La sua modella preferita &egrave; Josephine Skriver.&nbsp; L&rsquo;abbiamo invitata a Bologna e abbiamo realizzato un servizio fotografico esclusivo con lei che pu&ograve; essere visto nella galleria fotografica allegata. Grazie a Jessica per averci concesso questa lunga ed intensa intervista e auguriamo ai nostri lettori buona lettura e buona visione delle fotografie.<\/p>\n","protected":false},"author":1,"featured_media":21204,"comment_status":"open","ping_status":"open","sticky":false,"template":"","format":"standard","meta":{"rop_custom_images_group":[],"rop_custom_messages_group":[],"rop_publish_now":"initial","rop_publish_now_accounts":[],"rop_publish_now_history":[],"rop_publish_now_status":"pending","footnotes":""},"categories":[16],"tags":[281,488,8252,1099,1217],"class_list":["post-21202","post","type-post","status-publish","format-standard","has-post-thumbnail","hentry","category-articolo","tag-bruno-angelo-porcellana","tag-emilia-romagna","tag-jessica-mantovani","tag-nonsolomodanews","tag-reggio-emilia"],"_links":{"self":[{"href":"https:\/\/www.nonsolomodanews.it\/wordpress\/wp-json\/wp\/v2\/posts\/21202","targetHints":{"allow":["GET"]}}],"collection":[{"href":"https:\/\/www.nonsolomodanews.it\/wordpress\/wp-json\/wp\/v2\/posts"}],"about":[{"href":"https:\/\/www.nonsolomodanews.it\/wordpress\/wp-json\/wp\/v2\/types\/post"}],"author":[{"embeddable":true,"href":"https:\/\/www.nonsolomodanews.it\/wordpress\/wp-json\/wp\/v2\/users\/1"}],"replies":[{"embeddable":true,"href":"https:\/\/www.nonsolomodanews.it\/wordpress\/wp-json\/wp\/v2\/comments?post=21202"}],"version-history":[{"count":5,"href":"https:\/\/www.nonsolomodanews.it\/wordpress\/wp-json\/wp\/v2\/posts\/21202\/revisions"}],"predecessor-version":[{"id":21209,"href":"https:\/\/www.nonsolomodanews.it\/wordpress\/wp-json\/wp\/v2\/posts\/21202\/revisions\/21209"}],"wp:featuredmedia":[{"embeddable":true,"href":"https:\/\/www.nonsolomodanews.it\/wordpress\/wp-json\/wp\/v2\/media\/21204"}],"wp:attachment":[{"href":"https:\/\/www.nonsolomodanews.it\/wordpress\/wp-json\/wp\/v2\/media?parent=21202"}],"wp:term":[{"taxonomy":"category","embeddable":true,"href":"https:\/\/www.nonsolomodanews.it\/wordpress\/wp-json\/wp\/v2\/categories?post=21202"},{"taxonomy":"post_tag","embeddable":true,"href":"https:\/\/www.nonsolomodanews.it\/wordpress\/wp-json\/wp\/v2\/tags?post=21202"}],"curies":[{"name":"wp","href":"https:\/\/api.w.org\/{rel}","templated":true}]}}