{"id":21140,"date":"2020-10-22T05:51:52","date_gmt":"2020-10-22T05:51:52","guid":{"rendered":"https:\/\/www.nonsolomodanews.it\/wordpress\/?p=21140"},"modified":"2020-10-22T05:51:52","modified_gmt":"2020-10-22T05:51:52","slug":"sirya-capobianco-sirya-capobianco-venere-sorriso","status":"publish","type":"post","link":"https:\/\/www.nonsolomodanews.it\/wordpress\/sirya-capobianco-sirya-capobianco-venere-sorriso\/","title":{"rendered":"Sirya Capobianco, Sirya Capobianco, Venere Sorriso"},"content":{"rendered":"<p><span style=\"color: #000000;\"><strong><img loading=\"lazy\" decoding=\"async\" class=\"size-medium wp-image-21153 alignleft\" src=\"https:\/\/www.nonsolomodanews.it\/wordpress\/wp-content\/uploads\/2020\/10\/1998CAM_2020_09_17_13_50_13_FN-272x300.jpg\" alt=\"\" width=\"272\" height=\"300\" srcset=\"https:\/\/www.nonsolomodanews.it\/wordpress\/wp-content\/uploads\/2020\/10\/1998CAM_2020_09_17_13_50_13_FN-272x300.jpg 272w, https:\/\/www.nonsolomodanews.it\/wordpress\/wp-content\/uploads\/2020\/10\/1998CAM_2020_09_17_13_50_13_FN-768x847.jpg 768w, https:\/\/www.nonsolomodanews.it\/wordpress\/wp-content\/uploads\/2020\/10\/1998CAM_2020_09_17_13_50_13_FN.jpg 838w\" sizes=\"auto, (max-width: 272px) 100vw, 272px\" \/>Nonsolomodanews<\/strong>\u00a0ha il piacere di presentare, ai propri lettori, le concorrenti che hanno partecipato e vinto una fascia alla finale nazionale del concorso\u00a0<a style=\"color: #000000;\" href=\"https:\/\/www.nonsolomodanews.it\/wordpress\/aurora-filitti-venere-ditalia-2020\/\">Venere d\u2019Italia\u00a0<\/a>del patron Pietro Cortese. Il concorso, che si \u00e8 svolto nell\u2019incantevole cornice dell\u2019hotel \u201cLa Meridienne\u201d di Palestrina (Roma) ha visto partecipare moltissime miss provenienti da molti posti della nostra bella Italia. E\u2019 il turno di\u00a0<strong>Syria Capobianco, Venere Sorriso<\/strong><strong>.<\/strong>\u00a0 Ringraziamo Syria e lo staff di Venere d\u2019Italia per averci permesso di avere questa intervista in esclusiva e auguriamo ai lettori di \u00a0<strong>Nonsolomodanews <\/strong>\u00a0buona lettura.<\/span><\/p>\n<p><span style=\"color: #000000;\"><!--more--><\/span><\/p>\n<p><span style=\"color: #000000;\"><strong>Ti vuoi presentare? <\/strong><em>\u201cCiao a tutti, sono Sirya Capobianco, ho 21 anni e sono nata e cresciuta a Campobasso, in Molise, citt\u00e0 in cui vivo attualmente. Ho gli occhi marroni e i capelli rossi, una delle poche cose che mi piacciono di me. Sono alta 170 cm e le mie misure sono 80, 63, 89\u201d.<\/em><\/span><\/p>\n<p><span style=\"color: #000000;\"><strong>Complimenti per avere conquistato la fascia Venere Sorriso.<\/strong><em> \u201cGrazie mille, per me \u00e8 un traguardo molto importante\u201d.\u00a0<\/em><\/span><\/p>\n<p><span style=\"color: #000000;\"><strong>Ci dici in due parole le emozioni che hai provato partecipando al concorso?<\/strong> <em>\u201cIndubbiamente \u00e8 stata un\u2019esperienza unica e formidabile, sia quella regionale che nazionale, ma soprattutto quest\u2019ultima mi ha lasciato davvero tanto. Mi sono sentita parte di un gruppo, un gruppo affiatassimo, e scontrarsi con ragazze da tutta Italia \u00e8 un\u2019emozione incredibile, a maggior ragione se poi su 60 ragazze riesci ad arrivare tra le prime 20 e a conquistare un titolo nazionale. Per non parlare degli innumerevoli complimenti ricevuti che mi hanno fatta sentire davvero bene. Ma non nego che ci sono stati anche momenti di ansia, tensione e paura\u201d.<\/em><\/span><\/p>\n<p><span style=\"color: #000000;\"><strong>Come sei giunta alla finale nazionale?<\/strong><em> \u201cSono giunta alla finale nazionale dopo aver partecipato alle tre tappe che si sono tenute nella mia regione, il Molise, vincendo nell\u2019ultima serata la fascia Venere Moda Molise. \u00c8 stato un percorso davvero emozionante\u201d.<\/em><\/span><\/p>\n<p><span style=\"color: #000000;\"><strong>Come affronti la questione Covid19?<\/strong><em> \u201cCon gel e mascherina haha.\u00a0 <\/em><em>Scherzi a parte, attualmente sto affrontando il Covid in maniera abbastanza tranquilla. Non nego che i mesi del lockdown siano stati davvero pesanti e stressanti (come per tutti del resto), ma per fortuna la situazione \u00e8 cambiata rispetto a Marzo\/Aprile e poter tornare alle nostre vite quotidiane, seppur in modo non del tutto normale, per me \u00e8 gi\u00e0 molto. Semplicemente sto rispettando le norme che ci sono state imposte, mascherina, distanziamento ecc, e per il resto rimango molto positiva.\u00a0<\/em><\/span><\/p>\n<p><span style=\"color: #000000;\"><strong>Come sei di carattere?<\/strong> <em>\u201cSono una persona molto particolare, testarda e precisa soprattutto. Ma credo che l\u2019aggettivo che mi definisca al meglio sia \u201cvera\u201d. Sono una persona del tutto sincera, onesta e leale. Non mi immaginerei mai di tradire o ferire qualcuno. Ma questo ovviamente non fa di me una persona debole o fragile, anzi al contrario sono molto forte, se so di avere ragione mi batto affinch\u00e9 la mia voce venga ascoltata, dico sempre ci\u00f2 che penso e dico sempre la verit\u00e0. Oltretutto sono molto indipendente, mi piace fare le cose da me, senza l\u2019aiuto di nessuno, e anche quando cado trovo sempre la forza di rialzarmi da sola. Per il resto sono una ragazza riservata, empatica, piena di energie e devo ammetterlo, abbastanza lunatica. Sar\u00e0 che sono del segno del cancro\u201d.<\/em><\/span><\/p>\n<p><span style=\"color: #000000;\"><strong>Sei una persona ambiziosa?<\/strong><em> \u201cMoltissimo. Desidero sempre migliorarmi, affermarmi e soprattutto distinguermi. Inoltre se desidero una cosa non mi tiro indietro davanti a niente e nessuno e non sono contenta finch\u00e9 non la raggiungo\u201d.<\/em><\/span><\/p>\n<p><span style=\"color: #000000;\"><strong>Qual \u00e8 il colore preferito?<\/strong> <em>\u201cIn realt\u00e0 non ho un vero e proprio colore preferito, penso siano tutti bellissimi. Forse il verde e il rosso sono quelli per cui simpatizzo maggiormente perch\u00e9 mi trasmettono un senso di energia, armonia e positivit\u00e0\u201d.<\/em><\/span><\/p>\n<p><span style=\"color: #000000;\"><strong>Che cosa \u00e8 per te la femminilit\u00e0?<\/strong><em> \u201cPer me la femminilit\u00e0 \u00e8 ci\u00f2 che definisce una donna. Mi spiego meglio: sono i suoi modi di fare, il modo di porsi, il modo di parlare, il modo di pensare e il modo in cui si presenta, non solo agli altri ma alla vita in generale. Compostezza, bont\u00e0 d\u2019animo, umilt\u00e0, gentilezza e leggerezza, sono ci\u00f2 che, a mio parere, rendono una donna \u201cfemminile\u201d.<\/em><\/span><\/p>\n<p><span style=\"color: #000000;\"><strong>Pensi che presentarti davanti al pubblico in costume possa ledere la tua femminilit\u00e0?<\/strong><em> \u201cIn realt\u00e0 credo non faccia alcuna differenza. Si pu\u00f2 essere femminili sia vestite che spogliate, come si pu\u00f2 essere volgari anche totalmente coperte. La femminilit\u00e0 \u00e8 una cosa che parte da dentro, poco importa che cosa si indossa. Un semplice costume non pu\u00f2 in alcun modo danneggiare o cambiare ci\u00f2 che una donna \u00e8 realmente\u201d.<\/em><\/span><\/p>\n<p><span style=\"color: #000000;\"><strong>Quando hai iniziato a partecipare a concorsi di bellezza? <\/strong><em>\u201cPurtroppo la mia passione per questo mondo \u00e8 nata un po&#8217; tardi, verso i 18 anni, e si \u00e8 affermata poi dai 19. Dico purtroppo perch\u00e9 \u00e8 un mondo che predilige i giovani, quindi prima inizi e pi\u00f9 possibilit\u00e0 hai di entrarvi a far parte. Io in realt\u00e0 ho sempre amato la moda, le passerelle, i concorsi ecc, ma non mi sono mai sentita all&#8217;altezza di tutto ci\u00f2, e nemmeno pronta ad un confronto con tantissime altre ragazze pi\u00f9 belle di me, quindi per me era una cosa impensabile prima di allora perch\u00e9 solo dai 18\/19 anni ho maturato questa sicurezza che mi accompagna ancora oggi.\u00a0<\/em><\/span><\/p>\n<p><span style=\"color: #000000;\"><strong>Ti ricordi la prima volta?<\/strong><em> \u201cLa primissima volta su una passerella \u00e8 stata nel 2017 sempre con Venere D&#8217;Italia, ma quell&#8217;anno mi fermai dopo la prima tappa regionale. Non ero ancora pronta, ero &#8220;acerba&#8221; nei movimenti e in tutto il resto, e non mi sentivo molto a mio agio ad essere guardata e giudicata. Nonostante ci\u00f2 ringrazio la mia famiglia che mi ha convinta perlomeno a provare perch\u00e9 \u00e8 stata una bellissima esperienza che mi ha aiutato a capire cosa volessi fare davvero, e infatti non ho pi\u00f9 smesso.\u00a0<\/em><\/span><\/p>\n<p><span style=\"color: #000000;\"><strong>Quali sono i generi fotografici che preferisci e perch\u00e9?<\/strong><em> \u201cIl genere che preferisco \u00e8 il ritratto, perch\u00e9 \u00e8 un tipo di fotografia realizzata al fine di mostrare e valorizzare l&#8217;espressione, la personalit\u00e0, l&#8217;umore, e tutte quelle caratteristiche fisiche e morali del soggetto preso in considerazione.\u00a0 <\/em><\/span><span style=\"color: #000000;\"><em>Poi mi piacciono tantissimo le foto in bianco e nero o in stile vintage, non so perch\u00e9 ma hanno quel non so che di nostalgico e malinconico che mi affascina, forse perch\u00e9 in fondo anch\u2019io sono un po\u2019 cos\u00ec\u201d.<\/em><\/span><\/p>\n<p><span style=\"color: #000000;\"><strong>Hai un progetto fotografico ti piacerebbe realizzare?<\/strong><em> \u201cSi anche se non \u00e8 un vero e proprio progetto. Quest&#8217;estate ho fatto uno shooting presso una cascata qui in Molise e ne sono uscite delle foto davvero spettacolari, complici ovviamente il bravo fotografo ma soprattutto il posto incantevole.\u00a0 <\/em><em>Quindi adesso mi piacerebbe realizzare delle foto sperduta in piena campagna, in mezzo a un campo di girasoli, fiori, o cose cos\u00ec, con un abito anni &#8217;50 e degli effetti molto vintage. Purtroppo sono un&#8217;eterna romantica.\u00a0<\/em><\/span><\/p>\n<p><span style=\"color: #000000;\"><strong>Hai degli hobby?<\/strong> <em>\u201cAttualmente il mio hobby \u00e8 questo, fare la modella; pian piano sto prendendo sempre pi\u00f9 confidenza con tacchi, passerelle, ma soprattutto macchine fotografiche. Sto guadagnando davvero tanta esperienza, perch\u00e9 so che un giorno mi servir\u00e0 per trasformare tutto questo in un lavoro vero e proprio.\u00a0 <\/em><em>Per il resto gioco a pallavolo e studio recitazione.\u00a0<\/em><\/span><\/p>\n<p><span style=\"color: #000000;\"><strong>Hai una modella famosa che conosci e alla quale ti ispiri?<\/strong> <em><span style=\"color: #000000;\">\u201cNo non cerco e non ho mai cercato ispirazione negli altri o avuto modelli da seguire. Io sono io e gli altri sono gli altri. Io ho la mia vita, i miei errori e il mio percorso da fare, cosi come gli altri hanno il loro. Secondo me \u00e8 da stupidi desiderare di essere come qualcun altro\u00a0o fare qualcosa solo perch\u00e9 l\u2019hanno fatto altri. Dovremmo essere noi stessi la nostra ispirazione e il nostro modello da seguire. Siamo tutti unici e dovremmo rimanere tali\u201d.<\/span><\/em><\/span><\/p>\n<p><span style=\"color: #000000;\"><strong>Che cos&#8217;\u00e8 per te la moda?<\/strong> <em>\u201cLa moda per me \u00e8 arte. \u00c8 come un pittore che attraverso pennelli e colori rappresenta sulla tela ci\u00f2 che ha di pi\u00f9 profondo in s\u00e9. Rappresenta i suoi gusti, le sue passioni, le sue gioie, i suoi dolori, le sue paure, insomma la sua vita, attraverso paesaggi, persone, ambienti, storie, che egli stesso immagina e rappresenta. Gli stilisti fanno lo stesso, ma con i vestiti, e il bello \u00e8 che ognuno di noi pu\u00f2 essere pittore o stilista. Perch\u00e9 l\u2019arte, la moda, sono semplicemente un modo per esprimere se stessi, il proprio essere e la propria personalit\u00e0, per raccontare una storia, per sentirsi a proprio agio in questo mondo che spesso ci fa sentire estranei\u201d.<\/em><\/span><\/p>\n<p><span style=\"color: #000000;\"><strong>Qual \u00e8 l&#8217;accessorio che non ti stacchi mai quando esci?<\/strong><em> \u201cCredo i trucchi e la spazzola siano le cose di cui sono maggiormente dipendente e che porto sempre con me ovunque io vada. Non riuscirei proprio a stare senza.\u00a0<\/em><\/span><\/p>\n<p><span style=\"color: #000000;\"><strong>Sorriso. Cosa vuol dire per te sorridere? <\/strong><em>\u201cIl sorriso credo sia la parte migliore di ognuno di noi.\u00a0 <\/em><em>Tutti diventiamo pi\u00f9 belli quando sorridiamo, ma soprattutto comunichiamo dei sentimenti e delle emozioni attraverso di esso, quindi per me sorridere vuol dire mettersi a nudo, mostrare se stessi.\u00a0 <\/em><em>Un viso sorridente sprigiona non solo gioia o allegria, ma anche armonia, tranquillit\u00e0, e soprattutto sicurezza. E tutto ci\u00f2 ha effetto anche su chi ci circonda, per questo credo sia un&#8217;arma potentissima. <\/em><em>Essere sempre seri e non sorridere mai significa rinunciare ad uno dei pi\u00f9 grandi doni che l&#8217;uomo abbia.\u00a0<\/em><\/span><\/p>\n<p><span style=\"color: #000000;\"><strong>Si pu\u00f2 sorridere con gli occhi?<\/strong><em> \u201cCertamente, un sorriso sincero non coinvolge solo la bocca ma tutto il viso, gli occhi in particolare. <\/em><em>Come ho detto prima, sorridere vuol dire mettersi a nudo, e questo \u00e8 possibile anche e soprattutto attraverso i soli occhi. Questi ultimi sono il riflesso di noi stessi, dei nostri sentimenti, in essi si proiettano tutte le nostre volont\u00e0 e qualit\u00e0. <\/em><em>D&#8217;altronde come si dice, &#8220;gli occhi sono lo specchio dell&#8217;anima&#8221;. Inoltre tutto ci\u00f2 assume anche maggiore significato in un periodo difficile come questo, in cui praticamente met\u00e0 del nostro viso \u00e8 coperto da una mascherina, e gli unici sorrisi che possiamo donare sono quelli degli occhi.\u00a0<\/em><\/span><\/p>\n<p><span style=\"color: #000000;\"><strong>Come \u00e8 stato il rapporto con le altre concorrenti del concorso? E&#8217; nata qualche nuova amicizia?<\/strong> <em>\u201cPer quanto riguarda le ragazze delle altre regioni diciamo che non sono una persona che fa subito amicizia, specialmente dopo tre giorni, ma comunque c\u2019\u00e8 stato un bel rapporto con tutte, ho parlato con alcune di loro, le ho conosciute, e molte mi hanno fatto i loro complimenti e per questo le ringrazio con tutto il cuore. Parlando invece delle ragazze della mia regione, si, \u00e8 nata una vera e propria famiglia, anche perch\u00e9 abbiamo trascorso insieme molto tempo e sono felicissima di questo e del legame che si \u00e8 creato\u201d.<\/em><\/span><\/p>\n<p><span style=\"color: #000000;\"><strong>Se avessi di fronte a te le altre concorrenti del concorso che cosa le vorresti dire che non hai detto la sera dell\u2019incoronazione a Venere d\u2019Italia 2020?<\/strong><em> \u201cL&#8217;unica cosa che posso dire a tutte \u00e8 di ricordarsi che non \u00e8 una fascia a dire se siamo belle o brutte, se siamo le migliori o le peggiori. La cosa pi\u00f9 importante nella vita ma anche a questi eventi, \u00e8 essere se stesse e sicure di s\u00e9, essere consapevoli del proprio potenziale e dei propri limiti, e dare sempre il massimo, che si vinca o che si perda. Bisogna camminare a testa alta in ogni momento e non lasciarsi abbattere da niente e nessuno.\u00a0<\/em><\/span><\/p>\n<p><span style=\"color: #000000;\"><em>La sola bellezza esteriore \u00e8 molto soggettiva, \u00e8 ci\u00f2 che siamo dentro che fa la differenza.\u00a0<\/em><\/span><\/p>\n<p><span style=\"color: #000000;\"><strong>Hai un episodio\/aneddoto curioso che ti \u00e8 capitato durante la finale che ci vuoi raccontare?<\/strong><em> \u201cPi\u00f9 che un episodio curioso \u00e8 una sventura che mi \u00e8 capitata proprio l&#8217;ultimo giorno, prima della finale, ovvero quella notte non ho dormito nulla perch\u00e9 dalle 4\/5 del mattino ho iniziato ad avere problemi con lo stomaco, sono stata davvero male, e la mattinata che avrei dovuto spendere per le prove l&#8217;ho passata nel letto in coma,\u00a0 alzandomi solo per andare in bagno a rigettare. Fortunatamente verso ora di pranzo con le poche forze che avevo sono riuscita a mangiare qualcosa, per poi riprendermi completamente nel pomeriggio per le prove.\u00a0 <\/em><em>Non mi sono lasciata abbattere dall&#8217;inconveniente, anzi quella sera ero ancora pi\u00f9 carica, anche se temevo di risentirmi male durante la passerella, ma\u00a0 tutto \u00e8 andato per il meglio e la fascia di Venere Sorriso ne \u00e8 la conferma.\u00a0<\/em><\/span><\/p>\n<p><span style=\"color: #000000;\"><strong>Sogno nel cassetto?<\/strong><em> \u201cIl mio sogno nel cassetto \u00e8 quello di poter lavorare nel mondo della moda e del cinema, spero di diventare un giorno un&#8217;attrice e modella famosa.\u00a0<\/em><\/span><\/p>\n<p><span style=\"color: #000000;\"><strong>Ultima domanda, hai qualche persona in particolare da ringraziare per la tua partecipazione al concorso Venere d\u2019Italia?<\/strong> <em>\u201cSi, vorrei ringraziare in primis la mia famiglia e in particolare mia madre, la mia prima sostenitrice e colei che crede sempre in me nonostante tutto. Poi il mio ragazzo, il quale, seppur non amando questo mondo, mi ha accompagnata dappertutto, ad ogni tappa, ad ogni selezione, ad ogni evento e concorso, spesso restando anche delle ore da solo ad aspettarmi. E infine vorrei ringraziare l\u2019agente del Molise Monica Mastrantonio e i suoi collaboratori Andrea Nasillo e Michele Annese senza i quali tutto ci\u00f2 non sarebbe stato possibile perch\u00e9 ci hanno messo davvero anima e corpo, e ringrazio anche tutte le mie compagne di viaggio molisane con cui ho condiviso ansie, gioie e paure\u201d.<\/em><\/span><\/p>\n<p><span style=\"color: #000000;\"><strong><a style=\"color: #000000;\" href=\"https:\/\/www.instagram.com\/brunoangeloporcellana\/\">Bruno Angelo Porcellana\u00a0<\/a><\/strong><\/span><\/p>\n<p style=\"text-align: center;\"><span style=\"color: #000000;\">Le fotografie sono state fornite da Syria Capobianco \u2013 I crediti appartengono ai relativi fotografi<\/span><br \/>\n<span style=\"color: #000000;\">Tutti i diritti riservati \u00a9 2020 \u2013 Email: nonsolomodanews@gmail.com<style id=\"bwg-style-0\">      #bwg_container1_0 #bwg_container2_0 #bwg_mosaic_thumbnails_div_0 {        width: 100%;        position: relative;        background-color: rgba(255, 255, 255, 0.00);        text-align: center;        justify-content: center;                  margin-left: auto;          margin-right: auto;                    padding-left: 4px;          padding-top: 4px;                }          #bwg_container1_0 #bwg_container2_0 .bwg_mosaic_thumb_spun_0 {        display: block;        position: absolute;\t\t\t\tborder-radius: 0;\t\t\t\tborder: 0px none #CCCCCC;    \t\t    \t\tbackground-color:rgba(0,0,0, 0.30);        -moz-box-sizing: content-box !important;        -webkit-box-sizing: content-box !important;        box-sizing: content-box !important;      }\t\t\t#bwg_container1_0 #bwg_container2_0 .bwg_mosaic_thumb_0 {\t\t\t\tdisplay: block;\t\t\t\t-moz-box-sizing: content-box !important;\t\t\t\t-webkit-box-sizing: content-box !important;\t\t\t\tbox-sizing: content-box !important;\t\t\t\tmargin: 0;\t\t\t\topacity: 1.00;\t\t\t}      #bwg_container1_0 #bwg_container2_0 .bwg_mosaic_thumb_spun_0:hover {        opacity: 1;        backface-visibility: hidden;        -webkit-backface-visibility: hidden;        -moz-backface-visibility: hidden;        -ms-backface-visibility: hidden;        z-index: 102;      }\t      @media only screen and (min-width: 480px) {        #bwg_container1_0 #bwg_container2_0 .bwg_mosaic_thumb_spun_0:hover {          transform: scale(1.1);          -ms-transform: scale(1.1);          -webkit-transform: scale(1.1);        }      }\t      #bwg_container1_0 #bwg_container2_0 .bwg_mosaic_thumbnails_0 {        background-color: rgba(255, 255, 255, 0.00);        font-size: 0;        position: relative;        text-align: center;        display: inline-block;        visibility: hidden;              }\t  \/*image title styles*\/      #bwg_container1_0 #bwg_container2_0 .bwg_mosaic_title_spun1_0,      #bwg_container1_0 #bwg_container2_0 .bwg-mosaic-thumbnails .bwg_ecommerce_spun1_0 {        position: absolute;        display: block;        opacity: 0;        box-sizing: border-box;        text-align: center;\t\t\t\ttop: 50%;\t\t\t\tleft: 50%;\t\t\t\ttransform: translate(-50%, -50%);      }      #bwg_container1_0 #bwg_container2_0 .bwg-mosaic-thumbnails .bwg_mosaic_title_spun2_0,      #bwg_container1_0 #bwg_container2_0 .bwg-mosaic-thumbnails .bwg_ecommerce_spun2_0 {\t\t    color: #CCCCCC;        font-family: segoe ui;        font-size: 16px;        font-weight: bold;        text-shadow: 0px 0px 0px #888888;        vertical-align: middle;        word-wrap: break-word;      }            .bwg_mosaic_play_icon_spun_0 {        display: table;        position: absolute;        left: -10000px;        top: 0px;        opacity: 0;      }      .bwg_mosaic_play_icon_0 {        color: #CCCCCC;        font-size: 32px;        vertical-align: middle;        display: table-cell !important;        z-index: 1;        text-align: center;        margin: 0 auto;      }      #bwg_container1_0 #bwg_container2_0 .bwg_gal_title_0 {        background-color: rgba(0, 0, 0, 0);        color: #323A45;        display: block;        font-family: Ubuntu;        font-size: 16px;        font-weight: bold;        padding: 2px;        text-shadow: ;        text-align: center;      }            @media screen and (max-width: 280px) {      div[class^=\"bwg_mosaic_thumbnails_\"],      span[class^=\"bwg_mosaic_thumb_spun_\"] {      width: 100% !important;      }      img[class^=\"bwg_mosaic_thumb_\"] {      width: 100% !important;      height: auto !important;      margin: 0px auto !important;      }      }      <\/style>    <div id=\"bwg_container1_0\"         class=\"bwg_container bwg_thumbnail bwg_thumbnails_mosaic \"         data-right-click-protection=\"0\"         data-bwg=\"0\"         data-scroll=\"0\"         data-gallery-type=\"thumbnails_mosaic\"         data-gallery-view-type=\"thumbnails_mosaic\"         data-current-url=\"\/wordpress\/wp-json\/wp\/v2\/posts\/21140\"         data-lightbox-url=\"https:\/\/www.nonsolomodanews.it\/wordpress\/wp-admin\/admin-ajax.php?action=GalleryBox&#038;current_view=0&#038;gallery_id=371&#038;tag=0&#038;theme_id=1&#038;shortcode_id=539&#038;sort_by=order&#038;order_by=asc&#038;current_url=%2Fwordpress%2Fwp-json%2Fwp%2Fv2%2Fposts%2F21140\"         data-gallery-id=\"371\"         data-popup-width=\"800\"         data-popup-height=\"500\"         data-is-album=\"gallery\"         data-buttons-position=\"bottom\">      <div id=\"bwg_container2_0\">             <div id=\"ajax_loading_0\" class=\"bwg_loading_div_1\">      <div class=\"bwg_loading_div_2\">        <div class=\"bwg_loading_div_3\">          <div id=\"loading_div_0\" class=\"bwg_spider_ajax_loading\">          <\/div>        <\/div>      <\/div>    <\/div>            <form id=\"gal_front_form_0\"              class=\"bwg-hidden\"              method=\"post\"              action=\"#\"              data-current=\"0\"              data-shortcode-id=\"539\"              data-gallery-type=\"thumbnails_mosaic\"              data-gallery-id=\"371\"              data-tag=\"0\"              data-album-id=\"0\"              data-theme-id=\"1\"              data-ajax-url=\"https:\/\/www.nonsolomodanews.it\/wordpress\/wp-admin\/admin-ajax.php?action=bwg_frontend_data\">          <div id=\"bwg_container3_0\" class=\"bwg-background bwg-background-0\">                <div id=\"bwg_mosaic_thumbnails_div_0\"         class=\"bwg-container-0 bwg-container bwg-mosaic-thumbnails\"         data-bwg=\"0\"         data-mosaic-direction=\"vertical\"         data-resizable=\"0\"         data-width=\"180\"         data-height=\"90\"         data-total-width=\"100\"         data-block-id=\"bwg_thumbnails_mosaic_0\"         data-thumb-padding=\"4\"         data-thumb-border=\"0\"         data-title-margin=\"2px\"         data-image-title=\"none\"         data-play-icon=\"1\"         data-ecommerce-icon=\"none\"         data-gallery-id=\"371\"         data-lightbox-url=\"https:\/\/www.nonsolomodanews.it\/wordpress\/wp-admin\/admin-ajax.php?action=GalleryBox&#038;current_view=0&#038;gallery_id=371&#038;tag=0&#038;theme_id=1&#038;shortcode_id=539&#038;sort_by=order&#038;order_by=asc&#038;current_url=%2Fwordpress%2Fwp-json%2Fwp%2Fv2%2Fposts%2F21140\"         data-mosaic-thumb-transition=\"1\"         style=\"visibility: hidden\" >      <div id=\"bwg_thumbnails_mosaic_0\" class=\"bwg_mosaic_thumbnails_0\">                  <a class=\"bwg-a\" >          <div class=\"bwg_mosaic_thumb_spun_0 bwg-item0 bwg-mosaic-thumb-span \">            <img decoding=\"async\" class=\"bwg_mosaic_thumb_0 skip-lazy bwg_img_clear bwg_img_custom \"                 id=\"26989\"                 src=\"https:\/\/www.nonsolomodanews.it\/wordpress\/wp-content\/uploads\/photo-gallery\/Sirya%20Capobianco\/thumb\/IMG_20190918_125634_107.jpg?bwg=1624548760\"                 data-src=\"https:\/\/www.nonsolomodanews.it\/wordpress\/wp-content\/uploads\/photo-gallery\/Sirya%20Capobianco\/thumb\/IMG_20190918_125634_107.jpg?bwg=1624548760\"                 data-width=\"\"                 data-height=\"\"                 alt=\"IMG_20190918_125634_107\"                 title=\"IMG_20190918_125634_107\" \/>                      <\/div>        <\/a>                <a class=\"bwg-a\" >          <div class=\"bwg_mosaic_thumb_spun_0 bwg-item0 bwg-mosaic-thumb-span \">            <img decoding=\"async\" class=\"bwg_mosaic_thumb_0 skip-lazy bwg_img_clear bwg_img_custom \"                 id=\"26988\"                 src=\"https:\/\/www.nonsolomodanews.it\/wordpress\/wp-content\/uploads\/photo-gallery\/Sirya%20Capobianco\/thumb\/IMG_20190903_134210_825.jpg?bwg=1624548760\"                 data-src=\"https:\/\/www.nonsolomodanews.it\/wordpress\/wp-content\/uploads\/photo-gallery\/Sirya%20Capobianco\/thumb\/IMG_20190903_134210_825.jpg?bwg=1624548760\"                 data-width=\"\"                 data-height=\"\"                 alt=\"IMG_20190903_134210_825\"                 title=\"IMG_20190903_134210_825\" \/>                      <\/div>        <\/a>                <a class=\"bwg-a\" >          <div class=\"bwg_mosaic_thumb_spun_0 bwg-item0 bwg-mosaic-thumb-span \">            <img decoding=\"async\" class=\"bwg_mosaic_thumb_0 skip-lazy bwg_img_clear bwg_img_custom \"                 id=\"26987\"                 src=\"https:\/\/www.nonsolomodanews.it\/wordpress\/wp-content\/uploads\/photo-gallery\/Sirya%20Capobianco\/thumb\/IMG_20190827_130602_950.jpg?bwg=1624548760\"                 data-src=\"https:\/\/www.nonsolomodanews.it\/wordpress\/wp-content\/uploads\/photo-gallery\/Sirya%20Capobianco\/thumb\/IMG_20190827_130602_950.jpg?bwg=1624548760\"                 data-width=\"\"                 data-height=\"\"                 alt=\"IMG_20190827_130602_950\"                 title=\"IMG_20190827_130602_950\" \/>                      <\/div>        <\/a>                <a class=\"bwg-a\" >          <div class=\"bwg_mosaic_thumb_spun_0 bwg-item0 bwg-mosaic-thumb-span \">            <img decoding=\"async\" class=\"bwg_mosaic_thumb_0 skip-lazy bwg_img_clear bwg_img_custom \"                 id=\"26986\"                 src=\"https:\/\/www.nonsolomodanews.it\/wordpress\/wp-content\/uploads\/photo-gallery\/Sirya%20Capobianco\/thumb\/IMG_20190819_132250_852.jpg?bwg=1624548760\"                 data-src=\"https:\/\/www.nonsolomodanews.it\/wordpress\/wp-content\/uploads\/photo-gallery\/Sirya%20Capobianco\/thumb\/IMG_20190819_132250_852.jpg?bwg=1624548760\"                 data-width=\"\"                 data-height=\"\"                 alt=\"IMG_20190819_132250_852\"                 title=\"IMG_20190819_132250_852\" \/>                      <\/div>        <\/a>                <a class=\"bwg-a\" >          <div class=\"bwg_mosaic_thumb_spun_0 bwg-item0 bwg-mosaic-thumb-span \">            <img decoding=\"async\" class=\"bwg_mosaic_thumb_0 skip-lazy bwg_img_clear bwg_img_custom \"                 id=\"26985\"                 src=\"https:\/\/www.nonsolomodanews.it\/wordpress\/wp-content\/uploads\/photo-gallery\/Sirya%20Capobianco\/thumb\/IMG_20190809_141721_260.jpg?bwg=1624548760\"                 data-src=\"https:\/\/www.nonsolomodanews.it\/wordpress\/wp-content\/uploads\/photo-gallery\/Sirya%20Capobianco\/thumb\/IMG_20190809_141721_260.jpg?bwg=1624548760\"                 data-width=\"\"                 data-height=\"\"                 alt=\"IMG_20190809_141721_260\"                 title=\"IMG_20190809_141721_260\" \/>                      <\/div>        <\/a>                <a class=\"bwg-a\" >          <div class=\"bwg_mosaic_thumb_spun_0 bwg-item0 bwg-mosaic-thumb-span \">            <img decoding=\"async\" class=\"bwg_mosaic_thumb_0 skip-lazy bwg_img_clear bwg_img_custom \"                 id=\"26984\"                 src=\"https:\/\/www.nonsolomodanews.it\/wordpress\/wp-content\/uploads\/photo-gallery\/Sirya%20Capobianco\/thumb\/201909205596240912636937341.jpg?bwg=1624548760\"                 data-src=\"https:\/\/www.nonsolomodanews.it\/wordpress\/wp-content\/uploads\/photo-gallery\/Sirya%20Capobianco\/thumb\/201909205596240912636937341.jpg?bwg=1624548760\"                 data-width=\"\"                 data-height=\"\"                 alt=\"201909205596240912636937341\"                 title=\"201909205596240912636937341\" \/>                      <\/div>        <\/a>                <a class=\"bwg-a\" >          <div class=\"bwg_mosaic_thumb_spun_0 bwg-item0 bwg-mosaic-thumb-span \">            <img decoding=\"async\" class=\"bwg_mosaic_thumb_0 skip-lazy bwg_img_clear bwg_img_custom \"                 id=\"26983\"                 src=\"https:\/\/www.nonsolomodanews.it\/wordpress\/wp-content\/uploads\/photo-gallery\/Sirya%20Capobianco\/thumb\/201903226635876588357570215.jpg?bwg=1624548760\"                 data-src=\"https:\/\/www.nonsolomodanews.it\/wordpress\/wp-content\/uploads\/photo-gallery\/Sirya%20Capobianco\/thumb\/201903226635876588357570215.jpg?bwg=1624548760\"                 data-width=\"\"                 data-height=\"\"                 alt=\"201903226635876588357570215\"                 title=\"201903226635876588357570215\" \/>                      <\/div>        <\/a>                <a class=\"bwg-a\" >          <div class=\"bwg_mosaic_thumb_spun_0 bwg-item0 bwg-mosaic-thumb-span \">            <img decoding=\"async\" class=\"bwg_mosaic_thumb_0 skip-lazy bwg_img_clear bwg_img_custom \"                 id=\"26982\"                 src=\"https:\/\/www.nonsolomodanews.it\/wordpress\/wp-content\/uploads\/photo-gallery\/Sirya%20Capobianco\/thumb\/1998CAM_2019_09_26_12_39_06_FN.jpg?bwg=1624548760\"                 data-src=\"https:\/\/www.nonsolomodanews.it\/wordpress\/wp-content\/uploads\/photo-gallery\/Sirya%20Capobianco\/thumb\/1998CAM_2019_09_26_12_39_06_FN.jpg?bwg=1624548760\"                 data-width=\"\"                 data-height=\"\"                 alt=\"1998CAM_2019_09_26_12_39_06_FN\"                 title=\"1998CAM_2019_09_26_12_39_06_FN\" \/>                      <\/div>        <\/a>                <a class=\"bwg-a\" >          <div class=\"bwg_mosaic_thumb_spun_0 bwg-item0 bwg-mosaic-thumb-span \">            <img decoding=\"async\" class=\"bwg_mosaic_thumb_0 skip-lazy bwg_img_clear bwg_img_custom \"                 id=\"26981\"                 src=\"https:\/\/www.nonsolomodanews.it\/wordpress\/wp-content\/uploads\/photo-gallery\/Sirya%20Capobianco\/thumb\/1998CAM_2019_09_20_20_53_32_FN.jpg?bwg=1624548760\"                 data-src=\"https:\/\/www.nonsolomodanews.it\/wordpress\/wp-content\/uploads\/photo-gallery\/Sirya%20Capobianco\/thumb\/1998CAM_2019_09_20_20_53_32_FN.jpg?bwg=1624548760\"                 data-width=\"\"                 data-height=\"\"                 alt=\"1998CAM_2019_09_20_20_53_32_FN\"                 title=\"1998CAM_2019_09_20_20_53_32_FN\" \/>                      <\/div>        <\/a>                <a class=\"bwg-a\" >          <div class=\"bwg_mosaic_thumb_spun_0 bwg-item0 bwg-mosaic-thumb-span \">            <img decoding=\"async\" class=\"bwg_mosaic_thumb_0 skip-lazy bwg_img_clear bwg_img_custom \"                 id=\"26980\"                 src=\"https:\/\/www.nonsolomodanews.it\/wordpress\/wp-content\/uploads\/photo-gallery\/Sirya%20Capobianco\/thumb\/1998CAM_2019_09_19_01_42_27_FN.jpg?bwg=1624548760\"                 data-src=\"https:\/\/www.nonsolomodanews.it\/wordpress\/wp-content\/uploads\/photo-gallery\/Sirya%20Capobianco\/thumb\/1998CAM_2019_09_19_01_42_27_FN.jpg?bwg=1624548760\"                 data-width=\"\"                 data-height=\"\"                 alt=\"1998CAM_2019_09_19_01_42_27_FN\"                 title=\"1998CAM_2019_09_19_01_42_27_FN\" \/>                      <\/div>        <\/a>                <a class=\"bwg-a\" >          <div class=\"bwg_mosaic_thumb_spun_0 bwg-item0 bwg-mosaic-thumb-span \">            <img decoding=\"async\" class=\"bwg_mosaic_thumb_0 skip-lazy bwg_img_clear bwg_img_custom \"                 id=\"26979\"                 src=\"https:\/\/www.nonsolomodanews.it\/wordpress\/wp-content\/uploads\/photo-gallery\/Sirya%20Capobianco\/thumb\/1998CAM_2019_09_19_01_39_51_FN.jpg?bwg=1624548760\"                 data-src=\"https:\/\/www.nonsolomodanews.it\/wordpress\/wp-content\/uploads\/photo-gallery\/Sirya%20Capobianco\/thumb\/1998CAM_2019_09_19_01_39_51_FN.jpg?bwg=1624548760\"                 data-width=\"\"                 data-height=\"\"                 alt=\"1998CAM_2019_09_19_01_39_51_FN\"                 title=\"1998CAM_2019_09_19_01_39_51_FN\" \/>                      <\/div>        <\/a>                <a class=\"bwg-a\" >          <div class=\"bwg_mosaic_thumb_spun_0 bwg-item0 bwg-mosaic-thumb-span \">            <img decoding=\"async\" class=\"bwg_mosaic_thumb_0 skip-lazy bwg_img_clear bwg_img_custom \"                 id=\"26978\"                 src=\"https:\/\/www.nonsolomodanews.it\/wordpress\/wp-content\/uploads\/photo-gallery\/Sirya%20Capobianco\/thumb\/1998CAM_2019_09_17_12_16_54_FN.jpg?bwg=1624548760\"                 data-src=\"https:\/\/www.nonsolomodanews.it\/wordpress\/wp-content\/uploads\/photo-gallery\/Sirya%20Capobianco\/thumb\/1998CAM_2019_09_17_12_16_54_FN.jpg?bwg=1624548760\"                 data-width=\"\"                 data-height=\"\"                 alt=\"1998CAM_2019_09_17_12_16_54_FN\"                 title=\"1998CAM_2019_09_17_12_16_54_FN\" \/>                      <\/div>        <\/a>                <a class=\"bwg-a\" >          <div class=\"bwg_mosaic_thumb_spun_0 bwg-item0 bwg-mosaic-thumb-span \">            <img decoding=\"async\" class=\"bwg_mosaic_thumb_0 skip-lazy bwg_img_clear bwg_img_custom \"                 id=\"26977\"                 src=\"https:\/\/www.nonsolomodanews.it\/wordpress\/wp-content\/uploads\/photo-gallery\/Sirya%20Capobianco\/thumb\/1998CAM_2019_09_17_12_08_19_FN.jpg?bwg=1624548760\"                 data-src=\"https:\/\/www.nonsolomodanews.it\/wordpress\/wp-content\/uploads\/photo-gallery\/Sirya%20Capobianco\/thumb\/1998CAM_2019_09_17_12_08_19_FN.jpg?bwg=1624548760\"                 data-width=\"\"                 data-height=\"\"                 alt=\"1998CAM_2019_09_17_12_08_19_FN\"                 title=\"1998CAM_2019_09_17_12_08_19_FN\" \/>                      <\/div>        <\/a>                <a class=\"bwg-a\" >          <div class=\"bwg_mosaic_thumb_spun_0 bwg-item0 bwg-mosaic-thumb-span \">            <img decoding=\"async\" class=\"bwg_mosaic_thumb_0 skip-lazy bwg_img_clear bwg_img_custom \"                 id=\"26976\"                 src=\"https:\/\/www.nonsolomodanews.it\/wordpress\/wp-content\/uploads\/photo-gallery\/Sirya%20Capobianco\/thumb\/1998CAM_2019_07_27_13_04_35_FN.jpg?bwg=1624548760\"                 data-src=\"https:\/\/www.nonsolomodanews.it\/wordpress\/wp-content\/uploads\/photo-gallery\/Sirya%20Capobianco\/thumb\/1998CAM_2019_07_27_13_04_35_FN.jpg?bwg=1624548760\"                 data-width=\"\"                 data-height=\"\"                 alt=\"1998CAM_2019_07_27_13_04_35_FN\"                 title=\"1998CAM_2019_07_27_13_04_35_FN\" \/>                      <\/div>        <\/a>            <\/div>    <\/div>    <style>      \/*pagination styles*\/      #bwg_container1_0 #bwg_container2_0 .tablenav-pages_0 {\t\t\t\ttext-align: center;\t\t\t\tfont-size: 12px;\t\t\t\tfont-family: segoe ui;\t\t\t\tfont-weight: bold;\t\t\t\tcolor: #666666;\t\t\t\tmargin: 6px 0 4px;\t\t\t\tdisplay: block;      }      @media only screen and (max-width : 320px) {      #bwg_container1_0 #bwg_container2_0 .displaying-num_0 {     \t display: none;      }      }      #bwg_container1_0 #bwg_container2_0 .displaying-num_0 {\t\t\t\tfont-size: 12px;\t\t\t\tfont-family: segoe ui;\t\t\t\tfont-weight: bold;\t\t\t\tcolor: #666666;\t\t\t\tmargin-right: 10px;\t\t\t\tvertical-align: middle;      }      #bwg_container1_0 #bwg_container2_0 .paging-input_0 {\t\t\t\tfont-size: 12px;\t\t\t\tfont-family: segoe ui;\t\t\t\tfont-weight: bold;\t\t\t\tcolor: #666666;\t\t\t\tvertical-align: middle;      }      #bwg_container1_0 #bwg_container2_0 .tablenav-pages_0 a.disabled,      #bwg_container1_0 #bwg_container2_0 .tablenav-pages_0 a.disabled:hover,      #bwg_container1_0 #bwg_container2_0 .tablenav-pages_0 a.disabled:focus,\t\t\t#bwg_container1_0 #bwg_container2_0 .tablenav-pages_0 input.bwg_current_page {\t\t\t\tcursor: default;\t\t\t\tcolor: rgba(102, 102, 102, 0.5);      }      #bwg_container1_0 #bwg_container2_0 .tablenav-pages_0 a,      #bwg_container1_0 #bwg_container2_0 .tablenav-pages_0 input.bwg_current_page {\t\t\t\tcursor: pointer;\t\t\t\ttext-align: center;\t\t\t\tfont-size: 12px;\t\t\t\tfont-family: segoe ui;\t\t\t\tfont-weight: bold;\t\t\t\tcolor: #666666;\t\t\t\ttext-decoration: none;\t\t\t\tpadding: 3px 6px;\t\t\t\tmargin: 0;\t\t\t\tborder-radius: 0;\t\t\t\tborder-style: solid;\t\t\t\tborder-width: 1px;\t\t\t\tborder-color: #E3E3E3;\t\t\t\t\t\t\t\tbackground-color: rgba(255, 255, 255, 1.00);\t\t\t\tbox-shadow: 0;\t\t\t\ttransition: all 0.3s ease 0s;-webkit-transition: all 0.3s ease 0s;      }      <\/style>      <span class=\"bwg_nav_cont_0\">              <div class=\"tablenav-pages_0\">                  <\/div>                <input type=\"hidden\" id=\"page_number_0\" name=\"page_number_0\" value=\"1\" \/>      <script type=\"text\/javascript\">        if( jQuery('.bwg_nav_cont_0').length > 1 ) {          jQuery('.bwg_nav_cont_0').first().remove()        }        function spider_page_0(cur, x, y, load_more) {          if (typeof load_more == \"undefined\") {            var load_more = false;          }          if (jQuery(cur).hasClass('disabled')) {            return false;          }          var items_county_0 = 1;          switch (y) {            case 1:              if (x >= items_county_0) {                document.getElementById('page_number_0').value = items_county_0;              }              else {                document.getElementById('page_number_0').value = x + 1;              }              break;            case 2:              document.getElementById('page_number_0').value = items_county_0;              break;            case -1:              if (x == 1) {                document.getElementById('page_number_0').value = 1;              }              else {                document.getElementById('page_number_0').value = x - 1;              }              break;            case -2:              document.getElementById('page_number_0').value = 1;              break;\t\t\t\t\t\tcase 0:              document.getElementById('page_number_0').value = x;              break;            default:              document.getElementById('page_number_0').value = 1;          }          bwg_ajax('gal_front_form_0', '0', 'bwg_thumbnails_mosaic_0', '0', '', 'gallery', 0, '', '', load_more, '', 1);        }                    jQuery('.first-page-0').on('click', function () {              spider_page_0(this, 1, -2, 'numeric');              return false;            });            jQuery('.prev-page-0').on('click', function () {              spider_page_0(this, 1, -1, 'numeric');              return false;            });            jQuery('.next-page-0').on('click', function () {              spider_page_0(this, 1, 1, 'numeric');              return false;            });            jQuery('.last-page-0').on('click', function () {              spider_page_0(this, 1, 2, 'numeric');              return false;            });        \t\t\t\t\/* Change page on input enter. *\/        function bwg_change_page_0( e, that ) {          if (  e.key == 'Enter' ) {            var to_page = parseInt(jQuery(that).val());            var pages_count = jQuery(that).parents(\".pagination-links\").data(\"pages-count\");            var current_url_param = jQuery(that).attr('data-url-info');            if (to_page > pages_count) {              to_page = 1;            }\t \t\t\t\t\t\t\t\t\t\t\t\tspider_page_0(this, to_page, 0, 'numeric');\t\t\t\t\t\t\treturn false;\t\t\t\t\t\t          }          return true;        }        jQuery('.bwg_load_btn_0').on('click', function () {            spider_page_0(this, 1, 1, true);            return false;        });      <\/script>      <\/span>                <\/div>        <\/form>              <\/div>    <\/div>    <script>      if (document.readyState === 'complete') {        if( typeof bwg_main_ready == 'function' ) {          if ( jQuery(\"#bwg_container1_0\").height() ) {            bwg_main_ready(jQuery(\"#bwg_container1_0\"));          }        }      } else {        document.addEventListener('DOMContentLoaded', function() {          if( typeof bwg_main_ready == 'function' ) {            if ( jQuery(\"#bwg_container1_0\").height() ) {             bwg_main_ready(jQuery(\"#bwg_container1_0\"));            }          }        });      }    <\/script>    <\/p>\n<p><\/span><\/p>\n<p>&nbsp;<\/p>\n<p><span style=\"color: #000000;\"><em>\u00a0<\/em><\/span><\/p>\n","protected":false},"excerpt":{"rendered":"<p>Nonsolomodanews&nbsp;ha il piacere di presentare, ai propri lettori, le concorrenti che hanno partecipato e vinto una fascia alla finale nazionale del concorso&nbsp;Venere d&rsquo;Italia&nbsp;del patron Pietro Cortese. Il concorso, che si &egrave; svolto nell&rsquo;incantevole cornice dell&rsquo;hotel &ldquo;La Meridienne&rdquo; di Palestrina (Roma) ha visto partecipare moltissime miss provenienti da molti posti della nostra bella Italia. E&rsquo; il turno di&nbsp;Syria Capobianco, Venere Sorriso.&nbsp; Ringraziamo Syria e lo staff di Venere d&rsquo;Italia per averci permesso di avere questa intervista in esclusiva e auguriamo ai lettori di &nbsp;Nonsolomodanews &nbsp;buona lettura.<\/p>\n","protected":false},"author":1,"featured_media":21154,"comment_status":"open","ping_status":"open","sticky":false,"template":"","format":"standard","meta":{"rop_custom_images_group":[],"rop_custom_messages_group":[],"rop_publish_now":"initial","rop_publish_now_accounts":[],"rop_publish_now_history":[],"rop_publish_now_status":"pending","footnotes":""},"categories":[16],"tags":[281,1099,1162,2963,1605],"class_list":["post-21140","post","type-post","status-publish","format-standard","has-post-thumbnail","hentry","category-articolo","tag-bruno-angelo-porcellana","tag-nonsolomodanews","tag-pietro-cortese","tag-syria-capobianco","tag-venere-ditalia"],"_links":{"self":[{"href":"https:\/\/www.nonsolomodanews.it\/wordpress\/wp-json\/wp\/v2\/posts\/21140","targetHints":{"allow":["GET"]}}],"collection":[{"href":"https:\/\/www.nonsolomodanews.it\/wordpress\/wp-json\/wp\/v2\/posts"}],"about":[{"href":"https:\/\/www.nonsolomodanews.it\/wordpress\/wp-json\/wp\/v2\/types\/post"}],"author":[{"embeddable":true,"href":"https:\/\/www.nonsolomodanews.it\/wordpress\/wp-json\/wp\/v2\/users\/1"}],"replies":[{"embeddable":true,"href":"https:\/\/www.nonsolomodanews.it\/wordpress\/wp-json\/wp\/v2\/comments?post=21140"}],"version-history":[{"count":6,"href":"https:\/\/www.nonsolomodanews.it\/wordpress\/wp-json\/wp\/v2\/posts\/21140\/revisions"}],"predecessor-version":[{"id":21179,"href":"https:\/\/www.nonsolomodanews.it\/wordpress\/wp-json\/wp\/v2\/posts\/21140\/revisions\/21179"}],"wp:featuredmedia":[{"embeddable":true,"href":"https:\/\/www.nonsolomodanews.it\/wordpress\/wp-json\/wp\/v2\/media\/21154"}],"wp:attachment":[{"href":"https:\/\/www.nonsolomodanews.it\/wordpress\/wp-json\/wp\/v2\/media?parent=21140"}],"wp:term":[{"taxonomy":"category","embeddable":true,"href":"https:\/\/www.nonsolomodanews.it\/wordpress\/wp-json\/wp\/v2\/categories?post=21140"},{"taxonomy":"post_tag","embeddable":true,"href":"https:\/\/www.nonsolomodanews.it\/wordpress\/wp-json\/wp\/v2\/tags?post=21140"}],"curies":[{"name":"wp","href":"https:\/\/api.w.org\/{rel}","templated":true}]}}