{"id":21108,"date":"2020-10-21T17:58:03","date_gmt":"2020-10-21T17:58:03","guid":{"rendered":"https:\/\/www.nonsolomodanews.it\/wordpress\/?p=21108"},"modified":"2020-10-21T18:09:21","modified_gmt":"2020-10-21T18:09:21","slug":"corinne-de-mitri-venere-delle-veneri-2020","status":"publish","type":"post","link":"https:\/\/www.nonsolomodanews.it\/wordpress\/corinne-de-mitri-venere-delle-veneri-2020\/","title":{"rendered":"Corinne De Mitri, Venere delle Veneri 2020"},"content":{"rendered":"<p><span style=\"color: #000000;\"><strong><img loading=\"lazy\" decoding=\"async\" class=\"size-medium wp-image-21109 alignleft\" src=\"https:\/\/www.nonsolomodanews.it\/wordpress\/wp-content\/uploads\/2020\/10\/unnamed-1-200x300.jpg\" alt=\"\" width=\"200\" height=\"300\" srcset=\"https:\/\/www.nonsolomodanews.it\/wordpress\/wp-content\/uploads\/2020\/10\/unnamed-1-200x300.jpg 200w, https:\/\/www.nonsolomodanews.it\/wordpress\/wp-content\/uploads\/2020\/10\/unnamed-1-683x1024.jpg 683w, https:\/\/www.nonsolomodanews.it\/wordpress\/wp-content\/uploads\/2020\/10\/unnamed-1-768x1152.jpg 768w, https:\/\/www.nonsolomodanews.it\/wordpress\/wp-content\/uploads\/2020\/10\/unnamed-1-1024x1536.jpg 1024w, https:\/\/www.nonsolomodanews.it\/wordpress\/wp-content\/uploads\/2020\/10\/unnamed-1-1080x1620.jpg 1080w, https:\/\/www.nonsolomodanews.it\/wordpress\/wp-content\/uploads\/2020\/10\/unnamed-1.jpg 1365w\" sizes=\"auto, (max-width: 200px) 100vw, 200px\" \/>Nonsolomodanews<\/strong>\u00a0ha il piacere di presentare, ai propri lettori, le concorrenti che hanno partecipato e vinto una fascia alla finale nazionale del concorso\u00a0<a style=\"color: #000000;\" href=\"https:\/\/www.nonsolomodanews.it\/wordpress\/aurora-filitti-venere-ditalia-2020\/\">Venere d\u2019Italia\u00a0<\/a>del patron Pietro Cortese. Il concorso, che si \u00e8 svolto nell\u2019incantevole cornice dell\u2019hotel \u201cLa Meridienne\u201d di Palestrina (Roma) ha visto partecipare moltissime miss provenienti da molti posti della nostra bella Italia. E\u2019 il turno di\u00a0<strong><em>Corinne De Mitri<\/em><\/strong><strong><em>, <\/em><\/strong><strong><em>Venere delle Veneri.<\/em><\/strong>\u00a0 Ringraziamo Corinne e lo staff di Venere d\u2019Italia per averci permesso di avere questa intervista in esclusiva e auguriamo ai lettori di \u00a0<strong>Nonsolomodanews<\/strong>\u00a0buona lettura.<\/span><!--more--><\/p>\n<p>&nbsp;<\/p>\n<p><span style=\"color: #000000;\"><strong>Ti vuoi presentare? <\/strong><em>\u201cCiao a tutti mi chiamo Corinne De Mitri, sono nata a Brindisi ma risiedo a San Pietro Vernotico (BR).<\/em> <em>Sono alta 178 cm, e le mie misure sono 65-90-65. Occhi marrone scuro e capelli biondo scuro. Il mio numero di scarpe \u00e8 il 38.\u201d<\/em><\/span><\/p>\n<p><span style=\"color: #000000;\"><strong>Complimenti per avere conquistato la fascia Venere delle Veneri<\/strong><\/span><\/p>\n<p><span style=\"color: #000000;\"><strong>Ci dici in due parole le emozioni che hai provato partecipando al concorso?<\/strong> <em>\u201cEro molto emozionata sia a rifare questo concorso ma anche in generale ero molto contenta\u201d<\/em><\/span><\/p>\n<p><span style=\"color: #000000;\"><em>\u201cNonostante il periodo Covid ho trovato veramente pochissime differenze e tutto sommato mi \u00e8 piaciuto tutto e mi rester\u00e0 tutto impresso nel cuore.\u201d<\/em><\/span><\/p>\n<p><span style=\"color: #000000;\"><strong>Rispetto al passato che cosa hai trovato di differente e che ti \u00e8 piaciuto di pi\u00f9 in assoluto?<\/strong><\/span><\/p>\n<p><span style=\"color: #000000;\"><strong>Come sei giunta alla finale nazionale, qual \u00e8 stato il percorso?<\/strong><em> \u201cAlla prima selezione regionale mi sono classificata prima e ho avuto l\u2019accesso in finale nazionale.\u201d<\/em><\/span><\/p>\n<p><span style=\"color: #000000;\"><strong>C\u2019\u00e8 stato un momento di scoramento <\/strong><em>\u00a0\u201cNo ero tanto tranquilla e sicura di me stessa\u201d<\/em><\/span><\/p>\n<p><span style=\"color: #000000;\"><strong>Come affronti la questione Covid19?<\/strong><em> \u201cInizialmente l\u2019ho affrontata molto male, avevo tanta paura non lo nego, poi pian piano sono riuscita a prenderla pi\u00f9 positivamente possibile, ma comunque uso le giuste precauzioni, mascherina, distanziamento sociale ed evito i posti affollati dove \u00e8 pi\u00f9 facile prendere il virus.\u201d<\/em><\/span><\/p>\n<p><span style=\"color: #000000;\"><strong>Come sei di carattere?<\/strong> <em>\u201cSono una ragazza molto simpatica, sociale, che entra quasi subito in confidenza con le persone, nonostante sono molto obiettiva ma anche molto orgogliosa.\u201d<\/em><\/span><\/p>\n<p><span style=\"color: #000000;\"><strong>Sei una persona ambiziosa?<\/strong><em> \u201cQuando ci vuole si sono ambiziosa ma nella mia quotidianit\u00e0 no\u201d<\/em><\/span><\/p>\n<p><span style=\"color: #000000;\"><strong>Fai attivit\u00e0 fisica per mantenere il tuo corpo?<\/strong><em> \u201cCerto, faccio palestra e seguo una corretta alimentazione.\u201d<\/em><\/span><\/p>\n<p><span style=\"color: #000000;\"><strong>Stai attenta all\u2019alimentazione?<\/strong><em> \u201cCome ho detto nella domanda precedente assolutamente si, evito cibi che a prescindere dal fisico possono influire negativamente sulla mia salute\u201d<\/em><\/span><\/p>\n<p><span style=\"color: #000000;\"><strong>Qual \u00e8 il colore preferito?<\/strong> <em>\u201cIl colore della passione, rosso.\u201d<\/em><\/span><\/p>\n<p><span style=\"color: #000000;\"><strong>Che cosa \u00e8 per te la femminilit\u00e0?<\/strong><em> \u201cLa femminilit\u00e0 per me \u00e8 sicuramente un qualcosa di estratto, caratteri fisici o comportamentali nelle donne che si contraddistinguono dagli uomini.\u201d<\/em><\/span><\/p>\n<p><span style=\"color: #000000;\"><strong>Pensi che presentarti davanti al pubblico in costume possa ledere la tua femminilit\u00e0?<\/strong><em> \u201cAssolutamente no, anche perch\u00e9 quando si va a mare comunque ci si espone di fronte ad un pubblico, sicuramente involontariamente ma pur sempre che lo si fa.\u201d<\/em><\/span><\/p>\n<p><span style=\"color: #000000;\"><strong>Quando hai iniziato a partecipare a concorsi di bellezza? <\/strong><em>\u201cHo iniziato quando avevo solo 3 anni a fare sfilate nel paese, con i concorsi veri e propri ho iniziato 3 anni fa.\u201d<\/em><\/span><\/p>\n<p><span style=\"color: #000000;\"><strong>Ti ricordi la prima volta?<\/strong><em> \u201cSi mi ricordo ogni singolo momento, tutte le emozioni provate, tutta la felicit\u00e0 e ricordo soprattutto l\u2019ansia che mi assaliva ma che alla fine \u00e8 risultata molto positiva\u201d<\/em><\/span><\/p>\n<p><span style=\"color: #000000;\"><strong>Cosa vuol dire per te essere fotogenica?<\/strong><em> \u201cPer me essere fotogenica vuol dire riuscire ad acquisire una posizione, in particolare del volto, che conserva qualit\u00e0 estetiche molto simili a quelle presenti in realt\u00e0.\u201d<\/em><\/span><\/p>\n<p><span style=\"color: #000000;\"><strong>Quali sono i generi fotografici che preferisci e perch\u00e9?<\/strong><em> \u201cMi piacciono tanto gli scatti di moda, elegante e in costume da bagno.\u201d<\/em><\/span><\/p>\n<p><span style=\"color: #000000;\"><strong>Hai un progetto fotografico ti piacerebbe realizzare?<\/strong><em> \u201cMi piacerebbe tanto realizzare l\u2019alta moda e come ho detto prima l\u2019elegante e in costume da bagno sulla spiaggia o vicino mare\u201d<\/em><\/span><\/p>\n<p><span style=\"color: #000000;\"><strong>Hai degli hobby?<\/strong> <em>\u201cMi piace tanto studiare e andare in palestra.\u201d<\/em><\/span><\/p>\n<p><span style=\"color: #000000;\"><strong style=\"color: #000000;\">Hai una modella che conosci e alla quale ti ispiri?<\/strong> <em><span style=\"color: #000000;\">\u201cSi, mi piace molto Claudia Schiffer\u201d<\/span><\/em><\/span><\/p>\n<p><span style=\"color: #000000;\"><strong>Che cos&#8217;\u00e8 per te la moda?<\/strong> <em>\u201cPer me la moda \u00e8 un\u2019arte che ti da la possibilit\u00e0 di esprimerti con il proprio corpo, su una passerella, in maniera pi\u00f9 sensuale e pi\u00f9 elegante.\u201d<\/em><\/span><\/p>\n<p><span style=\"color: #000000;\"><strong>Qual \u00e8 l&#8217;accessorio che non ti stacchi mai quando esci?<\/strong><em> \u201cAmo alla follia gli orecchini\u201d<\/em><\/span><\/p>\n<p><span style=\"color: #000000;\"><strong>Come \u00e8 stato il rapporto con le altre concorrenti del concorso?<\/strong><em> \u201cMolto molto bello, sono tutte molto simpatiche, gentili e dolci.\u201d<\/em><\/span><\/p>\n<p><span style=\"color: #000000;\"><strong>\u00a0E&#8217; nata qualche nuova amicizia?<\/strong><em> \u201cSi, sono nate amicizie molto molto belle, e spero che non ci perdiamo nel cammino della vita.\u201d<\/em><\/span><\/p>\n<p><span style=\"color: #000000;\"><strong>Se avessi di fronte a te le altre concorrenti del concorso che cosa le vorresti dire che non hai detto la sera dell\u2019incoronazione della Venere d\u2019Italia 2020?<\/strong><em> \u201cChe nessuno ha perso e nessuno ha vinto realmente, perch\u00e9 ognuno di noi ha vinto per la nostra educazione, gentilezza e per quel minimo tocco caratteriale o fisico che ci contraddistingueva.\u201d<\/em><\/span><\/p>\n<p><span style=\"color: #000000;\"><strong style=\"color: #000000;\">Hai un episodio\/aneddoto curioso che ti \u00e8 capitato durante la finale che ci vuoi raccontare?<\/strong><em><span style=\"color: #000000;\"> \u201cOgni sera, dopo ogni sfilata, ci riunivamo tutte in camera mia, ragazze e genitori, e tra risate e fatti raccontati si facevano le tre\/le quattro, fin quando una sera la mamma di una ragazza sbagli\u00f2\u00a0a dire \u201cNutella Biscuits\u201d e ci mettemmo tutti a ridere; tutt\u2019ora quella parola \u00e8 nella nostra quotidianit\u00e0 come battuta per ridere fra di noi.\u201d<\/span><\/em><\/span><\/p>\n<p><span style=\"color: #000000;\"><strong>Sogno nel cassetto?<\/strong><em> \u201cSogno tanto di divenire una chirurga oncologa, per aiutare le persone con la malattia del secolo.\u201d<\/em><\/span><\/p>\n<p><span style=\"color: #000000;\"><strong>Ultima domanda, hai qualche persona in particolare da ringraziare per la tua partecipazione al concorso Venere d\u2019Italia?<\/strong> <em>\u201cVorrei ringraziare in primis il mio manager Giuseppe Stigliano per avermi dato questa occasione, ma anche il nostro coreografo Angelo Mastrangelo, e Vittorio Casale che mi sono stati vicini e supportati. Vorrei ringraziare ancora di pi\u00f9 Giuseppe per avermi dato la possibilit\u00e0 di rappresentare, a Venere d\u2019Italia 2020, la Jonica Eventi con la fascia regionale &lt;&lt;La Bellezza Jonica&gt;&gt;, e per ultimo ma non per importanza vorrei ringraziare tutte le mie colleghe che mi hanno votata e mi hanno dato la possibilit\u00e0 di prendere la fascia Venere delle Veneri 2020.\u201d<\/em><\/span><\/p>\n<p><span style=\"color: #000000;\"><strong><a style=\"color: #000000;\" href=\"https:\/\/www.instagram.com\/brunoangeloporcellana\/\">Bruno Angelo Porcellana\u00a0<\/a><\/strong><\/span><\/p>\n<p style=\"text-align: center;\"><span style=\"color: #000000;\">Le fotografie sono state fornite da Corinne De Mitri \u2013 I crediti appartengono ai relativi fotografi<\/span><br \/>\n<span style=\"color: #000000;\">Tutti i diritti riservati \u00a9 2020 \u2013 Email: nonsolomodanews@gmail.com<style id=\"bwg-style-0\">      #bwg_container1_0 #bwg_container2_0 #bwg_mosaic_thumbnails_div_0 {        width: 100%;        position: relative;        background-color: rgba(255, 255, 255, 0.00);        text-align: center;        justify-content: center;                  margin-left: auto;          margin-right: auto;                    padding-left: 4px;          padding-top: 4px;                }          #bwg_container1_0 #bwg_container2_0 .bwg_mosaic_thumb_spun_0 {        display: block;        position: absolute;\t\t\t\tborder-radius: 0;\t\t\t\tborder: 0px none #CCCCCC;    \t\t    \t\tbackground-color:rgba(0,0,0, 0.30);        -moz-box-sizing: content-box !important;        -webkit-box-sizing: content-box !important;        box-sizing: content-box !important;      }\t\t\t#bwg_container1_0 #bwg_container2_0 .bwg_mosaic_thumb_0 {\t\t\t\tdisplay: block;\t\t\t\t-moz-box-sizing: content-box !important;\t\t\t\t-webkit-box-sizing: content-box !important;\t\t\t\tbox-sizing: content-box !important;\t\t\t\tmargin: 0;\t\t\t\topacity: 1.00;\t\t\t}      #bwg_container1_0 #bwg_container2_0 .bwg_mosaic_thumb_spun_0:hover {        opacity: 1;        backface-visibility: hidden;        -webkit-backface-visibility: hidden;        -moz-backface-visibility: hidden;        -ms-backface-visibility: hidden;        z-index: 102;      }\t      @media only screen and (min-width: 480px) {        #bwg_container1_0 #bwg_container2_0 .bwg_mosaic_thumb_spun_0:hover {          transform: scale(1.1);          -ms-transform: scale(1.1);          -webkit-transform: scale(1.1);        }      }\t      #bwg_container1_0 #bwg_container2_0 .bwg_mosaic_thumbnails_0 {        background-color: rgba(255, 255, 255, 0.00);        font-size: 0;        position: relative;        text-align: center;        display: inline-block;        visibility: hidden;              }\t  \/*image title styles*\/      #bwg_container1_0 #bwg_container2_0 .bwg_mosaic_title_spun1_0,      #bwg_container1_0 #bwg_container2_0 .bwg-mosaic-thumbnails .bwg_ecommerce_spun1_0 {        position: absolute;        display: block;        opacity: 0;        box-sizing: border-box;        text-align: center;\t\t\t\ttop: 50%;\t\t\t\tleft: 50%;\t\t\t\ttransform: translate(-50%, -50%);      }      #bwg_container1_0 #bwg_container2_0 .bwg-mosaic-thumbnails .bwg_mosaic_title_spun2_0,      #bwg_container1_0 #bwg_container2_0 .bwg-mosaic-thumbnails .bwg_ecommerce_spun2_0 {\t\t    color: #CCCCCC;        font-family: segoe ui;        font-size: 16px;        font-weight: bold;        text-shadow: 0px 0px 0px #888888;        vertical-align: middle;        word-wrap: break-word;      }            .bwg_mosaic_play_icon_spun_0 {        display: table;        position: absolute;        left: -10000px;        top: 0px;        opacity: 0;      }      .bwg_mosaic_play_icon_0 {        color: #CCCCCC;        font-size: 32px;        vertical-align: middle;        display: table-cell !important;        z-index: 1;        text-align: center;        margin: 0 auto;      }      #bwg_container1_0 #bwg_container2_0 .bwg_gal_title_0 {        background-color: rgba(0, 0, 0, 0);        color: #323A45;        display: block;        font-family: Ubuntu;        font-size: 16px;        font-weight: bold;        padding: 2px;        text-shadow: ;        text-align: center;      }            @media screen and (max-width: 280px) {      div[class^=\"bwg_mosaic_thumbnails_\"],      span[class^=\"bwg_mosaic_thumb_spun_\"] {      width: 100% !important;      }      img[class^=\"bwg_mosaic_thumb_\"] {      width: 100% !important;      height: auto !important;      margin: 0px auto !important;      }      }      <\/style>    <div id=\"bwg_container1_0\"         class=\"bwg_container bwg_thumbnail bwg_thumbnails_mosaic \"         data-right-click-protection=\"0\"         data-bwg=\"0\"         data-scroll=\"0\"         data-gallery-type=\"thumbnails_mosaic\"         data-gallery-view-type=\"thumbnails_mosaic\"         data-current-url=\"\/wordpress\/wp-json\/wp\/v2\/posts\/21108\"         data-lightbox-url=\"https:\/\/www.nonsolomodanews.it\/wordpress\/wp-admin\/admin-ajax.php?action=GalleryBox&#038;current_view=0&#038;gallery_id=501&#038;tag=0&#038;theme_id=1&#038;shortcode_id=532&#038;sort_by=order&#038;order_by=asc&#038;current_url=%2Fwordpress%2Fwp-json%2Fwp%2Fv2%2Fposts%2F21108\"         data-gallery-id=\"501\"         data-popup-width=\"800\"         data-popup-height=\"500\"         data-is-album=\"gallery\"         data-buttons-position=\"bottom\">      <div id=\"bwg_container2_0\">             <div id=\"ajax_loading_0\" class=\"bwg_loading_div_1\">      <div class=\"bwg_loading_div_2\">        <div class=\"bwg_loading_div_3\">          <div id=\"loading_div_0\" class=\"bwg_spider_ajax_loading\">          <\/div>        <\/div>      <\/div>    <\/div>            <form id=\"gal_front_form_0\"              class=\"bwg-hidden\"              method=\"post\"              action=\"#\"              data-current=\"0\"              data-shortcode-id=\"532\"              data-gallery-type=\"thumbnails_mosaic\"              data-gallery-id=\"501\"              data-tag=\"0\"              data-album-id=\"0\"              data-theme-id=\"1\"              data-ajax-url=\"https:\/\/www.nonsolomodanews.it\/wordpress\/wp-admin\/admin-ajax.php?action=bwg_frontend_data\">          <div id=\"bwg_container3_0\" class=\"bwg-background bwg-background-0\">                <div id=\"bwg_mosaic_thumbnails_div_0\"         class=\"bwg-container-0 bwg-container bwg-mosaic-thumbnails\"         data-bwg=\"0\"         data-mosaic-direction=\"vertical\"         data-resizable=\"0\"         data-width=\"180\"         data-height=\"90\"         data-total-width=\"100\"         data-block-id=\"bwg_thumbnails_mosaic_0\"         data-thumb-padding=\"4\"         data-thumb-border=\"0\"         data-title-margin=\"2px\"         data-image-title=\"none\"         data-play-icon=\"1\"         data-ecommerce-icon=\"none\"         data-gallery-id=\"501\"         data-lightbox-url=\"https:\/\/www.nonsolomodanews.it\/wordpress\/wp-admin\/admin-ajax.php?action=GalleryBox&#038;current_view=0&#038;gallery_id=501&#038;tag=0&#038;theme_id=1&#038;shortcode_id=532&#038;sort_by=order&#038;order_by=asc&#038;current_url=%2Fwordpress%2Fwp-json%2Fwp%2Fv2%2Fposts%2F21108\"         data-mosaic-thumb-transition=\"1\"         style=\"visibility: hidden\" >      <div id=\"bwg_thumbnails_mosaic_0\" class=\"bwg_mosaic_thumbnails_0\">                  <a class=\"bwg-a\" >          <div class=\"bwg_mosaic_thumb_spun_0 bwg-item0 bwg-mosaic-thumb-span \">            <img decoding=\"async\" class=\"bwg_mosaic_thumb_0 skip-lazy bwg_img_clear bwg_img_custom \"                 id=\"31090\"                 src=\"https:\/\/www.nonsolomodanews.it\/wordpress\/wp-content\/uploads\/photo-gallery\/Corinne%20de%20Mitri%202020\/thumb\/Z%20jpg%20Spazio%20Disponibile%20-%20pubblicit\u00e0%20-%20Copia.jpg?bwg=1624548760\"                 data-src=\"https:\/\/www.nonsolomodanews.it\/wordpress\/wp-content\/uploads\/photo-gallery\/Corinne%20de%20Mitri%202020\/thumb\/Z%20jpg%20Spazio%20Disponibile%20-%20pubblicit\u00e0%20-%20Copia.jpg?bwg=1624548760\"                 data-width=\"\"                 data-height=\"\"                 alt=\"Z jpg Spazio Disponibile - pubblicit\u00e0 - Copia\"                 title=\"Z jpg Spazio Disponibile - pubblicit\u00e0 - Copia\" \/>                      <\/div>        <\/a>                <a class=\"bwg-a\" >          <div class=\"bwg_mosaic_thumb_spun_0 bwg-item0 bwg-mosaic-thumb-span \">            <img decoding=\"async\" class=\"bwg_mosaic_thumb_0 skip-lazy bwg_img_clear bwg_img_custom \"                 id=\"31089\"                 src=\"https:\/\/www.nonsolomodanews.it\/wordpress\/wp-content\/uploads\/photo-gallery\/Corinne%20de%20Mitri%202020\/thumb\/unnamed.jpg?bwg=1624548760\"                 data-src=\"https:\/\/www.nonsolomodanews.it\/wordpress\/wp-content\/uploads\/photo-gallery\/Corinne%20de%20Mitri%202020\/thumb\/unnamed.jpg?bwg=1624548760\"                 data-width=\"\"                 data-height=\"\"                 alt=\"unnamed\"                 title=\"unnamed\" \/>                      <\/div>        <\/a>                <a class=\"bwg-a\" >          <div class=\"bwg_mosaic_thumb_spun_0 bwg-item0 bwg-mosaic-thumb-span \">            <img decoding=\"async\" class=\"bwg_mosaic_thumb_0 skip-lazy bwg_img_clear bwg_img_custom \"                 id=\"31088\"                 src=\"https:\/\/www.nonsolomodanews.it\/wordpress\/wp-content\/uploads\/photo-gallery\/Corinne%20de%20Mitri%202020\/thumb\/unnamed%20(4).jpg?bwg=1624548760\"                 data-src=\"https:\/\/www.nonsolomodanews.it\/wordpress\/wp-content\/uploads\/photo-gallery\/Corinne%20de%20Mitri%202020\/thumb\/unnamed%20(4).jpg?bwg=1624548760\"                 data-width=\"\"                 data-height=\"\"                 alt=\"unnamed (4)\"                 title=\"unnamed (4)\" \/>                      <\/div>        <\/a>                <a class=\"bwg-a\" >          <div class=\"bwg_mosaic_thumb_spun_0 bwg-item0 bwg-mosaic-thumb-span \">            <img decoding=\"async\" class=\"bwg_mosaic_thumb_0 skip-lazy bwg_img_clear bwg_img_custom \"                 id=\"31087\"                 src=\"https:\/\/www.nonsolomodanews.it\/wordpress\/wp-content\/uploads\/photo-gallery\/Corinne%20de%20Mitri%202020\/thumb\/unnamed%20(3).jpg?bwg=1624548760\"                 data-src=\"https:\/\/www.nonsolomodanews.it\/wordpress\/wp-content\/uploads\/photo-gallery\/Corinne%20de%20Mitri%202020\/thumb\/unnamed%20(3).jpg?bwg=1624548760\"                 data-width=\"\"                 data-height=\"\"                 alt=\"unnamed (3)\"                 title=\"unnamed (3)\" \/>                      <\/div>        <\/a>                <a class=\"bwg-a\" >          <div class=\"bwg_mosaic_thumb_spun_0 bwg-item0 bwg-mosaic-thumb-span \">            <img decoding=\"async\" class=\"bwg_mosaic_thumb_0 skip-lazy bwg_img_clear bwg_img_custom \"                 id=\"31086\"                 src=\"https:\/\/www.nonsolomodanews.it\/wordpress\/wp-content\/uploads\/photo-gallery\/Corinne%20de%20Mitri%202020\/thumb\/unnamed%20(2).jpg?bwg=1624548760\"                 data-src=\"https:\/\/www.nonsolomodanews.it\/wordpress\/wp-content\/uploads\/photo-gallery\/Corinne%20de%20Mitri%202020\/thumb\/unnamed%20(2).jpg?bwg=1624548760\"                 data-width=\"\"                 data-height=\"\"                 alt=\"unnamed (2)\"                 title=\"unnamed (2)\" \/>                      <\/div>        <\/a>                <a class=\"bwg-a\" >          <div class=\"bwg_mosaic_thumb_spun_0 bwg-item0 bwg-mosaic-thumb-span \">            <img decoding=\"async\" class=\"bwg_mosaic_thumb_0 skip-lazy bwg_img_clear bwg_img_custom \"                 id=\"31085\"                 src=\"https:\/\/www.nonsolomodanews.it\/wordpress\/wp-content\/uploads\/photo-gallery\/Corinne%20de%20Mitri%202020\/thumb\/unnamed%20(1).jpg?bwg=1624548760\"                 data-src=\"https:\/\/www.nonsolomodanews.it\/wordpress\/wp-content\/uploads\/photo-gallery\/Corinne%20de%20Mitri%202020\/thumb\/unnamed%20(1).jpg?bwg=1624548760\"                 data-width=\"\"                 data-height=\"\"                 alt=\"unnamed (1)\"                 title=\"unnamed (1)\" \/>                      <\/div>        <\/a>            <\/div>    <\/div>    <style>      \/*pagination styles*\/      #bwg_container1_0 #bwg_container2_0 .tablenav-pages_0 {\t\t\t\ttext-align: center;\t\t\t\tfont-size: 12px;\t\t\t\tfont-family: segoe ui;\t\t\t\tfont-weight: bold;\t\t\t\tcolor: #666666;\t\t\t\tmargin: 6px 0 4px;\t\t\t\tdisplay: block;      }      @media only screen and (max-width : 320px) {      #bwg_container1_0 #bwg_container2_0 .displaying-num_0 {     \t display: none;      }      }      #bwg_container1_0 #bwg_container2_0 .displaying-num_0 {\t\t\t\tfont-size: 12px;\t\t\t\tfont-family: segoe ui;\t\t\t\tfont-weight: bold;\t\t\t\tcolor: #666666;\t\t\t\tmargin-right: 10px;\t\t\t\tvertical-align: middle;      }      #bwg_container1_0 #bwg_container2_0 .paging-input_0 {\t\t\t\tfont-size: 12px;\t\t\t\tfont-family: segoe ui;\t\t\t\tfont-weight: bold;\t\t\t\tcolor: #666666;\t\t\t\tvertical-align: middle;      }      #bwg_container1_0 #bwg_container2_0 .tablenav-pages_0 a.disabled,      #bwg_container1_0 #bwg_container2_0 .tablenav-pages_0 a.disabled:hover,      #bwg_container1_0 #bwg_container2_0 .tablenav-pages_0 a.disabled:focus,\t\t\t#bwg_container1_0 #bwg_container2_0 .tablenav-pages_0 input.bwg_current_page {\t\t\t\tcursor: default;\t\t\t\tcolor: rgba(102, 102, 102, 0.5);      }      #bwg_container1_0 #bwg_container2_0 .tablenav-pages_0 a,      #bwg_container1_0 #bwg_container2_0 .tablenav-pages_0 input.bwg_current_page {\t\t\t\tcursor: pointer;\t\t\t\ttext-align: center;\t\t\t\tfont-size: 12px;\t\t\t\tfont-family: segoe ui;\t\t\t\tfont-weight: bold;\t\t\t\tcolor: #666666;\t\t\t\ttext-decoration: none;\t\t\t\tpadding: 3px 6px;\t\t\t\tmargin: 0;\t\t\t\tborder-radius: 0;\t\t\t\tborder-style: solid;\t\t\t\tborder-width: 1px;\t\t\t\tborder-color: #E3E3E3;\t\t\t\t\t\t\t\tbackground-color: rgba(255, 255, 255, 1.00);\t\t\t\tbox-shadow: 0;\t\t\t\ttransition: all 0.3s ease 0s;-webkit-transition: all 0.3s ease 0s;      }      <\/style>      <span class=\"bwg_nav_cont_0\">              <div class=\"tablenav-pages_0\">                  <\/div>                <input type=\"hidden\" id=\"page_number_0\" name=\"page_number_0\" value=\"1\" \/>      <script type=\"text\/javascript\">        if( jQuery('.bwg_nav_cont_0').length > 1 ) {          jQuery('.bwg_nav_cont_0').first().remove()        }        function spider_page_0(cur, x, y, load_more) {          if (typeof load_more == \"undefined\") {            var load_more = false;          }          if (jQuery(cur).hasClass('disabled')) {            return false;          }          var items_county_0 = 1;          switch (y) {            case 1:              if (x >= items_county_0) {                document.getElementById('page_number_0').value = items_county_0;              }              else {                document.getElementById('page_number_0').value = x + 1;              }              break;            case 2:              document.getElementById('page_number_0').value = items_county_0;              break;            case -1:              if (x == 1) {                document.getElementById('page_number_0').value = 1;              }              else {                document.getElementById('page_number_0').value = x - 1;              }              break;            case -2:              document.getElementById('page_number_0').value = 1;              break;\t\t\t\t\t\tcase 0:              document.getElementById('page_number_0').value = x;              break;            default:              document.getElementById('page_number_0').value = 1;          }          bwg_ajax('gal_front_form_0', '0', 'bwg_thumbnails_mosaic_0', '0', '', 'gallery', 0, '', '', load_more, '', 1);        }                    jQuery('.first-page-0').on('click', function () {              spider_page_0(this, 1, -2, 'numeric');              return false;            });            jQuery('.prev-page-0').on('click', function () {              spider_page_0(this, 1, -1, 'numeric');              return false;            });            jQuery('.next-page-0').on('click', function () {              spider_page_0(this, 1, 1, 'numeric');              return false;            });            jQuery('.last-page-0').on('click', function () {              spider_page_0(this, 1, 2, 'numeric');              return false;            });        \t\t\t\t\/* Change page on input enter. *\/        function bwg_change_page_0( e, that ) {          if (  e.key == 'Enter' ) {            var to_page = parseInt(jQuery(that).val());            var pages_count = jQuery(that).parents(\".pagination-links\").data(\"pages-count\");            var current_url_param = jQuery(that).attr('data-url-info');            if (to_page > pages_count) {              to_page = 1;            }\t \t\t\t\t\t\t\t\t\t\t\t\tspider_page_0(this, to_page, 0, 'numeric');\t\t\t\t\t\t\treturn false;\t\t\t\t\t\t          }          return true;        }        jQuery('.bwg_load_btn_0').on('click', function () {            spider_page_0(this, 1, 1, true);            return false;        });      <\/script>      <\/span>                <\/div>        <\/form>              <\/div>    <\/div>    <script>      if (document.readyState === 'complete') {        if( typeof bwg_main_ready == 'function' ) {          if ( jQuery(\"#bwg_container1_0\").height() ) {            bwg_main_ready(jQuery(\"#bwg_container1_0\"));          }        }      } else {        document.addEventListener('DOMContentLoaded', function() {          if( typeof bwg_main_ready == 'function' ) {            if ( jQuery(\"#bwg_container1_0\").height() ) {             bwg_main_ready(jQuery(\"#bwg_container1_0\"));            }          }        });      }    <\/script>    <\/p>\n<p><\/span><\/p>\n","protected":false},"excerpt":{"rendered":"<p>Nonsolomodanews&nbsp;ha il piacere di presentare, ai propri lettori, le concorrenti che hanno partecipato e vinto una fascia alla finale nazionale del concorso&nbsp;Venere d&rsquo;Italia&nbsp;del patron Pietro Cortese. Il concorso, che si &egrave; svolto nell&rsquo;incantevole cornice dell&rsquo;hotel &ldquo;La Meridienne&rdquo; di Palestrina (Roma) ha visto partecipare moltissime miss provenienti da molti posti della nostra bella Italia. E&rsquo; il turno di&nbsp;Corinne De Mitri, Venere delle Veneri.&nbsp; Ringraziamo Corinne e lo staff di Venere d&rsquo;Italia per averci permesso di avere questa intervista in esclusiva e auguriamo ai lettori di &nbsp;Nonsolomodanews&nbsp;buona lettura.<\/p>\n","protected":false},"author":1,"featured_media":21113,"comment_status":"open","ping_status":"open","sticky":false,"template":"","format":"standard","meta":{"rop_custom_images_group":[],"rop_custom_messages_group":[],"rop_publish_now":"initial","rop_publish_now_accounts":[],"rop_publish_now_history":[],"rop_publish_now_status":"pending","footnotes":""},"categories":[16],"tags":[281,2968,1099,1162,1195,1605],"class_list":["post-21108","post","type-post","status-publish","format-standard","has-post-thumbnail","hentry","category-articolo","tag-bruno-angelo-porcellana","tag-corinne-de-mitri","tag-nonsolomodanews","tag-pietro-cortese","tag-puglia","tag-venere-ditalia"],"_links":{"self":[{"href":"https:\/\/www.nonsolomodanews.it\/wordpress\/wp-json\/wp\/v2\/posts\/21108","targetHints":{"allow":["GET"]}}],"collection":[{"href":"https:\/\/www.nonsolomodanews.it\/wordpress\/wp-json\/wp\/v2\/posts"}],"about":[{"href":"https:\/\/www.nonsolomodanews.it\/wordpress\/wp-json\/wp\/v2\/types\/post"}],"author":[{"embeddable":true,"href":"https:\/\/www.nonsolomodanews.it\/wordpress\/wp-json\/wp\/v2\/users\/1"}],"replies":[{"embeddable":true,"href":"https:\/\/www.nonsolomodanews.it\/wordpress\/wp-json\/wp\/v2\/comments?post=21108"}],"version-history":[{"count":5,"href":"https:\/\/www.nonsolomodanews.it\/wordpress\/wp-json\/wp\/v2\/posts\/21108\/revisions"}],"predecessor-version":[{"id":21164,"href":"https:\/\/www.nonsolomodanews.it\/wordpress\/wp-json\/wp\/v2\/posts\/21108\/revisions\/21164"}],"wp:featuredmedia":[{"embeddable":true,"href":"https:\/\/www.nonsolomodanews.it\/wordpress\/wp-json\/wp\/v2\/media\/21113"}],"wp:attachment":[{"href":"https:\/\/www.nonsolomodanews.it\/wordpress\/wp-json\/wp\/v2\/media?parent=21108"}],"wp:term":[{"taxonomy":"category","embeddable":true,"href":"https:\/\/www.nonsolomodanews.it\/wordpress\/wp-json\/wp\/v2\/categories?post=21108"},{"taxonomy":"post_tag","embeddable":true,"href":"https:\/\/www.nonsolomodanews.it\/wordpress\/wp-json\/wp\/v2\/tags?post=21108"}],"curies":[{"name":"wp","href":"https:\/\/api.w.org\/{rel}","templated":true}]}}