{"id":21103,"date":"2020-10-20T06:26:24","date_gmt":"2020-10-20T06:26:24","guid":{"rendered":"https:\/\/www.nonsolomodanews.it\/wordpress\/?p=21103"},"modified":"2020-10-20T06:26:24","modified_gmt":"2020-10-20T06:26:24","slug":"grazia-ferrara-venere-spettacolo-2020","status":"publish","type":"post","link":"https:\/\/www.nonsolomodanews.it\/wordpress\/grazia-ferrara-venere-spettacolo-2020\/","title":{"rendered":"Grazia Ferrara, Venere Spettacolo 2020"},"content":{"rendered":"<p><span style=\"color: #000000;\"><strong><img loading=\"lazy\" decoding=\"async\" class=\"size-medium wp-image-21104 alignleft\" src=\"https:\/\/www.nonsolomodanews.it\/wordpress\/wp-content\/uploads\/2020\/10\/image4-200x300.jpeg\" alt=\"\" width=\"200\" height=\"300\" srcset=\"https:\/\/www.nonsolomodanews.it\/wordpress\/wp-content\/uploads\/2020\/10\/image4-200x300.jpeg 200w, https:\/\/www.nonsolomodanews.it\/wordpress\/wp-content\/uploads\/2020\/10\/image4-682x1024.jpeg 682w, https:\/\/www.nonsolomodanews.it\/wordpress\/wp-content\/uploads\/2020\/10\/image4-768x1153.jpeg 768w, https:\/\/www.nonsolomodanews.it\/wordpress\/wp-content\/uploads\/2020\/10\/image4-1023x1536.jpeg 1023w, https:\/\/www.nonsolomodanews.it\/wordpress\/wp-content\/uploads\/2020\/10\/image4.jpeg 1066w\" sizes=\"auto, (max-width: 200px) 100vw, 200px\" \/>Nonsolomodanews<\/strong>\u00a0ha il piacere di presentare, ai propri lettori, le concorrenti che hanno partecipato e vinto una fascia alla finale nazionale del concorso\u00a0<a style=\"color: #000000;\" href=\"https:\/\/www.nonsolomodanews.it\/wordpress\/aurora-filitti-venere-ditalia-2020\/\">Venere d\u2019Italia\u00a0<\/a>del patron Pietro Cortese. Il concorso, che si \u00e8 svolto nell\u2019incantevole cornice dell\u2019hotel \u201cLa Meridienne\u201d di Palestrina (Roma) ha visto partecipare moltissime miss provenienti da molti posti della nostra bella Italia. E\u2019 il turno di <strong>Grazia Ferrara, Venere Spettacolo<em>.<\/em><\/strong>\u00a0 Ringraziamo Grazia e lo staff di Venere d\u2019Italia per averci permesso di avere questa intervista in esclusiva e auguriamo ai lettori di \u00a0<strong>Nonsolomodanews<\/strong>\u00a0buona lettura.<\/span><\/p>\n<p><!--more--><\/p>\n<p><span style=\"color: #000000;\"><strong>Ti vuoi presentare?<\/strong> <em>\u201cSalve a tutti, mi chiamo Grazia Ferrara, sono alta 168 cm. Ho gli occhi ed i capelli castani e il mio numero di scarpe \u00e8 il 39. Sono nata e vivo a Catania.\u201d<\/em><\/span><\/p>\n<p><span style=\"color: #000000;\"><strong>Complimenti per avere conquistato la fascia Venere Spettacolo.<\/strong><\/span><\/p>\n<p><span style=\"color: #000000;\"><strong>Ci dici in due parole le emozioni che hai provato partecipando al concorso?<\/strong><em> \u201cHo provato soprattutto\u00a0gioia, ma \u00e8\u00a0 difficile spiegare in due parole cosa ho provato perch\u00e9 Venere d\u2019Italia \u00e8 stato un mix di emozioni .\u201d<\/em><\/span><\/p>\n<p><span style=\"color: #000000;\"><strong>Come sei giunta alla finale nazionale?<\/strong><em> \u201cSono arrivata alla finale nazionale portandomi a casa la fascia da prima classificata del concorso Miss Bella del Mediterraneo .\u201d<\/em><\/span><\/p>\n<p><span style=\"color: #000000;\"><strong style=\"color: #000000;\">Come affronti la questione Covid19?<\/strong><em><span style=\"color: #000000;\"> \u201cLa questione Coronavirus la affronto rispettando accuratamente tutte le restrizioni anti Covid, cio\u00e8 usando la mascherina dove manca il metro di distanza, igienizzando le mani e soprattutto\u00a0non stare in posti affollati dove aumenta il rischio di contagio .\u201d<\/span><\/em><\/span><\/p>\n<p><span style=\"color: #000000;\"><strong>Come sei di carattere?<\/strong><em> \u201cMi definisco caratterialmente una ragazza molto leale, determinata, solare, e soprattutto tenace .\u201d<\/em><\/span><\/p>\n<p><span style=\"color: #000000;\"><strong>Sei una persona ambiziosa?<\/strong><em> \u201cAssolutamente si, anche molto .\u201d<\/em><\/span><\/p>\n<p><span style=\"color: #000000;\"><strong>Qual \u00e8 il colore preferito?<\/strong><em> \u201cAmo tutte le sfumature di blu, ma anche il rosa ed il bianco\u201d<\/em><\/span><\/p>\n<p><span style=\"color: #000000;\"><strong>Che cosa \u00e8 per te la femminilit\u00e0?<\/strong><em> \u201cLa femminilit\u00e0 per me \u00e8 eleganza, portamento, piccoli gesti che fanno distinguere una donna.\u201d<\/em><\/span><\/p>\n<p><span style=\"color: #000000;\"><strong>Pensi che presentarti davanti al pubblico in costume possa ledere la tua femminilit\u00e0?<\/strong><em> \u201cAssolutamente no.\u201d<\/em><\/span><\/p>\n<p><span style=\"color: #000000;\"><strong>Quando hai iniziato a partecipare a concorsi di bellezza? <\/strong><em>\u201cEstate 2019\u201d<\/em><\/span><\/p>\n<p><span style=\"color: #000000;\"><strong>Ti ricordi la prima volta?<\/strong><em> \u201cLa prima volta in passerella credo che sia indimenticabile. Ricordo le gambe ed il sorriso\u00a0 tremolanti che si univano alla voglia di intraprendere questo sogno che porto dentro fin da bambina.\u201d<\/em><\/span><\/p>\n<p><span style=\"color: #000000;\"><strong>Quali sono i generi fotografici che preferisci e perch\u00e9?<\/strong><em> \u201cAmo gli scatti in costume da bagno e soprattutto\u00a0quelli in elegante perch\u00e9 mi rispecchiano molto.\u201d<\/em><\/span><\/p>\n<p><span style=\"color: #000000;\"><strong>Hai un progetto fotografico ti piacerebbe realizzare?<\/strong><em> \u201cMi piacerebbe molto fare scatti in mezzo alla natura.\u201d<\/em><\/span><\/p>\n<p><span style=\"color: #000000;\"><strong>Hai degli hobby?<\/strong><em> \u201cCerto, uno dei miei hobby pi\u00f9 grandi \u00e8 la danza, che pratico da quando avevo 5 anni.\u201d<\/em><\/span><\/p>\n<p><span style=\"color: #000000;\"><strong>Hai una modella famosa che conosci e alla quale ti ispiri?<\/strong><em> \u201cMi ispiro tantissimo alle modelle di Victoria\u2019s Secret, soprattutto\u00a0ad Adriana Lima.\u201d<\/em><\/span><\/p>\n<p><span style=\"color: #000000;\"><strong>Che cos&#8217;\u00e8 per te la moda?<\/strong><em> \u201cPer me la moda \u00e8 rappresentare se stessi, la propria personalit\u00e0 attraverso tutte le sfaccettature di essa. A partire dai capi d\u2019abbigliamento, dai tessuti o dagli accessori.\u201d<\/em><\/span><\/p>\n<p><span style=\"color: #000000;\"><strong>Qual \u00e8 l&#8217;accessorio che non ti stacchi mai quando esci?<\/strong><em> \u201cGli accessori che sono sempre con me, sono i bracciali e le borse.\u201d<\/em><\/span><\/p>\n<p><span style=\"color: #000000;\"><strong>Come ti informi, giornali o TV?<\/strong><em> \u201cPer lo pi\u00f9 Tv.\u201d<\/em><\/span><\/p>\n<p><span style=\"color: #000000;\"><strong>Cosa significa per te essere una Venere Spettacolo?<\/strong><em> \u201cPer me aver portato a casa la fascia Venere Spettacolo \u00e8 un grand orgoglio ed una grandissima emozione, proprio perch\u00e9 mi rappresenta a pieno.\u201d<\/em><\/span><\/p>\n<p><span style=\"color: #000000;\"><strong>Che cosa ti affascina di pi\u00f9 del mondo dello Spettacolo?<\/strong><em> \u201cIl mondo dello spettacolo \u00e8 un mondo dove tu puoi conoscerti a pieno e mi affascina proprio ci\u00f2 . Da piccola giocavo a condurre i programmi televisivi proprio perch\u00e9 \u00e8 uno dei miei sogni nel cassetto ed user\u00f2\u00a0 tutti i mezzi per realizzarlo.\u201d<\/em><\/span><\/p>\n<p><span style=\"color: #000000;\"><strong>Come \u00e8 stato il rapporto con le altre concorrenti del concorso? <\/strong><em>\u201cTutte le ragazze sono state molto socievole e simpatiche\u201d<\/em><\/span><\/p>\n<p><span style=\"color: #000000;\"><strong>E&#8217; nata qualche nuova amicizia?<\/strong><em> \u201cSono nate amicizie splendide soprattutto\u00a0con delle ragazze della mia stessa regione. Ancora oggi ci teniamo in contatto!\u201d<\/em><\/span><\/p>\n<p><span style=\"color: #000000;\"><strong>Se avessi di fronte a te le altre concorrenti del concorso che cosa le vorresti dire che non hai detto la sera dell\u2019incoronazione della Venere d\u2019Italia 2020?<\/strong><em> \u201cDirei di continuare questo percorso perch\u00e9 hanno tanto potenziale.\u201d<\/em><\/span><\/p>\n<p><span style=\"color: #000000;\"><strong>Hai un episodio\/aneddoto curioso che ti \u00e8 capitato durante la finale che ci vuoi raccontare?<\/strong><em> \u201cSfortunatamente non ho nessun aneddoto da raccontare.\u201d<\/em><\/span><\/p>\n<p><span style=\"color: #000000;\"><strong>Sogno nel cassetto?<\/strong><em> \u201cEntrare a far parte del mondo dello spettacolo e diventare una modella per brand famosi.\u201d<\/em><\/span><\/p>\n<p><span style=\"color: #000000;\"><strong>Ultima domanda, hai qualche persona in particolare da ringraziare per la tua partecipazione al concorso Venere d\u2019Italia?<\/strong><em> \u201cRingrazio assolutamente mia mamma che mi ha accompagnato in questa splendida avventura e che mi ha sostenuta come ogni giorno della mia vita.\u201d<\/em><\/span><\/p>\n<p><span style=\"color: #000000;\"><strong><a style=\"color: #000000;\" href=\"https:\/\/www.instagram.com\/brunoangeloporcellana\/\">Bruno Angelo Porcellana\u00a0<\/a><\/strong><\/span><\/p>\n<p style=\"text-align: center;\"><span style=\"color: #000000;\">Le fotografie sono state fornite da Grazia Ferrara \u2013 I crediti appartengono ai relativi fotografi<\/span><br \/>\n<span style=\"color: #000000;\">\u00a0Tutti i diritti riservati \u00a9 2020 \u2013 Email: nonsolomodanews@gmail.com<style id=\"bwg-style-0\">      #bwg_container1_0 #bwg_container2_0 #bwg_mosaic_thumbnails_div_0 {        width: 100%;        position: relative;        background-color: rgba(255, 255, 255, 0.00);        text-align: center;        justify-content: center;                  margin-left: auto;          margin-right: auto;                    padding-left: 4px;          padding-top: 4px;                }          #bwg_container1_0 #bwg_container2_0 .bwg_mosaic_thumb_spun_0 {        display: block;        position: absolute;\t\t\t\tborder-radius: 0;\t\t\t\tborder: 0px none #CCCCCC;    \t\t    \t\tbackground-color:rgba(0,0,0, 0.30);        -moz-box-sizing: content-box !important;        -webkit-box-sizing: content-box !important;        box-sizing: content-box !important;      }\t\t\t#bwg_container1_0 #bwg_container2_0 .bwg_mosaic_thumb_0 {\t\t\t\tdisplay: block;\t\t\t\t-moz-box-sizing: content-box !important;\t\t\t\t-webkit-box-sizing: content-box !important;\t\t\t\tbox-sizing: content-box !important;\t\t\t\tmargin: 0;\t\t\t\topacity: 1.00;\t\t\t}      #bwg_container1_0 #bwg_container2_0 .bwg_mosaic_thumb_spun_0:hover {        opacity: 1;        backface-visibility: hidden;        -webkit-backface-visibility: hidden;        -moz-backface-visibility: hidden;        -ms-backface-visibility: hidden;        z-index: 102;      }\t      @media only screen and (min-width: 480px) {        #bwg_container1_0 #bwg_container2_0 .bwg_mosaic_thumb_spun_0:hover {          transform: scale(1.1);          -ms-transform: scale(1.1);          -webkit-transform: scale(1.1);        }      }\t      #bwg_container1_0 #bwg_container2_0 .bwg_mosaic_thumbnails_0 {        background-color: rgba(255, 255, 255, 0.00);        font-size: 0;        position: relative;        text-align: center;        display: inline-block;        visibility: hidden;              }\t  \/*image title styles*\/      #bwg_container1_0 #bwg_container2_0 .bwg_mosaic_title_spun1_0,      #bwg_container1_0 #bwg_container2_0 .bwg-mosaic-thumbnails .bwg_ecommerce_spun1_0 {        position: absolute;        display: block;        opacity: 0;        box-sizing: border-box;        text-align: center;\t\t\t\ttop: 50%;\t\t\t\tleft: 50%;\t\t\t\ttransform: translate(-50%, -50%);      }      #bwg_container1_0 #bwg_container2_0 .bwg-mosaic-thumbnails .bwg_mosaic_title_spun2_0,      #bwg_container1_0 #bwg_container2_0 .bwg-mosaic-thumbnails .bwg_ecommerce_spun2_0 {\t\t    color: #CCCCCC;        font-family: segoe ui;        font-size: 16px;        font-weight: bold;        text-shadow: 0px 0px 0px #888888;        vertical-align: middle;        word-wrap: break-word;      }            .bwg_mosaic_play_icon_spun_0 {        display: table;        position: absolute;        left: -10000px;        top: 0px;        opacity: 0;      }      .bwg_mosaic_play_icon_0 {        color: #CCCCCC;        font-size: 32px;        vertical-align: middle;        display: table-cell !important;        z-index: 1;        text-align: center;        margin: 0 auto;      }      #bwg_container1_0 #bwg_container2_0 .bwg_gal_title_0 {        background-color: rgba(0, 0, 0, 0);        color: #323A45;        display: block;        font-family: Ubuntu;        font-size: 16px;        font-weight: bold;        padding: 2px;        text-shadow: ;        text-align: center;      }            @media screen and (max-width: 280px) {      div[class^=\"bwg_mosaic_thumbnails_\"],      span[class^=\"bwg_mosaic_thumb_spun_\"] {      width: 100% !important;      }      img[class^=\"bwg_mosaic_thumb_\"] {      width: 100% !important;      height: auto !important;      margin: 0px auto !important;      }      }      <\/style>    <div id=\"bwg_container1_0\"         class=\"bwg_container bwg_thumbnail bwg_thumbnails_mosaic \"         data-right-click-protection=\"0\"         data-bwg=\"0\"         data-scroll=\"0\"         data-gallery-type=\"thumbnails_mosaic\"         data-gallery-view-type=\"thumbnails_mosaic\"         data-current-url=\"\/wordpress\/wp-json\/wp\/v2\/posts\/21103\"         data-lightbox-url=\"https:\/\/www.nonsolomodanews.it\/wordpress\/wp-admin\/admin-ajax.php?action=GalleryBox&#038;current_view=0&#038;gallery_id=500&#038;tag=0&#038;theme_id=1&#038;shortcode_id=538&#038;sort_by=order&#038;order_by=asc&#038;current_url=%2Fwordpress%2Fwp-json%2Fwp%2Fv2%2Fposts%2F21103\"         data-gallery-id=\"500\"         data-popup-width=\"800\"         data-popup-height=\"500\"         data-is-album=\"gallery\"         data-buttons-position=\"bottom\">      <div id=\"bwg_container2_0\">             <div id=\"ajax_loading_0\" class=\"bwg_loading_div_1\">      <div class=\"bwg_loading_div_2\">        <div class=\"bwg_loading_div_3\">          <div id=\"loading_div_0\" class=\"bwg_spider_ajax_loading\">          <\/div>        <\/div>      <\/div>    <\/div>            <form id=\"gal_front_form_0\"              class=\"bwg-hidden\"              method=\"post\"              action=\"#\"              data-current=\"0\"              data-shortcode-id=\"538\"              data-gallery-type=\"thumbnails_mosaic\"              data-gallery-id=\"500\"              data-tag=\"0\"              data-album-id=\"0\"              data-theme-id=\"1\"              data-ajax-url=\"https:\/\/www.nonsolomodanews.it\/wordpress\/wp-admin\/admin-ajax.php?action=bwg_frontend_data\">          <div id=\"bwg_container3_0\" class=\"bwg-background bwg-background-0\">                <div id=\"bwg_mosaic_thumbnails_div_0\"         class=\"bwg-container-0 bwg-container bwg-mosaic-thumbnails\"         data-bwg=\"0\"         data-mosaic-direction=\"vertical\"         data-resizable=\"0\"         data-width=\"180\"         data-height=\"90\"         data-total-width=\"100\"         data-block-id=\"bwg_thumbnails_mosaic_0\"         data-thumb-padding=\"4\"         data-thumb-border=\"0\"         data-title-margin=\"2px\"         data-image-title=\"none\"         data-play-icon=\"1\"         data-ecommerce-icon=\"none\"         data-gallery-id=\"500\"         data-lightbox-url=\"https:\/\/www.nonsolomodanews.it\/wordpress\/wp-admin\/admin-ajax.php?action=GalleryBox&#038;current_view=0&#038;gallery_id=500&#038;tag=0&#038;theme_id=1&#038;shortcode_id=538&#038;sort_by=order&#038;order_by=asc&#038;current_url=%2Fwordpress%2Fwp-json%2Fwp%2Fv2%2Fposts%2F21103\"         data-mosaic-thumb-transition=\"1\"         style=\"visibility: hidden\" >      <div id=\"bwg_thumbnails_mosaic_0\" class=\"bwg_mosaic_thumbnails_0\">                  <a class=\"bwg-a\" >          <div class=\"bwg_mosaic_thumb_spun_0 bwg-item0 bwg-mosaic-thumb-span \">            <img decoding=\"async\" class=\"bwg_mosaic_thumb_0 skip-lazy bwg_img_clear bwg_img_custom \"                 id=\"31084\"                 src=\"https:\/\/www.nonsolomodanews.it\/wordpress\/wp-content\/uploads\/photo-gallery\/Grazia%20Ferrara\/thumb\/Z%20jpg%20Spazio%20Disponibile%20-%20pubblicit\u00e0%20-%20Copia.jpg?bwg=1624548760\"                 data-src=\"https:\/\/www.nonsolomodanews.it\/wordpress\/wp-content\/uploads\/photo-gallery\/Grazia%20Ferrara\/thumb\/Z%20jpg%20Spazio%20Disponibile%20-%20pubblicit\u00e0%20-%20Copia.jpg?bwg=1624548760\"                 data-width=\"\"                 data-height=\"\"                 alt=\"Z jpg Spazio Disponibile - pubblicit\u00e0 - Copia\"                 title=\"Z jpg Spazio Disponibile - pubblicit\u00e0 - Copia\" \/>                      <\/div>        <\/a>                <a class=\"bwg-a\" >          <div class=\"bwg_mosaic_thumb_spun_0 bwg-item0 bwg-mosaic-thumb-span \">            <img decoding=\"async\" class=\"bwg_mosaic_thumb_0 skip-lazy bwg_img_clear bwg_img_custom \"                 id=\"31083\"                 src=\"https:\/\/www.nonsolomodanews.it\/wordpress\/wp-content\/uploads\/photo-gallery\/Grazia%20Ferrara\/thumb\/image6.jpeg?bwg=1624548760\"                 data-src=\"https:\/\/www.nonsolomodanews.it\/wordpress\/wp-content\/uploads\/photo-gallery\/Grazia%20Ferrara\/thumb\/image6.jpeg?bwg=1624548760\"                 data-width=\"\"                 data-height=\"\"                 alt=\"image6\"                 title=\"image6\" \/>                      <\/div>        <\/a>                <a class=\"bwg-a\" >          <div class=\"bwg_mosaic_thumb_spun_0 bwg-item0 bwg-mosaic-thumb-span \">            <img decoding=\"async\" class=\"bwg_mosaic_thumb_0 skip-lazy bwg_img_clear bwg_img_custom \"                 id=\"31082\"                 src=\"https:\/\/www.nonsolomodanews.it\/wordpress\/wp-content\/uploads\/photo-gallery\/Grazia%20Ferrara\/thumb\/image5.jpeg?bwg=1624548760\"                 data-src=\"https:\/\/www.nonsolomodanews.it\/wordpress\/wp-content\/uploads\/photo-gallery\/Grazia%20Ferrara\/thumb\/image5.jpeg?bwg=1624548760\"                 data-width=\"\"                 data-height=\"\"                 alt=\"image5\"                 title=\"image5\" \/>                      <\/div>        <\/a>                <a class=\"bwg-a\" >          <div class=\"bwg_mosaic_thumb_spun_0 bwg-item0 bwg-mosaic-thumb-span \">            <img decoding=\"async\" class=\"bwg_mosaic_thumb_0 skip-lazy bwg_img_clear bwg_img_custom \"                 id=\"31081\"                 src=\"https:\/\/www.nonsolomodanews.it\/wordpress\/wp-content\/uploads\/photo-gallery\/Grazia%20Ferrara\/thumb\/image4.jpeg?bwg=1624548760\"                 data-src=\"https:\/\/www.nonsolomodanews.it\/wordpress\/wp-content\/uploads\/photo-gallery\/Grazia%20Ferrara\/thumb\/image4.jpeg?bwg=1624548760\"                 data-width=\"\"                 data-height=\"\"                 alt=\"image4\"                 title=\"image4\" \/>                      <\/div>        <\/a>                <a class=\"bwg-a\" >          <div class=\"bwg_mosaic_thumb_spun_0 bwg-item0 bwg-mosaic-thumb-span \">            <img decoding=\"async\" class=\"bwg_mosaic_thumb_0 skip-lazy bwg_img_clear bwg_img_custom \"                 id=\"31080\"                 src=\"https:\/\/www.nonsolomodanews.it\/wordpress\/wp-content\/uploads\/photo-gallery\/Grazia%20Ferrara\/thumb\/image3.jpeg?bwg=1624548760\"                 data-src=\"https:\/\/www.nonsolomodanews.it\/wordpress\/wp-content\/uploads\/photo-gallery\/Grazia%20Ferrara\/thumb\/image3.jpeg?bwg=1624548760\"                 data-width=\"\"                 data-height=\"\"                 alt=\"image3\"                 title=\"image3\" \/>                      <\/div>        <\/a>                <a class=\"bwg-a\" >          <div class=\"bwg_mosaic_thumb_spun_0 bwg-item0 bwg-mosaic-thumb-span \">            <img decoding=\"async\" class=\"bwg_mosaic_thumb_0 skip-lazy bwg_img_clear bwg_img_custom \"                 id=\"31079\"                 src=\"https:\/\/www.nonsolomodanews.it\/wordpress\/wp-content\/uploads\/photo-gallery\/Grazia%20Ferrara\/thumb\/image2.jpeg?bwg=1624548760\"                 data-src=\"https:\/\/www.nonsolomodanews.it\/wordpress\/wp-content\/uploads\/photo-gallery\/Grazia%20Ferrara\/thumb\/image2.jpeg?bwg=1624548760\"                 data-width=\"\"                 data-height=\"\"                 alt=\"image2\"                 title=\"image2\" \/>                      <\/div>        <\/a>                <a class=\"bwg-a\" >          <div class=\"bwg_mosaic_thumb_spun_0 bwg-item0 bwg-mosaic-thumb-span \">            <img decoding=\"async\" class=\"bwg_mosaic_thumb_0 skip-lazy bwg_img_clear bwg_img_custom \"                 id=\"31078\"                 src=\"https:\/\/www.nonsolomodanews.it\/wordpress\/wp-content\/uploads\/photo-gallery\/Grazia%20Ferrara\/thumb\/image1.jpeg?bwg=1624548760\"                 data-src=\"https:\/\/www.nonsolomodanews.it\/wordpress\/wp-content\/uploads\/photo-gallery\/Grazia%20Ferrara\/thumb\/image1.jpeg?bwg=1624548760\"                 data-width=\"\"                 data-height=\"\"                 alt=\"image1\"                 title=\"image1\" \/>                      <\/div>        <\/a>                <a class=\"bwg-a\" >          <div class=\"bwg_mosaic_thumb_spun_0 bwg-item0 bwg-mosaic-thumb-span \">            <img decoding=\"async\" class=\"bwg_mosaic_thumb_0 skip-lazy bwg_img_clear bwg_img_custom \"                 id=\"31077\"                 src=\"https:\/\/www.nonsolomodanews.it\/wordpress\/wp-content\/uploads\/photo-gallery\/Grazia%20Ferrara\/thumb\/image0.jpeg?bwg=1624548760\"                 data-src=\"https:\/\/www.nonsolomodanews.it\/wordpress\/wp-content\/uploads\/photo-gallery\/Grazia%20Ferrara\/thumb\/image0.jpeg?bwg=1624548760\"                 data-width=\"\"                 data-height=\"\"                 alt=\"image0\"                 title=\"image0\" \/>                      <\/div>        <\/a>            <\/div>    <\/div>    <style>      \/*pagination styles*\/      #bwg_container1_0 #bwg_container2_0 .tablenav-pages_0 {\t\t\t\ttext-align: center;\t\t\t\tfont-size: 12px;\t\t\t\tfont-family: segoe ui;\t\t\t\tfont-weight: bold;\t\t\t\tcolor: #666666;\t\t\t\tmargin: 6px 0 4px;\t\t\t\tdisplay: block;      }      @media only screen and (max-width : 320px) {      #bwg_container1_0 #bwg_container2_0 .displaying-num_0 {     \t display: none;      }      }      #bwg_container1_0 #bwg_container2_0 .displaying-num_0 {\t\t\t\tfont-size: 12px;\t\t\t\tfont-family: segoe ui;\t\t\t\tfont-weight: bold;\t\t\t\tcolor: #666666;\t\t\t\tmargin-right: 10px;\t\t\t\tvertical-align: middle;      }      #bwg_container1_0 #bwg_container2_0 .paging-input_0 {\t\t\t\tfont-size: 12px;\t\t\t\tfont-family: segoe ui;\t\t\t\tfont-weight: bold;\t\t\t\tcolor: #666666;\t\t\t\tvertical-align: middle;      }      #bwg_container1_0 #bwg_container2_0 .tablenav-pages_0 a.disabled,      #bwg_container1_0 #bwg_container2_0 .tablenav-pages_0 a.disabled:hover,      #bwg_container1_0 #bwg_container2_0 .tablenav-pages_0 a.disabled:focus,\t\t\t#bwg_container1_0 #bwg_container2_0 .tablenav-pages_0 input.bwg_current_page {\t\t\t\tcursor: default;\t\t\t\tcolor: rgba(102, 102, 102, 0.5);      }      #bwg_container1_0 #bwg_container2_0 .tablenav-pages_0 a,      #bwg_container1_0 #bwg_container2_0 .tablenav-pages_0 input.bwg_current_page {\t\t\t\tcursor: pointer;\t\t\t\ttext-align: center;\t\t\t\tfont-size: 12px;\t\t\t\tfont-family: segoe ui;\t\t\t\tfont-weight: bold;\t\t\t\tcolor: #666666;\t\t\t\ttext-decoration: none;\t\t\t\tpadding: 3px 6px;\t\t\t\tmargin: 0;\t\t\t\tborder-radius: 0;\t\t\t\tborder-style: solid;\t\t\t\tborder-width: 1px;\t\t\t\tborder-color: #E3E3E3;\t\t\t\t\t\t\t\tbackground-color: rgba(255, 255, 255, 1.00);\t\t\t\tbox-shadow: 0;\t\t\t\ttransition: all 0.3s ease 0s;-webkit-transition: all 0.3s ease 0s;      }      <\/style>      <span class=\"bwg_nav_cont_0\">              <div class=\"tablenav-pages_0\">                  <\/div>                <input type=\"hidden\" id=\"page_number_0\" name=\"page_number_0\" value=\"1\" \/>      <script type=\"text\/javascript\">        if( jQuery('.bwg_nav_cont_0').length > 1 ) {          jQuery('.bwg_nav_cont_0').first().remove()        }        function spider_page_0(cur, x, y, load_more) {          if (typeof load_more == \"undefined\") {            var load_more = false;          }          if (jQuery(cur).hasClass('disabled')) {            return false;          }          var items_county_0 = 1;          switch (y) {            case 1:              if (x >= items_county_0) {                document.getElementById('page_number_0').value = items_county_0;              }              else {                document.getElementById('page_number_0').value = x + 1;              }              break;            case 2:              document.getElementById('page_number_0').value = items_county_0;              break;            case -1:              if (x == 1) {                document.getElementById('page_number_0').value = 1;              }              else {                document.getElementById('page_number_0').value = x - 1;              }              break;            case -2:              document.getElementById('page_number_0').value = 1;              break;\t\t\t\t\t\tcase 0:              document.getElementById('page_number_0').value = x;              break;            default:              document.getElementById('page_number_0').value = 1;          }          bwg_ajax('gal_front_form_0', '0', 'bwg_thumbnails_mosaic_0', '0', '', 'gallery', 0, '', '', load_more, '', 1);        }                    jQuery('.first-page-0').on('click', function () {              spider_page_0(this, 1, -2, 'numeric');              return false;            });            jQuery('.prev-page-0').on('click', function () {              spider_page_0(this, 1, -1, 'numeric');              return false;            });            jQuery('.next-page-0').on('click', function () {              spider_page_0(this, 1, 1, 'numeric');              return false;            });            jQuery('.last-page-0').on('click', function () {              spider_page_0(this, 1, 2, 'numeric');              return false;            });        \t\t\t\t\/* Change page on input enter. *\/        function bwg_change_page_0( e, that ) {          if (  e.key == 'Enter' ) {            var to_page = parseInt(jQuery(that).val());            var pages_count = jQuery(that).parents(\".pagination-links\").data(\"pages-count\");            var current_url_param = jQuery(that).attr('data-url-info');            if (to_page > pages_count) {              to_page = 1;            }\t \t\t\t\t\t\t\t\t\t\t\t\tspider_page_0(this, to_page, 0, 'numeric');\t\t\t\t\t\t\treturn false;\t\t\t\t\t\t          }          return true;        }        jQuery('.bwg_load_btn_0').on('click', function () {            spider_page_0(this, 1, 1, true);            return false;        });      <\/script>      <\/span>                <\/div>        <\/form>              <\/div>    <\/div>    <script>      if (document.readyState === 'complete') {        if( typeof bwg_main_ready == 'function' ) {          if ( jQuery(\"#bwg_container1_0\").height() ) {            bwg_main_ready(jQuery(\"#bwg_container1_0\"));          }        }      } else {        document.addEventListener('DOMContentLoaded', function() {          if( typeof bwg_main_ready == 'function' ) {            if ( jQuery(\"#bwg_container1_0\").height() ) {             bwg_main_ready(jQuery(\"#bwg_container1_0\"));            }          }        });      }    <\/script>    <\/p>\n<p><\/span><\/p>\n","protected":false},"excerpt":{"rendered":"<p>Nonsolomodanews&nbsp;ha il piacere di presentare, ai propri lettori, le concorrenti che hanno partecipato e vinto una fascia alla finale nazionale del concorso&nbsp;Venere d&rsquo;Italia&nbsp;del patron Pietro Cortese. Il concorso, che si &egrave; svolto nell&rsquo;incantevole cornice dell&rsquo;hotel &ldquo;La Meridienne&rdquo; di Palestrina (Roma) ha visto partecipare moltissime miss provenienti da molti posti della nostra bella Italia. E&rsquo; il turno di Grazia Ferrara, Venere Spettacolo.&nbsp; Ringraziamo Grazia e lo staff di Venere d&rsquo;Italia per averci permesso di avere questa intervista in esclusiva e auguriamo ai lettori di &nbsp;Nonsolomodanews&nbsp;buona lettura.<\/p>\n","protected":false},"author":1,"featured_media":21105,"comment_status":"open","ping_status":"open","sticky":false,"template":"","format":"standard","meta":{"rop_custom_images_group":[],"rop_custom_messages_group":[],"rop_publish_now":"initial","rop_publish_now_accounts":[],"rop_publish_now_history":[],"rop_publish_now_status":"pending","footnotes":""},"categories":[16],"tags":[281,8182,1099,1162,1321,2113],"class_list":["post-21103","post","type-post","status-publish","format-standard","has-post-thumbnail","hentry","category-articolo","tag-bruno-angelo-porcellana","tag-grazia-ferrara","tag-nonsolomodanews","tag-pietro-cortese","tag-sicilia","tag-venere-spettacolo"],"_links":{"self":[{"href":"https:\/\/www.nonsolomodanews.it\/wordpress\/wp-json\/wp\/v2\/posts\/21103","targetHints":{"allow":["GET"]}}],"collection":[{"href":"https:\/\/www.nonsolomodanews.it\/wordpress\/wp-json\/wp\/v2\/posts"}],"about":[{"href":"https:\/\/www.nonsolomodanews.it\/wordpress\/wp-json\/wp\/v2\/types\/post"}],"author":[{"embeddable":true,"href":"https:\/\/www.nonsolomodanews.it\/wordpress\/wp-json\/wp\/v2\/users\/1"}],"replies":[{"embeddable":true,"href":"https:\/\/www.nonsolomodanews.it\/wordpress\/wp-json\/wp\/v2\/comments?post=21103"}],"version-history":[{"count":4,"href":"https:\/\/www.nonsolomodanews.it\/wordpress\/wp-json\/wp\/v2\/posts\/21103\/revisions"}],"predecessor-version":[{"id":21151,"href":"https:\/\/www.nonsolomodanews.it\/wordpress\/wp-json\/wp\/v2\/posts\/21103\/revisions\/21151"}],"wp:featuredmedia":[{"embeddable":true,"href":"https:\/\/www.nonsolomodanews.it\/wordpress\/wp-json\/wp\/v2\/media\/21105"}],"wp:attachment":[{"href":"https:\/\/www.nonsolomodanews.it\/wordpress\/wp-json\/wp\/v2\/media?parent=21103"}],"wp:term":[{"taxonomy":"category","embeddable":true,"href":"https:\/\/www.nonsolomodanews.it\/wordpress\/wp-json\/wp\/v2\/categories?post=21103"},{"taxonomy":"post_tag","embeddable":true,"href":"https:\/\/www.nonsolomodanews.it\/wordpress\/wp-json\/wp\/v2\/tags?post=21103"}],"curies":[{"name":"wp","href":"https:\/\/api.w.org\/{rel}","templated":true}]}}