{"id":20252,"date":"2020-04-15T16:51:49","date_gmt":"2020-04-15T16:51:49","guid":{"rendered":"https:\/\/www.nonsolomodanews.it\/wordpress\/?p=20252"},"modified":"2020-04-15T16:51:49","modified_gmt":"2020-04-15T16:51:49","slug":"gloria-giacosa-modella-per-caso-con-un-cuore-grande","status":"publish","type":"post","link":"https:\/\/www.nonsolomodanews.it\/wordpress\/gloria-giacosa-modella-per-caso-con-un-cuore-grande\/","title":{"rendered":"Gloria Giacosa, modella per caso con un cuore grande"},"content":{"rendered":"<p><span style=\"color: #000000;\"><strong><a style=\"color: #000000;\" href=\"https:\/\/www.nonsolomodanews.it\/wordpress\/model-gloria-giacosa-028\/\"><img loading=\"lazy\" decoding=\"async\" class=\"size-medium wp-image-20254 alignleft\" src=\"https:\/\/www.nonsolomodanews.it\/wordpress\/wp-content\/uploads\/2020\/04\/Model-Gloria-Giacosa-028-212x300.jpg\" alt=\"\" width=\"212\" height=\"300\" srcset=\"https:\/\/www.nonsolomodanews.it\/wordpress\/wp-content\/uploads\/2020\/04\/Model-Gloria-Giacosa-028-212x300.jpg 212w, https:\/\/www.nonsolomodanews.it\/wordpress\/wp-content\/uploads\/2020\/04\/Model-Gloria-Giacosa-028.jpg 678w\" sizes=\"auto, (max-width: 212px) 100vw, 212px\" \/><\/a>Nonsolomodanews<\/strong> ha il piacere di raccontare la quarantena di <strong>Gloria Giacosa<\/strong>, una grande amica di Nonsolomodanews. Proprio sul nostro magazine online Gloria ha presentato due edizioni del calendario, realizzato per scopi benefici (<a style=\"color: #000000;\" href=\"https:\/\/www.nonsolomodanews.it\/wordpress\/17039-2\/\">qui si pu\u00f2 vedere la presentazione<\/a>) Questa \u00e8 la prima volta che Gloria concede una intervista e che ci parla della sua vita da quando c\u2019\u00e8 il coronavirus. Laureata, consulente commerciale, fotomodella, presentatrice e ora anche scrittrice, infatti ha scritto un libro il cui ricavato andr\u00e0 alla Protezione Civile. Ringraziamo Gloria per questa lunghissima intervista e auguriamo ai nostri lettori buona lettura.<\/span><\/p>\n<p>&nbsp;<\/p>\n<p><span style=\"color: #000000;\"><strong>Ciao, benvenuta su Nonsolomodanews, ti vuoi presentare? <\/strong><em>\u201cSono na<\/em><em>ta a Savona il 21 luglio 1981. Alta (bassa ahaha ) 164 cm, 39 di scarpe. 91-61-91 le mie misure. Sono bionda naturale, ma bionda chiara artificiale, ho un fisico molto concentrato :), molto formoso con sedere e seno piuttosto pronunciati. Il seno sembra rifatto, ma non lo \u00e8. Sono Gloria Giacosa, sono una fotomodella semiprofessionista, laurea magistrale in brand management, Il mio lavoro principale \u00e8 la consulente commerciale per una multinazionale americana. Scatto per passione. Sono diventata famosa per i miei calendari benefici, realizzati non pi\u00f9 giovanissima. Oltre al mondo della fotografia, ho fatto l\u2019inviata in Rai, la presentatrice, ospite a Rtl con Pio e Amedeo, complice in un servizio delle Iene e protagonista di un servizio su Formen.<\/em> <em>Recentemente ho scritto un libro il cui ricavato andr\u00e0 alla protezione civile\u201d. <\/em><\/span><\/p>\n<p><span style=\"color: #000000;\"><strong>Ciao<\/strong><strong>, come stai affrontando la quarantena da Covid-19? <\/strong><em>\u201cNella vita non sempre (anzi, quasi mai), possiamo prevedere il nostro futuro. Anche se facciamo progetti, a un certo punto, arriva una carta che spariglia tutte le altre carte che avevamo disposto nel miglior modo possibile, secondo i nostri piani. Parafrasando Nadia Toffa, la vita invece \u00e8 proprio come ti giochi quell&#8217; ultima carta imprevista. <\/em><\/span><\/p>\n<p><span style=\"color: #000000;\"><em>In questo momento dobbiamo utilizzare il nostro tempo per trasformare un accaduto molto negativo, in qualcosa di positivo per la nostra esperienza. Fare ci\u00f2 che non abbiamo mai avuto modo di fare, leggere dei libri che non avevamo avuto il tempo di leggere, imparare on line una lingua straniera\u2026 Io ho scritto un libro, sto facendo ginnastica in casa perch\u00e9 di solito non ho tanto tempo, e sto imparando a fare la donna di casa, perch\u00e9 per studio e lavoro mi sono sempre dedicata poco alle faccende domestiche e alla cucina\u201d. <\/em><\/span><\/p>\n<p><span style=\"color: #000000;\"><strong>Quando hai saputo che non potevi muoverti da casa se non per casi urgenti e indifferibili, quale \u00e8 stato il tuo primo pensiero <\/strong><em>\u201cHo pensato che avrei utilizzato quel tempo per aiutare la protezione civile. <\/em><em>Ho scritto un libro (ESCILE, STUPIDARIO MASCHILE AL TEMPO DELLE CHAT, in vendita contattandomi sui social o direttamente su Amazon) . Era tempo che volevo farlo, ma non avevo mai il tempo! E\u2019 caratterizzato da conversazioni molto divertenti con alcuni fans o seguaci (ovviamente i loro nomi sono censurati). Si va dalle proposte pi\u00f9 assurde, a considerazioni personali in un italiano un po\u2019alternativo\u2026 insomma \u00e8 divertente, non ha lo scopo di giudicare, ma di divertire, in un momento in cui c\u2019\u00e8 bisogno di ridere, questo anche grazie alla firma di un giornalista umoristico del noto sito satirico Lercio, Stefano Pisani . <\/em><em>All\u2019interno del libro ci sono anche alcuni scatti incensurati, che hanno lo scopo di allietare ancora di pi\u00f9 la quarantena, e di vendere pi\u00f9 copie possibili, al fine di aiutare la protezione civile<\/em><em>\u201d.<\/em><\/span><\/p>\n<p><span style=\"color: #000000;\"><strong>Quale idea ti sei fatta in merito alla emergenza sanitaria? <\/strong><em>\u201cNon posso parlare di materie che ignoro, solo perch\u00e9 ho letto delle notizie su internet di cui non conosco nemmeno la fonte. Ognuno deve fare il suo lavoro. I virologi (bravi) devono fare il loro e parlare al mio posto. Molto probabilmente, per evitare la completa depressione economica del paese, verranno riaperte poco per volta le attivit\u00e0, ma per un po\u2019, finch\u00e9 non ci saranno vaccini e farmaci efficaci e testati (e ci vogliono mesi), dovremo convivere col virus. Quindi cambieremo il nostro modo di vivere<\/em><em>\u201d.<\/em><\/span><\/p>\n<p><span style=\"color: #000000;\"><strong>Con chi stai condividendo l\u2019esperienza? <\/strong><em>\u201cCoi miei genitori. Ero tornata a casa da loro per il weekend (vivono in un paesino dell\u2019entroterra savonese, mentre io vivo e lavoro a Genova) , quando \u00e8 stato emanato il decreto che mi ha anche costretta a non tornare al lavoro. Mi sto godendo i miei genitori che non sono pi\u00f9 giovanissimi e questo mi rende molto felice. Il tempo \u00e8 un bene prezioso<\/em><em>\u201d.<\/em><\/span><\/p>\n<p><span style=\"color: #000000;\"><strong>Pensi che questa condizione possa mettere in discussione la salute mentale delle persone? <\/strong><em>\u201cAssolutamente si. Le menti pi\u00f9 deboli, rischiano di dover fare i conti con un\u2019importante solitudine, che pu\u00f2 amplificare o sviluppare problematiche gi\u00e0 esistenti. Mi viene da pensare agli accumulatori seriali, o alle persone che soffrono di forme depressive<\/em><em>\u201d.<\/em><\/span><\/p>\n<p><span style=\"color: #000000;\"><strong>Come trascorri il tempo e come ti stai organizzando, come si svolge la tua giornata tipo ora? <\/strong><em>\u201cDi solito non mi trucco nemmeno quando vado al lavoro. Ora invece, poich\u00e9 la situazione psicologicamente pu\u00f2 essere molto pesante nel tempo, mi sveglio, mi faccio un bel bagno ogni mattina, applico creme, mi trucco.. insomma mi prendo cura del mio corpo. Pi\u00f9 del solito perch\u00e9 la bellezza percepita da noi stessi \u00e8 qualcosa che \u201cti entra dentro\u201d. Lo faccio per me stessa, per non deprimermi. Non mi va di stare tutto il giorno in casa col pigiamone e i capelli sporchi. Mi metto anche il profumo! Lo faccio per la mia psiche. Secondariamente sto cercando di imparare dei piatti e di migliorare quelli che conosco (pochi ahhaa) grazie all\u2019aiuto di mia mamma, che \u00e8 una brava cuoca. <\/em><em>Leggo i libri che non sono mai riuscita a leggere per mancanza di tempo e cerco di promuovere la vendita del mio libro. Infine ho comprato uno step per fare ginnastica\u201d.<\/em><\/span><\/p>\n<p><span style=\"color: #000000;\"><strong>Pensi che i provvedimenti del Governo siano sufficienti per affrontare l\u2019emergenza? <\/strong><em>\u201c<\/em><em>Non lo so, sinceramente, ripeto, non ritengo di avere abbastanza conoscenze scientifiche da esprimere pareri da virologa perch\u00e9 di questo virus si sa ancora troppo poco\u201d.<\/em><\/span><\/p>\n<p><span style=\"color: #000000;\"><strong>Tu quando ti muovi da casa indossi sempre con mascherina e guanti? <\/strong><em>\u201c<\/em><em>Esco solo per fare la spesa, comunque si. Ho il timore che sia molto resistente alle superfici, quindi anche fare la spesa potrebbe essere potenzialmente pericoloso\u201d.<\/em><\/span><\/p>\n<p><span style=\"color: #000000;\"><strong>Chi fa la spesa? <\/strong><em>\u201c<\/em><em>Ci alterniamo, i miei genitori conoscono meglio i supermercati vivendo qui, io offro loro delle spese pi\u00f9 alternative\u201d.<\/em><\/span><\/p>\n<p><span style=\"color: #000000;\"><strong>Come si sono modificati i rapporti con le altre persone? <\/strong><em>\u201c<\/em><em>Beh, in giro vedi pochissime persone, si deve stare a distanza. Chi non ti conosce ti guarda con sospetto, sembra di essere in un film. Le persone che conosci invece &#8211; anche superficialmente- quando ti incontrano, cercano di fare due parole. Temo che ognuno di noi senta un profondo desiderio di socializzare che in questi giorni \u00e8 rimasto represso\u201d.<\/em><\/span><\/p>\n<p><span style=\"color: #000000;\"><strong>Tu sei anche una modella oltre a migliaia di altre cose, rispetto ai tempi pre corona virus, oltre al fatto di non potersi muovere da casa, che cosa ti manca? <\/strong><em>\u201c<\/em><em>Mi manca la possibilit\u00e0 di conoscere un ragazzo che mi interessa con cui mi sto sentendo al telefono da un po\u2019\u201d. <\/em><\/span><\/p>\n<p><span style=\"color: #000000;\"><strong>Come ti informi dell\u2019evolvere della pandemia? <\/strong><em>\u201c<\/em><em>Ogni sera seguo l\u2019appuntamento con il responsabile della protezione civile intorno alle 18. Non ascolto altro, ritengo che sia<\/em><strong> sufficiente. <\/strong><em>Il rischio \u00e8 di esserne ossessionati da questo virus. Tanto la situazione non dipende da me, posso solo rispettare le regole che mi vengono date, anche per rispetto e senso civico, non solo per paura della multa\u201d.<\/em><\/span><\/p>\n<p><span style=\"color: #000000;\"><strong>Hai paura e se si, di che cosa in modo particolare? <\/strong><em>\u201c<\/em><em>Per me non ho molta paura, non ho di certo voglia di finire in terapia intensiva, ma non posso nemmeno non vivere pi\u00f9. Quando riapriranno alcune attivit\u00e0 per\u00f2 torner\u00f2 al lavoro, e non posso contagiare i miei genitori che sono anziani. Quindi mi preparer\u00f2 a non vederli per un po\u2019. Solo questo mi fa molta paura, farli morire a causa del mio contagio\u201d.<\/em><\/span><\/p>\n<p><span style=\"color: #000000;\"><strong>Cosa avresti fatto a Pasqua se non ci fosse stato il blocco? <\/strong><em>\u201c<\/em><em>Forse sarei andata al mare con amici o avrei visto questo ragazzo speciale\u201d.<\/em><\/span><\/p>\n<p><span style=\"color: #000000;\"><strong>Come sei normalmente di carattere? <\/strong><em>\u201c<\/em><em>Sono molto dinamica, sono rimasta dinamica. Anche se chiusa in casa, faccio un sacco di cose, anche sui social\u201d. <\/em><\/span><\/p>\n<p><span style=\"color: #000000;\"><strong>Come si sta modificando il tuo umore con il passare del tempo? <\/strong><em>\u201c<\/em><em>Sono sempre di buon umore\u201d.<\/em><\/span><\/p>\n<p><span style=\"color: #000000;\"><strong>Condividere spazi e non poter fare le cose che normalmente facevi prima, che cosa ti manca di pi\u00f9? <\/strong><em>\u201c<\/em><em>Mi manca il mio lavoro, e il rapporto con i ristoratori, mi manca la libert\u00e0, la possibilit\u00e0 di prendere un caff\u00e8 in un bar quando se ne ha voglia. Spesso molte attivit\u00e0 quotidiane sono date per scontate\u201d.<\/em><\/span><\/p>\n<p><span style=\"color: #000000;\"><strong>Come fai a stare in contatto in modo particolare con i tuoi amici? <\/strong><em>\u201c<\/em><em>Li sento con whatsapp, o al telefono. O ci scriviamo su facebook\u201d.<\/em><\/span><\/p>\n<p><span style=\"color: #000000;\"><strong>Usi la videochiamata per tenerti in contatto con le altre persone? <\/strong><em>\u201c<\/em><em>No, perch\u00e9 le estetiste sono chiuse da un mese e mezzo\u201d.<\/em><\/span><\/p>\n<p><span style=\"color: #000000;\"><strong>Sei una persona curiosa? <\/strong><em>Si molto, ma non del virus. Non sono una complottista. Sono curiosa del mondo, infatti l\u2019idea di non poter viaggiare per il mondo per un po\u2019 mi rattrista tanto\u201d. <\/em><\/span><\/p>\n<p><span style=\"color: #000000;\"><strong>Qual \u00e8 il tuo colore preferito? <\/strong><em>\u201cIl blu\u201d.<\/em><\/span><\/p>\n<p><span style=\"color: #000000;\"><strong>Quali sono le tue passioni? <\/strong><em>\u201cAmo viaggiare, in questo il virus mi sta pesando molto e mi peser\u00e0 tantissimo quest\u2019estate ad agosto. Amo sciare (facevo le gare di sci) \u201d.<\/em><\/span><\/p>\n<p><span style=\"color: #000000;\"><strong>Quale musica ti piace? Artista preferito? <\/strong><em>\u201cAmo la musica degli anni 80. la musica trans, che \u00e8 un genere di musica dance molto particolare\u201d.<\/em><\/span><\/p>\n<p><span style=\"color: #000000;\"><strong>Da donna, pensi che sfilare in costume su una passerella sia lesivo della dignit\u00e0 della donna? <\/strong><em>\u201cPer quale motivo? una donna pu\u00f2 anche posare nuda. Per me non ledono la dignit\u00e0 della donna nemmeno le pornostar. Moana Pozzi era un\u2019icona oltre a essere una donna molto intelligente e libera. La dignit\u00e0 della donna viene messa a dura prova ogni giorno da altro, spesso dalle stesse donne. Con l\u2019invidia, che \u00e8 un sentimento orribile che caratterizza molto di pi\u00f9 il mondo femminile da quello maschile\u201d.<\/em><\/span><\/p>\n<p><span style=\"color: #000000;\"><strong>Come ti sei avvicinata al mondo della fotografia? <\/strong><em>\u201cPer caso, dopo un viaggio in Kenya dove sono stata notata da un fotografo\u201d.<\/em><\/span><\/p>\n<p><span style=\"color: #000000;\"><strong>Che cosa ti da maggior soddisfazione in una fotografia? <\/strong><em>La possibilit\u00e0 di interpretare un ruolo, un po\u2019 come nella recitazione\u201d.<\/em><\/span><\/p>\n<p><span style=\"color: #000000;\"><strong>Ci racconti la tua prima volta davanti alla macchina fotografica? <\/strong><em>\u201cEro molto tesa, cosi per farmi coraggio mi sono messa a bere tutti gli alcolici che ho trovato nell\u2019albergo (in Kenya, ero in vacanza) \u201d.<\/em><\/span><\/p>\n<p><span style=\"color: #000000;\"><strong>In una tua fotografia di ritratto che cosa noti immediatamente? <\/strong><em>\u201cSia la malinconia, sia la sensualit\u00e0. A volte la dolcezza\u201d.<\/em><\/span><\/p>\n<p><span style=\"color: #000000;\"><strong>Quali sono le tue sensazioni quando vieni fotografata? <\/strong><em>\u201cMi sento una piccola diva\u201d.<\/em><\/span><\/p>\n<p><span style=\"color: #000000;\"><strong>Quali sono i generi fotografici che ti piacciono e perch\u00e9? <\/strong><em>\u201cNon amo molto gli scatti troppo \u201cdepressi\u201d nelle espressioni del viso. Molti scatti fashion sono cosi. Non amo gli scatti hard troppo espliciti, non li ho mai fatti. Non giudico ma non sono il mio genere perch\u00e9 le foto pi\u00f9 sensuali ed erotiche non sono mai esplicite e l\u2019immaginazione gioca un ruolo fondamentale\u201d.<\/em><\/span><\/p>\n<p><span style=\"color: #000000;\"><strong>Cosa significa per te femminilit\u00e0? <\/strong><em>\u201cNon lo so\u2026 a parole \u00e8 difficile esprimerlo, ma non c\u2019entra niente con la bellezza del corpo\u201d.<\/em><\/span><\/p>\n<p><span style=\"color: #000000;\"><strong>Qual \u00e8 il capo di vestiario che ami di pi\u00f9 e quello di meno?<\/strong> <em>\u201cNella vita di tutti i giorni sono spesso vestita di nero. Amo i legging, i jeans elasticizzati e stretti nel sedere. Non amo gli abiti extralarge che tendono a ingrassare e a rendere ancora pi\u00f9 tozza una figura poco slanciata come la mia\u201d.<\/em><\/span><\/p>\n<p><span style=\"color: #000000;\"><strong>Scarpe basse o tacchi?<\/strong> <em>\u201cTacchi sempre anche in casa, sono bassa!! in inverno faccio un\u2019eccezione solo per gli UGG che sono le scarpe pi\u00f9 comode e calde del mondo\u201d. <\/em><\/span><\/p>\n<p><span style=\"color: #000000;\"><strong>Un accessorio che non manca mai quando esci da casa? <\/strong><em>\u201cIl cellulare e gli occhiali da sole, anche in inverno con le nuvole, non mancano mai\u201d.<\/em><\/span><\/p>\n<p><span style=\"color: #000000;\"><strong>Qual \u00e8 il tuo rapporto con la tecnologia? <\/strong><em>\u201cIo una forte dipendenza dai social, una discreta conoscenza della tecnologia\u201d.<\/em><\/span><\/p>\n<p><span style=\"color: #000000;\"><strong>Dovessi scegliere tra internet e smartphone, quale dei due scarteresti e perch\u00e9? <\/strong><em>\u201cGli smartphone sono necessariamente strumenti intelligenti (smart= intelligente), quindi necessariamente dotati di internet, ma non solo. In questo momento in particolare, fungendo anche da telefoni, mi danno la possibilit\u00e0 di sentire la voce delle persone che amo, che scalda il cuore\u201d.<\/em><\/span><\/p>\n<p><span style=\"color: #000000;\"><strong>In ordine di preferenza quali sono i tuoi Social preferiti? <\/strong><em>\u201cFacebook sta diventando un po\u2019 inflazionato , perch\u00e9 tutti possono scrivere qualsiasi sciocchezza, che pu\u00f2 essere condivisa in poco tempo con estrema facilit\u00e0. Instagram per alcune persone \u00e8 pi\u00f9 difficile da usare, ed \u00e8 pi\u00f9 incentrato sulla fotografia e sui video. Quindi apprezzo decisamente di pi\u00f9 instagram. Non ho mai amato Twitter\u201d.<\/em><\/span><\/p>\n<p><span style=\"color: #000000;\"><strong>La rete in questi periodi \u00e8 sotto pressione, nel caso non ci fosse pi\u00f9 internet, pensi che le relazioni personali migliorerebbero o\u2026 <\/strong><em>\u201cCredo che inizialmente ci sarebbero delle reazioni di isteria da parte di tantissime persone che hanno amicizie principalmente virtuali e sono dipendenti dai social e dalla tecnologia. Internet, diciamo la verit\u00e0, per molte operazioni (bancarie, postali, acquisti on line) \u00e8 davvero diventato uno strumento indispensabile. Dopo un po\u2019 per\u00f2 ci si abitua a tutto, nel bene e nel male. L\u2019assenza di internet obbligherebbe le persone ad avere pi\u00f9 coraggio nelle relazioni interpersonali. Spesso le persone si fanno forza perch\u00e9 sono dietro a una tastiera. Parlare liberamente a qualcuno guardandolo negli occhi \u00e8 un po\u2019 diverso. <\/em><em>&#x1f60a;<\/em><em>\u201d.<\/em><\/span><\/p>\n<p><span style=\"color: #000000;\"><strong>Che cosa significa inseguire un sogno per te? <\/strong><em>\u201cDevono credere in loro stessi, , farsi il mazzo, lavorare sodo, non ascoltare le persone negative\u2026 e non avere paura di fallire. Chi ha le palle ce la fa\u201d.<\/em><\/span><\/p>\n<p><span style=\"color: #000000;\"><strong>Ultima domanda, che cosa vuoi dire alle persone che in questo momento, a rischio della loro incolumit\u00e0 fisica, oltre al personale sanitario, stanno lavorando permettendo all\u2019Italia di andare avanti anche se a scartamento ridotto? <\/strong><em>\u201cNon voglio essere patetica, dire che sono i nostri angeli, anche se lo penso. Andrebbero ringraziati economicamente, non perch\u00e9 tutto ruoti intorno al denaro, ma perch\u00e9 questo loro sacrificio \u00e8 giusto che venga premiato con dei riconoscimenti concreti. Le parole a volte lasciano il tempo che trovano. Anche gli infermieri vanno premiati, perch\u00e9 spesso hanno stipendi non dignitosi. Vanno detassati gli stipendi di tutto il personale medico impegnato in questo periodo per questa emergenza sanitaria, inoltre andrebbero dedicate delle vie ai medici caduti in questa guerra, perch\u00e9 di fatto una guerra \u00e8\u201d.<\/em><\/span><\/p>\n<p><span style=\"color: #000000;\">Grazie Gloria.\u00a0<\/span><\/p>\n<p><span style=\"color: #000000;\"><strong>Bruno Angelo Porcellana\u00a0<\/strong><\/span><\/p>\n<p style=\"text-align: center;\"><span style=\"color: #000000;\">Fotografie fornite da Gloria Giacosa \u2013 I diritti appartengono ai relativi fotografi<\/span><br \/>\n<span style=\"color: #000000;\">Tutti i diritti riservati \u00a9 2020 \u2013 Email: nonsolomodanews@gmail.com<style id=\"bwg-style-0\">      #bwg_container1_0 #bwg_container2_0 #bwg_mosaic_thumbnails_div_0 {        width: 100%;        position: relative;        background-color: rgba(255, 255, 255, 0.00);        text-align: center;        justify-content: center;                  margin-left: auto;          margin-right: auto;                    padding-left: 4px;          padding-top: 4px;                }          #bwg_container1_0 #bwg_container2_0 .bwg_mosaic_thumb_spun_0 {        display: block;        position: absolute;\t\t\t\tborder-radius: 0;\t\t\t\tborder: 0px none #CCCCCC;    \t\t    \t\tbackground-color:rgba(0,0,0, 0.30);        -moz-box-sizing: content-box !important;        -webkit-box-sizing: content-box !important;        box-sizing: content-box !important;      }\t\t\t#bwg_container1_0 #bwg_container2_0 .bwg_mosaic_thumb_0 {\t\t\t\tdisplay: block;\t\t\t\t-moz-box-sizing: content-box !important;\t\t\t\t-webkit-box-sizing: content-box !important;\t\t\t\tbox-sizing: content-box !important;\t\t\t\tmargin: 0;\t\t\t\topacity: 1.00;\t\t\t}      #bwg_container1_0 #bwg_container2_0 .bwg_mosaic_thumb_spun_0:hover {        opacity: 1;        backface-visibility: hidden;        -webkit-backface-visibility: hidden;        -moz-backface-visibility: hidden;        -ms-backface-visibility: hidden;        z-index: 102;      }\t      @media only screen and (min-width: 480px) {        #bwg_container1_0 #bwg_container2_0 .bwg_mosaic_thumb_spun_0:hover {          transform: scale(1.1);          -ms-transform: scale(1.1);          -webkit-transform: scale(1.1);        }      }\t      #bwg_container1_0 #bwg_container2_0 .bwg_mosaic_thumbnails_0 {        background-color: rgba(255, 255, 255, 0.00);        font-size: 0;        position: relative;        text-align: center;        display: inline-block;        visibility: hidden;              }\t  \/*image title styles*\/      #bwg_container1_0 #bwg_container2_0 .bwg_mosaic_title_spun1_0,      #bwg_container1_0 #bwg_container2_0 .bwg-mosaic-thumbnails .bwg_ecommerce_spun1_0 {        position: absolute;        display: block;        opacity: 0;        box-sizing: border-box;        text-align: center;\t\t\t\ttop: 50%;\t\t\t\tleft: 50%;\t\t\t\ttransform: translate(-50%, -50%);      }      #bwg_container1_0 #bwg_container2_0 .bwg-mosaic-thumbnails .bwg_mosaic_title_spun2_0,      #bwg_container1_0 #bwg_container2_0 .bwg-mosaic-thumbnails .bwg_ecommerce_spun2_0 {\t\t    color: #CCCCCC;        font-family: segoe ui;        font-size: 16px;        font-weight: bold;        text-shadow: 0px 0px 0px #888888;        vertical-align: middle;        word-wrap: break-word;      }            .bwg_mosaic_play_icon_spun_0 {        display: table;        position: absolute;        left: -10000px;        top: 0px;        opacity: 0;      }      .bwg_mosaic_play_icon_0 {        color: #CCCCCC;        font-size: 32px;        vertical-align: middle;        display: table-cell !important;        z-index: 1;        text-align: center;        margin: 0 auto;      }      #bwg_container1_0 #bwg_container2_0 .bwg_gal_title_0 {        background-color: rgba(0, 0, 0, 0);        color: #323A45;        display: block;        font-family: Ubuntu;        font-size: 16px;        font-weight: bold;        padding: 2px;        text-shadow: ;        text-align: center;      }            @media screen and (max-width: 280px) {      div[class^=\"bwg_mosaic_thumbnails_\"],      span[class^=\"bwg_mosaic_thumb_spun_\"] {      width: 100% !important;      }      img[class^=\"bwg_mosaic_thumb_\"] {      width: 100% !important;      height: auto !important;      margin: 0px auto !important;      }      }      <\/style>    <div id=\"bwg_container1_0\"         class=\"bwg_container bwg_thumbnail bwg_thumbnails_mosaic \"         data-right-click-protection=\"0\"         data-bwg=\"0\"         data-scroll=\"0\"         data-gallery-type=\"thumbnails_mosaic\"         data-gallery-view-type=\"thumbnails_mosaic\"         data-current-url=\"\/wordpress\/wp-json\/wp\/v2\/posts\/20252\"         data-lightbox-url=\"https:\/\/www.nonsolomodanews.it\/wordpress\/wp-admin\/admin-ajax.php?action=GalleryBox&#038;current_view=0&#038;gallery_id=436&#038;tag=0&#038;theme_id=1&#038;shortcode_id=466&#038;sort_by=order&#038;order_by=asc&#038;current_url=%2Fwordpress%2Fwp-json%2Fwp%2Fv2%2Fposts%2F20252\"         data-gallery-id=\"436\"         data-popup-width=\"800\"         data-popup-height=\"500\"         data-is-album=\"gallery\"         data-buttons-position=\"bottom\">      <div id=\"bwg_container2_0\">             <div id=\"ajax_loading_0\" class=\"bwg_loading_div_1\">      <div class=\"bwg_loading_div_2\">        <div class=\"bwg_loading_div_3\">          <div id=\"loading_div_0\" class=\"bwg_spider_ajax_loading\">          <\/div>        <\/div>      <\/div>    <\/div>            <form id=\"gal_front_form_0\"              class=\"bwg-hidden\"              method=\"post\"              action=\"#\"              data-current=\"0\"              data-shortcode-id=\"466\"              data-gallery-type=\"thumbnails_mosaic\"              data-gallery-id=\"436\"              data-tag=\"0\"              data-album-id=\"0\"              data-theme-id=\"1\"              data-ajax-url=\"https:\/\/www.nonsolomodanews.it\/wordpress\/wp-admin\/admin-ajax.php?action=bwg_frontend_data\">          <div id=\"bwg_container3_0\" class=\"bwg-background bwg-background-0\">                <div id=\"bwg_mosaic_thumbnails_div_0\"         class=\"bwg-container-0 bwg-container bwg-mosaic-thumbnails\"         data-bwg=\"0\"         data-mosaic-direction=\"vertical\"         data-resizable=\"0\"         data-width=\"180\"         data-height=\"90\"         data-total-width=\"100\"         data-block-id=\"bwg_thumbnails_mosaic_0\"         data-thumb-padding=\"4\"         data-thumb-border=\"0\"         data-title-margin=\"2px\"         data-image-title=\"none\"         data-play-icon=\"1\"         data-ecommerce-icon=\"none\"         data-gallery-id=\"436\"         data-lightbox-url=\"https:\/\/www.nonsolomodanews.it\/wordpress\/wp-admin\/admin-ajax.php?action=GalleryBox&#038;current_view=0&#038;gallery_id=436&#038;tag=0&#038;theme_id=1&#038;shortcode_id=466&#038;sort_by=order&#038;order_by=asc&#038;current_url=%2Fwordpress%2Fwp-json%2Fwp%2Fv2%2Fposts%2F20252\"         data-mosaic-thumb-transition=\"1\"         style=\"visibility: hidden\" >      <div id=\"bwg_thumbnails_mosaic_0\" class=\"bwg_mosaic_thumbnails_0\">                  <a class=\"bwg-a\" >          <div class=\"bwg_mosaic_thumb_spun_0 bwg-item0 bwg-mosaic-thumb-span \">            <img decoding=\"async\" class=\"bwg_mosaic_thumb_0 skip-lazy bwg_img_clear bwg_img_custom \"                 id=\"28949\"                 src=\"https:\/\/www.nonsolomodanews.it\/wordpress\/wp-content\/uploads\/photo-gallery\/Gloria%20Giacosa%20intervista\/thumb\/Model%20Gloria%20Giacosa%20036.jpg?bwg=1624548760\"                 data-src=\"https:\/\/www.nonsolomodanews.it\/wordpress\/wp-content\/uploads\/photo-gallery\/Gloria%20Giacosa%20intervista\/thumb\/Model%20Gloria%20Giacosa%20036.jpg?bwg=1624548760\"                 data-width=\"\"                 data-height=\"\"                 alt=\"Model Gloria Giacosa 036\"                 title=\"Model Gloria Giacosa 036\" \/>                      <\/div>        <\/a>                <a class=\"bwg-a\" >          <div class=\"bwg_mosaic_thumb_spun_0 bwg-item0 bwg-mosaic-thumb-span \">            <img decoding=\"async\" class=\"bwg_mosaic_thumb_0 skip-lazy bwg_img_clear bwg_img_custom \"                 id=\"28948\"                 src=\"https:\/\/www.nonsolomodanews.it\/wordpress\/wp-content\/uploads\/photo-gallery\/Gloria%20Giacosa%20intervista\/thumb\/Model%20Gloria%20Giacosa%20034.jpg?bwg=1624548760\"                 data-src=\"https:\/\/www.nonsolomodanews.it\/wordpress\/wp-content\/uploads\/photo-gallery\/Gloria%20Giacosa%20intervista\/thumb\/Model%20Gloria%20Giacosa%20034.jpg?bwg=1624548760\"                 data-width=\"\"                 data-height=\"\"                 alt=\"Model Gloria Giacosa 034\"                 title=\"Model Gloria Giacosa 034\" \/>                      <\/div>        <\/a>                <a class=\"bwg-a\" >          <div class=\"bwg_mosaic_thumb_spun_0 bwg-item0 bwg-mosaic-thumb-span \">            <img decoding=\"async\" class=\"bwg_mosaic_thumb_0 skip-lazy bwg_img_clear bwg_img_custom \"                 id=\"28947\"                 src=\"https:\/\/www.nonsolomodanews.it\/wordpress\/wp-content\/uploads\/photo-gallery\/Gloria%20Giacosa%20intervista\/thumb\/Model%20Gloria%20Giacosa%20033.jpg?bwg=1624548760\"                 data-src=\"https:\/\/www.nonsolomodanews.it\/wordpress\/wp-content\/uploads\/photo-gallery\/Gloria%20Giacosa%20intervista\/thumb\/Model%20Gloria%20Giacosa%20033.jpg?bwg=1624548760\"                 data-width=\"\"                 data-height=\"\"                 alt=\"Model Gloria Giacosa 033\"                 title=\"Model Gloria Giacosa 033\" \/>                      <\/div>        <\/a>                <a class=\"bwg-a\" >          <div class=\"bwg_mosaic_thumb_spun_0 bwg-item0 bwg-mosaic-thumb-span \">            <img decoding=\"async\" class=\"bwg_mosaic_thumb_0 skip-lazy bwg_img_clear bwg_img_custom \"                 id=\"28946\"                 src=\"https:\/\/www.nonsolomodanews.it\/wordpress\/wp-content\/uploads\/photo-gallery\/Gloria%20Giacosa%20intervista\/thumb\/Model%20Gloria%20Giacosa%20032.jpg?bwg=1624548760\"                 data-src=\"https:\/\/www.nonsolomodanews.it\/wordpress\/wp-content\/uploads\/photo-gallery\/Gloria%20Giacosa%20intervista\/thumb\/Model%20Gloria%20Giacosa%20032.jpg?bwg=1624548760\"                 data-width=\"\"                 data-height=\"\"                 alt=\"Model Gloria Giacosa 032\"                 title=\"Model Gloria Giacosa 032\" \/>                      <\/div>        <\/a>                <a class=\"bwg-a\" >          <div class=\"bwg_mosaic_thumb_spun_0 bwg-item0 bwg-mosaic-thumb-span \">            <img decoding=\"async\" class=\"bwg_mosaic_thumb_0 skip-lazy bwg_img_clear bwg_img_custom \"                 id=\"28945\"                 src=\"https:\/\/www.nonsolomodanews.it\/wordpress\/wp-content\/uploads\/photo-gallery\/Gloria%20Giacosa%20intervista\/thumb\/Model%20Gloria%20Giacosa%20031.jpg?bwg=1624548760\"                 data-src=\"https:\/\/www.nonsolomodanews.it\/wordpress\/wp-content\/uploads\/photo-gallery\/Gloria%20Giacosa%20intervista\/thumb\/Model%20Gloria%20Giacosa%20031.jpg?bwg=1624548760\"                 data-width=\"\"                 data-height=\"\"                 alt=\"Model Gloria Giacosa 031\"                 title=\"Model Gloria Giacosa 031\" \/>                      <\/div>        <\/a>                <a class=\"bwg-a\" >          <div class=\"bwg_mosaic_thumb_spun_0 bwg-item0 bwg-mosaic-thumb-span \">            <img decoding=\"async\" class=\"bwg_mosaic_thumb_0 skip-lazy bwg_img_clear bwg_img_custom \"                 id=\"28944\"                 src=\"https:\/\/www.nonsolomodanews.it\/wordpress\/wp-content\/uploads\/photo-gallery\/Gloria%20Giacosa%20intervista\/thumb\/Model%20Gloria%20Giacosa%20030.jpg?bwg=1624548760\"                 data-src=\"https:\/\/www.nonsolomodanews.it\/wordpress\/wp-content\/uploads\/photo-gallery\/Gloria%20Giacosa%20intervista\/thumb\/Model%20Gloria%20Giacosa%20030.jpg?bwg=1624548760\"                 data-width=\"\"                 data-height=\"\"                 alt=\"Model Gloria Giacosa 030\"                 title=\"Model Gloria Giacosa 030\" \/>                      <\/div>        <\/a>                <a class=\"bwg-a\" >          <div class=\"bwg_mosaic_thumb_spun_0 bwg-item0 bwg-mosaic-thumb-span \">            <img decoding=\"async\" class=\"bwg_mosaic_thumb_0 skip-lazy bwg_img_clear bwg_img_custom \"                 id=\"28943\"                 src=\"https:\/\/www.nonsolomodanews.it\/wordpress\/wp-content\/uploads\/photo-gallery\/Gloria%20Giacosa%20intervista\/thumb\/Model%20Gloria%20Giacosa%20029.jpg?bwg=1624548760\"                 data-src=\"https:\/\/www.nonsolomodanews.it\/wordpress\/wp-content\/uploads\/photo-gallery\/Gloria%20Giacosa%20intervista\/thumb\/Model%20Gloria%20Giacosa%20029.jpg?bwg=1624548760\"                 data-width=\"\"                 data-height=\"\"                 alt=\"Model Gloria Giacosa 029\"                 title=\"Model Gloria Giacosa 029\" \/>                      <\/div>        <\/a>                <a class=\"bwg-a\" >          <div class=\"bwg_mosaic_thumb_spun_0 bwg-item0 bwg-mosaic-thumb-span \">            <img decoding=\"async\" class=\"bwg_mosaic_thumb_0 skip-lazy bwg_img_clear bwg_img_custom \"                 id=\"28942\"                 src=\"https:\/\/www.nonsolomodanews.it\/wordpress\/wp-content\/uploads\/photo-gallery\/Gloria%20Giacosa%20intervista\/thumb\/Model%20Gloria%20Giacosa%20028.jpg?bwg=1624548760\"                 data-src=\"https:\/\/www.nonsolomodanews.it\/wordpress\/wp-content\/uploads\/photo-gallery\/Gloria%20Giacosa%20intervista\/thumb\/Model%20Gloria%20Giacosa%20028.jpg?bwg=1624548760\"                 data-width=\"\"                 data-height=\"\"                 alt=\"Model Gloria Giacosa 028\"                 title=\"Model Gloria Giacosa 028\" \/>                      <\/div>        <\/a>                <a class=\"bwg-a\" >          <div class=\"bwg_mosaic_thumb_spun_0 bwg-item0 bwg-mosaic-thumb-span \">            <img decoding=\"async\" class=\"bwg_mosaic_thumb_0 skip-lazy bwg_img_clear bwg_img_custom \"                 id=\"28941\"                 src=\"https:\/\/www.nonsolomodanews.it\/wordpress\/wp-content\/uploads\/photo-gallery\/Gloria%20Giacosa%20intervista\/thumb\/Model%20Gloria%20Giacosa%20027.jpg?bwg=1624548760\"                 data-src=\"https:\/\/www.nonsolomodanews.it\/wordpress\/wp-content\/uploads\/photo-gallery\/Gloria%20Giacosa%20intervista\/thumb\/Model%20Gloria%20Giacosa%20027.jpg?bwg=1624548760\"                 data-width=\"\"                 data-height=\"\"                 alt=\"Model Gloria Giacosa 027\"                 title=\"Model Gloria Giacosa 027\" \/>                      <\/div>        <\/a>                <a class=\"bwg-a\" >          <div class=\"bwg_mosaic_thumb_spun_0 bwg-item0 bwg-mosaic-thumb-span \">            <img decoding=\"async\" class=\"bwg_mosaic_thumb_0 skip-lazy bwg_img_clear bwg_img_custom \"                 id=\"28940\"                 src=\"https:\/\/www.nonsolomodanews.it\/wordpress\/wp-content\/uploads\/photo-gallery\/Gloria%20Giacosa%20intervista\/thumb\/Model%20Gloria%20Giacosa%20026.jpg?bwg=1624548760\"                 data-src=\"https:\/\/www.nonsolomodanews.it\/wordpress\/wp-content\/uploads\/photo-gallery\/Gloria%20Giacosa%20intervista\/thumb\/Model%20Gloria%20Giacosa%20026.jpg?bwg=1624548760\"                 data-width=\"\"                 data-height=\"\"                 alt=\"Model Gloria Giacosa 026\"                 title=\"Model Gloria Giacosa 026\" \/>                      <\/div>        <\/a>                <a class=\"bwg-a\" >          <div class=\"bwg_mosaic_thumb_spun_0 bwg-item0 bwg-mosaic-thumb-span \">            <img decoding=\"async\" class=\"bwg_mosaic_thumb_0 skip-lazy bwg_img_clear bwg_img_custom \"                 id=\"28939\"                 src=\"https:\/\/www.nonsolomodanews.it\/wordpress\/wp-content\/uploads\/photo-gallery\/Gloria%20Giacosa%20intervista\/thumb\/Model%20Gloria%20Giacosa%20025.jpg?bwg=1624548760\"                 data-src=\"https:\/\/www.nonsolomodanews.it\/wordpress\/wp-content\/uploads\/photo-gallery\/Gloria%20Giacosa%20intervista\/thumb\/Model%20Gloria%20Giacosa%20025.jpg?bwg=1624548760\"                 data-width=\"\"                 data-height=\"\"                 alt=\"Model Gloria Giacosa 025\"                 title=\"Model Gloria Giacosa 025\" \/>                      <\/div>        <\/a>                <a class=\"bwg-a\" >          <div class=\"bwg_mosaic_thumb_spun_0 bwg-item0 bwg-mosaic-thumb-span \">            <img decoding=\"async\" class=\"bwg_mosaic_thumb_0 skip-lazy bwg_img_clear bwg_img_custom \"                 id=\"28938\"                 src=\"https:\/\/www.nonsolomodanews.it\/wordpress\/wp-content\/uploads\/photo-gallery\/Gloria%20Giacosa%20intervista\/thumb\/Model%20Gloria%20Giacosa%20024.jpg?bwg=1624548760\"                 data-src=\"https:\/\/www.nonsolomodanews.it\/wordpress\/wp-content\/uploads\/photo-gallery\/Gloria%20Giacosa%20intervista\/thumb\/Model%20Gloria%20Giacosa%20024.jpg?bwg=1624548760\"                 data-width=\"\"                 data-height=\"\"                 alt=\"Model Gloria Giacosa 024\"                 title=\"Model Gloria Giacosa 024\" \/>                      <\/div>        <\/a>                <a class=\"bwg-a\" >          <div class=\"bwg_mosaic_thumb_spun_0 bwg-item0 bwg-mosaic-thumb-span \">            <img decoding=\"async\" class=\"bwg_mosaic_thumb_0 skip-lazy bwg_img_clear bwg_img_custom \"                 id=\"28937\"                 src=\"https:\/\/www.nonsolomodanews.it\/wordpress\/wp-content\/uploads\/photo-gallery\/Gloria%20Giacosa%20intervista\/thumb\/Model%20Gloria%20Giacosa%20023.jpg?bwg=1624548760\"                 data-src=\"https:\/\/www.nonsolomodanews.it\/wordpress\/wp-content\/uploads\/photo-gallery\/Gloria%20Giacosa%20intervista\/thumb\/Model%20Gloria%20Giacosa%20023.jpg?bwg=1624548760\"                 data-width=\"\"                 data-height=\"\"                 alt=\"Model Gloria Giacosa 023\"                 title=\"Model Gloria Giacosa 023\" \/>                      <\/div>        <\/a>                <a class=\"bwg-a\" >          <div class=\"bwg_mosaic_thumb_spun_0 bwg-item0 bwg-mosaic-thumb-span \">            <img decoding=\"async\" class=\"bwg_mosaic_thumb_0 skip-lazy bwg_img_clear bwg_img_custom \"                 id=\"28936\"                 src=\"https:\/\/www.nonsolomodanews.it\/wordpress\/wp-content\/uploads\/photo-gallery\/Gloria%20Giacosa%20intervista\/thumb\/Model%20Gloria%20Giacosa%20022.jpg?bwg=1624548760\"                 data-src=\"https:\/\/www.nonsolomodanews.it\/wordpress\/wp-content\/uploads\/photo-gallery\/Gloria%20Giacosa%20intervista\/thumb\/Model%20Gloria%20Giacosa%20022.jpg?bwg=1624548760\"                 data-width=\"\"                 data-height=\"\"                 alt=\"Model Gloria Giacosa 022\"                 title=\"Model Gloria Giacosa 022\" \/>                      <\/div>        <\/a>                <a class=\"bwg-a\" >          <div class=\"bwg_mosaic_thumb_spun_0 bwg-item0 bwg-mosaic-thumb-span \">            <img decoding=\"async\" class=\"bwg_mosaic_thumb_0 skip-lazy bwg_img_clear bwg_img_custom \"                 id=\"28935\"                 src=\"https:\/\/www.nonsolomodanews.it\/wordpress\/wp-content\/uploads\/photo-gallery\/Gloria%20Giacosa%20intervista\/thumb\/Model%20Gloria%20Giacosa%20021.jpg?bwg=1624548760\"                 data-src=\"https:\/\/www.nonsolomodanews.it\/wordpress\/wp-content\/uploads\/photo-gallery\/Gloria%20Giacosa%20intervista\/thumb\/Model%20Gloria%20Giacosa%20021.jpg?bwg=1624548760\"                 data-width=\"\"                 data-height=\"\"                 alt=\"Model Gloria Giacosa 021\"                 title=\"Model Gloria Giacosa 021\" \/>                      <\/div>        <\/a>                <a class=\"bwg-a\" >          <div class=\"bwg_mosaic_thumb_spun_0 bwg-item0 bwg-mosaic-thumb-span \">            <img decoding=\"async\" class=\"bwg_mosaic_thumb_0 skip-lazy bwg_img_clear bwg_img_custom \"                 id=\"28934\"                 src=\"https:\/\/www.nonsolomodanews.it\/wordpress\/wp-content\/uploads\/photo-gallery\/Gloria%20Giacosa%20intervista\/thumb\/Model%20Gloria%20Giacosa%20020.jpg?bwg=1624548760\"                 data-src=\"https:\/\/www.nonsolomodanews.it\/wordpress\/wp-content\/uploads\/photo-gallery\/Gloria%20Giacosa%20intervista\/thumb\/Model%20Gloria%20Giacosa%20020.jpg?bwg=1624548760\"                 data-width=\"\"                 data-height=\"\"                 alt=\"Model Gloria Giacosa 020\"                 title=\"Model Gloria Giacosa 020\" \/>                      <\/div>        <\/a>                <a class=\"bwg-a\" >          <div class=\"bwg_mosaic_thumb_spun_0 bwg-item0 bwg-mosaic-thumb-span \">            <img decoding=\"async\" class=\"bwg_mosaic_thumb_0 skip-lazy bwg_img_clear bwg_img_custom \"                 id=\"28933\"                 src=\"https:\/\/www.nonsolomodanews.it\/wordpress\/wp-content\/uploads\/photo-gallery\/Gloria%20Giacosa%20intervista\/thumb\/Model%20Gloria%20Giacosa%20019.jpg?bwg=1624548760\"                 data-src=\"https:\/\/www.nonsolomodanews.it\/wordpress\/wp-content\/uploads\/photo-gallery\/Gloria%20Giacosa%20intervista\/thumb\/Model%20Gloria%20Giacosa%20019.jpg?bwg=1624548760\"                 data-width=\"\"                 data-height=\"\"                 alt=\"Model Gloria Giacosa 019\"                 title=\"Model Gloria Giacosa 019\" \/>                      <\/div>        <\/a>                <a class=\"bwg-a\" >          <div class=\"bwg_mosaic_thumb_spun_0 bwg-item0 bwg-mosaic-thumb-span \">            <img decoding=\"async\" class=\"bwg_mosaic_thumb_0 skip-lazy bwg_img_clear bwg_img_custom \"                 id=\"28932\"                 src=\"https:\/\/www.nonsolomodanews.it\/wordpress\/wp-content\/uploads\/photo-gallery\/Gloria%20Giacosa%20intervista\/thumb\/Model%20Gloria%20Giacosa%20018.jpg?bwg=1624548760\"                 data-src=\"https:\/\/www.nonsolomodanews.it\/wordpress\/wp-content\/uploads\/photo-gallery\/Gloria%20Giacosa%20intervista\/thumb\/Model%20Gloria%20Giacosa%20018.jpg?bwg=1624548760\"                 data-width=\"\"                 data-height=\"\"                 alt=\"Model Gloria Giacosa 018\"                 title=\"Model Gloria Giacosa 018\" \/>                      <\/div>        <\/a>                <a class=\"bwg-a\" >          <div class=\"bwg_mosaic_thumb_spun_0 bwg-item0 bwg-mosaic-thumb-span \">            <img decoding=\"async\" class=\"bwg_mosaic_thumb_0 skip-lazy bwg_img_clear bwg_img_custom \"                 id=\"28931\"                 src=\"https:\/\/www.nonsolomodanews.it\/wordpress\/wp-content\/uploads\/photo-gallery\/Gloria%20Giacosa%20intervista\/thumb\/Model%20Gloria%20Giacosa%20017.jpg?bwg=1624548760\"                 data-src=\"https:\/\/www.nonsolomodanews.it\/wordpress\/wp-content\/uploads\/photo-gallery\/Gloria%20Giacosa%20intervista\/thumb\/Model%20Gloria%20Giacosa%20017.jpg?bwg=1624548760\"                 data-width=\"\"                 data-height=\"\"                 alt=\"Model Gloria Giacosa 017\"                 title=\"Model Gloria Giacosa 017\" \/>                      <\/div>        <\/a>                <a class=\"bwg-a\" >          <div class=\"bwg_mosaic_thumb_spun_0 bwg-item0 bwg-mosaic-thumb-span \">            <img decoding=\"async\" class=\"bwg_mosaic_thumb_0 skip-lazy bwg_img_clear bwg_img_custom \"                 id=\"28930\"                 src=\"https:\/\/www.nonsolomodanews.it\/wordpress\/wp-content\/uploads\/photo-gallery\/Gloria%20Giacosa%20intervista\/thumb\/Model%20Gloria%20Giacosa%20016.jpg?bwg=1624548760\"                 data-src=\"https:\/\/www.nonsolomodanews.it\/wordpress\/wp-content\/uploads\/photo-gallery\/Gloria%20Giacosa%20intervista\/thumb\/Model%20Gloria%20Giacosa%20016.jpg?bwg=1624548760\"                 data-width=\"\"                 data-height=\"\"                 alt=\"Model Gloria Giacosa 016\"                 title=\"Model Gloria Giacosa 016\" \/>                      <\/div>        <\/a>                <a class=\"bwg-a\" >          <div class=\"bwg_mosaic_thumb_spun_0 bwg-item0 bwg-mosaic-thumb-span \">            <img decoding=\"async\" class=\"bwg_mosaic_thumb_0 skip-lazy bwg_img_clear bwg_img_custom \"                 id=\"28929\"                 src=\"https:\/\/www.nonsolomodanews.it\/wordpress\/wp-content\/uploads\/photo-gallery\/Gloria%20Giacosa%20intervista\/thumb\/Model%20Gloria%20Giacosa%20015.jpg?bwg=1624548760\"                 data-src=\"https:\/\/www.nonsolomodanews.it\/wordpress\/wp-content\/uploads\/photo-gallery\/Gloria%20Giacosa%20intervista\/thumb\/Model%20Gloria%20Giacosa%20015.jpg?bwg=1624548760\"                 data-width=\"\"                 data-height=\"\"                 alt=\"Model Gloria Giacosa 015\"                 title=\"Model Gloria Giacosa 015\" \/>                      <\/div>        <\/a>                <a class=\"bwg-a\" >          <div class=\"bwg_mosaic_thumb_spun_0 bwg-item0 bwg-mosaic-thumb-span \">            <img decoding=\"async\" class=\"bwg_mosaic_thumb_0 skip-lazy bwg_img_clear bwg_img_custom \"                 id=\"28928\"                 src=\"https:\/\/www.nonsolomodanews.it\/wordpress\/wp-content\/uploads\/photo-gallery\/Gloria%20Giacosa%20intervista\/thumb\/Model%20Gloria%20Giacosa%20014.jpg?bwg=1624548760\"                 data-src=\"https:\/\/www.nonsolomodanews.it\/wordpress\/wp-content\/uploads\/photo-gallery\/Gloria%20Giacosa%20intervista\/thumb\/Model%20Gloria%20Giacosa%20014.jpg?bwg=1624548760\"                 data-width=\"\"                 data-height=\"\"                 alt=\"Model Gloria Giacosa 014\"                 title=\"Model Gloria Giacosa 014\" \/>                      <\/div>        <\/a>            <\/div>    <\/div>    <style>      \/*pagination styles*\/      #bwg_container1_0 #bwg_container2_0 .tablenav-pages_0 {\t\t\t\ttext-align: center;\t\t\t\tfont-size: 12px;\t\t\t\tfont-family: segoe ui;\t\t\t\tfont-weight: bold;\t\t\t\tcolor: #666666;\t\t\t\tmargin: 6px 0 4px;\t\t\t\tdisplay: block;      }      @media only screen and (max-width : 320px) {      #bwg_container1_0 #bwg_container2_0 .displaying-num_0 {     \t display: none;      }      }      #bwg_container1_0 #bwg_container2_0 .displaying-num_0 {\t\t\t\tfont-size: 12px;\t\t\t\tfont-family: segoe ui;\t\t\t\tfont-weight: bold;\t\t\t\tcolor: #666666;\t\t\t\tmargin-right: 10px;\t\t\t\tvertical-align: middle;      }      #bwg_container1_0 #bwg_container2_0 .paging-input_0 {\t\t\t\tfont-size: 12px;\t\t\t\tfont-family: segoe ui;\t\t\t\tfont-weight: bold;\t\t\t\tcolor: #666666;\t\t\t\tvertical-align: middle;      }      #bwg_container1_0 #bwg_container2_0 .tablenav-pages_0 a.disabled,      #bwg_container1_0 #bwg_container2_0 .tablenav-pages_0 a.disabled:hover,      #bwg_container1_0 #bwg_container2_0 .tablenav-pages_0 a.disabled:focus,\t\t\t#bwg_container1_0 #bwg_container2_0 .tablenav-pages_0 input.bwg_current_page {\t\t\t\tcursor: default;\t\t\t\tcolor: rgba(102, 102, 102, 0.5);      }      #bwg_container1_0 #bwg_container2_0 .tablenav-pages_0 a,      #bwg_container1_0 #bwg_container2_0 .tablenav-pages_0 input.bwg_current_page {\t\t\t\tcursor: pointer;\t\t\t\ttext-align: center;\t\t\t\tfont-size: 12px;\t\t\t\tfont-family: segoe ui;\t\t\t\tfont-weight: bold;\t\t\t\tcolor: #666666;\t\t\t\ttext-decoration: none;\t\t\t\tpadding: 3px 6px;\t\t\t\tmargin: 0;\t\t\t\tborder-radius: 0;\t\t\t\tborder-style: solid;\t\t\t\tborder-width: 1px;\t\t\t\tborder-color: #E3E3E3;\t\t\t\t\t\t\t\tbackground-color: rgba(255, 255, 255, 1.00);\t\t\t\tbox-shadow: 0;\t\t\t\ttransition: all 0.3s ease 0s;-webkit-transition: all 0.3s ease 0s;      }      <\/style>      <span class=\"bwg_nav_cont_0\">              <div class=\"tablenav-pages_0\">                  <\/div>                <input type=\"hidden\" id=\"page_number_0\" name=\"page_number_0\" value=\"1\" \/>      <script type=\"text\/javascript\">        if( jQuery('.bwg_nav_cont_0').length > 1 ) {          jQuery('.bwg_nav_cont_0').first().remove()        }        function spider_page_0(cur, x, y, load_more) {          if (typeof load_more == \"undefined\") {            var load_more = false;          }          if (jQuery(cur).hasClass('disabled')) {            return false;          }          var items_county_0 = 1;          switch (y) {            case 1:              if (x >= items_county_0) {                document.getElementById('page_number_0').value = items_county_0;              }              else {                document.getElementById('page_number_0').value = x + 1;              }              break;            case 2:              document.getElementById('page_number_0').value = items_county_0;              break;            case -1:              if (x == 1) {                document.getElementById('page_number_0').value = 1;              }              else {                document.getElementById('page_number_0').value = x - 1;              }              break;            case -2:              document.getElementById('page_number_0').value = 1;              break;\t\t\t\t\t\tcase 0:              document.getElementById('page_number_0').value = x;              break;            default:              document.getElementById('page_number_0').value = 1;          }          bwg_ajax('gal_front_form_0', '0', 'bwg_thumbnails_mosaic_0', '0', '', 'gallery', 0, '', '', load_more, '', 1);        }                    jQuery('.first-page-0').on('click', function () {              spider_page_0(this, 1, -2, 'numeric');              return false;            });            jQuery('.prev-page-0').on('click', function () {              spider_page_0(this, 1, -1, 'numeric');              return false;            });            jQuery('.next-page-0').on('click', function () {              spider_page_0(this, 1, 1, 'numeric');              return false;            });            jQuery('.last-page-0').on('click', function () {              spider_page_0(this, 1, 2, 'numeric');              return false;            });        \t\t\t\t\/* Change page on input enter. *\/        function bwg_change_page_0( e, that ) {          if (  e.key == 'Enter' ) {            var to_page = parseInt(jQuery(that).val());            var pages_count = jQuery(that).parents(\".pagination-links\").data(\"pages-count\");            var current_url_param = jQuery(that).attr('data-url-info');            if (to_page > pages_count) {              to_page = 1;            }\t \t\t\t\t\t\t\t\t\t\t\t\tspider_page_0(this, to_page, 0, 'numeric');\t\t\t\t\t\t\treturn false;\t\t\t\t\t\t          }          return true;        }        jQuery('.bwg_load_btn_0').on('click', function () {            spider_page_0(this, 1, 1, true);            return false;        });      <\/script>      <\/span>                <\/div>        <\/form>              <\/div>    <\/div>    <script>      if (document.readyState === 'complete') {        if( typeof bwg_main_ready == 'function' ) {          if ( jQuery(\"#bwg_container1_0\").height() ) {            bwg_main_ready(jQuery(\"#bwg_container1_0\"));          }        }      } else {        document.addEventListener('DOMContentLoaded', function() {          if( typeof bwg_main_ready == 'function' ) {            if ( jQuery(\"#bwg_container1_0\").height() ) {             bwg_main_ready(jQuery(\"#bwg_container1_0\"));            }          }        });      }    <\/script>    <\/p>\n<p><\/span><\/p>\n<p>&nbsp;<\/p>\n<p>&nbsp;<\/p>\n<p><span style=\"color: #000000;\"><strong>\u00a0<\/strong><\/span><\/p>\n<p>&nbsp;<\/p>\n","protected":false},"excerpt":{"rendered":"<p>Nonsolomodanews ha il piacere di raccontare la quarantena di Gloria Giacosa, una grande amica di Nonsolomodanews. Proprio sul nostro magazine online Gloria ha presentato due edizioni del calendario, realizzato per scopi benefici (qui si pu&ograve; vedere la presentazione) Questa &egrave; la prima volta che Gloria concede una intervista e che ci parla della sua vita da quando c&rsquo;&egrave; il coronavirus. Laureata, consulente commerciale, fotomodella, presentatrice e ora anche scrittrice, infatti ha scritto un libro il cui ricavato andr&agrave; alla Protezione Civile. Ringraziamo Gloria per questa lunghissima intervista e auguriamo ai nostri lettori buona lettura. &nbsp; Ciao, benvenuta su Nonsolomodanews, ti vuoi presentare? &ldquo;Sono nata a Savona il 21 luglio 1981. Alta (bassa ahaha ) 164 cm, 39 di scarpe. 91-61-91 le mie misure. Sono bionda naturale, ma bionda chiara artificiale, ho un fisico molto concentrato :), molto formoso con sedere e seno piuttosto pronunciati. Il seno sembra rifatto, ma non lo &egrave;. Sono Gloria Giacosa, sono una fotomodella semiprofessionista, laurea magistrale in brand management, Il mio lavoro principale &egrave; la consulente commerciale per una multinazionale americana. Scatto per passione. Sono diventata famosa per i miei calendari benefici, realizzati non pi&ugrave; giovanissima. Oltre al mondo della fotografia, ho fatto l&rsquo;inviata in [&hellip;]<\/p>\n","protected":false},"author":1,"featured_media":20255,"comment_status":"open","ping_status":"open","sticky":false,"template":"","format":"standard","meta":{"rop_custom_images_group":[],"rop_custom_messages_group":[],"rop_publish_now":"initial","rop_publish_now_accounts":[],"rop_publish_now_history":[],"rop_publish_now_status":"pending","footnotes":""},"categories":[16],"tags":[281,2211,746,1099],"class_list":["post-20252","post","type-post","status-publish","format-standard","has-post-thumbnail","hentry","category-articolo","tag-bruno-angelo-porcellana","tag-gloria-giacosa","tag-intervista","tag-nonsolomodanews"],"_links":{"self":[{"href":"https:\/\/www.nonsolomodanews.it\/wordpress\/wp-json\/wp\/v2\/posts\/20252","targetHints":{"allow":["GET"]}}],"collection":[{"href":"https:\/\/www.nonsolomodanews.it\/wordpress\/wp-json\/wp\/v2\/posts"}],"about":[{"href":"https:\/\/www.nonsolomodanews.it\/wordpress\/wp-json\/wp\/v2\/types\/post"}],"author":[{"embeddable":true,"href":"https:\/\/www.nonsolomodanews.it\/wordpress\/wp-json\/wp\/v2\/users\/1"}],"replies":[{"embeddable":true,"href":"https:\/\/www.nonsolomodanews.it\/wordpress\/wp-json\/wp\/v2\/comments?post=20252"}],"version-history":[{"count":4,"href":"https:\/\/www.nonsolomodanews.it\/wordpress\/wp-json\/wp\/v2\/posts\/20252\/revisions"}],"predecessor-version":[{"id":20258,"href":"https:\/\/www.nonsolomodanews.it\/wordpress\/wp-json\/wp\/v2\/posts\/20252\/revisions\/20258"}],"wp:featuredmedia":[{"embeddable":true,"href":"https:\/\/www.nonsolomodanews.it\/wordpress\/wp-json\/wp\/v2\/media\/20255"}],"wp:attachment":[{"href":"https:\/\/www.nonsolomodanews.it\/wordpress\/wp-json\/wp\/v2\/media?parent=20252"}],"wp:term":[{"taxonomy":"category","embeddable":true,"href":"https:\/\/www.nonsolomodanews.it\/wordpress\/wp-json\/wp\/v2\/categories?post=20252"},{"taxonomy":"post_tag","embeddable":true,"href":"https:\/\/www.nonsolomodanews.it\/wordpress\/wp-json\/wp\/v2\/tags?post=20252"}],"curies":[{"name":"wp","href":"https:\/\/api.w.org\/{rel}","templated":true}]}}