{"id":20209,"date":"2020-04-11T18:30:15","date_gmt":"2020-04-11T18:30:15","guid":{"rendered":"https:\/\/www.nonsolomodanews.it\/wordpress\/?p=20209"},"modified":"2020-04-11T18:30:15","modified_gmt":"2020-04-11T18:30:15","slug":"francesca-ferigo-fotomodella-e-problem-solver","status":"publish","type":"post","link":"https:\/\/www.nonsolomodanews.it\/wordpress\/francesca-ferigo-fotomodella-e-problem-solver\/","title":{"rendered":"Francesca Ferigo, fotomodella e problem-solver"},"content":{"rendered":"<p><span style=\"color: #000000;\"><strong><a href=\"https:\/\/www.nonsolomodanews.it\/wordpress\/1-8\/\"><img loading=\"lazy\" decoding=\"async\" class=\"size-medium wp-image-20214 alignleft\" src=\"https:\/\/www.nonsolomodanews.it\/wordpress\/wp-content\/uploads\/2020\/04\/1-200x300.jpg\" alt=\"\" width=\"200\" height=\"300\" srcset=\"https:\/\/www.nonsolomodanews.it\/wordpress\/wp-content\/uploads\/2020\/04\/1-200x300.jpg 200w, https:\/\/www.nonsolomodanews.it\/wordpress\/wp-content\/uploads\/2020\/04\/1.jpg 640w\" sizes=\"auto, (max-width: 200px) 100vw, 200px\" \/><\/a>Nonsolomodanews <\/strong>ha il piacere di presentare ai propri lettori <strong>Francesca Ferigo<\/strong>. Francesca \u00e8 una ragazza originaria di Milano e l\u2019abbiamo conosciuta di persona durante EICMA, la fiera del Ciclo e Motociclo che ogni anno si svolge a Rho\/Milano. Francesca non \u00e8 la solita ragazza bella che si pu\u00f2 incontrare in un evento ma \u00e8 anche la ragazza che si \u00e8 fatta da s\u00e9 e ha costituito una societ\u00e0 la FFAngency per gestire gli eventi e risolvere i problemi (problem-solver) attualmente in Italia e poi anche all\u2019estero. Lei non si definisce modella, ma piuttosto una fotomodella. In passato in un concorso ha vinto il premio quale miglior lato B. Francesca \u00e8 una ragazza poliedrica. Diploma al liceo linguistico e Laura in Lingue e Letterature straniere alla Statale di Milano. Le piace viaggiare. Ha partecipato a programmi TV, come alla terza stagione di take me out ed \u00e8 stata anche protagonista di una pubblicit\u00e0 qualche anno fa. A livello fotografico ha posato per Maxim Italia. Ringraziamo Francesca per averci concesso questa intervista in un periodo molto buio per l\u2019Italia e gli italiani e auguriamo ai nostri lettori, buona lettura.<\/span><\/p>\n<p><!--more--><\/p>\n<p>&nbsp;<\/p>\n<p><span style=\"color: #000000;\"><strong>Ciao, benvenuta su Nonsolomodanews, ti vuoi presentare? <\/strong>\u201c<em>Ciao, sono Francesca Ferigo, sono nata a Milano il 22 febbraio1991. Le mie misure sono 90 \u2013 ahim\u00e8 70 \u2013 90, sono alta 1.66 e porto il 37 di scarpe. Ho i capelli medio-lunghi castani e gli occhi color marrone chiaro. Sono una ragazza positiva, ambiziosa che ama viaggiare e vivere la vita appieno<\/em><em>\u201d.<\/em><\/span><\/p>\n<p><span style=\"color: #000000;\"><strong>Come stai affrontando la quarantena da Covid-19? <\/strong>\u201c<em>Cerco di sfruttare il tempo che ho al meglio, ho sistemato tutta la casa compresa cantina e box, sto imparando a cucinare, ogni giorno cerco di cimentarmi in qualche nuova ricetta; leggo molto (attualmente ho iniziato il libro sul galateo ); sto studiando il portoghese dedicandomi 1 h al giorno seguendo un corso su un\u2019applicazione dal telefono&#8230; a parte questo, come penso tutti, guardo film e serie su Netflix \u2013 a tal proposito vi consiglio di guardare un meraviglioso documentario che si chiama &lt;&lt;Il nostro pianeta&gt;&gt;. E\u2019 splendido e spiega il cambiamento che ha subito gran parte della flora e della fauna terrestre a causa del surriscaldamento globale\u201d.<\/em><\/span><\/p>\n<p><span style=\"color: #000000;\"><strong>Come trascorri il tempo e come ti stai organizzando, come si svolge la tua giornata tipo ora? <\/strong>\u201c<em>Dunque mi sveglio verso le 9\/9,30 faccio una colazione leggera, porto fuori il mio amato Teodoro e mi metto al pc a lavorare. A met\u00e0 mattinata inizio a preparare qualcosa per mezzogiorno e anche per la sera. Dopo mangiato mi prendo un oretta di relax sul divano poi attacco con lo studio e la lettura. La sera, dopo cena, film e a e letto\u201d.<\/em><\/span><\/p>\n<p><span style=\"color: #000000;\"><strong>Pensi che i provvedimenti del Governo siano sufficienti per affrontare l\u2019emergenza o avresti? <\/strong>\u201c<em>Penso che stiano facendo tutto il possibile, io non avrei la minima idea di come potere affrontare tutto questo e credo che sia al di fuori della portata di chiunque. L\u2019unico aspetto a cui ho sempre pensato sin dall\u2019inizio e che a mio parere doveva rientrare fra gli obblighi \u00e8 quello di coprire il viso quando si esce; non mi capacitavo di vedere cassieri al supermercato a meno di 1m da me completamente scoperti. Questa norma \u00e8 diventata obbligatoria da poco\u201d.<\/em><\/span><\/p>\n<p><span style=\"color: #000000;\"><strong>Tu ti interessi della spesa, sempre con mascherina e guanti? <\/strong>\u201c<em>Io sin dall\u2019inizio sono sempre uscita con la mascherina FFP2 \u2013 anche se venivo guardata male \u2013 e, da quando ci hanno messo tutti in stato di fermo, esco solo per portare fuori il mio cagnolino vicino casa, per la spesa una volta a settimana e sempre con i guanti\u201d.<\/em><\/span><\/p>\n<p><span style=\"color: #000000;\"><strong>Al supermercato passi del tempo o appena hai preso le cose che ti servono esci e torni a casa? <\/strong>\u201c<em>Al supermercato cerco di prendere il pi\u00f9 possibile per fare una scorta ed evitare di tornarci, faccio un giro di tutte le corsie ed esco<\/em><em>\u201d.<\/em><\/span><\/p>\n<p><span style=\"color: #000000;\"><strong>Quanto ti pesa non poter condividere il tempo con i tuoi nonni, anche se li vedi quando gli porti la spesa? <\/strong>\u201c<em>Fortunatamente grazie alla tecnologia ho la possibilit\u00e0 di sentirli e vederli anche con il cellulare, ho dei nonni veramente smart da questo punto di vista. Li vedo una volta a settimana quando porto loro la spesa fuori casa. Ci chiacchiero 5\u2019 sul pianerottolo mantenendo le distanze di sicurezza ed in questo modo riesco a salutare anche la mia cagnolina Camilla, che ho preferito lasciare a loro in questo momento di totale chiusura perch\u00e9 potesse fargli compagnia. La cosa pi\u00f9 importante per me \u00e8 che siano al sicuro\u201d.<\/em><\/span><\/p>\n<p><span style=\"color: #000000;\"><strong>La gente che incontri \u00e8 disciplinata nel rispettare il distanziamento sociale? \u201c<\/strong><em>Uscendo molto poco non saprei rispondere con precisione, ma dalla televisione purtroppo si denota che tante persone ancora prendono sottogamba questa gravissima situazione\u201d.<\/em><\/span><\/p>\n<p><span style=\"color: #000000;\"><strong>Come si sono modificati i rapporti con le altre persone? <\/strong>\u201c<em>Oggi l\u2019unico modo per comunicare \u00e8 il telefono, fortunatamente riusciamo anche a vederci con le videochiamate. Chiaramente non ci possiamo abbracciare, tenere la mano o guardarci dritti negli occhi ma recupereremo tutto con gli interessi e daremo finalmente un valore a queste cose\u201d. <\/em><\/span><\/p>\n<p><span style=\"color: #000000;\"><strong>Tu sei una modella e in pi\u00f9 anche brand ambassador per il ristorante DVCA di Milano. Li hai sentiti in questo periodo? Che messaggio gli vuoi fare arrivare? <\/strong>\u201c<em>Modella non direi data l\u2019altezza, ho lavorato come fotomodella per qualche anno, niente di pi\u00f9 perci\u00f2 non posso definirmi tale. I ragazzi del DVCA sono come una seconda famiglia per me, mi manca tantissimo passare una serata da loro con le mie migliori amiche, sia per la cucina che per la compagnia! E\u2019 un luogo davvero magico. Voglio mandare un bacione a tutto il team ed in particolare all\u2019unico che \u00e8 sempre presente ma dietro le quinte.. il super chef Manolo! Il TOP! \u201d.<\/em><\/span><\/p>\n<p><span style=\"color: #000000;\"><strong>Rispetto ai tempi pre corona virus, oltre al fatto di non potersi muovere da casa, che cosa ti manca? <\/strong>\u201c<em>Mi manca viaggiare, pi\u00f9 di tutto. Pianificare nuove mete e fare il conto alla rovescia per i preparativi della valigia. Sono abituata da sempre a fare 3-4 viaggi durante l\u2019anno. Dalla mattina della partenza mi sento come rinascere, vivo quella magica sensazione che potrebbe succedermi qualsiasi cosa. Tutto questo mi manca, mi manca come l\u2019aria. Mi ritengo da sempre una cittadina del mondo, senza radici\u201d.<\/em><\/span><\/p>\n<p><span style=\"color: #000000;\"><strong>Che cosa vuoi dire alle persone che in questo momento, a rischio della loro incolumit\u00e0 fisica, oltre al personale sanitario, stanno lavorando permettendo all\u2019Italia di andare avanti anche se a scartamento ridotto? <\/strong>\u201c<em>Mia madre \u00e8 un\u2019infermiera perci\u00f2 questo per me \u00e8 un tasto dolente. Grazie al cielo \u00e8 nel reparto oncologia che &lt;&lt;teoricamente&gt;&gt; \u00e8 pi\u00f9 protetto anche se inizialmente non davano le mascherine neanche al personale per non creare allarmismo; la cosa peggiore \u00e8 che la situazione \u00e8 rimasta la medesima anche quando si \u00e8 trasformato in un ospedale Covid-19. Solo nell\u2019ultimo periodo hanno messo tutti in sicurezza. Le faranno un tampone di controllo perch\u00e9 \u00e8 entrata in contatto con un paziente che \u00e8 morto a causa del virus, perci\u00f2 incrociamo le dita&#8230; \u00e8 una donna fortissima. Sono sicura che stia benissimo\u201d.<\/em><\/span><\/p>\n<p><span style=\"color: #000000;\"><strong>Come ti informi dell\u2019evolvere della pandemia? <\/strong>\u201c<em>Mi tengo aggiornata con google ed il tgcom dal telefono\u201d.<\/em><\/span><\/p>\n<p><span style=\"color: #000000;\"><strong>Hai paura e se si, di che cosa in modo particolare? <\/strong>\u201c<em>Non sono il tipo di persona che prova paura, mi tengo protetta, pulisco le zampette al mio cagnolino con le salviette apposite quando torno a casa, uso guanti e mascherina ma non sono ipocondriaca. Vivo la situazione piuttosto serenamente e sono molto fatalista, infatti credo che, se qualcosa debba accadere, accadr\u00e0 nonostante tutto\u201d.<\/em><\/span><\/p>\n<p><span style=\"color: #000000;\"><strong>Come sei normalmente di carattere? <\/strong>\u201c<em>Sono una persona decisa, che ha ben chiaro ci\u00f2 che vuole e ha dei valori molto radicati. Non scendo mai a compromessi e se ho un\u2019idea in testa \u00e8 difficile che la cambi\u201d.<\/em><\/span><\/p>\n<p><span style=\"color: #000000;\"><strong>Come si sta modificando il tuo umore con il passare del tempo? <\/strong>\u201c<em>Cerco di mantenere un equilibrio anche se non \u00e8 semplice. Sono una persona che non si ferma mai e la mia quotidianit\u00e0 la passo sempre in giro a destra e sinistra perci\u00f2 indubbiamente risento parecchio il fatto di essere bloccata in casa tutto il giorno\u201d.<\/em><\/span><\/p>\n<p><span style=\"color: #000000;\"><strong>Condividere spazi e non poter fare le cose che normalmente facevi prima, che cosa ti manca di pi\u00f9? <\/strong>\u201c<em>Mi manca la libert\u00e0 di poter scegliere cosa fare giorno dopo giorno\u201d. <\/em><\/span><\/p>\n<p><span style=\"color: #000000;\"><strong>Come fai a stare in contatto con i tuoi amici\/parenti? <\/strong>\u201c<em>Li sento almeno una volta al giorno, attraverso whatsapp \/ facetime ed il telefono\u201d.<\/em><\/span><\/p>\n<p><span style=\"color: #000000;\"><strong>Usi la videochiamata per tenerti in contatto con le altre persone? <\/strong>\u201c<em>Si, lo preferisco ad una chiamata normale\u201d.<\/em><\/span><\/p>\n<p><span style=\"color: #000000;\"><strong>Sei una persona curiosa? <\/strong><em>\u201cSi, abbastanza\u201d. <\/em><\/span><\/p>\n<p><span style=\"color: #000000;\"><strong>E\u2019 vero che la curiosit\u00e0 sia femmina? <\/strong><em>\u201cSi, ma ho scoperto che tanti uomini siano molto peggio di noi\u201d.<\/em><\/span><\/p>\n<p><span style=\"color: #000000;\"><strong>Qual \u00e8 il tuo colore preferito? <\/strong>\u201c<em>Bianco, sinonimo di trasparenza, purezza e bont\u00e0 d\u2019animo\u201d.<\/em><\/span><\/p>\n<p><span style=\"color: #000000;\"><strong>Quali sono le tue passioni? <\/strong>\u201c<em>Amo in assoluto pi\u00f9 di tutto viaggiare, poi collezionare anelli da tutto il mondo, leggere, seguire i miei canali social e ora tiktok, che \u00e8 diventata la mia nuova passione e passatempo! \u201d.<\/em><\/span><\/p>\n<p><span style=\"color: #000000;\"><strong>Qual \u00e8 il rapporto con il tuo corpo? <\/strong>\u201c<em>Mi piaccio molto, nonostante non sia perfetta e riconosca i miei difetti. Non seguo particolari diete o altro. Non faccio esercizio fisico ma comunque mi ritengo in forma perch\u00e9 sto attenta all\u2019alimentazione \u2013 specifico che non sono una mangiona, probabilmente devo tutto a mia madre&#8230; questione di genetica! \u201d.<\/em><\/span><\/p>\n<p><span style=\"color: #000000;\"><strong>Ti piace viaggiare, che cosa ti lascia un viaggio? <\/strong>\u201c<em>AMO in maniera incondizionata il viaggio, partire, scoprire nuovi posti, incontrare autoctoni e vivere come loro, vedere attraverso i loro occhi. Mi pervade un\u2019incredibile energia dal momento in cui salgo sull\u2019aereo. Tutto cambia. Tutto. Di solito parto per un viaggio che sono una persona e torno, in parte, sempre cambiata\u201d.<\/em><\/span><\/p>\n<p><span style=\"color: #000000;\"><strong>Ultimo viaggio fatto? <\/strong>\u201c<em>Ultimo viaggio Marrakech con la mia migliore amica. Un\u2019esperienza davvero unica, posto magico\u201d.<\/em><\/span><\/p>\n<p><span style=\"color: #000000;\"><strong>Quale musica ti piace? Artista preferito? <\/strong>\u201c<em>Ascolto musica pop e ballo reggaeton, musica latina. Non ho un vero e proprio cantante preferito ma anni fa prediligevo Ligabue ( unico cantante per cui ho partecipato ad un concerto a San Siro \u2013 altrimenti evito, non amo la folla ) \u201d.<\/em><\/span><\/p>\n<p><span style=\"color: #000000;\"><strong>Vai in discoteca? <\/strong>\u201c<em>Ci ho lavorato per anni, ora ci vado di rado per\u00f2 mi piace e mi diverto sempre parecchio quando capita\u201d.<\/em><\/span><\/p>\n<p><span style=\"color: #000000;\"><strong>Come si diventata influencer? <\/strong>\u201c<em>Non mi definirei influencer, ho solo 37 k seguaci. Ho iniziato ad usare Instagram non appena uscito per modificare le foto, mi piaceva utilizzare i filtri per renderle pi\u00f9 vivaci e da l\u00ec non ho mai smesso ( infatti la mia pagina \u2013 prima del repulisti \u2013 contava pi\u00f9 di 3000 foto ) \u201d. <\/em><\/span><\/p>\n<p><span style=\"color: #000000;\"><strong>Tu oltre ad essere modella, hostess, sei anche responsabile dell\u2019Agenzia FF Agency. In quale ambito operi come agenzia? <\/strong>\u201c<em>FF Agency \u00e8 una realt\u00e0 nata da pochi anni che diventer\u00e0 srl a breve \u2013 sperando che la situazione si sistemi il prima possibile. Opero nell\u2019ambito eventi, recluto il personale e mi definisco una problem-solver, risolvo problemi sia a livello organizzativo che logistico in tutta Italia ( a breve spero anche all\u2019estero ) attraverso i miei canali\u201d.<\/em><\/span><\/p>\n<p><span style=\"color: #000000;\"><strong>Come ti sei avvicinata al mondo della fotografia? <\/strong>\u201c<em>La fotografia \u00e8 stata la prima fase della mia &lt;&lt;carriera&gt;&gt; in questo ambito. Ho posato per il mio primo servizio fotografico a 18 anni. Mi sono sempre sentita a mio agio davanti alle telecamere \u2013 anche quelle televisive ( come a Take me Out per chi l\u2019avesse visto )\u201d.<\/em><\/span><\/p>\n<p><span style=\"color: #000000;\"><strong>Ci racconti la tua prima volta davanti alla macchina fotografica? <\/strong>\u201c<em>Avevo 18 anni e ho posato con una mia amica di vecchissima data, eravamo la mora e la bionda. <\/em> <em>Mi ricordo che abbiamo portato tantissimi cambi diversi e ci siamo scambiate di tutto! E\u2019 stato super divertente. Da l\u00ec ho avuto richieste in continuazione\u201d.<\/em><\/span><\/p>\n<p><span style=\"color: #000000;\"><strong>Che cosa ti da maggior soddisfazione in una fotografia? <\/strong>\u201c<em>Il risultato finale! Sono molto fotogenica e mi piace valorizzare il mio corpo, con l\u2019esperienza ho imparato come farlo al meglio\u201d.<\/em><\/span><\/p>\n<p><span style=\"color: #000000;\"><strong>In una tua fotografia di ritratto che cosa noti immediatamente? <\/strong>\u201c<em>Gli occhi, mi dicono che siano molto espressivi\u201d.<\/em><\/span><\/p>\n<p><span style=\"color: #000000;\"><strong>Quali sono le tue sensazioni quando vieni fotografata? <\/strong>\u201c<em>Mi sento come in passerella, mi diverte tantissimo cambiare posa ogni secondo e vedere cosa esce! Per me \u00e8 un vero gioco! \u201d.<\/em><\/span><\/p>\n<p><span style=\"color: #000000;\"><strong>Quali sono i generi fotografici che preferisci e perch\u00e9?<\/strong> \u201c<em>Ho posato in stile fashion, costume, intimo e glamour. Non sono mai andata oltre. Mai posato nuda, neanche per shooting di nudo artistico. Non mi piace proprio e non le condividerei mai\u201d.<\/em><\/span><\/p>\n<p><span style=\"color: #000000;\"><strong>Un consiglio a chi si avvicina al mondo della moda e della fotografia? <\/strong>\u201c<em>Fatevelo senza pretendere troppo da voi stesse, accettandovi per come siete e se poi andr\u00e0, bene; diversamente sar\u00e0 stata una bellissima esperienza ugualmente\u201d.<\/em><\/span><\/p>\n<p><span style=\"color: #000000;\"><strong>Cosa significa per te femminilit\u00e0? <\/strong>\u201c<em>Femminilit\u00e0 \u00e8 essere Donna e sapersi sempre differenziare\u201d.<\/em><\/span><\/p>\n<p><span style=\"color: #000000;\"><strong>Qual \u00e8 il capo di vestiario che ami di pi\u00f9 e quello di meno?<\/strong> \u201c<em>Amo i capi particolari, gli abitini, i vestitini estivi e leggeri perch\u00e9 riesco a giocare molto con i colori. Non amo le tute. Le detesto. Le trovo poco femminili e di cattivo gusto anche per andare a fare la spesa, piuttosto leggins, magliettina e via\u201d. <\/em><\/span><\/p>\n<p><span style=\"color: #000000;\"><strong>Scarpe basse o tacchi?<\/strong> \u201c<em>Tassativamente tacco di almeno 10cm, mi piacciono e li porto molto bene, ci cammino senza problemi e valorizzano le mie gambe. Non amo le scarpe da ginnastica e non credo di aver mai indossato un paio di ballerine se non per il corso di danza classica\u201d.<\/em><\/span><\/p>\n<p><span style=\"color: #000000;\"><strong>Un accessorio che non manca mai quando esci da casa?<\/strong> \u201c<em>Anelli, uno per ogni dito ( tranne che per il pollice ) \u201d. <\/em><\/span><\/p>\n<p><span style=\"color: #000000;\"><strong>Qual \u00e8 il tuo rapporto con la tecnologia?<\/strong>\u201c<em>Me la cavo\u201d.<\/em><\/span><\/p>\n<p><span style=\"color: #000000;\"><strong>Dovessi scegliere tra internet e smartphone, quale dei due scarteresti e perch\u00e9? <\/strong>\u201c<em>Scarto lo smartphone e utilizzo intenet con un tablet\u201d.<\/em><\/span><\/p>\n<p><span style=\"color: #000000;\"><strong>In ordine di preferenza quali sono i tuoi Social preferiti?<\/strong> \u201c<em>Utilizzo tantissimo Whatsapp e Instagram; TikTok da poco. Facebook ormai molto poco\u201d.<\/em><\/span><\/p>\n<p><span style=\"color: #000000;\"><strong>La rete in questi periodi \u00e8 sotto pressione, nel caso non ci fosse pi\u00f9 internet, pensi che le relazioni personali migliorerebbero o\u2026 <\/strong>\u201c<em>Le relazioni in questo periodo stanno subendo una grave pressione, non internet! Le coppie, stando insieme 24\/h al giorno 7\/7 fanno fatica a sopportarsi ed \u00e8 molto difficile stabilire un equilibrio. Internet potrebbe creare ulteriori problemi solo se utilizzato in maniera sbagliata, diversamente \u00e8 uno strumento fondamentale per lavorare, tenersi aggiornati e comunicare con il resto del mondo\u201d.<\/em><\/span><\/p>\n<p><span style=\"color: #000000;\"><strong>Che cosa significa inseguire un sogno per te? <\/strong>\u201c<em>Io sono da sempre una sognatrice, mi piace fantasticare e pensare di poter cambiare la mia vita ogni volta che voglio. Ho sempre raggiunto i miei obiettivi e sicuramente la mia positivit\u00e0 e il mio approccio verso ogni cosa mi hanno sempre aiutata a raggiungerli\u201d. <\/em><\/span><\/p>\n<p><span style=\"color: #000000;\"><em><a href=\"https:\/\/www.facebook.com\/bruno.a.porcellana\">Bruno Angelo Porcellana<\/a> <\/em><\/span><\/p>\n<p style=\"text-align: center;\">Le fotografie sono state fornite da Francesca Ferigo &#8211; I crediti appartengono ai relativi fotografi<br \/>\nTutti i diritti riservati \u00a9 2019 \u2013 Email: nonsolomodanews@gmail.com<style id=\"bwg-style-0\">      #bwg_container1_0 #bwg_container2_0 #bwg_mosaic_thumbnails_div_0 {        width: 100%;        position: relative;        background-color: rgba(255, 255, 255, 0.00);        text-align: center;        justify-content: center;                  margin-left: auto;          margin-right: auto;                    padding-left: 4px;          padding-top: 4px;                }          #bwg_container1_0 #bwg_container2_0 .bwg_mosaic_thumb_spun_0 {        display: block;        position: absolute;\t\t\t\tborder-radius: 0;\t\t\t\tborder: 0px none #CCCCCC;    \t\t    \t\tbackground-color:rgba(0,0,0, 0.30);        -moz-box-sizing: content-box !important;        -webkit-box-sizing: content-box !important;        box-sizing: content-box !important;      }\t\t\t#bwg_container1_0 #bwg_container2_0 .bwg_mosaic_thumb_0 {\t\t\t\tdisplay: block;\t\t\t\t-moz-box-sizing: content-box !important;\t\t\t\t-webkit-box-sizing: content-box !important;\t\t\t\tbox-sizing: content-box !important;\t\t\t\tmargin: 0;\t\t\t\topacity: 1.00;\t\t\t}      #bwg_container1_0 #bwg_container2_0 .bwg_mosaic_thumb_spun_0:hover {        opacity: 1;        backface-visibility: hidden;        -webkit-backface-visibility: hidden;        -moz-backface-visibility: hidden;        -ms-backface-visibility: hidden;        z-index: 102;      }\t      @media only screen and (min-width: 480px) {        #bwg_container1_0 #bwg_container2_0 .bwg_mosaic_thumb_spun_0:hover {          transform: scale(1.1);          -ms-transform: scale(1.1);          -webkit-transform: scale(1.1);        }      }\t      #bwg_container1_0 #bwg_container2_0 .bwg_mosaic_thumbnails_0 {        background-color: rgba(255, 255, 255, 0.00);        font-size: 0;        position: relative;        text-align: center;        display: inline-block;        visibility: hidden;              }\t  \/*image title styles*\/      #bwg_container1_0 #bwg_container2_0 .bwg_mosaic_title_spun1_0,      #bwg_container1_0 #bwg_container2_0 .bwg-mosaic-thumbnails .bwg_ecommerce_spun1_0 {        position: absolute;        display: block;        opacity: 0;        box-sizing: border-box;        text-align: center;\t\t\t\ttop: 50%;\t\t\t\tleft: 50%;\t\t\t\ttransform: translate(-50%, -50%);      }      #bwg_container1_0 #bwg_container2_0 .bwg-mosaic-thumbnails .bwg_mosaic_title_spun2_0,      #bwg_container1_0 #bwg_container2_0 .bwg-mosaic-thumbnails .bwg_ecommerce_spun2_0 {\t\t    color: #CCCCCC;        font-family: segoe ui;        font-size: 16px;        font-weight: bold;        text-shadow: 0px 0px 0px #888888;        vertical-align: middle;        word-wrap: break-word;      }            .bwg_mosaic_play_icon_spun_0 {        display: table;        position: absolute;        left: -10000px;        top: 0px;        opacity: 0;      }      .bwg_mosaic_play_icon_0 {        color: #CCCCCC;        font-size: 32px;        vertical-align: middle;        display: table-cell !important;        z-index: 1;        text-align: center;        margin: 0 auto;      }      #bwg_container1_0 #bwg_container2_0 .bwg_gal_title_0 {        background-color: rgba(0, 0, 0, 0);        color: #323A45;        display: block;        font-family: Ubuntu;        font-size: 16px;        font-weight: bold;        padding: 2px;        text-shadow: ;        text-align: center;      }            @media screen and (max-width: 280px) {      div[class^=\"bwg_mosaic_thumbnails_\"],      span[class^=\"bwg_mosaic_thumb_spun_\"] {      width: 100% !important;      }      img[class^=\"bwg_mosaic_thumb_\"] {      width: 100% !important;      height: auto !important;      margin: 0px auto !important;      }      }      <\/style>    <div id=\"bwg_container1_0\"         class=\"bwg_container bwg_thumbnail bwg_thumbnails_mosaic \"         data-right-click-protection=\"0\"         data-bwg=\"0\"         data-scroll=\"0\"         data-gallery-type=\"thumbnails_mosaic\"         data-gallery-view-type=\"thumbnails_mosaic\"         data-current-url=\"\/wordpress\/wp-json\/wp\/v2\/posts\/20209\"         data-lightbox-url=\"https:\/\/www.nonsolomodanews.it\/wordpress\/wp-admin\/admin-ajax.php?action=GalleryBox&#038;current_view=0&#038;gallery_id=433&#038;tag=0&#038;theme_id=1&#038;shortcode_id=463&#038;sort_by=order&#038;order_by=asc&#038;current_url=%2Fwordpress%2Fwp-json%2Fwp%2Fv2%2Fposts%2F20209\"         data-gallery-id=\"433\"         data-popup-width=\"800\"         data-popup-height=\"500\"         data-is-album=\"gallery\"         data-buttons-position=\"bottom\">      <div id=\"bwg_container2_0\">             <div id=\"ajax_loading_0\" class=\"bwg_loading_div_1\">      <div class=\"bwg_loading_div_2\">        <div class=\"bwg_loading_div_3\">          <div id=\"loading_div_0\" class=\"bwg_spider_ajax_loading\">          <\/div>        <\/div>      <\/div>    <\/div>            <form id=\"gal_front_form_0\"              class=\"bwg-hidden\"              method=\"post\"              action=\"#\"              data-current=\"0\"              data-shortcode-id=\"463\"              data-gallery-type=\"thumbnails_mosaic\"              data-gallery-id=\"433\"              data-tag=\"0\"              data-album-id=\"0\"              data-theme-id=\"1\"              data-ajax-url=\"https:\/\/www.nonsolomodanews.it\/wordpress\/wp-admin\/admin-ajax.php?action=bwg_frontend_data\">          <div id=\"bwg_container3_0\" class=\"bwg-background bwg-background-0\">                <div id=\"bwg_mosaic_thumbnails_div_0\"         class=\"bwg-container-0 bwg-container bwg-mosaic-thumbnails\"         data-bwg=\"0\"         data-mosaic-direction=\"vertical\"         data-resizable=\"0\"         data-width=\"180\"         data-height=\"90\"         data-total-width=\"100\"         data-block-id=\"bwg_thumbnails_mosaic_0\"         data-thumb-padding=\"4\"         data-thumb-border=\"0\"         data-title-margin=\"2px\"         data-image-title=\"none\"         data-play-icon=\"1\"         data-ecommerce-icon=\"none\"         data-gallery-id=\"433\"         data-lightbox-url=\"https:\/\/www.nonsolomodanews.it\/wordpress\/wp-admin\/admin-ajax.php?action=GalleryBox&#038;current_view=0&#038;gallery_id=433&#038;tag=0&#038;theme_id=1&#038;shortcode_id=463&#038;sort_by=order&#038;order_by=asc&#038;current_url=%2Fwordpress%2Fwp-json%2Fwp%2Fv2%2Fposts%2F20209\"         data-mosaic-thumb-transition=\"1\"         style=\"visibility: hidden\" >      <div id=\"bwg_thumbnails_mosaic_0\" class=\"bwg_mosaic_thumbnails_0\">                  <a class=\"bwg-a\" >          <div class=\"bwg_mosaic_thumb_spun_0 bwg-item0 bwg-mosaic-thumb-span \">            <img decoding=\"async\" class=\"bwg_mosaic_thumb_0 skip-lazy bwg_img_clear bwg_img_custom \"                 id=\"28904\"                 src=\"https:\/\/www.nonsolomodanews.it\/wordpress\/wp-content\/uploads\/photo-gallery\/Francesca%20Ferigo\/thumb\/logoxsito.png?bwg=1624548760\"                 data-src=\"https:\/\/www.nonsolomodanews.it\/wordpress\/wp-content\/uploads\/photo-gallery\/Francesca%20Ferigo\/thumb\/logoxsito.png?bwg=1624548760\"                 data-width=\"\"                 data-height=\"\"                 alt=\"logoxsito   \"                 title=\"logoxsito   \" \/>                      <\/div>        <\/a>                <a class=\"bwg-a\" >          <div class=\"bwg_mosaic_thumb_spun_0 bwg-item0 bwg-mosaic-thumb-span \">            <img decoding=\"async\" class=\"bwg_mosaic_thumb_0 skip-lazy bwg_img_clear bwg_img_custom \"                 id=\"28903\"                 src=\"https:\/\/www.nonsolomodanews.it\/wordpress\/wp-content\/uploads\/photo-gallery\/Francesca%20Ferigo\/thumb\/45734170_495938327570616_5538442860283559936_n.jpg?bwg=1624548760\"                 data-src=\"https:\/\/www.nonsolomodanews.it\/wordpress\/wp-content\/uploads\/photo-gallery\/Francesca%20Ferigo\/thumb\/45734170_495938327570616_5538442860283559936_n.jpg?bwg=1624548760\"                 data-width=\"\"                 data-height=\"\"                 alt=\"Francesca Ferigo   \"                 title=\"Francesca Ferigo   \" \/>                      <\/div>        <\/a>                <a class=\"bwg-a\" >          <div class=\"bwg_mosaic_thumb_spun_0 bwg-item0 bwg-mosaic-thumb-span \">            <img decoding=\"async\" class=\"bwg_mosaic_thumb_0 skip-lazy bwg_img_clear bwg_img_custom \"                 id=\"28902\"                 src=\"https:\/\/www.nonsolomodanews.it\/wordpress\/wp-content\/uploads\/photo-gallery\/Francesca%20Ferigo\/thumb\/13.jpg?bwg=1624548760\"                 data-src=\"https:\/\/www.nonsolomodanews.it\/wordpress\/wp-content\/uploads\/photo-gallery\/Francesca%20Ferigo\/thumb\/13.jpg?bwg=1624548760\"                 data-width=\"\"                 data-height=\"\"                 alt=\"Francesca Ferigo   \"                 title=\"Francesca Ferigo   \" \/>                      <\/div>        <\/a>                <a class=\"bwg-a\" >          <div class=\"bwg_mosaic_thumb_spun_0 bwg-item0 bwg-mosaic-thumb-span \">            <img decoding=\"async\" class=\"bwg_mosaic_thumb_0 skip-lazy bwg_img_clear bwg_img_custom \"                 id=\"28901\"                 src=\"https:\/\/www.nonsolomodanews.it\/wordpress\/wp-content\/uploads\/photo-gallery\/Francesca%20Ferigo\/thumb\/12.jpg?bwg=1624548760\"                 data-src=\"https:\/\/www.nonsolomodanews.it\/wordpress\/wp-content\/uploads\/photo-gallery\/Francesca%20Ferigo\/thumb\/12.jpg?bwg=1624548760\"                 data-width=\"\"                 data-height=\"\"                 alt=\"Francesca Ferigo   \"                 title=\"Francesca Ferigo   \" \/>                      <\/div>        <\/a>                <a class=\"bwg-a\" >          <div class=\"bwg_mosaic_thumb_spun_0 bwg-item0 bwg-mosaic-thumb-span \">            <img decoding=\"async\" class=\"bwg_mosaic_thumb_0 skip-lazy bwg_img_clear bwg_img_custom \"                 id=\"28900\"                 src=\"https:\/\/www.nonsolomodanews.it\/wordpress\/wp-content\/uploads\/photo-gallery\/Francesca%20Ferigo\/thumb\/11.jpg?bwg=1624548760\"                 data-src=\"https:\/\/www.nonsolomodanews.it\/wordpress\/wp-content\/uploads\/photo-gallery\/Francesca%20Ferigo\/thumb\/11.jpg?bwg=1624548760\"                 data-width=\"\"                 data-height=\"\"                 alt=\"Francesca Ferigo   \"                 title=\"Francesca Ferigo   \" \/>                      <\/div>        <\/a>                <a class=\"bwg-a\" >          <div class=\"bwg_mosaic_thumb_spun_0 bwg-item0 bwg-mosaic-thumb-span \">            <img decoding=\"async\" class=\"bwg_mosaic_thumb_0 skip-lazy bwg_img_clear bwg_img_custom \"                 id=\"28899\"                 src=\"https:\/\/www.nonsolomodanews.it\/wordpress\/wp-content\/uploads\/photo-gallery\/Francesca%20Ferigo\/thumb\/10.jpg?bwg=1624548760\"                 data-src=\"https:\/\/www.nonsolomodanews.it\/wordpress\/wp-content\/uploads\/photo-gallery\/Francesca%20Ferigo\/thumb\/10.jpg?bwg=1624548760\"                 data-width=\"\"                 data-height=\"\"                 alt=\"Francesca Ferigo   \"                 title=\"Francesca Ferigo   \" \/>                      <\/div>        <\/a>                <a class=\"bwg-a\" >          <div class=\"bwg_mosaic_thumb_spun_0 bwg-item0 bwg-mosaic-thumb-span \">            <img decoding=\"async\" class=\"bwg_mosaic_thumb_0 skip-lazy bwg_img_clear bwg_img_custom \"                 id=\"28897\"                 src=\"https:\/\/www.nonsolomodanews.it\/wordpress\/wp-content\/uploads\/photo-gallery\/Francesca%20Ferigo\/thumb\/8.jpg?bwg=1624548760\"                 data-src=\"https:\/\/www.nonsolomodanews.it\/wordpress\/wp-content\/uploads\/photo-gallery\/Francesca%20Ferigo\/thumb\/8.jpg?bwg=1624548760\"                 data-width=\"\"                 data-height=\"\"                 alt=\"Francesca Ferigo   \"                 title=\"Francesca Ferigo   \" \/>                      <\/div>        <\/a>                <a class=\"bwg-a\" >          <div class=\"bwg_mosaic_thumb_spun_0 bwg-item0 bwg-mosaic-thumb-span \">            <img decoding=\"async\" class=\"bwg_mosaic_thumb_0 skip-lazy bwg_img_clear bwg_img_custom \"                 id=\"28895\"                 src=\"https:\/\/www.nonsolomodanews.it\/wordpress\/wp-content\/uploads\/photo-gallery\/Francesca%20Ferigo\/thumb\/6.jpg?bwg=1624548760\"                 data-src=\"https:\/\/www.nonsolomodanews.it\/wordpress\/wp-content\/uploads\/photo-gallery\/Francesca%20Ferigo\/thumb\/6.jpg?bwg=1624548760\"                 data-width=\"\"                 data-height=\"\"                 alt=\"Francesca Ferigo   \"                 title=\"Francesca Ferigo   \" \/>                      <\/div>        <\/a>                <a class=\"bwg-a\" >          <div class=\"bwg_mosaic_thumb_spun_0 bwg-item0 bwg-mosaic-thumb-span \">            <img decoding=\"async\" class=\"bwg_mosaic_thumb_0 skip-lazy bwg_img_clear bwg_img_custom \"                 id=\"28894\"                 src=\"https:\/\/www.nonsolomodanews.it\/wordpress\/wp-content\/uploads\/photo-gallery\/Francesca%20Ferigo\/thumb\/5.jpg?bwg=1624548760\"                 data-src=\"https:\/\/www.nonsolomodanews.it\/wordpress\/wp-content\/uploads\/photo-gallery\/Francesca%20Ferigo\/thumb\/5.jpg?bwg=1624548760\"                 data-width=\"\"                 data-height=\"\"                 alt=\"Francesca Ferigo   \"                 title=\"Francesca Ferigo   \" \/>                      <\/div>        <\/a>                <a class=\"bwg-a\" >          <div class=\"bwg_mosaic_thumb_spun_0 bwg-item0 bwg-mosaic-thumb-span \">            <img decoding=\"async\" class=\"bwg_mosaic_thumb_0 skip-lazy bwg_img_clear bwg_img_custom \"                 id=\"28893\"                 src=\"https:\/\/www.nonsolomodanews.it\/wordpress\/wp-content\/uploads\/photo-gallery\/Francesca%20Ferigo\/thumb\/4.jpg?bwg=1624548760\"                 data-src=\"https:\/\/www.nonsolomodanews.it\/wordpress\/wp-content\/uploads\/photo-gallery\/Francesca%20Ferigo\/thumb\/4.jpg?bwg=1624548760\"                 data-width=\"\"                 data-height=\"\"                 alt=\"Francesca Ferigo   \"                 title=\"Francesca Ferigo   \" \/>                      <\/div>        <\/a>                <a class=\"bwg-a\" >          <div class=\"bwg_mosaic_thumb_spun_0 bwg-item0 bwg-mosaic-thumb-span \">            <img decoding=\"async\" class=\"bwg_mosaic_thumb_0 skip-lazy bwg_img_clear bwg_img_custom \"                 id=\"28892\"                 src=\"https:\/\/www.nonsolomodanews.it\/wordpress\/wp-content\/uploads\/photo-gallery\/Francesca%20Ferigo\/thumb\/3.jpg?bwg=1624548760\"                 data-src=\"https:\/\/www.nonsolomodanews.it\/wordpress\/wp-content\/uploads\/photo-gallery\/Francesca%20Ferigo\/thumb\/3.jpg?bwg=1624548760\"                 data-width=\"\"                 data-height=\"\"                 alt=\"Francesca Ferigo   \"                 title=\"Francesca Ferigo   \" \/>                      <\/div>        <\/a>                <a class=\"bwg-a\" >          <div class=\"bwg_mosaic_thumb_spun_0 bwg-item0 bwg-mosaic-thumb-span \">            <img decoding=\"async\" class=\"bwg_mosaic_thumb_0 skip-lazy bwg_img_clear bwg_img_custom \"                 id=\"28891\"                 src=\"https:\/\/www.nonsolomodanews.it\/wordpress\/wp-content\/uploads\/photo-gallery\/Francesca%20Ferigo\/thumb\/2.jpg?bwg=1624548760\"                 data-src=\"https:\/\/www.nonsolomodanews.it\/wordpress\/wp-content\/uploads\/photo-gallery\/Francesca%20Ferigo\/thumb\/2.jpg?bwg=1624548760\"                 data-width=\"\"                 data-height=\"\"                 alt=\"Francesca Ferigo  \"                 title=\"Francesca Ferigo  \" \/>                      <\/div>        <\/a>                <a class=\"bwg-a\" >          <div class=\"bwg_mosaic_thumb_spun_0 bwg-item0 bwg-mosaic-thumb-span \">            <img decoding=\"async\" class=\"bwg_mosaic_thumb_0 skip-lazy bwg_img_clear bwg_img_custom \"                 id=\"28890\"                 src=\"https:\/\/www.nonsolomodanews.it\/wordpress\/wp-content\/uploads\/photo-gallery\/Francesca%20Ferigo\/thumb\/1.jpg?bwg=1624548760\"                 data-src=\"https:\/\/www.nonsolomodanews.it\/wordpress\/wp-content\/uploads\/photo-gallery\/Francesca%20Ferigo\/thumb\/1.jpg?bwg=1624548760\"                 data-width=\"\"                 data-height=\"\"                 alt=\"Francesca Ferigo  \"                 title=\"Francesca Ferigo  \" \/>                      <\/div>        <\/a>            <\/div>    <\/div>    <style>      \/*pagination styles*\/      #bwg_container1_0 #bwg_container2_0 .tablenav-pages_0 {\t\t\t\ttext-align: center;\t\t\t\tfont-size: 12px;\t\t\t\tfont-family: segoe ui;\t\t\t\tfont-weight: bold;\t\t\t\tcolor: #666666;\t\t\t\tmargin: 6px 0 4px;\t\t\t\tdisplay: block;      }      @media only screen and (max-width : 320px) {      #bwg_container1_0 #bwg_container2_0 .displaying-num_0 {     \t display: none;      }      }      #bwg_container1_0 #bwg_container2_0 .displaying-num_0 {\t\t\t\tfont-size: 12px;\t\t\t\tfont-family: segoe ui;\t\t\t\tfont-weight: bold;\t\t\t\tcolor: #666666;\t\t\t\tmargin-right: 10px;\t\t\t\tvertical-align: middle;      }      #bwg_container1_0 #bwg_container2_0 .paging-input_0 {\t\t\t\tfont-size: 12px;\t\t\t\tfont-family: segoe ui;\t\t\t\tfont-weight: bold;\t\t\t\tcolor: #666666;\t\t\t\tvertical-align: middle;      }      #bwg_container1_0 #bwg_container2_0 .tablenav-pages_0 a.disabled,      #bwg_container1_0 #bwg_container2_0 .tablenav-pages_0 a.disabled:hover,      #bwg_container1_0 #bwg_container2_0 .tablenav-pages_0 a.disabled:focus,\t\t\t#bwg_container1_0 #bwg_container2_0 .tablenav-pages_0 input.bwg_current_page {\t\t\t\tcursor: default;\t\t\t\tcolor: rgba(102, 102, 102, 0.5);      }      #bwg_container1_0 #bwg_container2_0 .tablenav-pages_0 a,      #bwg_container1_0 #bwg_container2_0 .tablenav-pages_0 input.bwg_current_page {\t\t\t\tcursor: pointer;\t\t\t\ttext-align: center;\t\t\t\tfont-size: 12px;\t\t\t\tfont-family: segoe ui;\t\t\t\tfont-weight: bold;\t\t\t\tcolor: #666666;\t\t\t\ttext-decoration: none;\t\t\t\tpadding: 3px 6px;\t\t\t\tmargin: 0;\t\t\t\tborder-radius: 0;\t\t\t\tborder-style: solid;\t\t\t\tborder-width: 1px;\t\t\t\tborder-color: #E3E3E3;\t\t\t\t\t\t\t\tbackground-color: rgba(255, 255, 255, 1.00);\t\t\t\tbox-shadow: 0;\t\t\t\ttransition: all 0.3s ease 0s;-webkit-transition: all 0.3s ease 0s;      }      <\/style>      <span class=\"bwg_nav_cont_0\">              <div class=\"tablenav-pages_0\">                  <\/div>                <input type=\"hidden\" id=\"page_number_0\" name=\"page_number_0\" value=\"1\" \/>      <script type=\"text\/javascript\">        if( jQuery('.bwg_nav_cont_0').length > 1 ) {          jQuery('.bwg_nav_cont_0').first().remove()        }        function spider_page_0(cur, x, y, load_more) {          if (typeof load_more == \"undefined\") {            var load_more = false;          }          if (jQuery(cur).hasClass('disabled')) {            return false;          }          var items_county_0 = 1;          switch (y) {            case 1:              if (x >= items_county_0) {                document.getElementById('page_number_0').value = items_county_0;              }              else {                document.getElementById('page_number_0').value = x + 1;              }              break;            case 2:              document.getElementById('page_number_0').value = items_county_0;              break;            case -1:              if (x == 1) {                document.getElementById('page_number_0').value = 1;              }              else {                document.getElementById('page_number_0').value = x - 1;              }              break;            case -2:              document.getElementById('page_number_0').value = 1;              break;\t\t\t\t\t\tcase 0:              document.getElementById('page_number_0').value = x;              break;            default:              document.getElementById('page_number_0').value = 1;          }          bwg_ajax('gal_front_form_0', '0', 'bwg_thumbnails_mosaic_0', '0', '', 'gallery', 0, '', '', load_more, '', 1);        }                    jQuery('.first-page-0').on('click', function () {              spider_page_0(this, 1, -2, 'numeric');              return false;            });            jQuery('.prev-page-0').on('click', function () {              spider_page_0(this, 1, -1, 'numeric');              return false;            });            jQuery('.next-page-0').on('click', function () {              spider_page_0(this, 1, 1, 'numeric');              return false;            });            jQuery('.last-page-0').on('click', function () {              spider_page_0(this, 1, 2, 'numeric');              return false;            });        \t\t\t\t\/* Change page on input enter. *\/        function bwg_change_page_0( e, that ) {          if (  e.key == 'Enter' ) {            var to_page = parseInt(jQuery(that).val());            var pages_count = jQuery(that).parents(\".pagination-links\").data(\"pages-count\");            var current_url_param = jQuery(that).attr('data-url-info');            if (to_page > pages_count) {              to_page = 1;            }\t \t\t\t\t\t\t\t\t\t\t\t\tspider_page_0(this, to_page, 0, 'numeric');\t\t\t\t\t\t\treturn false;\t\t\t\t\t\t          }          return true;        }        jQuery('.bwg_load_btn_0').on('click', function () {            spider_page_0(this, 1, 1, true);            return false;        });      <\/script>      <\/span>                <\/div>        <\/form>              <\/div>    <\/div>    <script>      if (document.readyState === 'complete') {        if( typeof bwg_main_ready == 'function' ) {          if ( jQuery(\"#bwg_container1_0\").height() ) {            bwg_main_ready(jQuery(\"#bwg_container1_0\"));          }        }      } else {        document.addEventListener('DOMContentLoaded', function() {          if( typeof bwg_main_ready == 'function' ) {            if ( jQuery(\"#bwg_container1_0\").height() ) {             bwg_main_ready(jQuery(\"#bwg_container1_0\"));            }          }        });      }    <\/script>    <\/p>\n<p>&nbsp;<\/p>\n","protected":false},"excerpt":{"rendered":"<p>Nonsolomodanews ha il piacere di presentare ai propri lettori Francesca Ferigo. Francesca &egrave; una ragazza originaria di Milano e l&rsquo;abbiamo conosciuta di persona durante EICMA, la fiera del Ciclo e Motociclo che ogni anno si svolge a Rho\/Milano. Francesca non &egrave; la solita ragazza bella che si pu&ograve; incontrare in un evento ma &egrave; anche la ragazza che si &egrave; fatta da s&eacute; e ha costituito una societ&agrave; la FFAngency per gestire gli eventi e risolvere i problemi (problem-solver) attualmente in Italia e poi anche all&rsquo;estero. Lei non si definisce modella, ma piuttosto una fotomodella. In passato in un concorso ha vinto il premio quale miglior lato B. Francesca &egrave; una ragazza poliedrica. Diploma al liceo linguistico e Laura in Lingue e Letterature straniere alla Statale di Milano. Le piace viaggiare. Ha partecipato a programmi TV, come alla terza stagione di take me out ed &egrave; stata anche protagonista di una pubblicit&agrave; qualche anno fa. A livello fotografico ha posato per Maxim Italia. Ringraziamo Francesca per averci concesso questa intervista in un periodo molto buio per l&rsquo;Italia e gli italiani e auguriamo ai nostri lettori, buona lettura.<\/p>\n","protected":false},"author":1,"featured_media":20207,"comment_status":"open","ping_status":"open","sticky":false,"template":"","format":"standard","meta":{"rop_custom_images_group":[],"rop_custom_messages_group":[],"rop_publish_now":"initial","rop_publish_now_accounts":[],"rop_publish_now_history":[],"rop_publish_now_status":"pending","footnotes":""},"categories":[16],"tags":[281,3104,722,843,994,1099],"class_list":["post-20209","post","type-post","status-publish","format-standard","has-post-thumbnail","hentry","category-articolo","tag-bruno-angelo-porcellana","tag-francesca-ferigo","tag-hostess","tag-lombardia","tag-milano","tag-nonsolomodanews"],"_links":{"self":[{"href":"https:\/\/www.nonsolomodanews.it\/wordpress\/wp-json\/wp\/v2\/posts\/20209","targetHints":{"allow":["GET"]}}],"collection":[{"href":"https:\/\/www.nonsolomodanews.it\/wordpress\/wp-json\/wp\/v2\/posts"}],"about":[{"href":"https:\/\/www.nonsolomodanews.it\/wordpress\/wp-json\/wp\/v2\/types\/post"}],"author":[{"embeddable":true,"href":"https:\/\/www.nonsolomodanews.it\/wordpress\/wp-json\/wp\/v2\/users\/1"}],"replies":[{"embeddable":true,"href":"https:\/\/www.nonsolomodanews.it\/wordpress\/wp-json\/wp\/v2\/comments?post=20209"}],"version-history":[{"count":5,"href":"https:\/\/www.nonsolomodanews.it\/wordpress\/wp-json\/wp\/v2\/posts\/20209\/revisions"}],"predecessor-version":[{"id":20215,"href":"https:\/\/www.nonsolomodanews.it\/wordpress\/wp-json\/wp\/v2\/posts\/20209\/revisions\/20215"}],"wp:featuredmedia":[{"embeddable":true,"href":"https:\/\/www.nonsolomodanews.it\/wordpress\/wp-json\/wp\/v2\/media\/20207"}],"wp:attachment":[{"href":"https:\/\/www.nonsolomodanews.it\/wordpress\/wp-json\/wp\/v2\/media?parent=20209"}],"wp:term":[{"taxonomy":"category","embeddable":true,"href":"https:\/\/www.nonsolomodanews.it\/wordpress\/wp-json\/wp\/v2\/categories?post=20209"},{"taxonomy":"post_tag","embeddable":true,"href":"https:\/\/www.nonsolomodanews.it\/wordpress\/wp-json\/wp\/v2\/tags?post=20209"}],"curies":[{"name":"wp","href":"https:\/\/api.w.org\/{rel}","templated":true}]}}