{"id":2013,"date":"2013-09-09T18:12:23","date_gmt":"2013-09-09T18:12:23","guid":{"rendered":"http:\/\/nonsolomodanews.com\/?p=2013"},"modified":"2013-09-09T18:12:23","modified_gmt":"2013-09-09T18:12:23","slug":"sranda-bulgnais-di-marco-travan-quando-le-saracinesche-sostituiscono-le-insegne","status":"publish","type":"post","link":"https:\/\/www.nonsolomodanews.it\/wordpress\/sranda-bulgnais-di-marco-travan-quando-le-saracinesche-sostituiscono-le-insegne\/","title":{"rendered":"&#8220;Sranda Bulgnais&#8221; di Marco Travan.  Quando le saracinesche sostituiscono le insegne."},"content":{"rendered":"<p style=\"text-align:justify;\"><span style=\"color:#000000;font-family:Calibri;\">\n\t\t<style>\n\t\t\t#gallery-1 {\n\t\t\t\tmargin: auto;\n\t\t\t}\n\t\t\t#gallery-1 .gallery-item {\n\t\t\t\tfloat: left;\n\t\t\t\tmargin-top: 10px;\n\t\t\t\ttext-align: center;\n\t\t\t\twidth: 33%;\n\t\t\t}\n\t\t\t#gallery-1 img {\n\t\t\t\tborder: 2px solid #cfcfcf;\n\t\t\t}\n\t\t\t#gallery-1 .gallery-caption {\n\t\t\t\tmargin-left: 0;\n\t\t\t}\n\t\t\t\/* see gallery_shortcode() in wp-includes\/media.php *\/\n\t\t<\/style>\n\t\t<div id='gallery-1' class='gallery galleryid-2013 gallery-columns-3 gallery-size-thumbnail'><dl class='gallery-item'>\n\t\t\t<dt class='gallery-icon portrait'>\n\t\t\t\t<a href='https:\/\/www.nonsolomodanews.it\/wordpress\/sranda-bulgnais-di-marco-travan-quando-le-saracinesche-sostituiscono-le-insegne\/l1010503corretta\/'><img loading=\"lazy\" decoding=\"async\" width=\"150\" height=\"150\" src=\"https:\/\/www.nonsolomodanews.it\/wordpress\/wp-content\/uploads\/2013\/09\/l1010503corretta-150x150.jpg\" class=\"attachment-thumbnail size-thumbnail\" alt=\"\" aria-describedby=\"gallery-1-2019\" \/><\/a>\n\t\t\t<\/dt>\n\t\t\t\t<dd class='wp-caption-text gallery-caption' id='gallery-1-2019'>\n\t\t\t\tPh. Marco Travan\n\t\t\t\t<\/dd><\/dl><dl class='gallery-item'>\n\t\t\t<dt class='gallery-icon portrait'>\n\t\t\t\t<a href='https:\/\/www.nonsolomodanews.it\/wordpress\/sranda-bulgnais-di-marco-travan-quando-le-saracinesche-sostituiscono-le-insegne\/l1010487corretta\/'><img loading=\"lazy\" decoding=\"async\" width=\"150\" height=\"150\" src=\"https:\/\/www.nonsolomodanews.it\/wordpress\/wp-content\/uploads\/2013\/09\/l1010487corretta-150x150.jpg\" class=\"attachment-thumbnail size-thumbnail\" alt=\"\" aria-describedby=\"gallery-1-2018\" \/><\/a>\n\t\t\t<\/dt>\n\t\t\t\t<dd class='wp-caption-text gallery-caption' id='gallery-1-2018'>\n\t\t\t\tPh. Marco Travan\n\t\t\t\t<\/dd><\/dl><dl class='gallery-item'>\n\t\t\t<dt class='gallery-icon portrait'>\n\t\t\t\t<a href='https:\/\/www.nonsolomodanews.it\/wordpress\/sranda-bulgnais-di-marco-travan-quando-le-saracinesche-sostituiscono-le-insegne\/l1010445definitiva\/'><img loading=\"lazy\" decoding=\"async\" width=\"150\" height=\"150\" src=\"https:\/\/www.nonsolomodanews.it\/wordpress\/wp-content\/uploads\/2013\/09\/l1010445definitiva-150x150.jpg\" class=\"attachment-thumbnail size-thumbnail\" alt=\"\" aria-describedby=\"gallery-1-2016\" \/><\/a>\n\t\t\t<\/dt>\n\t\t\t\t<dd class='wp-caption-text gallery-caption' id='gallery-1-2016'>\n\t\t\t\tPh. Marco Travan\n\t\t\t\t<\/dd><\/dl><br style=\"clear: both\" \/><dl class='gallery-item'>\n\t\t\t<dt class='gallery-icon portrait'>\n\t\t\t\t<a href='https:\/\/www.nonsolomodanews.it\/wordpress\/sranda-bulgnais-di-marco-travan-quando-le-saracinesche-sostituiscono-le-insegne\/l1010605corretta\/'><img loading=\"lazy\" decoding=\"async\" width=\"150\" height=\"150\" src=\"https:\/\/www.nonsolomodanews.it\/wordpress\/wp-content\/uploads\/2013\/09\/l1010605corretta-150x150.jpg\" class=\"attachment-thumbnail size-thumbnail\" alt=\"\" aria-describedby=\"gallery-1-2020\" \/><\/a>\n\t\t\t<\/dt>\n\t\t\t\t<dd class='wp-caption-text gallery-caption' id='gallery-1-2020'>\n\t\t\t\tPh. Marco Travan\n\t\t\t\t<\/dd><\/dl><dl class='gallery-item'>\n\t\t\t<dt class='gallery-icon portrait'>\n\t\t\t\t<a href='https:\/\/www.nonsolomodanews.it\/wordpress\/sranda-bulgnais-di-marco-travan-quando-le-saracinesche-sostituiscono-le-insegne\/l1010427corretta\/'><img loading=\"lazy\" decoding=\"async\" width=\"150\" height=\"150\" src=\"https:\/\/www.nonsolomodanews.it\/wordpress\/wp-content\/uploads\/2013\/09\/l1010427corretta-150x150.jpg\" class=\"attachment-thumbnail size-thumbnail\" alt=\"\" aria-describedby=\"gallery-1-2015\" \/><\/a>\n\t\t\t<\/dt>\n\t\t\t\t<dd class='wp-caption-text gallery-caption' id='gallery-1-2015'>\n\t\t\t\tPh. Marco Travan\n\t\t\t\t<\/dd><\/dl><dl class='gallery-item'>\n\t\t\t<dt class='gallery-icon portrait'>\n\t\t\t\t<a href='https:\/\/www.nonsolomodanews.it\/wordpress\/sranda-bulgnais-di-marco-travan-quando-le-saracinesche-sostituiscono-le-insegne\/l1010405corretta\/'><img loading=\"lazy\" decoding=\"async\" width=\"150\" height=\"150\" src=\"https:\/\/www.nonsolomodanews.it\/wordpress\/wp-content\/uploads\/2013\/09\/l1010405corretta-150x150.jpg\" class=\"attachment-thumbnail size-thumbnail\" alt=\"\" aria-describedby=\"gallery-1-2014\" \/><\/a>\n\t\t\t<\/dt>\n\t\t\t\t<dd class='wp-caption-text gallery-caption' id='gallery-1-2014'>\n\t\t\t\tPh. Marco Travan\n\t\t\t\t<\/dd><\/dl><br style=\"clear: both\" \/><dl class='gallery-item'>\n\t\t\t<dt class='gallery-icon landscape'>\n\t\t\t\t<a href='https:\/\/www.nonsolomodanews.it\/wordpress\/sranda-bulgnais-di-marco-travan-quando-le-saracinesche-sostituiscono-le-insegne\/l1010461corretta\/'><img loading=\"lazy\" decoding=\"async\" width=\"150\" height=\"150\" src=\"https:\/\/www.nonsolomodanews.it\/wordpress\/wp-content\/uploads\/2013\/09\/l1010461corretta-150x150.jpg\" class=\"attachment-thumbnail size-thumbnail\" alt=\"\" aria-describedby=\"gallery-1-2017\" \/><\/a>\n\t\t\t<\/dt>\n\t\t\t\t<dd class='wp-caption-text gallery-caption' id='gallery-1-2017'>\n\t\t\t\tPh. Marco Travan\n\t\t\t\t<\/dd><\/dl>\n\t\t\t<br style='clear: both' \/>\n\t\t<\/div>\n<\/p>\n<p><\/span><\/p>\n<p><span style=\"color:#000000;\"><span style=\"font-family:Calibri;\">Marco\u00a0Travan \u00e8 un grande amico di Nonsolomodanews. Gi\u00e0 in passato abbiamo avuto\u00a0l&#8217;occasione di presentare alcuni suoi\u00a0lavori fatti in molti anni di attivit\u00e0 di fotografo che si possono vedere qui &#8220;<\/span><span style=\"font-family:Calibri;\"><a href=\"http:\/\/nonsolomodanews.com\/2013\/05\/12\/marco-travan-fotografo-per-passione-che-racconta-dei-suoi-viaggi-delle-sue-passioni-ma-che-non-si-dimentica-dei-piu-deboli\/\"><span style=\"color:#000000;\">Marco Travan, fotografo per passione che racconta dei suoi viaggi, delle sue passioni ma che non si dimentica dei pi\u00f9\u00a0deboli.<\/span><\/a><\/span><\/span><\/p>\n<p style=\"text-align:justify;\"><span style=\"color:#000000;font-family:Calibri;\">Marco, romano a Bologna, \u00e8 un \u00a0fotografo pluripremiato, che ha focalizzato il suo lavoro sulle\u00a0variopinte saracinesche dei negozi della citt\u00e0 di Bologna.\u00a0<\/span><\/p>\n<p style=\"text-align:justify;\"><span style=\"color:#000000;font-family:Calibri;\">Ecco a voi la presentazione plurilingue per una maggiore comprensione. Grazie Marco e buona lettura.\u00a0\u00a0\u00a0\u00a0\u00a0\u00a0\u00a0\u00a0<\/span><\/p>\n<p style=\"text-align:justify;\"><span style=\"color:#000000;\"><span style=\"font-family:Calibri;\">\u00a0\u00a0\u00a0\u00a0\u00a0\u00a0\u00a0\u00a0\u00a0<\/span><span style=\"font-family:Calibri;\">\u00a0\u00a0<\/span><\/span><\/p>\n<div id=\"attachment_2019\" style=\"width: 209px\" class=\"wp-caption alignleft\"><a href=\"http:\/\/nonsolomodanews.files.wordpress.com\/2013\/09\/l1010503corretta.jpg\"><img loading=\"lazy\" decoding=\"async\" aria-describedby=\"caption-attachment-2019\" class=\"size-medium wp-image-2019\" alt=\"Ph. Marco Travan\" src=\"http:\/\/nonsolomodanews.files.wordpress.com\/2013\/09\/l1010503corretta.jpg?w=199\" width=\"199\" height=\"300\" srcset=\"https:\/\/www.nonsolomodanews.it\/wordpress\/wp-content\/uploads\/2013\/09\/l1010503corretta.jpg 483w, https:\/\/www.nonsolomodanews.it\/wordpress\/wp-content\/uploads\/2013\/09\/l1010503corretta-200x300.jpg 200w\" sizes=\"auto, (max-width: 199px) 100vw, 199px\" \/><\/a><p id=\"caption-attachment-2019\" class=\"wp-caption-text\">Ph. Marco Travan<\/p><\/div>\n<p style=\"text-align:justify;\"><span style=\"color:#000000;\"><span style=\"font-family:Calibri;\">La tendenza, gi\u00e0 diffusa in alcuni Paesi del centro e nord Europa, come Olanda, Danimarca e Germania, si sta sviluppando nelle nostre citt\u00e0: al posto di grigie serrande metalliche, fanno bella mostra disegni, spesso con la riproduzione dei prodotti venduti. Un modo per recuperare le vecchie serrande e magari risparmiare in insegne e pubblicit\u00e0. I disegni sulle saracinesche sempre pi\u00f9 spesso, sostituiscono le classiche insegne, su cui bisogna pagare una tassa. L\u2019esigenza dei commercianti e la passione degli artisti si sono fuse insieme dando vita ad un fenomeno che rappresenta una scommessa per il decoro urbano e come cantava Battiato \u201c <i>\u00e8 tutto di passaggio, le mode e i costumi scorrono veloci\u201d,<\/i> cos\u00ec le saracinesche dipinte hanno gi\u00e0 fatto un passo in avanti oltre le strade.<\/span><\/span><\/p>\n<p style=\"text-align:justify;\"><span style=\"color:#000000;font-family:Calibri;\">\u00a0\u00a0\u00a0\u00a0\u00a0\u00a0\u00a0\u00a0\u00a0<\/span><\/p>\n<div id=\"attachment_2016\" style=\"width: 235px\" class=\"wp-caption alignleft\"><a href=\"http:\/\/nonsolomodanews.files.wordpress.com\/2013\/09\/l1010445definitiva.jpg\"><img loading=\"lazy\" decoding=\"async\" aria-describedby=\"caption-attachment-2016\" class=\"size-medium wp-image-2016 \" alt=\"Ph. Marco Travan\" src=\"http:\/\/nonsolomodanews.files.wordpress.com\/2013\/09\/l1010445definitiva.jpg?w=225\" width=\"225\" height=\"300\" srcset=\"https:\/\/www.nonsolomodanews.it\/wordpress\/wp-content\/uploads\/2013\/09\/l1010445definitiva.jpg 638w, https:\/\/www.nonsolomodanews.it\/wordpress\/wp-content\/uploads\/2013\/09\/l1010445definitiva-225x300.jpg 225w\" sizes=\"auto, (max-width: 225px) 100vw, 225px\" \/><\/a><p id=\"caption-attachment-2016\" class=\"wp-caption-text\">Ph. Marco Travan<\/p><\/div>\n<p style=\"text-align:justify;\"><span style=\"color:#000000;font-family:Calibri;\">La tendance, d\u00e9j\u00e0 r\u00e9pandue dans certains pays d&#8217;Europe centrale et du nord, comme les Pays-Bas, le Danemark et l&#8217;Allemagne, se d\u00e9veloppe dans notre ville \u00e0 la place de rideaux m\u00e9talliques grises, sont des dessins montre, souvent avec \u00a0la reproduction des produits vendus. Une fa\u00e7on de r\u00e9cup\u00e9rer les vieux volets et peut-\u00eatre sauver des signes et de la publicit\u00e9. Les dessins sur les volets de plus en plus souvent, remplacent les signes classiques, sur lesquelles vous devez payer un suppl\u00e9ment. La n\u00e9cessit\u00e9 de les commer\u00e7ants et la passion des artistes ont fusionn\u00e9, cr\u00e9ant un ph\u00e9nom\u00e8ne qui repr\u00e9sente un d\u00e9fi pour le d\u00e9corum urbain et comment Battiato a chant\u00e9 \u201c <i>\u00e8 tutto di passaggio, le mode e i costumi scorrono veloci<\/i> &#8220;, de sorte que les volets sont peints d\u00e9j\u00e0 fait un pas en avant dans les rues.<\/span><\/p>\n<p style=\"text-align:justify;\"><span style=\"color:#000000;font-family:Calibri;\">\u00a0\u00a0\u00a0\u00a0\u00a0\u00a0\u00a0\u00a0\u00a0<\/span><\/p>\n<div id=\"attachment_2014\" style=\"width: 210px\" class=\"wp-caption alignright\"><a href=\"http:\/\/nonsolomodanews.files.wordpress.com\/2013\/09\/l1010405corretta.jpg\"><img loading=\"lazy\" decoding=\"async\" aria-describedby=\"caption-attachment-2014\" class=\"size-medium wp-image-2014\" alt=\"Ph. Marco Travan\" src=\"http:\/\/nonsolomodanews.files.wordpress.com\/2013\/09\/l1010405corretta.jpg?w=200\" width=\"200\" height=\"300\" srcset=\"https:\/\/www.nonsolomodanews.it\/wordpress\/wp-content\/uploads\/2013\/09\/l1010405corretta.jpg 567w, https:\/\/www.nonsolomodanews.it\/wordpress\/wp-content\/uploads\/2013\/09\/l1010405corretta-200x300.jpg 200w\" sizes=\"auto, (max-width: 200px) 100vw, 200px\" \/><\/a><p id=\"caption-attachment-2014\" class=\"wp-caption-text\">Ph. Marco Travan<\/p><\/div>\n<p style=\"text-align:justify;\"><span style=\"color:#000000;font-family:Calibri;\">The tendency, already widespread in some countries of central and northern Europe, such as the Netherlands, Denmark and Germany, is developing in our city instead of gray metal shutters, are shown drawings, often with the reproduction of the products sold. One way to recover \u00a0the old shutters and maybe save in signs and advertising. The designs on the shutters more and more often, replace the classic signs, on which you have to pay a fee. The need of the traders and the passion of the artists have merged together, creating a phenomenon that represents a challenge for the urban decorum and how Battiato sang \u201c <i>\u00e8 tutto di passaggio, le mode e i costumi scorrono veloci<\/i> &#8220;, so the shutters are painted already taken a step forward over \u00a0the streets.<\/span><\/p>\n","protected":false},"excerpt":{"rendered":"<p>Marco&nbsp;Travan &egrave; un grande amico di Nonsolomodanews. Gi&agrave; in passato abbiamo avuto&nbsp;l&rsquo;occasione di presentare alcuni suoi&nbsp;lavori fatti in molti anni di attivit&agrave; di fotografo che si possono vedere qui &ldquo;Marco Travan, fotografo per passione che racconta dei suoi viaggi, delle sue passioni ma che non si dimentica dei pi&ugrave;&nbsp;deboli. Marco, romano a Bologna, &egrave; un &nbsp;fotografo pluripremiato, che ha focalizzato il suo lavoro sulle&nbsp;variopinte saracinesche dei negozi della citt&agrave; di Bologna.&nbsp; Ecco a voi la presentazione plurilingue per una maggiore comprensione. Grazie Marco e buona lettura.&nbsp;&nbsp;&nbsp;&nbsp;&nbsp;&nbsp;&nbsp;&nbsp; &nbsp;&nbsp;&nbsp;&nbsp;&nbsp;&nbsp;&nbsp;&nbsp;&nbsp;&nbsp;&nbsp; La tendenza, gi&agrave; diffusa in alcuni Paesi del centro e nord Europa, come Olanda, Danimarca e Germania, si sta sviluppando nelle nostre citt&agrave;: al posto di grigie serrande metalliche, fanno bella mostra disegni, spesso con la riproduzione dei prodotti venduti. Un modo per recuperare le vecchie serrande e magari risparmiare in insegne e pubblicit&agrave;. I disegni sulle saracinesche sempre pi&ugrave; spesso, sostituiscono le classiche insegne, su cui bisogna pagare una tassa. L&rsquo;esigenza dei commercianti e la passione degli artisti si sono fuse insieme dando vita ad un fenomeno che rappresenta una scommessa per il decoro urbano e come cantava Battiato &ldquo; &egrave; tutto di passaggio, le mode e i costumi scorrono veloci&rdquo;, cos&igrave; [&hellip;]<\/p>\n","protected":false},"author":1,"featured_media":0,"comment_status":"open","ping_status":"open","sticky":false,"template":"","format":"standard","meta":{"rop_custom_images_group":[],"rop_custom_messages_group":[],"rop_publish_now":"initial","rop_publish_now_accounts":[],"rop_publish_now_history":[],"rop_publish_now_status":"pending","footnotes":""},"categories":[16],"tags":[903,1352],"class_list":["post-2013","post","type-post","status-publish","format-standard","hentry","category-articolo","tag-marco-travan","tag-sranda-bulgnais"],"_links":{"self":[{"href":"https:\/\/www.nonsolomodanews.it\/wordpress\/wp-json\/wp\/v2\/posts\/2013","targetHints":{"allow":["GET"]}}],"collection":[{"href":"https:\/\/www.nonsolomodanews.it\/wordpress\/wp-json\/wp\/v2\/posts"}],"about":[{"href":"https:\/\/www.nonsolomodanews.it\/wordpress\/wp-json\/wp\/v2\/types\/post"}],"author":[{"embeddable":true,"href":"https:\/\/www.nonsolomodanews.it\/wordpress\/wp-json\/wp\/v2\/users\/1"}],"replies":[{"embeddable":true,"href":"https:\/\/www.nonsolomodanews.it\/wordpress\/wp-json\/wp\/v2\/comments?post=2013"}],"version-history":[{"count":0,"href":"https:\/\/www.nonsolomodanews.it\/wordpress\/wp-json\/wp\/v2\/posts\/2013\/revisions"}],"wp:attachment":[{"href":"https:\/\/www.nonsolomodanews.it\/wordpress\/wp-json\/wp\/v2\/media?parent=2013"}],"wp:term":[{"taxonomy":"category","embeddable":true,"href":"https:\/\/www.nonsolomodanews.it\/wordpress\/wp-json\/wp\/v2\/categories?post=2013"},{"taxonomy":"post_tag","embeddable":true,"href":"https:\/\/www.nonsolomodanews.it\/wordpress\/wp-json\/wp\/v2\/tags?post=2013"}],"curies":[{"name":"wp","href":"https:\/\/api.w.org\/{rel}","templated":true}]}}