{"id":20083,"date":"2020-04-03T08:50:22","date_gmt":"2020-04-03T08:50:22","guid":{"rendered":"https:\/\/www.nonsolomodanews.it\/wordpress\/?p=20083"},"modified":"2020-04-03T08:50:23","modified_gmt":"2020-04-03T08:50:23","slug":"pittilooksahead-il-nuovo-calendario-dei-saloni-di-pitti-immagine","status":"publish","type":"post","link":"https:\/\/www.nonsolomodanews.it\/wordpress\/pittilooksahead-il-nuovo-calendario-dei-saloni-di-pitti-immagine\/","title":{"rendered":"#Pittilooksahead &#8211;  Il nuovo calendario dei saloni di Pitti Immagine"},"content":{"rendered":"<div><span style=\"color: #000000;\"><a style=\"color: #000000;\" href=\"https:\/\/www.nonsolomodanews.it\/wordpress\/pittilooksahead-il-nuovo-calendario-dei-saloni-di-pitti-immagine\/07012020-dsc_1227\/\" rel=\"attachment wp-att-20084\"><img loading=\"lazy\" decoding=\"async\" class=\"size-medium wp-image-20084 alignleft\" src=\"https:\/\/www.nonsolomodanews.it\/wordpress\/wp-content\/uploads\/2020\/04\/07012020-DSC_1227-300x200.jpg\" alt=\"\" width=\"300\" height=\"200\" srcset=\"https:\/\/www.nonsolomodanews.it\/wordpress\/wp-content\/uploads\/2020\/04\/07012020-DSC_1227-300x200.jpg 300w, https:\/\/www.nonsolomodanews.it\/wordpress\/wp-content\/uploads\/2020\/04\/07012020-DSC_1227-768x513.jpg 768w, https:\/\/www.nonsolomodanews.it\/wordpress\/wp-content\/uploads\/2020\/04\/07012020-DSC_1227-1024x684.jpg 1024w, https:\/\/www.nonsolomodanews.it\/wordpress\/wp-content\/uploads\/2020\/04\/07012020-DSC_1227-1080x721.jpg 1080w\" sizes=\"auto, (max-width: 300px) 100vw, 300px\" \/><\/a> Si \u00e8 riunito oggi in video conferenza il Consiglio di Amministrazione di Pitti Immagine, presieduto da <strong>Claudio Marenzi,<\/strong> con all\u2019ordine del giorno le decisioni sul calendario dei saloni in programma nella sessione estiva 2020.<\/span><\/p>\n<p><span style=\"color: #000000;\">Considerata l\u2019evoluzione dell\u2019emergenza sanitaria in Italia e nel mondo e considerate le concrete prospettive di prolungamento dei provvedimenti restrittivi delle attivit\u00e0 produttive e commerciali e degli spostamenti, il CdA ha discusso e deliberato sulle proposte presentate dall\u2019amministratore delegato Raffaello Napoleone, che insieme ai responsabili delle diverse aree dell\u2019azienda ha condotto nelle ultime settimane un\u2019ampia ricognizione dei pareri provenienti da espositori, compratori, agenti e altri operatori economici:<\/span><\/p>\n<p><span style=\"color: #000000;\">_\u00a0<strong>Pitti Immagine Uomo n. 98<\/strong>\u00a0\u00e8 confermata e si sposta dal 2 al 4 settembre (3 giorni), sempre alla Fortezza da Basso di Firenze;<\/span><\/div>\n<div><\/div>\n<div><span style=\"color: #000000;\">_\u00a0<strong>Pitti Immagine Bimbo n. 91<\/strong>\u00a0\u00e8 confermata e si sposta al 9-10 settembre (2 giorni), in Fortezza da Basso;<\/span><\/div>\n<div><\/div>\n<div><span style=\"color: #000000;\">_\u00a0<strong>Pitti Immagine Filati n. 87<\/strong>\u00a0\u00e8 confermata e l\u2019esatta collocazione in calendario verr\u00e0 discussa in occasione del prossimo Comitato Tecnico del salone, in programma l&#8217;8 aprile;<\/span><\/div>\n<div><\/div>\n<div><span style=\"color: #000000;\">_\u00a0<strong>Fragranze n. 18<\/strong>\u00a0\u00e8 confermata nelle date originarie, 11-13 settembre, alla Stazione Leopolda di Firenze;<\/span><\/div>\n<div><\/div>\n<div><span style=\"color: #000000;\">_\u00a0<strong>Super n. 16<\/strong>\u00a0\u00e8 confermata nelle date originarie, 24-27 settembre, al Padiglione Visconti a Milano;<\/span><\/div>\n<div><\/div>\n<div><span style=\"color: #000000;\">_\u00a0<strong>Taste n. 15,<\/strong>\u00a0gi\u00e0 riprogrammata per i primi di giugno, \u00e8 cancellata e rinviata alle date ordinarie del 2021 (13-15 marzo).<\/span><\/p>\n<p><span style=\"color: #000000;\">Inoltre, in accordo con le indicazioni espresse dall\u2019Amministratore Unico di Stazione Leopolda, Agostino Poletto, il CdA di Pitti Immagine ha preso atto e convenuto sulla decisione di rinviare la prima edizione di\u00a0<strong>Testo\u00a0<\/strong>(l\u2019evento dedicato all\u2019editoria italiana, gi\u00e0 riprogrammato per i primi di giugno) alla seconda met\u00e0 di febbraio 2021.<\/span><\/p>\n<p><span style=\"color: #000000;\">\u201cIn queste settimane siamo stati ovviamente in continuo e stretto contatto con le aziende manifatturiere italiane ed estere \u2013\u00a0<strong>dice Claudio Marenzi, presidente di Pitti Immagine\u00a0<\/strong>\u2013 e con altri attori che operano nei tre comparti del tessile-abbigliamento, incluse le organizzazioni come Confindustria Moda e Camera della Moda Italiana. E\u2019 emersa forte la richiesta di mantenere a tutti i costi appuntamenti leader come i saloni Pitti che saranno i primi fondamentali strumenti da attivare per rimettere gradualmente in moto l\u2019intera macchina commerciale del settore moda. Ed \u00e8 ci\u00f2 per cui lavoreremo senza sosta nei prossimi mesi. Rinviare Taste e Testo, due eventi su cui il nostro Gruppo punta molto, al 2021 \u00e8 stata una decisione dolorosa, ma necessaria. Non ci sono le condizioni oggettive per organizzare appuntamenti del genere a giugno, come d\u2019altra parte \u00e8 emerso ormai dappertutto\u201d.<\/span><\/p>\n<p><span style=\"color: #000000;\">Il CdA si \u00e8 anche impegnato a sostenere gli operativi dell\u2019azienda nello sviluppo di tutte le forme di collaborazione possibili con le autorit\u00e0 governative e locali allo scopo di rendere economicamente pi\u00f9 agevole per gli operatori la partecipazione ai saloni, oltre a far s\u00ec che questi ultimi siano ben accessibili e sicuri per le persone.<\/span><\/p>\n<p><span style=\"color: #000000;\">\u201cTanto le aziende espositrici quanto i compratori\u00a0<strong>\u2013 aggiunge Antonella Mansi, vice-presidente di Pitti Immagine e presidente del Centro di Firenze per la Moda Italiana<\/strong>\u00a0<strong>\u2013<\/strong>\u00a0sottolineano infatti quanto siano decisive delle straordinarie misure economiche, sotto forma di contributi a fondo perduto o di prestiti agevolati, che incentivino la partecipazione ai prossimi appuntamenti internazionali che si terranno in Italia e all\u2019estero. Al Governo sono in discussione ulteriori pacchetti di sostegno alle imprese e da parte nostra ci impegniamo a far pervenire i nostri suggerimenti al Ministero degli Affari Esteri, tramite Agenzia Ice, e a Confindustria, a integrazione di quanto sta gi\u00e0 facendo il Comitato Fiere Industria\u201d.<\/span><\/p>\n<p><span style=\"color: #000000;\">\u201cQuanto ai nostri tre saloni della moda\u00a0<strong>\u2013 dice Raffaello Napoleone, amministratore delegato di Pitti Immagine \u2013<\/strong>\u00a0\u00e8 chiaro che saranno edizioni eccezionali, dove i nostri compiti primari saranno garantire la completa sanificazione dello spazio espositivo e predisporre un\u2019organizzazione degli spazi e degli allestimenti che tenga conto della tutela della sicurezza delle persone. Un allestimento sperimentale che potr\u00e0 tornare utile anche in occasioni successive. Questo vale anche per Fragranze alla Leopolda, che pensiamo possa rappresentare in questa fase un punto di riferimento indispensabile per l\u2019intero settore della profumeria artistica e di ricerca\u201d.<\/span><\/p>\n<p><span style=\"color: #000000;\">\u201cL\u2019altro fondamentale capitolo di innovazione su cui stiamo lavorando\u00a0<strong>\u2013 conclude Napoleone \u2013<\/strong>\u00a0che riteniamo decisivo ai fini della capacit\u00e0 promozionale e commerciale degli espositori, \u00e8\u00a0<em>Pitti Connect<\/em>, una versione tutta nuova e avanzata delle precedenti piattaforme digitali, disegnata anche sulle esigenze specifiche delle diverse tipologie di prodotto e di salone.\u00a0<em>Pitti Connect<\/em>, con il suo impianto inedito di funzioni di networking con i compratori e di struttura editoriale di alta qualit\u00e0, \u00e8 pi\u00f9 che uno strumento complementare alla fiera fisica, \u00e8 piuttosto un\u2019integrazione organica della fiera fisica che insieme a quest\u2019ultima definir\u00e0 il nuovo volto dei saloni Pitti. Gi\u00e0 nelle prossime settimane presenteremo agli espositori le caratteristiche di questo progetto, testando con loro le innovazioni che innesteremo via via, da ora all\u2019estate, sul corpo centrale gi\u00e0 in lavorazione\u201d.<\/span><\/div>\n<div><\/div>\n<div><span style=\"color: #000000;\">https:\/\/www.pittimmagine.com\/corporate\/news\/2020\/newcalendar.html<\/span><\/div>\n<div><\/div>\n<div style=\"text-align: center;\"><span style=\"color: #000000;\">Testo cura ufficio Stampa\u00a0Pitti Immagine <\/span><br \/>\n<span style=\"color: #000000;\"> Tutti i diritti riservati \u00a9 2020\u2013 Email: nonsolomodanews@gmail.com<\/span><\/div>\n","protected":false},"excerpt":{"rendered":"<p>Si &egrave; riunito oggi in video conferenza il Consiglio di Amministrazione di Pitti Immagine, presieduto da Claudio Marenzi, con all&rsquo;ordine del giorno le decisioni sul calendario dei saloni in programma nella sessione estiva 2020. Considerata l&rsquo;evoluzione dell&rsquo;emergenza sanitaria in Italia e nel mondo e considerate le concrete prospettive di prolungamento dei provvedimenti restrittivi delle attivit&agrave; produttive e commerciali e degli spostamenti, il CdA ha discusso e deliberato sulle proposte presentate dall&rsquo;amministratore delegato Raffaello Napoleone, che insieme ai responsabili delle diverse aree dell&rsquo;azienda ha condotto nelle ultime settimane un&rsquo;ampia ricognizione dei pareri provenienti da espositori, compratori, agenti e altri operatori economici: _&nbsp;Pitti Immagine Uomo n. 98&nbsp;&egrave; confermata e si sposta dal 2 al 4 settembre (3 giorni), sempre alla Fortezza da Basso di Firenze; _&nbsp;Pitti Immagine Bimbo n. 91&nbsp;&egrave; confermata e si sposta al 9-10 settembre (2 giorni), in Fortezza da Basso; _&nbsp;Pitti Immagine Filati n. 87&nbsp;&egrave; confermata e l&rsquo;esatta collocazione in calendario verr&agrave; discussa in occasione del prossimo Comitato Tecnico del salone, in programma l&rsquo;8 aprile; _&nbsp;Fragranze n. 18&nbsp;&egrave; confermata nelle date originarie, 11-13 settembre, alla Stazione Leopolda di Firenze; _&nbsp;Super n. 16&nbsp;&egrave; confermata nelle date originarie, 24-27 settembre, al Padiglione Visconti a Milano; _&nbsp;Taste n. 15,&nbsp;gi&agrave; riprogrammata per i [&hellip;]<\/p>\n","protected":false},"author":1,"featured_media":20085,"comment_status":"open","ping_status":"open","sticky":false,"template":"","format":"standard","meta":{"rop_custom_images_group":[],"rop_custom_messages_group":[],"rop_publish_now":"initial","rop_publish_now_accounts":[],"rop_publish_now_history":[],"rop_publish_now_status":"pending","footnotes":""},"categories":[16],"tags":[372,570,1099,3092,2271],"class_list":["post-20083","post","type-post","status-publish","format-standard","has-post-thumbnail","hentry","category-articolo","tag-comunicato-stampa-2","tag-firenze","tag-nonsolomodanews","tag-nuovo-calendario","tag-pitti"],"_links":{"self":[{"href":"https:\/\/www.nonsolomodanews.it\/wordpress\/wp-json\/wp\/v2\/posts\/20083","targetHints":{"allow":["GET"]}}],"collection":[{"href":"https:\/\/www.nonsolomodanews.it\/wordpress\/wp-json\/wp\/v2\/posts"}],"about":[{"href":"https:\/\/www.nonsolomodanews.it\/wordpress\/wp-json\/wp\/v2\/types\/post"}],"author":[{"embeddable":true,"href":"https:\/\/www.nonsolomodanews.it\/wordpress\/wp-json\/wp\/v2\/users\/1"}],"replies":[{"embeddable":true,"href":"https:\/\/www.nonsolomodanews.it\/wordpress\/wp-json\/wp\/v2\/comments?post=20083"}],"version-history":[{"count":3,"href":"https:\/\/www.nonsolomodanews.it\/wordpress\/wp-json\/wp\/v2\/posts\/20083\/revisions"}],"predecessor-version":[{"id":20088,"href":"https:\/\/www.nonsolomodanews.it\/wordpress\/wp-json\/wp\/v2\/posts\/20083\/revisions\/20088"}],"wp:featuredmedia":[{"embeddable":true,"href":"https:\/\/www.nonsolomodanews.it\/wordpress\/wp-json\/wp\/v2\/media\/20085"}],"wp:attachment":[{"href":"https:\/\/www.nonsolomodanews.it\/wordpress\/wp-json\/wp\/v2\/media?parent=20083"}],"wp:term":[{"taxonomy":"category","embeddable":true,"href":"https:\/\/www.nonsolomodanews.it\/wordpress\/wp-json\/wp\/v2\/categories?post=20083"},{"taxonomy":"post_tag","embeddable":true,"href":"https:\/\/www.nonsolomodanews.it\/wordpress\/wp-json\/wp\/v2\/tags?post=20083"}],"curies":[{"name":"wp","href":"https:\/\/api.w.org\/{rel}","templated":true}]}}