{"id":19815,"date":"2020-01-27T19:29:07","date_gmt":"2020-01-27T19:29:07","guid":{"rendered":"https:\/\/www.nonsolomodanews.it\/wordpress\/?p=19815"},"modified":"2020-01-28T11:45:54","modified_gmt":"2020-01-28T11:45:54","slug":"in-uscita-il-videoclip-della-cantante-angelica-sisera-il-mio-risveglio-lento","status":"publish","type":"post","link":"https:\/\/www.nonsolomodanews.it\/wordpress\/in-uscita-il-videoclip-della-cantante-angelica-sisera-il-mio-risveglio-lento\/","title":{"rendered":"In uscita il videoclip della cantante Angelica Sisera &#8211; Il mio risveglio lento"},"content":{"rendered":"<div id=\"attachment_19816\" style=\"width: 310px\" class=\"wp-caption alignleft\"><a style=\"color: #000000;\" href=\"https:\/\/www.nonsolomodanews.it\/wordpress\/in-uscita-il-videoclip-della-cantante-angelica-sisera-il-mio-risveglio-lento\/7-6\/\" rel=\"attachment wp-att-19816\"><img loading=\"lazy\" decoding=\"async\" aria-describedby=\"caption-attachment-19816\" class=\"wp-image-19816 size-medium\" src=\"https:\/\/www.nonsolomodanews.it\/wordpress\/wp-content\/uploads\/2020\/01\/7-300x169.jpg\" alt=\"\" width=\"300\" height=\"169\" srcset=\"https:\/\/www.nonsolomodanews.it\/wordpress\/wp-content\/uploads\/2020\/01\/7-300x169.jpg 300w, https:\/\/www.nonsolomodanews.it\/wordpress\/wp-content\/uploads\/2020\/01\/7.jpg 750w\" sizes=\"auto, (max-width: 300px) 100vw, 300px\" \/><\/a><p id=\"caption-attachment-19816\" class=\"wp-caption-text\">Fotogramma dal videoclip con Angelica<\/p><\/div>\n<p><span style=\"color: #000000;\"><strong>Il 31 gennaio uscir\u00e0 su YouTube il videoclip del singolo di Angelica Sisera, \u201cIl mio risveglio lento\u201d.\u00a0 <\/strong><\/span><span style=\"color: #000000;\">La canzone si pu\u00f2 gi\u00e0 ascoltare su tutti i digital stores (Spotify, iTunes, Deezer, Apple Play, etc\u2026) <\/span><span style=\"color: #000000;\">In attesa dell\u2019uscita del videoclip, abbiamo il piacere di incontrare l\u2019artista bolognese (vecchia conoscenza di <strong>Nonsolomodanews<\/strong>) e chiedere alcune anticipazioni in merito al videoclip in uscita a fine mese.<\/span><\/p>\n<p><span style=\"color: #000000;\"><!--more--><\/span><\/p>\n<p><span style=\"color: #000000;\"><strong>Ciao Angelica, Come nasce questa canzone e il suo videoclip? <\/strong><\/span><span style=\"color: #000000;\"><strong>&#8220;<em>&lt;&lt;Il mio risveglio lento&gt;&gt; <\/em><em>non \u00e8\u00a0 &lt;&lt;solo&gt;&gt; un videoclip musicale: \u00a0dietro c\u2019\u00e8 una storia che racconta rinascita e valore della consapevolezza femminile con un\u2019ambientazione dark e scintillante del mondo notturno\u201d<\/em><\/strong><\/span><\/p>\n<p><span style=\"color: #000000;\"><strong>Ci vuoi raccontare in poche parole la trama del videoclip?<\/strong> <em>\u201cLa trama narra anche di come spesso l\u2019autostima possa essere messa a dura prova nella vita di ognuno di noi a causa di persone o\u00a0eventi difficili\u00a0ma <strong>la musica e la scrittura possono essere un mezzo e la motivazione al cambiamento.<\/strong><\/em> <em>Il video quindi inizia come racconto di storie di donne ma come si vedr\u00e0 alla fine anche di alleanza con il mondo maschile\u201d<\/em><\/span><\/p>\n<p><span style=\"color: #000000;\"><strong>Sei soddisfatta del lavoro fatto?<\/strong> <em>\u201cSono felice del lavoro\u00a0fatto con il\u00a0regista <strong>Gianluca Zonta<\/strong>, che ha diretto il video. E&#8217; un regista conosciuto e premiatissimo per cortometraggi poetici e intensi. Poco tempo fa ho scritto un soggetto del videoclip che raccontasse la metafora del\u00a0\u201cmondo della notte\u201d di questa\u00a0canzone e ho subito pensato a lui per la direzione del video, per dare alla narrativa un taglio cinematografico. Abbiamo dato vita ad un team\u00a0creativo molto interessante e\u00a0sinergico e a Gianluca si \u00e8 affiancata\u00a0<strong>Black Cut,<\/strong> una squadra di cineoperatori molto validi. La scelta dei protagonisti \u00e8 stata fatta in modo accurato: io\u00a0interpreto l\u2019alter ego di una ballerina di un night\u201d <\/em><\/span><\/p>\n<div id=\"attachment_19820\" style=\"width: 310px\" class=\"wp-caption alignleft\"><a href=\"https:\/\/www.nonsolomodanews.it\/wordpress\/in-uscita-il-videoclip-della-cantante-angelica-sisera-il-mio-risveglio-lento\/6-5\/\" rel=\"attachment wp-att-19820\"><img loading=\"lazy\" decoding=\"async\" aria-describedby=\"caption-attachment-19820\" class=\"wp-image-19820 size-medium\" src=\"https:\/\/www.nonsolomodanews.it\/wordpress\/wp-content\/uploads\/2020\/01\/6-300x169.jpg\" alt=\"\" width=\"300\" height=\"169\" srcset=\"https:\/\/www.nonsolomodanews.it\/wordpress\/wp-content\/uploads\/2020\/01\/6-300x169.jpg 300w, https:\/\/www.nonsolomodanews.it\/wordpress\/wp-content\/uploads\/2020\/01\/6-768x432.jpg 768w, https:\/\/www.nonsolomodanews.it\/wordpress\/wp-content\/uploads\/2020\/01\/6-1024x576.jpg 1024w, https:\/\/www.nonsolomodanews.it\/wordpress\/wp-content\/uploads\/2020\/01\/6-1080x607.jpg 1080w, https:\/\/www.nonsolomodanews.it\/wordpress\/wp-content\/uploads\/2020\/01\/6.jpg 1334w\" sizes=\"auto, (max-width: 300px) 100vw, 300px\" \/><\/a><p id=\"caption-attachment-19820\" class=\"wp-caption-text\">Fotogramma dal videoclip con Giga Imedadze<\/p><\/div>\n<p><span style=\"color: #000000;\"><strong>Chi c\u2019\u00e8 oltre a te nel videoclip?<\/strong> <em>\u201cNel video ballano anche delle <strong>atlete di pole dance<\/strong>\u00a0incredibili, <strong>Simona Gargiuolo e Claudia Romagnoli. <\/strong>Sono onorata di\u00a0avere tra il cast\u00a0anche un attore georgiano di grande esperienza e molto conosciuto per cinema e teatro, <strong>Giga Imedadze<\/strong>\u201d <\/em><\/span><span style=\"color: #000000;\"><em>Il mio\u00a0\u201cprincipe azzurro\u201d \u00e8 interpretato da <strong>Giovanni Maresca<\/strong>, ragazzo molto espressivo con un passato da modello anche in Spagna.\u00a0<\/em><\/span><\/p>\n<p><span style=\"color: #000000;\"><strong>Dove ha registrato il brano del videoclip?<\/strong> <em>\u201cIl Master del brano \u00e8 stato registrato nello studio di registrazione pi\u00f9 storico di Bologna e tra i pi\u00f9 importanti in Italia,\u00a0&lt;&lt;casa&gt;&gt; di artisti di fama\u00a0internazionale, la <strong>Fonoprint\u201d.<\/strong><\/em><\/span><\/p>\n<p><span style=\"color: #000000;\"><strong>Ringraziamenti particolari? <\/strong><\/span><span style=\"color: #000000;\"><em>\u201cRingrazio uno dei locali pi\u00f9 artistici di Bologna, il <strong>Funtanir <\/strong>di Claudio Maria Cioffi e Valerio\u00a0Simonini\u00a0che hanno creduto nel progetto filmico e ci hanno dato carta bianca\u00a0per girare nel locale. Ringrazio il <strong>Corner Bar\u00a0<\/strong>di Bologna\u00a0e lo <strong>chef Luigi Langone<\/strong>\u00a0 per il catering da sogno che ci ha fatto sentire su un\u00a0&lt;&lt;set hollywoodiano&gt;&gt; ! \ud83d\ude42 <\/em><\/span><span style=\"color: #000000;\"><em>Grazie ad <strong>Alessandro Salonia<\/strong> per il sound della\u00a0presa diretta mentre suono e canto live. <\/em><\/span><span style=\"color: #000000;\"><em>Grazie anche a <strong>Federico Ermini<\/strong> di Black Cut, Roberta Stella Martelli, Guglielmo Trautvetter e Giulia Visibelli.\u00a0<\/em><\/span><span style=\"color: #000000;\"><em> Eleonora Simoni,\u00a0Pierluigi Scarani,\u00a0Alessandro Migliucci, Igor Romano, Jacopo Giac\u00f2, , Federico Poggioli, Matteo e Cristian Rotunno.\u00a0 <\/em><\/span><span style=\"color: #000000;\"><em>E grazie a te Bruno e a NonSoloModaNews, per questa intervista!!!&#8221;<\/em><\/span><\/p>\n<p><span style=\"color: #000000;\">Grazie a te Angelica e MMM!!!\u00a0<\/span><\/p>\n<p><span style=\"color: #000000;\"><a style=\"color: #000000;\" href=\"https:\/\/www.instagram.com\/brunoangeloporcellana\/\"><strong>Bruno Angelo Porcellana<\/strong>\u00a0<\/a><\/span><\/p>\n<p style=\"text-align: center;\"><span style=\"color: #000000;\">Intervista a cura di Bruno Angelo Porcellana \u2013 Foto a cura di Angelica Sisera<\/span><br \/>\n<span style=\"color: #000000;\">Tutti i diritti riservati \u00a9 2020 \u2013 Email:\u00a0<a style=\"color: #000000;\">nonsolomodanews@gmail.com <\/a><\/span><\/p>\n<p>&nbsp;<\/p>\n","protected":false},"excerpt":{"rendered":"<p>Il 31 gennaio uscir&agrave; su YouTube il videoclip del singolo di Angelica Sisera, &ldquo;Il mio risveglio lento&rdquo;.&nbsp; La canzone si pu&ograve; gi&agrave; ascoltare su tutti i digital stores (Spotify, iTunes, Deezer, Apple Play, etc&hellip;) In attesa dell&rsquo;uscita del videoclip, abbiamo il piacere di incontrare l&rsquo;artista bolognese (vecchia conoscenza di Nonsolomodanews) e chiedere alcune anticipazioni in merito al videoclip in uscita a fine mese.<\/p>\n","protected":false},"author":1,"featured_media":19819,"comment_status":"open","ping_status":"open","sticky":false,"template":"","format":"standard","meta":{"rop_custom_images_group":[],"rop_custom_messages_group":[],"rop_publish_now":"initial","rop_publish_now_accounts":[],"rop_publish_now_history":[],"rop_publish_now_status":"pending","footnotes":""},"categories":[16],"tags":[2472,3062,1478],"class_list":["post-19815","post","type-post","status-publish","format-standard","has-post-thumbnail","hentry","category-articolo","tag-angelica-sisera","tag-il-mio-risveglio-lento","tag-videoclip"],"_links":{"self":[{"href":"https:\/\/www.nonsolomodanews.it\/wordpress\/wp-json\/wp\/v2\/posts\/19815","targetHints":{"allow":["GET"]}}],"collection":[{"href":"https:\/\/www.nonsolomodanews.it\/wordpress\/wp-json\/wp\/v2\/posts"}],"about":[{"href":"https:\/\/www.nonsolomodanews.it\/wordpress\/wp-json\/wp\/v2\/types\/post"}],"author":[{"embeddable":true,"href":"https:\/\/www.nonsolomodanews.it\/wordpress\/wp-json\/wp\/v2\/users\/1"}],"replies":[{"embeddable":true,"href":"https:\/\/www.nonsolomodanews.it\/wordpress\/wp-json\/wp\/v2\/comments?post=19815"}],"version-history":[{"count":9,"href":"https:\/\/www.nonsolomodanews.it\/wordpress\/wp-json\/wp\/v2\/posts\/19815\/revisions"}],"predecessor-version":[{"id":19828,"href":"https:\/\/www.nonsolomodanews.it\/wordpress\/wp-json\/wp\/v2\/posts\/19815\/revisions\/19828"}],"wp:featuredmedia":[{"embeddable":true,"href":"https:\/\/www.nonsolomodanews.it\/wordpress\/wp-json\/wp\/v2\/media\/19819"}],"wp:attachment":[{"href":"https:\/\/www.nonsolomodanews.it\/wordpress\/wp-json\/wp\/v2\/media?parent=19815"}],"wp:term":[{"taxonomy":"category","embeddable":true,"href":"https:\/\/www.nonsolomodanews.it\/wordpress\/wp-json\/wp\/v2\/categories?post=19815"},{"taxonomy":"post_tag","embeddable":true,"href":"https:\/\/www.nonsolomodanews.it\/wordpress\/wp-json\/wp\/v2\/tags?post=19815"}],"curies":[{"name":"wp","href":"https:\/\/api.w.org\/{rel}","templated":true}]}}