{"id":19769,"date":"2020-01-24T11:28:04","date_gmt":"2020-01-24T11:28:04","guid":{"rendered":"https:\/\/www.nonsolomodanews.it\/wordpress\/?p=19769"},"modified":"2020-01-24T11:29:20","modified_gmt":"2020-01-24T11:29:20","slug":"arte-fiera-la-44a-edizione-2","status":"publish","type":"post","link":"https:\/\/www.nonsolomodanews.it\/wordpress\/arte-fiera-la-44a-edizione-2\/","title":{"rendered":"Arte Fiera: la 44a edizione"},"content":{"rendered":"<div id=\"attachment_19770\" style=\"width: 310px\" class=\"wp-caption alignleft\"><a href=\"https:\/\/www.nonsolomodanews.it\/wordpress\/arte-fiera-la-44a-edizione-2\/23012020-dsc_5134\/\" rel=\"attachment wp-att-19770\"><img loading=\"lazy\" decoding=\"async\" aria-describedby=\"caption-attachment-19770\" class=\"wp-image-19770 size-medium\" src=\"https:\/\/www.nonsolomodanews.it\/wordpress\/wp-content\/uploads\/2020\/01\/23012020-DSC_5134-300x200.jpg\" alt=\"\" width=\"300\" height=\"200\" srcset=\"https:\/\/www.nonsolomodanews.it\/wordpress\/wp-content\/uploads\/2020\/01\/23012020-DSC_5134-300x200.jpg 300w, https:\/\/www.nonsolomodanews.it\/wordpress\/wp-content\/uploads\/2020\/01\/23012020-DSC_5134-768x513.jpg 768w, https:\/\/www.nonsolomodanews.it\/wordpress\/wp-content\/uploads\/2020\/01\/23012020-DSC_5134-1024x684.jpg 1024w, https:\/\/www.nonsolomodanews.it\/wordpress\/wp-content\/uploads\/2020\/01\/23012020-DSC_5134-1080x721.jpg 1080w\" sizes=\"auto, (max-width: 300px) 100vw, 300px\" \/><\/a><p id=\"caption-attachment-19770\" class=\"wp-caption-text\">da dx Simone Menegoi, Giampiero Calzolari e Matteo Lepore<\/p><\/div>\n<p><span style=\"color: #000000;\">Alla presenza del presidente della Fiera di Bologna <strong>Giampiero Calzolari<\/strong>, dell&#8217;Assessore Cultura e promozione della citt\u00e0, Comune di Bologna, <strong>Matteo Lepore<\/strong> e del direttore artistico di Artefiera Arte Fiera <strong>Simone Menegoi<\/strong> \u00e8 stata presentata durante una conferenza stampa la 44^ edizione di Arte Fiera. Nuova location per le opere esposte che sono passate dagli storici 25 e 26 ai nuovi 15 e 18 <\/span><span style=\"color: #000000;\">padiglioni <strong>18 <\/strong>e <strong>15 <\/strong>del Quartiere Fieristico di Bologna, accessibili in auto dall\u2019<strong>Ingresso<\/strong><strong> N<\/strong><strong>ord <\/strong>e con un servizio di navette dall\u2019ingresso di Piazza Costituzione.<\/span><\/p>\n<p><!--more--><\/p>\n<p>Il presidente <strong>Calzolari<\/strong>, nel suo intervento, ha voluto sottolineare la centralit\u00e0 di Bologna Fiere e in particolare di Arte Fiera in campo sia nazionale che internazionale. Il presidente Calzolari in qualit\u00e0 di presidente di BolognaFiere, ha ricordato come la fiera si stia modificando rispetto a qualche anno fa con investimenti finanziare importanti che le permetteranno di affrontare le sfide future. L&#8217;assessore Matteo Lepore ha parlato della forte presenza dell&#8217;amministrazione comunale nel progetto Arte Fiera e a distanza di un anno si \u00e8 dimostrato che Arte Fiera poteva essere un successo e Bologna essere una citt\u00e0 dell&#8217;arte. La fiera ha investito nel progetto e l&#8217;alto numero di adesioni di Gallerie d&#8217;arte ne \u00e8 la tangibile dimostrazione. L&#8217;assessore ha voluto sottolineare come l&#8217;arte in questi giorni si respiri in tutta la citt\u00e0. Infatti l&#8217;amministrazione comunale affianca Arte Fiera con il progetto Art City dove ci sono prime italiane e anche europee. Arte Fiera per l&#8217;assessore Lepore \u00e8 un &lt;&lt;asset&gt;&gt; importante per quanto riguarda la crescita in termini di numeri della citt\u00e0 di Bologna nel campo del turismo &lt;&lt;leisure&gt;&gt;.\u00a0 A questo proposito nel settore turistico la citt\u00e0 ha avuto circa 10 mila nuovi occupati derivanti dall&#8217;afflusso di turisti sia nazionali che internazionali. In conclusione del suo intervento l&#8217;assessore Lepore ha anticipato il progetto &lt;&lt;Trust&gt;&gt; a supporto dell&#8217;arte contemporanea che come obiettivo \u00e8 quella di sostenere i creativi, l&#8217;arte e chi investe in questi settori. E&#8217; stata la volta di Simone Menegoi il quale ha fatto notare la nuova location di Arte Fiera (pi\u00f9 recente ed interessante architettonicamente rispetto al passato) e dell&#8217;anticipo di una settimana rispetto al passato per una questione di marketing rispetto ad altri competitor. Dopo la forma ha toccato anche la sostanza. Si inizia dal cuore di Arte Fiera ovvero dalle Gallerie che \u00e8 profondamente rinnovato. Dalla Main Section che spazia dalle avanguardie storiche al contemporaneo ad altre tre sezioni. Immagini in movimento e le nuove Focus (a cura di Laura Cherubini) e Pittura XXI a cura di Davide Ferri. L&#8217;intervento del direttore \u00e8 stato un lungo elenco di attivit\u00e0 che avverranno durante Arte Fiera. Come gli altri intervenuti ha voluto ringraziare tutte le persone (Sponsor, Galleristi, Artisti, Autorit\u00e0, Enti privati) che hanno permesso di realizzare la seconda edizione sotto la sua direzione (bp)<\/p>\n<p>&nbsp;<\/p>\n<p><strong>Comunicato Stampa di Arte Fiera 2020\u00a0<\/strong><\/p>\n<p><span style=\"color: #000000;\">L\u2019edizione di quest\u2019anno \u2013 la seconda diretta da <strong>Simone Menegoi<\/strong>, affiancato da Gloria Bartoli come <\/span><span style=\"color: #000000;\">vicedirettrice \u2013 si presenta ricca di novit\u00e0. Coinvolger\u00e0 <strong>155 gallerie <\/strong>tra italiane e straniere: <strong>108 <\/strong>nella <strong>Main Section <\/strong>e <strong>47 <\/strong>nelle tre sezioni curate e su invito, <strong>Fotografia e immagini in movimento <\/strong>(20 gallerie) a cui si aggiungono per la prima volta <strong>Focus <\/strong>(8 gallerie) e <strong>Pittura XXI <\/strong>(19 gallerie), per un totale di <strong>345 artisti <\/strong>presentati in fiera.<\/span><\/p>\n<p><span style=\"color: #000000;\">***<\/span><\/p>\n<p><span style=\"color: #000000;\"><strong>Focus <\/strong>\u00e8 una delle principali novit\u00e0 di Arte Fiera 2020: una sezione che prende in esame le ricerche artistiche della prima met\u00e0 del XX secolo e del secondo dopoguerra, con un taglio differente ogni an no. Volutamente ridotta nelle dimensioni, vuole essere un meditato approfondimento su un aspetto dell\u2019arte del Novecento. L\u2019edizione d\u2019esordio \u00e8 firmata da <strong>Laura Cherubini<\/strong>, critica e storica dell\u2019arte di chiara fama. Cherubini si \u00e8 concentrata sul rinnovamento e sulle innovazioni linguistiche della pittura italiana tra la fine degli anni Cinquanta e la fine degli anni Settanta.<\/span><\/p>\n<p><span style=\"color: #000000;\">Le gallerie: <strong>A arte Invernizzi <\/strong>(artista: Mario Nigro), <strong>Cortesi Gallery <\/strong>(Giuseppe Santomaso), <strong>Galleria<\/strong> <strong>dello Scudo <\/strong>(Gastone Novelli), <strong>Michela Rizzo <\/strong>(Fabio Mauri, Saverio Rampin), <strong>Mazzoleni <\/strong>(Lucio Fontana, Gianfranco Zappettini), <strong>Richard Saltoun <\/strong>(Bice Lazzari), <strong>Ronchini <\/strong>(Franco Angeli), <strong>Tornabuoni Arte <\/strong>(Piero Dorazio).<\/span><\/p>\n<p><span style=\"color: #000000;\"><strong>Pittura XXI<\/strong>, a cura di <strong>Davide Ferri<\/strong>, \u00e8 la prima sezione di una fiera, in Italia o all\u2019estero, dedicata interamente alla pittura contemporanea. L\u2019obiettivo del progetto \u00e8 di offrire una panoramica del lavoro degli artisti emergenti e mid-career, a livello nazionale e internazionale, che lavorano con questo medium. Una proposta audace e al contempo tempestiva, poich\u00e9 si colloca in una fase storica in cui la pittura si \u00e8 riaffacciata prepotentemente sulla scena dell\u2019arte.<\/span><\/p>\n<p><span style=\"color: #000000;\">Le gallerie: <strong>1\/9unosunove <\/strong>(artisti: Simon Callery, Jonathan Vandyke), <strong>A+B Gallery <\/strong>(Markus Saile), <strong>Arcade <\/strong>(John Finneran), <strong>Bernhard Knaus Fine Art <\/strong>(Giacomo Santiago Rogado, Karim Noureldin),<\/span><\/p>\n<p><span style=\"color: #000000;\"><strong>Boccanera <\/strong>(Neboj\u0161a Despotovi\u0107, Andrea Fontanari), <strong>CAR DRDE <\/strong>(Damien Meade), <strong>Cardelli &amp; Fontana <\/strong>(Mirko Baricchi, Beatrice Meoni), <strong>Eduardo Secci Contemporary <\/strong>(Chris Hood, Pierre Knop), <strong>Ex<\/strong> <strong>Elettrofonica <\/strong>(Federico Pietrella, Pesce Khete), <strong>Francesca Antonini <\/strong>(Guglielmo Castelli), <strong>Galleria<\/strong> <strong>FuoriCampo <\/strong>(Eugenia Vanni, Michele Tocca), <strong>Luca Tommasi <\/strong>(Mark Francis, Phillip Allen), <strong>Monica<\/strong> <strong>De Cardenas <\/strong>(Gianluca Di Pasquale, Ivan Seal), <strong>Monitor <\/strong>(Peter Linde Busk, Matteo Fato), <strong>Norma<\/strong> <strong>Mangione Gallery <\/strong>(Michael Bauer), <strong>P420 <\/strong>(Adelaide Cioni), <strong>Pinksummer <\/strong>(Jorge Queiroz), <strong>RIBOT<\/strong> (Jonathan Lux), <strong>The Gallery Apart <\/strong>(Corinna Gosmaro, Alessandro Scarabello).<\/span><\/p>\n<p><span style=\"color: #000000;\">Giunta alla sua seconda edizione, la sezione <strong>Fotografia e Immagini in Movimento<\/strong>, a cura del collettivo <strong>Fantom <\/strong>(rappresentato da Selva Barni, Ilaria Speri, Massimo Torrigiani, Francesco Zanot), costituisce un osservatorio puntato su alcune delle pi\u00f9 recenti ricerche nel campo della fotografia e del video, cui si aggiungono alcuni imprescindibili punti di riferimento nel passato.<\/span><\/p>\n<p><span style=\"color: #000000;\">Le gallerie: <strong>aA29 Project Room <\/strong>(artisti: Kyle Thompson, Tiziana Pers), <strong>Dep Art Gallery <\/strong>(Tony Oursler), <strong>Galleria Marcolini <\/strong>(Aneta Bartos, Christian Thompson), <strong>Michela Rizzo <\/strong>(Antoni Muntadas, Katerina \u0160ed\u00e1, Francesco Jodice), <strong>Galleria Poggiali <\/strong>(Goldschmied &amp; Chiari), <strong>Gallleriapi\u00f9 <\/strong>(Matteo Cremonesi), <strong>Marcorossi <\/strong>(Rune Guneriussen), <strong>Martini &amp; Ronchetti <\/strong>(Lisetta Carmi), <strong>MC2 Gallery<\/strong> (Lamberto Teotino, Justine Tjallinks, Paolo Ciregia), <strong>Metronom <\/strong>(Christto &amp; Andrew), <strong>MLZ Art Dep<\/strong> (The Cool Couple, Discipula, K\u00e4llstr\u04e7m+F\u00e4ldt), <strong>Otto Zoo <\/strong>(Paul Kooiker), <strong>Pinksummer <\/strong>(Luca Trevisani), <strong>Podbielski Contemporary <\/strong>(Giulio Di Sturco, Massimiliano Gatti, Yuval Yairi), <strong>Shazar <\/strong>(Giacomo Montanaro), <strong>Spazio Nuovo <\/strong>(Marco Maria Zanin, Edouard Taufenbach), <strong>Traffic Gallery <\/strong>(Mattia Zoppellaro), <strong>Umberto Di Marino <\/strong>(Francesco Jodice, Pedro Neves Marques, Sergio Vega), <strong>Viasaterna <\/strong>(Alessandro Calabrese), <strong>z2o Sara Zanin <\/strong>(Mariella Bettineschi, Silvia Camporesi, Ekaterina <\/span><span style=\"color: #000000;\">Panikanova).<\/span><\/p>\n<p><span style=\"color: #000000;\"><strong>Fotografia e immagini in movimento <\/strong>\u00e8 sostenuta da <strong>Mercedes-Benz<\/strong>, automotive partner della fiera con <strong>Stefauto<\/strong>.<\/span><\/p>\n<p><span style=\"color: #000000;\">La <strong>Main Section <\/strong>riconferma il modello innovativo avviato lo scorso anno, dettato dalla cura per la qualit\u00e0 e la coerenza degli stand, e promosso tanto dai galleristi quanto dai collezionisti. Anche quest\u2019anno, dunque, le gallerie sono state invitate a presentare un numero limitato di artisti: fino a un massimo di tre, per gli stand di medie dimensioni; fino a un massimo di sei per i pi\u00f9 grandi. Unica eccezione alla regola \u2013 si tratta di una delle novit\u00e0 dell\u2019edizione 2020 \u2013 la possibilit\u00e0 di eccedere il limite di sei artisti con un progetto curatoriale dedicato a un gruppo, un movimento, una corrente artistica del XX secolo. Inoltre, come nell\u2019edizione 2019, una percentuale significativa di gallerie presenter\u00e0 un unico artista, rispondendo alla sollecitazione della Fiera in tal senso. Questa forte presenza di stand monografici, che costituiscono altrettanti approfondimenti su artisti italiani o stranieri, nuove proposte o maestri affermati, si segnala gi\u00e0 come uno dei tratti caratteristici della direzione di Menegoi.<\/span><\/p>\n<p><span style=\"color: #000000;\">Arte Fiera sottolinea il ritorno tra i suoi espositori di alcune importanti gallerie, fra cui <strong>Giorgio Persano <\/strong>(Torino), <strong>Galleria Fonti <\/strong>(Napoli), <strong>Galleria d\u2019Arte Maggiore g.a.m. <\/strong>(Bologna), <strong>FPAC \u2013 Francesco Pantaleone <\/strong>(Palermo) nella <strong>Main Section <\/strong>e <strong>A arte Invernizzi <\/strong>(Milano), <strong>Ex Elettrofonica <\/strong>(Roma), <strong>Otto Zoo <\/strong>(Milano), <strong>The Gallery Apart <\/strong>(Roma), <strong>1\/9unosunove <\/strong>(Roma) nelle sezioni dedicate.<\/span><\/p>\n<p><span style=\"color: #000000;\">Le gallerie partecipanti in Fiera concorreranno all\u2019assegnazione di <strong>premi <\/strong>speciali messi in palio dai partner con il sostegno di giurie qualificate, composte da curatori, direttori di museo, collezionisti e professionisti di settore. I premi dell\u2019edizione 2020 saranno assegnati venerd\u00ec 24 gennaio nell\u2019area Talk e sono: <strong>Premio per la pittura Mediolanum<\/strong>; <strong>Premio Wide<\/strong>; <strong>Premio A Collection<\/strong>; <strong>Premio Rotary<\/strong>; <strong>Premio ANGAMC<\/strong>.<\/span><\/p>\n<p><span style=\"color: #000000;\">Il bookshop di Arte Fiera \u00e8 nuovamente affidato a <strong>Corraini Edizioni<\/strong>. Come prolungamento dell\u2019area bookshop, saranno presenti editori di libri d\u2019artista e riviste di settore con stand dedicati e dal nuovo posizionamento in Fiera.<\/span><\/p>\n<p><span style=\"color: #000000;\">***<\/span><\/p>\n<p><span style=\"color: #000000;\">L\u2019offerta del <strong>Public Program <\/strong>riconferma i format lanciati nel 2019, che hanno incontrato il deciso apprezzamento del pubblico e dei professionisti del settore.<\/span><\/p>\n<p><span style=\"color: #000000;\">Verr\u00e0 presentato il secondo capitolo di <strong>Courtesy Emilia-Romagna<\/strong>, il ciclo di esposizioni allestite nell\u2019ambito della Fiera che coinvolge le collezioni d\u2019arte moderna e contemporanea, sia pubbliche che private, del territorio emiliano-romagnolo. Il format prevede una mostra temporanea come momento per valorizzare e conoscere un patrimonio artistico che si pone come una sorta di \u201cmuseo diffuso\u201d, visto dalla prospettiva di un curatore che cambia ogni anno. Per l\u2019edizione del 2020 la curatela \u00e8 stata affidata a <strong>Eva Brioschi<\/strong>, storica e critica d\u2019arte, che presenter\u00e0 nel padiglione 15 la mostra<\/span><\/p>\n<p><span style=\"color: #000000;\"><strong>L\u2019opera aperta<\/strong>, che prende spunto dall\u2019omonimo saggio di Umberto Eco. In questo viaggio di scoperta delle collezioni presenti sul territorio dell\u2019Emilia-Romagna il visitatore incontrer\u00e0 maestri del No-<\/span><\/p>\n<p><span style=\"color: #000000;\">vecento come <strong>Giorgio Morandi<\/strong>, <strong>Carla Accardi<\/strong>, <strong>Gerhard Richter<\/strong>, <strong>Gianni Colombo<\/strong>, <strong>Salvo<\/strong>, ma anche artisti che meritano di essere riscoperti, come <strong>Mattia Moreni, Alberto Sughi<\/strong>, <strong>Dino Pedriali<\/strong>, senza dimenticare i protagonisti delle nuove generazioni come <strong>Yang Fudong <\/strong>e <strong>Yuri Ancarani<\/strong>.<\/span><\/p>\n<p><span style=\"color: #000000;\">Al secondo appuntamento anche il progetto <strong>Opl\u00e0. Performing Activities<\/strong>, a cura di Silvia Fanti (Xing), riconosciuta internazionalmente per la sua particolare attenzione ai linguaggi di ricerca nelle arti visive, nel teatro e nella performance. Arte Fiera presenter\u00e0 interventi performativi firmati da <strong>Alessandro Bosetti <\/strong>(<strong>L\u2019ombra<\/strong>), <strong>Luca Vitone <\/strong>(<strong>Devla\u2026 Devla\u2026<\/strong>) e <strong>ZAPRUDER filmmakersgroup<\/strong> (<strong>ANUBI IS NOT A DOG<\/strong>). <strong>Jimmie Durham<\/strong>, insignito del Leone d\u2019Oro alla carriera durante la 58. Biennale di Venezia, avrebbe dovuto presentare <strong>THE BUREAU<\/strong>, un re-enactment della sua iconica performance del 2004 intitolata Smashing: purtroppo, problemi di salute all\u2019ultimo momento gli hanno impedito di essere a Bologna. Come omaggio all\u2019artista, lo spazio destinato alla performance rimarr\u00e0 installato, e un monitor riproporr\u00e0 le immagini della performance originale.<\/span><\/p>\n<p><span style=\"color: #000000;\">L\u2019artista <strong>Eva Marisaldi <\/strong>sar\u00e0 protagonista del <strong>progetto speciale <\/strong>di Arte Fiera 2020 con un\u2019opera creata ad hoc per l\u2019occasione. Il progetto si intitola <strong>Welcome<\/strong>, e si compone di due parti: una grande installazione che accoglier\u00e0 i visitatori all\u2019ingresso della Fiera, e un intervento diffuso in vari punti dei padiglioni fieristici e della citt\u00e0 di Bologna. Il progetto \u00e8 reso possibile grazie al sostegno di <strong>BPER<\/strong> <strong>Banca <\/strong>e alla sponsorizzazione tecnica di <strong>Italia Zuccheri <\/strong>e <strong>Space World Air<\/strong>.<\/span><\/p>\n<p><span style=\"color: #000000;\">Marisaldi interverr\u00e0 inoltre al Teatro Comunale di Bologna, a suggellare la collaborazione fra la Fiera e l\u2019importante istituzione cittadina, presentando quattro opere sonore. Coordinate da un software che sfrutta il caso, le opere daranno vita a una partitura mai uguale a se stessa. I lavori sono realizzati in<\/span><\/p>\n<p><span style=\"color: #000000;\">collaborazione con Enrico Serotti (musicista) e saranno visibili a partire dalla rappresentazione del \u201cTristan und Isolde\u201d di Richard Wagner, con cui si aprir\u00e0 la Stagione lirica 2020.<\/span><\/p>\n<p><span style=\"color: #000000;\"><strong>Flash Art <\/strong>\u00e8 per il secondo anno content partner della manifestazione; come tale, curer\u00e0 l&#8217;organizzazione di un denso calendario di <strong>talk<\/strong>, indispensabili per stimolare la riflessione attorno ai temi dell\u2019attualit\u00e0 dell\u2019arte contemporanea. Alcuni dei protagonisti: <strong>Michelangelo Pistoletto<\/strong>, che parler\u00e0 dell\u2019arte come innovazione sociale e \u201ccura\u201d; la storia della pittura italiana fra il 1959 e il 1979 ripercorsa, in modo originale e trasversale, da <strong>Laura Cherubini<\/strong>, <strong>Andrea Viliani <\/strong>e <strong>Nicola De Maria<\/strong>; <strong>Gianni<\/strong> <strong>Emilio Simonetti<\/strong>, uno dei massimi esponenti di Fluxus in Italia in dialogo con <strong>Luigi Bonotto <\/strong>e <strong>Patrizio Peterlini<\/strong>; <strong>Paolo Icaro <\/strong>che rifletter\u00e0 sui concetti di \u201cresistenza\u201d e \u201climite\u201d insieme a <strong>Cecilia Canziani<\/strong>; <strong>Raffaella Perna <\/strong>affronter\u00e0 la pittura di <strong>Franco Angeli <\/strong>con <strong>Maria Angeli<\/strong>; e le artiste <strong>Paola Mattioli <\/strong>e <strong>Silvia Giambrone <\/strong>si confronteranno sui legami fra curatela e femminismi.<\/span><\/p>\n<p><span style=\"color: #000000;\">Il Public Program di Arte Fiera ribadisce infine l\u2019importanza dell\u2019<strong>educazione all\u2019arte <\/strong>e dell\u2019attenzione verso tutte le fasce di pubblico \u2013 dai giovanissimi agli adulti \u2013 ai primi approcci con l\u2019arte contemporanea, con i nuovi laboratori a cura della <strong>Fondazione Golinelli<\/strong>. L\u2019offerta di quest\u2019anno rappresenter\u00e0 un esperimento sulle possibilit\u00e0 di distribuzione e condivisione dell\u2019arte nel nostro quotidiano digitale. A partire dal progetto espositivo al centro della mostra \u201cU.MANO\u201d in esposizione al Centro Arti e Scienze Golinelli, sar\u00e0 possibile immergersi all&#8217;interno delle sue installazioni in una piccola stanza ideale decorata con lavori prodotti da plotter verticali, mixando la realt\u00e0 con tecniche di Realt\u00e0 Aumentata e Virtuale in dialogo tra loro.<\/span><\/p>\n<p><span style=\"color: #000000;\">***<\/span><\/p>\n<p><span style=\"color: #000000;\">Arte Fiera riconferma con piacere la stretta collaborazione con il Comune di Bologna, che nei giorni<\/span><\/p>\n<p><span style=\"color: #000000;\">della manifestazione promuove l&#8217;ottava edizione di <strong>ART CITY Bologna<\/strong>, il programma di eventi e mostre coordinato da Lorenzo Balbi, direttore artistico del MAMbo &#8211; Museo d\u2019Arte Moderna di Bologna. Particolare attenzione \u00e8 dedicata all\u2019accoglienza dei <strong>collezionisti<\/strong>, italiani e stranieri, coordinati per il primo anno da <strong>Costanza Mazzonis di Pralafera<\/strong>. Il VIP program, collocato al di fuori dell\u2019orario fieristico, offrir\u00e0 l\u2019occasione per la scoperta di collezioni private, per percorsi speciali tra le eccellenze culturali, non solo di arte contemporanea, del territorio, per visite guidate in musei e istituzioni di Bologna e dei dintorni, come la Certosa di Bologna, la Collezione Maramotti e MUT \u2013 Mutina for Art. Le visite guidate dell\u2019edizione 2020 di Arte Fiera sono possibili grazie al sostegno di un partner di eccellenza: <strong>UBS<\/strong>.<\/span><\/p>\n<p><span style=\"color: #000000;\">***<\/span><\/p>\n<p><span style=\"color: #000000;\">La rinnovata Arte Fiera mostra il proprio dinamismo anche a livello di comunicazione digitale, sul sito web e sui canali social. Le pagine Facebook, YouTube e Instagram raccolgono e stimolano le interazioni di migliaia di appassionati del mondo dell\u2019arte. In particolare, <strong>#ArteFiera_Spotlight <\/strong>documenta in tempo reale opening e novit\u00e0 della scena artistica del momento, in Italia e all\u2019estero, <strong>Osservatorio<\/strong> <strong>Arte Fiera <\/strong>\u00e8 la rubrica online, fruibile anche sui canali social, che ogni mercoled\u00ec presenta un interlocutore del mondo dell\u2019arte che ha un legame con Arte Fiera, Bologna e il suo territorio, invitato a condividere un pensiero su una mostra, un\u2019opera, un\u2019istituzione dell\u2019Emilia-Romagna.<\/span><\/p>\n<p><span style=\"color: #000000;\">Nell\u2019ambito delle collaborazioni, Arte Fiera \u00e8 lieta di presentare i partner che la sostengono nella proposta di una <strong>ristorazione di qualit\u00e0<\/strong>. Si rinnova l\u2019alleanza tra Arte Fiera e <strong>FICO Eataly World Bologna<\/strong>, con la presenza in Fiera di un punto ristorazione e vendita dei prodotti di eccellenza del territorio.<\/span><\/p>\n<p><span style=\"color: #000000;\">Un <strong>Bistrot Emilia-Romagna <\/strong>si concentra sui piatti locali pi\u00f9 tipici e attesi.<\/span><\/p>\n<p><span style=\"color: #000000;\">La <strong>vip lounge <\/strong>dedicata a collezionisti, espositori, ospiti e giornalisti, accoglier\u00e0 gli ospiti con due proposte: la ristorazione di Dettagli, specializzato nel catering di eccellenza, e lo <strong>special guest Giuseppe Palmieri<\/strong>, restaurant manager dell\u2019Osteria Francescana, che porter\u00e0 ad Arte Fiera i piatti gourmet del suo Da Panino.<\/span><\/p>\n<p><span style=\"color: #000000;\">PARTNER ARTE FIERA 2020<\/span><\/p>\n<p><span style=\"color: #000000;\">Partner: <strong>UBS<\/strong><\/span><\/p>\n<p><span style=\"color: #000000;\">Content Partner: <strong>Flash Art<\/strong><\/span><\/p>\n<p><span style=\"color: #000000;\">Online Partner: <strong>ARTSY<\/strong><\/span><\/p>\n<p><span style=\"color: #000000;\">Media Partner: <strong>Corriere della Sera<\/strong><\/span><\/p>\n<p><span style=\"color: #000000;\">Partner Premi: <strong>Banca Mediolanum<\/strong>, <strong>WIDE Group<\/strong>, <strong>A Collection<\/strong>, <strong>Rotary<\/strong><\/span><\/p>\n<p><span style=\"color: #000000;\">Partner Progetto Welcome: <strong>BPER Banca<\/strong><\/span><\/p>\n<p><span style=\"color: #000000;\">In kind Partner Progetto Welcome: <strong>Italia Zuccheri<\/strong>, <strong>Space World Air<\/strong><\/span><\/p>\n<p><span style=\"color: #000000;\">Green Partner: <strong>Refill<\/strong><\/span><\/p>\n<p><span style=\"color: #000000;\">Partner Courtesy Emilia-Romagna: <strong>Regione Emilia-Romagna<\/strong>, <strong>Alma Mater Studiorum \u2013 Dipartimento delle Arti<\/strong>, <strong>Spedart<\/strong><\/span><\/p>\n<p><span style=\"color: #000000;\">Partner Culturali: <strong>ANGAMC<\/strong>, <strong>Fondazione Golinelli<\/strong>, <strong>IBC Emilia-Romagna<\/strong>, <strong>Teatro Comunale di Bologna<\/strong><\/span><\/p>\n<p><span style=\"color: #000000;\">Automotive Partner: <strong>Mercedes-Benz Stefauto<\/strong><\/span><\/p>\n<p><span style=\"color: #000000;\">Champagne Partner: <strong>Club Excellence<\/strong><\/span><\/p>\n<p><span style=\"color: #000000;\">Art Services Partner: <strong>Art Defender<\/strong><\/span><\/p>\n<p><span style=\"color: #000000;\">Style Partner: <strong>Orea Mali\u00e0<\/strong>, <strong>Matteo Thiela<\/strong><\/span><\/p>\n<p><span style=\"color: #000000;\">Vip Lounge Technical Partner: <strong>Artemide<\/strong>, <strong>Melograno Blu<\/strong>, <strong>Julia Marmi<\/strong>, <strong>Dimensione Parquet<\/strong>,<\/span><\/p>\n<p><span style=\"color: #000000;\"><strong>LAGO<\/strong>, <strong>Baboon<\/strong>, <strong>Three Life Lab<\/strong>, <strong>Adrenalina<\/strong><\/span><\/p>\n<p><span style=\"color: #000000;\">Vip Lounge Concept by: <strong>Davide Vercelli<\/strong><\/span><\/p>\n<p><span style=\"color: #000000;\">Vip Lounge Food: <strong>Da Panino<\/strong>, <strong>Dettagli<\/strong><\/span><\/p>\n<p style=\"text-align: center;\"><span style=\"font: 400 14px\/25px 'Lora',sans-serif; text-align: center; color: #000000; text-transform: none; text-indent: 0px; letter-spacing: normal; text-decoration: none; word-spacing: 0px; display: inline !important; white-space: normal; orphans: 2; float: none; -webkit-text-stroke-width: 0px; background-color: #ffffff;\">Testo e Fotografie a cura di Bruno Angelo Porcellana\u00a0<\/span><br \/>\n<span style=\"display: inline !important; float: none; background-color: #ffffff; color: #242424; font-family: 'Lora',sans-serif; font-size: 14px; font-style: normal; font-variant: normal; font-weight: 400; letter-spacing: normal; line-height: 25px; orphans: 2; text-align: center; text-decoration: none; text-indent: 0px; text-transform: none; -webkit-text-stroke-width: 0px; white-space: normal; word-spacing: 0px;\"><span style=\"color: #000000;\"> Tutti i diritti riservati \u00a9 2020 \u2013 Email: nonsolomodanews@gmail.com<\/span> <\/span><\/p>\n<p>&nbsp;<\/p>\n","protected":false},"excerpt":{"rendered":"<p>Alla presenza del presidente della Fiera di Bologna Giampiero Calzolari, dell&rsquo;Assessore Cultura e promozione della citt&agrave;, Comune di Bologna, Matteo Lepore e del direttore artistico di Artefiera Arte Fiera Simone Menegoi &egrave; stata presentata durante una conferenza stampa la 44^ edizione di Arte Fiera. Nuova location per le opere esposte che sono passate dagli storici 25 e 26 ai nuovi 15 e 18 padiglioni 18 e 15 del Quartiere Fieristico di Bologna, accessibili in auto dall&rsquo;Ingresso Nord e con un servizio di navette dall&rsquo;ingresso di Piazza Costituzione.<\/p>\n","protected":false},"author":1,"featured_media":19772,"comment_status":"open","ping_status":"open","sticky":false,"template":"","format":"standard","meta":{"rop_custom_images_group":[],"rop_custom_messages_group":[],"rop_publish_now":"initial","rop_publish_now_accounts":[],"rop_publish_now_history":[],"rop_publish_now_status":"pending","footnotes":""},"categories":[16],"tags":[3058,262,3059,3060,2617],"class_list":["post-19769","post","type-post","status-publish","format-standard","has-post-thumbnail","hentry","category-articolo","tag-arte-fiera-2020","tag-bologna","tag-giampiero-calzolari","tag-matteo-lepore","tag-simone-menegoi"],"_links":{"self":[{"href":"https:\/\/www.nonsolomodanews.it\/wordpress\/wp-json\/wp\/v2\/posts\/19769","targetHints":{"allow":["GET"]}}],"collection":[{"href":"https:\/\/www.nonsolomodanews.it\/wordpress\/wp-json\/wp\/v2\/posts"}],"about":[{"href":"https:\/\/www.nonsolomodanews.it\/wordpress\/wp-json\/wp\/v2\/types\/post"}],"author":[{"embeddable":true,"href":"https:\/\/www.nonsolomodanews.it\/wordpress\/wp-json\/wp\/v2\/users\/1"}],"replies":[{"embeddable":true,"href":"https:\/\/www.nonsolomodanews.it\/wordpress\/wp-json\/wp\/v2\/comments?post=19769"}],"version-history":[{"count":5,"href":"https:\/\/www.nonsolomodanews.it\/wordpress\/wp-json\/wp\/v2\/posts\/19769\/revisions"}],"predecessor-version":[{"id":19777,"href":"https:\/\/www.nonsolomodanews.it\/wordpress\/wp-json\/wp\/v2\/posts\/19769\/revisions\/19777"}],"wp:featuredmedia":[{"embeddable":true,"href":"https:\/\/www.nonsolomodanews.it\/wordpress\/wp-json\/wp\/v2\/media\/19772"}],"wp:attachment":[{"href":"https:\/\/www.nonsolomodanews.it\/wordpress\/wp-json\/wp\/v2\/media?parent=19769"}],"wp:term":[{"taxonomy":"category","embeddable":true,"href":"https:\/\/www.nonsolomodanews.it\/wordpress\/wp-json\/wp\/v2\/categories?post=19769"},{"taxonomy":"post_tag","embeddable":true,"href":"https:\/\/www.nonsolomodanews.it\/wordpress\/wp-json\/wp\/v2\/tags?post=19769"}],"curies":[{"name":"wp","href":"https:\/\/api.w.org\/{rel}","templated":true}]}}