{"id":19699,"date":"2020-01-15T22:39:51","date_gmt":"2020-01-15T22:39:51","guid":{"rendered":"https:\/\/www.nonsolomodanews.it\/wordpress\/?p=19699"},"modified":"2020-01-15T22:39:52","modified_gmt":"2020-01-15T22:39:52","slug":"violenza-di-genere-presentato-preludio-cortometraggio-contro-il-femminicidio","status":"publish","type":"post","link":"https:\/\/www.nonsolomodanews.it\/wordpress\/violenza-di-genere-presentato-preludio-cortometraggio-contro-il-femminicidio\/","title":{"rendered":"Violenza di genere: presentato \u2018Preludio\u2019, cortometraggio contro il femminicidio"},"content":{"rendered":"<div id=\"attachment_19700\" style=\"width: 286px\" class=\"wp-caption alignleft\"><a style=\"color: #000000;\" href=\"https:\/\/www.nonsolomodanews.it\/wordpress\/violenza-di-genere-presentato-preludio-cortometraggio-contro-il-femminicidio\/whatsapp-image-2020-01-15-at-09-59-17\/\" rel=\"attachment wp-att-19700\"><img loading=\"lazy\" decoding=\"async\" aria-describedby=\"caption-attachment-19700\" class=\"wp-image-19700 size-medium\" src=\"https:\/\/www.nonsolomodanews.it\/wordpress\/wp-content\/uploads\/2020\/01\/WhatsApp-Image-2020-01-15-at-09.59.17-276x300.jpeg\" alt=\"\" width=\"276\" height=\"300\" srcset=\"https:\/\/www.nonsolomodanews.it\/wordpress\/wp-content\/uploads\/2020\/01\/WhatsApp-Image-2020-01-15-at-09.59.17-276x300.jpeg 276w, https:\/\/www.nonsolomodanews.it\/wordpress\/wp-content\/uploads\/2020\/01\/WhatsApp-Image-2020-01-15-at-09.59.17-768x835.jpeg 768w, https:\/\/www.nonsolomodanews.it\/wordpress\/wp-content\/uploads\/2020\/01\/WhatsApp-Image-2020-01-15-at-09.59.17-942x1024.jpeg 942w, https:\/\/www.nonsolomodanews.it\/wordpress\/wp-content\/uploads\/2020\/01\/WhatsApp-Image-2020-01-15-at-09.59.17-1080x1174.jpeg 1080w, https:\/\/www.nonsolomodanews.it\/wordpress\/wp-content\/uploads\/2020\/01\/WhatsApp-Image-2020-01-15-at-09.59.17.jpeg 1472w\" sizes=\"auto, (max-width: 276px) 100vw, 276px\" \/><\/a><p id=\"caption-attachment-19700\" class=\"wp-caption-text\"><\/span> <span style=\"color: #000000;\">Martina Marotta &#8211; Outfit Cinzia Diddi<\/span><\/p><\/div>\n<p><span style=\"color: #000000;\">Violenza di genere: presentato<strong> &#8220;Preludio&#8221;<\/strong> cortometraggio contro il femminicidio<\/span><br \/>\n<span style=\"color: #000000;\">Il film \u00e8 un invito a prendere coscienza del fenomeno che ha numeri sempre pi\u00f9 drammatici. <strong>Giancarlo Antognoni<\/strong>: \u201cLe statistiche che ho ascoltato fanno vergognare di essere uomo, ma se combattiamo tutti insieme i risultati positivi arriveranno sicuramente\u201d.<\/span><\/p>\n<p><span style=\"color: #000000;\">\u201cIl cortometraggio presentato il 14 gennaio a Firenze \u00e8 un omaggio alle donne che sono rimaste vittime di femminicidio e a quelle che si trovano ad affrontare situazioni di violenza fisica e psicologica nell\u2019ambito di rapporti malati. Ed \u00e8, per questo, un atto di sensibilizzazione sul problema dei problemi della nostra societ\u00e0 contemporanea: la violenza di genere\u201d. Lo ha detto il presidente del Consiglio regionale, Eugenio Giani, intervenendo alla presentazione di \u201cPreludio\u201d, cortometraggio realizzato da Stefania Rossella Grassi e Tommaso Scutari, che \u00e8 stato presentato nella sala Barile del palazzo del Pegaso.<\/span><\/p>\n<div id=\"attachment_19702\" style=\"width: 235px\" class=\"wp-caption alignleft\"><a style=\"color: #000000;\" href=\"https:\/\/www.nonsolomodanews.it\/wordpress\/violenza-di-genere-presentato-preludio-cortometraggio-contro-il-femminicidio\/whatsapp-image-2020-01-15-at-10-10-45\/\" rel=\"attachment wp-att-19702\"><img loading=\"lazy\" decoding=\"async\" aria-describedby=\"caption-attachment-19702\" class=\"wp-image-19702 size-medium\" src=\"https:\/\/www.nonsolomodanews.it\/wordpress\/wp-content\/uploads\/2020\/01\/WhatsApp-Image-2020-01-15-at-10.10.45-225x300.jpeg\" alt=\"\" width=\"225\" height=\"300\" srcset=\"https:\/\/www.nonsolomodanews.it\/wordpress\/wp-content\/uploads\/2020\/01\/WhatsApp-Image-2020-01-15-at-10.10.45-225x300.jpeg 225w, https:\/\/www.nonsolomodanews.it\/wordpress\/wp-content\/uploads\/2020\/01\/WhatsApp-Image-2020-01-15-at-10.10.45.jpeg 720w\" sizes=\"auto, (max-width: 225px) 100vw, 225px\" \/><\/a><p id=\"caption-attachment-19702\" class=\"wp-caption-text\"><\/span> <span style=\"color: #000000;\">A sx Daniele Gramiccia (produttore della Bic production) e a dx Giancarlo Antognoni<\/span><\/p><\/div>\n<p><span style=\"color: #000000;\">L\u2019obiettivo dell\u2019opera, alla quale hanno dato volto e voce attori italiani e internazionali di grande spessore artistico, \u00e8 mettere in guardia le donne che, scegliendo di lasciare il proprio compagno, si trovano ad affrontare l\u2019ossessione e il rifiuto dell\u2019uomo, troppo spesso preludio al femminicidio.<\/span><br \/>\n<span style=\"color: #000000;\"><em>\u201cLa delicatezza e la poeticit\u00e0 di \u2018Preludio\u2019 arrivano con forza allo spettatore, pi\u00f9 che se avesse mostrato scene cruente. \u00c8 uno strumento di denuncia e riflessione sulla violenza sulle donne che \u00e8 utile e necessario diffondere in ogni luogo\u201d,<\/em> ha affermato la consigliera regionale Monia Monni, ricordando che in Italia, cos\u00ec come in Toscana, l\u201980 per cento delle donne vittime di violenza non sporge denuncia alle autorit\u00e0. <em>\u201cDiffondere questo messaggio \u00e8 anche un invito a tutte le donne a trovare il coraggio di denunciare gli abusi che subiscono<\/em>\u201d ha aggiunto Monni.<\/span><\/p>\n<p><span style=\"color: #000000;\">Nella nostra regione, ha ricordato ancora Monni citando l\u2019Undicesimo rapporto sulla violenza di genere in Toscana 2019, dal 2006 al 2018 si sono registrati 113 femminicidi, di cui 5 nell&#8217;ultimo anno. Altro dato allarmante: ogni giorno in Toscana 10 donne si rivolgono ai centri anti-violenza e in dieci anni le vittime sono pi\u00f9 che raddoppiate. La consigliera ha poi ricordato la rete toscana che offre un aiuto concreto alle donne: sono attivi 24 centri anti-violenza e 21 case Rifugio con 136 posti letto. \u201cUn dato significato \u2013 ha concluso \u2013 \u00e8 quello che mette in risalto l\u2019instabilit\u00e0 economica delle donne come elemento frenante nella decisione di sporgere denuncia\u201d.<\/span><\/p>\n<p><span style=\"color: #000000;\">La regista Stefania Rossella Grassi ha parlato della sua opera come di un \u201csegnale di solidariet\u00e0 verso le donne che attraversano un momento buio della loro vita\u201d e di \u201cun progetto la cui intenzione non \u00e8 quella di tirare un pugno nello stomaco a chi guarda, ma di offrire un momento di riflessione e di confronto\u201d. Per questo motivo il cortometraggio \u00e8 stato donato, grazie anche alla volont\u00e0 del cast di attori e attrici, alle associazioni che lavorano al contrasto alla violenza sulla donne.<\/span><br \/>\n<span style=\"color: #000000;\">Per Diana Palomba, presidente di F\u00e9minin Pluriel Italia, \u201cil film \u00e8 lo spunto e l\u2019opportunit\u00e0 per parlare del fenomeno e la nostra intenzione \u00e8 quella di farlo vedere nelle scuole, perch\u00e9 \u00e8 necessario educare per prevenire le ossessioni che portano al femminicidio\u201d.<\/span><br \/>\n<span style=\"color: #000000;\">Un invito a \u201clottare tutte unite contro ogni forma di violenza\u201d \u00e8 stato lanciato anche da Demetra Hampton, una delle attrici del film, a cui si unisce <strong>Martina Marotta<\/strong>, attrice Toscana presente in conferenza e attrice del corto dichiara <em>\u201cEssere riuscita a portare in Toscana, la mia terra un progetto di cos\u00ec tanto valore sociale mi rende orgogliosa e ringrazio tutte le istituzioni e le persone a me vicine che hanno permesso che in questa giornata si denunciasse ancora una volta un male cos\u00ec importante e troppe volte sottovalutato&#8221;<\/em>. Preludio \u00e8 un invito a. scardinare quel muro di omert\u00e0 che troppo spesso si alza intorno a queste violenze;<em> \u201cla violenza c&#8217;\u00e8 ma non si vede \u00e8 nascosta tra le pieghe di amori malati, che fa vittime come una guerra\u201d,<\/em> aggiunge Daniela Giordano. <em>\u201cSono orgogliosa di aver fatto gli abiti di scena di questa meraviglioso capolavoro cinematografico<\/em>, la stilista Cinzia Diddi, la mia partecipazione a Preludio come figurante \u00e8 stato un modo per \u201cmetterci la faccia\u201d un impegno da portare avanti\u201d.<\/span><br \/>\n<span style=\"color: #000000;\">Ringrazio Stefania Rossella Grassi che oltre ad essere una abile regista , una scrittrice dalle calde ma toccanti parole \u00e8 una vera Donna Guerriera.<\/span><\/p>\n<p><span style=\"color: #000000;\">Giancarlo Antognoni, club manager della Fiorentina, nel ruolo, ha accolto l&#8217;invito ad essere presente e nell&#8217;occasione ha dichiarato:<em> \u201cLe statistiche che ho ascoltato fanno vergognare di essere uomo, ma se combattiamo tutti insieme i risultati positivi arriveranno sicuramente\u201d.<\/em><\/span><\/p>\n<p><span style=\"color: #000000;\">Nel film, prodotto da Stefania Grassi, Daniele Gramiccia ed Ermelinda Maturo a interpretare l\u2019ossessione maschile \u00e8 Alessandro Haber; le altre voci narranti e gli altri interpeti sono: Isabella Rossellini, Franco Nero, Anna Kanakis, Alessio Boni, Daniela Giordano, Corinne Clery, Serena Grandi, Demetra Hampton, Elisabetta Pellini, Corrado Solari, Karla Gascon, Holly Irgen, Youma Dakite, Ermelinda Maturo, Barbara Kal e Martina Marotta.<\/span><br \/>\n<span style=\"color: #000000;\"><em>&#8220;Avere avuto la possibilit\u00e0 di produrre un film che trasporti in s\u00e9 questo messaggio per tutti, mi fa amare di pi\u00f9 il mio lavoro. Il cinema \u00e8 cultura \u00e8 espressione di libert\u00e0 e con questa anche di denuncia, ed essere riusciti tutti insieme a denunciare questa piaga sociale ci rende fiduciosi che se anche solamente ad una persona arrivi il messaggio questa possa a sua volta fare qualcosa per cambiare e far cambiare&#8221;<\/em> dice Daniele Gramiccia<\/span><\/p>\n<p><span style=\"color: #000000;\">La colonna sonora \u00e8 a cura del Maestro Gianni Errera il montaggio a cura di Marko Carbone e nel finale , la canzone di Mina Fly Away concesso gratuitamente.<\/span><\/p>\n<p style=\"text-align: center;\"><span style=\"color: #000000;\">Emme Emme<\/span><br \/>\n<span style=\"color: #000000;\">Tutti i diritti riservati \u00a9 2020 \u2013 Email: nonsolomodanews@gmail.com<\/span><\/p>\n","protected":false},"excerpt":{"rendered":"<p>Violenza di genere: presentato &ldquo;Preludio&rdquo; cortometraggio contro il femminicidio Il film &egrave; un invito a prendere coscienza del fenomeno che ha numeri sempre pi&ugrave; drammatici. Giancarlo Antognoni: &ldquo;Le statistiche che ho ascoltato fanno vergognare di essere uomo, ma se combattiamo tutti insieme i risultati positivi arriveranno sicuramente&rdquo;. &ldquo;Il cortometraggio presentato il 14 gennaio a Firenze &egrave; un omaggio alle donne che sono rimaste vittime di femminicidio e a quelle che si trovano ad affrontare situazioni di violenza fisica e psicologica nell&rsquo;ambito di rapporti malati. Ed &egrave;, per questo, un atto di sensibilizzazione sul problema dei problemi della nostra societ&agrave; contemporanea: la violenza di genere&rdquo;. Lo ha detto il presidente del Consiglio regionale, Eugenio Giani, intervenendo alla presentazione di &ldquo;Preludio&rdquo;, cortometraggio realizzato da Stefania Rossella Grassi e Tommaso Scutari, che &egrave; stato presentato nella sala Barile del palazzo del Pegaso. L&rsquo;obiettivo dell&rsquo;opera, alla quale hanno dato volto e voce attori italiani e internazionali di grande spessore artistico, &egrave; mettere in guardia le donne che, scegliendo di lasciare il proprio compagno, si trovano ad affrontare l&rsquo;ossessione e il rifiuto dell&rsquo;uomo, troppo spesso preludio al femminicidio. &ldquo;La delicatezza e la poeticit&agrave; di &lsquo;Preludio&rsquo; arrivano con forza allo spettatore, pi&ugrave; che se avesse mostrato [&hellip;]<\/p>\n","protected":false},"author":1,"featured_media":19701,"comment_status":"open","ping_status":"open","sticky":false,"template":"","format":"standard","meta":{"rop_custom_images_group":[],"rop_custom_messages_group":[],"rop_publish_now":"initial","rop_publish_now_accounts":[],"rop_publish_now_history":[],"rop_publish_now_status":"pending","footnotes":""},"categories":[16],"tags":[281,546,1538,3053,1426],"class_list":["post-19699","post","type-post","status-publish","format-standard","has-post-thumbnail","hentry","category-articolo","tag-bruno-angelo-porcellana","tag-femminicidio","tag-martina-marotta","tag-preludio","tag-toscana"],"_links":{"self":[{"href":"https:\/\/www.nonsolomodanews.it\/wordpress\/wp-json\/wp\/v2\/posts\/19699","targetHints":{"allow":["GET"]}}],"collection":[{"href":"https:\/\/www.nonsolomodanews.it\/wordpress\/wp-json\/wp\/v2\/posts"}],"about":[{"href":"https:\/\/www.nonsolomodanews.it\/wordpress\/wp-json\/wp\/v2\/types\/post"}],"author":[{"embeddable":true,"href":"https:\/\/www.nonsolomodanews.it\/wordpress\/wp-json\/wp\/v2\/users\/1"}],"replies":[{"embeddable":true,"href":"https:\/\/www.nonsolomodanews.it\/wordpress\/wp-json\/wp\/v2\/comments?post=19699"}],"version-history":[{"count":4,"href":"https:\/\/www.nonsolomodanews.it\/wordpress\/wp-json\/wp\/v2\/posts\/19699\/revisions"}],"predecessor-version":[{"id":19706,"href":"https:\/\/www.nonsolomodanews.it\/wordpress\/wp-json\/wp\/v2\/posts\/19699\/revisions\/19706"}],"wp:featuredmedia":[{"embeddable":true,"href":"https:\/\/www.nonsolomodanews.it\/wordpress\/wp-json\/wp\/v2\/media\/19701"}],"wp:attachment":[{"href":"https:\/\/www.nonsolomodanews.it\/wordpress\/wp-json\/wp\/v2\/media?parent=19699"}],"wp:term":[{"taxonomy":"category","embeddable":true,"href":"https:\/\/www.nonsolomodanews.it\/wordpress\/wp-json\/wp\/v2\/categories?post=19699"},{"taxonomy":"post_tag","embeddable":true,"href":"https:\/\/www.nonsolomodanews.it\/wordpress\/wp-json\/wp\/v2\/tags?post=19699"}],"curies":[{"name":"wp","href":"https:\/\/api.w.org\/{rel}","templated":true}]}}