{"id":19660,"date":"2020-01-06T18:29:58","date_gmt":"2020-01-06T18:29:58","guid":{"rendered":"https:\/\/www.nonsolomodanews.it\/wordpress\/?p=19660"},"modified":"2020-01-06T18:29:58","modified_gmt":"2020-01-06T18:29:58","slug":"con-micam-x-linnovazione-nel-calzaturiero-prende-vita","status":"publish","type":"post","link":"https:\/\/www.nonsolomodanews.it\/wordpress\/con-micam-x-linnovazione-nel-calzaturiero-prende-vita\/","title":{"rendered":"CON MICAM \u201cX\u201d L\u2019INNOVAZIONE NEL CALZATURIERO PRENDE VITA"},"content":{"rendered":"<p><span style=\"line-height: 115%; font-family: 'Times New Roman','serif'; font-size: 12pt;\"><span style=\"color: #000000;\"><a href=\"https:\/\/www.nonsolomodanews.it\/wordpress\/con-micam-x-linnovazione-nel-calzaturiero-prende-vita\/logo-micam-89-milano-cmyk-nero\/\" rel=\"attachment wp-att-19661\"><img loading=\"lazy\" decoding=\"async\" class=\"size-medium wp-image-19661 alignleft\" src=\"https:\/\/www.nonsolomodanews.it\/wordpress\/wp-content\/uploads\/2020\/01\/logo-micam-89-MILANO-cmyk-nero-300x87.jpg\" alt=\"\" width=\"300\" height=\"87\" srcset=\"https:\/\/www.nonsolomodanews.it\/wordpress\/wp-content\/uploads\/2020\/01\/logo-micam-89-MILANO-cmyk-nero-300x87.jpg 300w, https:\/\/www.nonsolomodanews.it\/wordpress\/wp-content\/uploads\/2020\/01\/logo-micam-89-MILANO-cmyk-nero-768x224.jpg 768w, https:\/\/www.nonsolomodanews.it\/wordpress\/wp-content\/uploads\/2020\/01\/logo-micam-89-MILANO-cmyk-nero-1024x298.jpg 1024w, https:\/\/www.nonsolomodanews.it\/wordpress\/wp-content\/uploads\/2020\/01\/logo-micam-89-MILANO-cmyk-nero-1080x314.jpg 1080w, https:\/\/www.nonsolomodanews.it\/wordpress\/wp-content\/uploads\/2020\/01\/logo-micam-89-MILANO-cmyk-nero.jpg 1288w\" sizes=\"auto, (max-width: 300px) 100vw, 300px\" \/><\/a>CON MICAM \u201cX\u201d L\u2019INNOVAZIONE NEL CALZATURIERO PRENDE VITA <\/span><\/span><span style=\"line-height: 115%; font-family: 'Times New Roman','serif'; font-size: 12pt;\"><span style=\"color: #000000;\">All\u2019interno di MICAM una nuova iniziativa al debutto da febbraio 2020 tra sostenibilit\u00e0, materiali e trend e futuro del retail<\/span><\/span><\/p>\n<p><!--more--><\/p>\n<p><span style=\"line-height: 115%; font-family: 'Times New Roman','serif'; font-size: 12pt;\"><span style=\"color: #000000;\">Un nuovo format per raccontare l\u2019evoluzione del settore calzaturiero, dai materiali all\u2019avanguardia ai pi\u00f9 rivoluzionari trend di consumo, dalla sostenibilit\u00e0 ai nuovi modi di fare retail: MICAM \u201cX\u201d far\u00e0 il suo debutto con il \u201cNumero Zero\u201d alla prossima edizione di MICAM, il salone internazionale della calzatura, in programma dal 16 al 19 febbraio 2020.<\/span><\/span><\/p>\n<p><span style=\"line-height: 115%; font-family: 'Times New Roman','serif'; font-size: 12pt;\"><span style=\"color: #000000;\">In un momento simbolico e decisivo per il mondo e per l\u2019industria calzaturiera, che sta attraversando una fase di profondo cambiamento sia nei processi produttivi che nella filosofia che circonda la calzatura (compresa la percezione che il consumatore finale ha di essa), MICAM \u201cX\u201d, diventer\u00e0 il palcoscenico delle proposte pi\u00f9 innovative e tecnologiche e caratterizzer\u00e0 il cuore della fiera, nell\u2019area delle sfilate e seminari al Padiglione 1. Sar\u00e0 il luogo di incontro in cui il pubblico di MICAM trover\u00e0 stimoli coinvolgenti alla scoperta delle nuove tendenze di mercato, tra correnti di stile, ricerca dei materiali, sostenibilit\u00e0 e futuro del retail.<\/span><\/span><\/p>\n<p><span style=\"line-height: 115%; font-family: 'Times New Roman','serif'; font-size: 12pt;\"><span style=\"color: #000000;\">Presentazioni, workshop, allestimenti dedicati e altre iniziative all\u2019insegna dell\u2019innovazione si svilupperanno intorno ai tre temi chiave per il settore: materiali, sostenibilit\u00e0 e retail. Un punto di incontro con speaker e realt\u00e0 innovative da tutto il mondo, per confrontarsi con le incognite (da qui \u201cX\u201d) del futuro e trovare le chiavi di lettura dei cambiamenti sempre pi\u00f9 dirompenti che stanno cambiando le regole del gioco.<\/span><\/span><\/p>\n<p><span style=\"line-height: 115%; font-family: 'Times New Roman','serif'; font-size: 12pt;\"><span style=\"color: #000000;\">Come si stanno evolvendo i trend di consumo\/acquisto? Cosa guida le loro scelte? Micam \u201cX\u201d sar\u00e0 un\u2019esperienza immersiva attraverso presentazioni e ricerche accurate e materiali da vedere e toccare.<\/span><\/span><\/p>\n<p><span style=\"line-height: 115%; font-family: 'Times New Roman','serif'; font-size: 12pt;\"><span style=\"color: #000000;\">Intorno alla sostenibilit\u00e0, poi, si gioca una sfida sempre pi\u00f9 importante: una parola intorno alla quale si stanno creando nuove influenze di consumo e nuovi modelli di business per le aziende. Ma cosa significa davvero, quanto e come si realizza la sostenibilit\u00e0? Come indirizzarsi verso scelte di acquisto consapevoli e realmente sostenibili? Micam \u201cX\u201d sar\u00e0 l\u2019opportunit\u00e0 per ascoltare opinioni autorevoli e approfondire il tema, fornendo delle basi concrete agli operatori<\/span><\/span><\/p>\n<p><span style=\"line-height: 115%; font-family: 'Times New Roman','serif'; font-size: 12pt;\"><span style=\"color: #000000;\">del settore per le proprie scelte. Con lo sviluppo di tecnologie sempre pi\u00f9 evolute, cambiano anche i canali<\/span><\/span><\/p>\n<p><span style=\"line-height: 115%; font-family: 'Times New Roman','serif'; font-size: 12pt;\"><span style=\"color: #000000;\">distributivi: l\u2019approccio di brand e retailer in questo ambiente in costante trasformazione deve ridisegnare la propria offerta e la propria presenza nel mercato, per rispondere a nuovi stili e modalit\u00e0 di consumo. Micam \u201cX\u201d porter\u00e0 tecnologie, prototipi, soluzioni e ispirazioni per supportare le strategie di mercato verso il consumatore del futuro. La nuova iniziativa di MICAM affronter\u00e0 in modo consapevole, ma anche provocatorio, tutta questa complessa innovazione. MICAM \u201cX\u201d, punta a costruire un percorso dalla forte personalit\u00e0, in grado di crescere edizione dopo edizione per portare un contributo essenziale allo sviluppo del settore calzaturiero. Dopo il teaser di febbraio, infatti, Micam \u201cX\u201d debutter\u00e0 ufficialmente con la prima edizione a settembre 2020 con un\u2019agenda ancora pi\u00f9 intensa e coinvolgente.<\/span><\/span><\/p>\n<p><span style=\"line-height: 115%; font-family: 'Times New Roman','serif'; font-size: 12pt;\"><span style=\"color: #000000;\">Sempre attento agli sviluppi del mercato, della moda e dell\u2019accessorio, MICAM offre ancora una volta un\u2019occasione unica per gli addetti ai lavori per restare al passo con la trasformazione in atto, confermando la sua capacit\u00e0 di rinnovarsi continuamente.<\/span><\/span><\/p>\n<p>Per Maggiori Informazioni: <a href=\"http:\/\/www.themicam.com\/\">www.themicam.com<\/a><\/p>\n<p style=\"text-align: center;\">Tutti i diritti riservati \u00a9 2020 \u2013 Email: nonsolomodanews@gmail.com<\/p>\n<p>&nbsp;<\/p>\n","protected":false},"excerpt":{"rendered":"<p>CON MICAM &ldquo;X&rdquo; L&rsquo;INNOVAZIONE NEL CALZATURIERO PRENDE VITA All&rsquo;interno di MICAM una nuova iniziativa al debutto da febbraio 2020 tra sostenibilit&agrave;, materiali e trend e futuro del retail<\/p>\n","protected":false},"author":1,"featured_media":19664,"comment_status":"open","ping_status":"open","sticky":false,"template":"","format":"standard","meta":{"rop_custom_images_group":[],"rop_custom_messages_group":[],"rop_publish_now":"initial","rop_publish_now_accounts":[],"rop_publish_now_history":[],"rop_publish_now_status":"pending","footnotes":""},"categories":[16],"tags":[2946,3049,1226],"class_list":["post-19660","post","type-post","status-publish","format-standard","has-post-thumbnail","hentry","category-articolo","tag-fiera-rho","tag-micam-89","tag-rho"],"_links":{"self":[{"href":"https:\/\/www.nonsolomodanews.it\/wordpress\/wp-json\/wp\/v2\/posts\/19660","targetHints":{"allow":["GET"]}}],"collection":[{"href":"https:\/\/www.nonsolomodanews.it\/wordpress\/wp-json\/wp\/v2\/posts"}],"about":[{"href":"https:\/\/www.nonsolomodanews.it\/wordpress\/wp-json\/wp\/v2\/types\/post"}],"author":[{"embeddable":true,"href":"https:\/\/www.nonsolomodanews.it\/wordpress\/wp-json\/wp\/v2\/users\/1"}],"replies":[{"embeddable":true,"href":"https:\/\/www.nonsolomodanews.it\/wordpress\/wp-json\/wp\/v2\/comments?post=19660"}],"version-history":[{"count":3,"href":"https:\/\/www.nonsolomodanews.it\/wordpress\/wp-json\/wp\/v2\/posts\/19660\/revisions"}],"predecessor-version":[{"id":19666,"href":"https:\/\/www.nonsolomodanews.it\/wordpress\/wp-json\/wp\/v2\/posts\/19660\/revisions\/19666"}],"wp:featuredmedia":[{"embeddable":true,"href":"https:\/\/www.nonsolomodanews.it\/wordpress\/wp-json\/wp\/v2\/media\/19664"}],"wp:attachment":[{"href":"https:\/\/www.nonsolomodanews.it\/wordpress\/wp-json\/wp\/v2\/media?parent=19660"}],"wp:term":[{"taxonomy":"category","embeddable":true,"href":"https:\/\/www.nonsolomodanews.it\/wordpress\/wp-json\/wp\/v2\/categories?post=19660"},{"taxonomy":"post_tag","embeddable":true,"href":"https:\/\/www.nonsolomodanews.it\/wordpress\/wp-json\/wp\/v2\/tags?post=19660"}],"curies":[{"name":"wp","href":"https:\/\/api.w.org\/{rel}","templated":true}]}}