{"id":19453,"date":"2019-11-21T07:05:43","date_gmt":"2019-11-21T07:05:43","guid":{"rendered":"https:\/\/www.nonsolomodanews.it\/wordpress\/?p=19453"},"modified":"2019-11-21T07:05:43","modified_gmt":"2019-11-21T07:05:43","slug":"on-hair-show-exhibition-chiude-la-10a-edizione-raggiungendo-lobiettivo-delle-12-000-presenze","status":"publish","type":"post","link":"https:\/\/www.nonsolomodanews.it\/wordpress\/on-hair-show-exhibition-chiude-la-10a-edizione-raggiungendo-lobiettivo-delle-12-000-presenze\/","title":{"rendered":"On Hair Show &#038; Exhibition chiude la 10a edizione raggiungendo l\u2019obiettivo delle 12.000 presenze."},"content":{"rendered":"<div id=\"attachment_19454\" style=\"width: 210px\" class=\"wp-caption alignleft\"><a style=\"color: #000000;\" href=\"https:\/\/www.nonsolomodanews.it\/wordpress\/on-hair-show-exhibition-chiude-la-10a-edizione-raggiungendo-lobiettivo-delle-12-000-presenze\/17112019-dsc_9288\/\" rel=\"attachment wp-att-19454\"><img loading=\"lazy\" decoding=\"async\" aria-describedby=\"caption-attachment-19454\" class=\"size-medium wp-image-19454\" src=\"https:\/\/www.nonsolomodanews.it\/wordpress\/wp-content\/uploads\/2019\/11\/17112019-DSC_9288-200x300.jpg\" alt=\"\" width=\"200\" height=\"300\" srcset=\"https:\/\/www.nonsolomodanews.it\/wordpress\/wp-content\/uploads\/2019\/11\/17112019-DSC_9288-200x300.jpg 200w, https:\/\/www.nonsolomodanews.it\/wordpress\/wp-content\/uploads\/2019\/11\/17112019-DSC_9288-768x1151.jpg 768w, https:\/\/www.nonsolomodanews.it\/wordpress\/wp-content\/uploads\/2019\/11\/17112019-DSC_9288-684x1024.jpg 684w, https:\/\/www.nonsolomodanews.it\/wordpress\/wp-content\/uploads\/2019\/11\/17112019-DSC_9288-1080x1618.jpg 1080w, https:\/\/www.nonsolomodanews.it\/wordpress\/wp-content\/uploads\/2019\/11\/17112019-DSC_9288.jpg 1367w\" sizes=\"auto, (max-width: 200px) 100vw, 200px\" \/><\/a><p id=\"caption-attachment-19454\" class=\"wp-caption-text\"><span style=\"color: #000000;\">Ph. Bruno Angelo Porcellana<\/span><\/p><\/div>\n<p>Si \u00e8 chiusa a Torino la 10a edizione di <strong>On Hair Show &amp; Exhibition<\/strong>, l\u2019evento per l\u2019universo hair di <strong>Cosmoprof Worldwide Bologna<\/strong>, con numeri importanti: \u00e8 stato raggiunto l\u2019obiettivo delle 12.000 presenze, sono stati oltre 30 gli show con hairstylist internazionali, pi\u00f9 di 80 aziende leader per il comparto hair hanno esposto al Pala Alpitour di Torino.<\/p>\n<p><!--more--><\/p>\n<p>Protagoniste le tendenze, le tecniche pi\u00f9 innovative e le suggestioni per la moda capelli della prossima stagione.<\/p>\n<p>Domenica 17 e luned\u00ec 18 novembre si sono alternati sul palco<strong> 4D Color, Genny D\u2019Auria e Cuco y Guille per Alfaparf Milano, Lorenzo Marchelle per Attilio Artistic Team, Gandini Team per Vitality\u2019s, Medavita Artistic Team, Leonardo Rizzo e il team Akademia &amp; Rudi per Alter Ego Italy, Serretti Gruppo per Schwarzkopf Professional, Toni&amp;Guy, Hipertin &amp; G.A. Moda Italia con Andrea Peluzzi e Mirko Cheyenne, Fashion Mix &amp; Xenon Group, Mario Firriolo, Wahl Italia, Davide Cichello per Cloud Nine, Farrukh Shamuratov per Jean Paul Myn\u00e9, Pixie C3.<\/strong><\/p>\n<p>LE INIZIATIVE DELL\u2019EDIZIONE 2019<\/p>\n<p>Nel ricco calendario di On Hair Show &amp; Exhibition 2019, l\u2019evento ESTETICA MASTER CLASS, curato in collaborazione con la rivista ESTETICA, ha portato a Torino 4 hairstylist di fama internazionale, protagonisti delle passerelle internazionali pi\u00f9 prestigiose. X Presion, Dmitry Vinokurov, Trevor Sorbie Art Team e Errol Douglas per Farmaca International hanno condiviso con acconciatori e operatori italiani il bagaglio di conoscenze e abilit\u00e0 tecniche acquisito nel corso delle loro esperienze nelle competizioni pi\u00f9 importanti del mondo.<\/p>\n<p>A On Hair Show &amp; Exhibition anche le ultime tendenze per il mondo barber: il Festival Barber, organizzato in collaborazione con Spaghetti\u2019s, ha ospitato i barber pi\u00f9 talentuosi e creativi: Barber Birdman &#8211; @barberbirdman, Hayden Cassidy &#8211; @hayden_cassidy, Jarreds Barber &#8211; @jarredsbarbers, Josh Lamonaca &#8211; @joshlamonaca, Julius Cvesar &#8211; @ juliuscvesar, Titan Barber, Zena Yu &#8211; @zena.yuh e Vishal Bahrani &#8211; @ vishalbaharani &#8211; giovane promessa della barberia mondiale e hair style uomo, che a solo 14 anni sta incantando e lasciando senza parole tutto il mondo. Sono loro i protagonisti dell\u2019evoluzione dell\u2019acconciatura al maschile, un segmento in forte sviluppo in tutto il mondo.<\/p>\n<p>IHA \u2013 ITALIAN HAIRDRESSER AWARD 2019<\/p>\n<p>On Hair Show &amp; Exhibition ha annunciato i vincitori dell\u2019Italian Hairdresser Award 2019, l\u2019iniziativa che premia l\u2019eccellenza, la creativit\u00e0 e la passione degli hairstylist italiani.<\/p>\n<p>A selezionare gli acconciatori pi\u00f9 influenti nel panorama italiano e i giovani under 28, che si stanno affacciando per la prima volta al grande pubblico, sono stati chiamati esperti di styling, look e tecnica, suddivisi secondo le 4 giurie tecniche:<\/p>\n<p>La Giuria Master, con i Master internazionali invitati a On Hair Show &amp; Exhibition grazie alla collaborazione con Estetica: X-presion, Dmitry Vinokurov, Errol Douglas e il Trevor Sorbie Artistic Team.<br \/>\nLa Giuria Creativa, con esperti del mondo della comunicazione, della formazione e dell\u2019arte<br \/>\nLa Giuria Stampa, con i giornalisti pi\u00f9 esperti delle riviste consumer e di settore<br \/>\nLa Giuria Sponsored Categories, con Monica orda, PPS\/ Educational Manager Schwarzkopf Professional Italia per le categorie Best Cut and Colour \u2018Cutting Edge\u2019 by Schwarzkopf Professional, e Tonino Master Spaghetti\u2019s per la categoria Best Man Style.<br \/>\nInoltre, Mauro Galzignato, Italian Hairdresser of the Year 2018, \u00e8 stato giurato d\u2019onore insieme alla Vice Presidente di camera Italiana dell\u2019Acconciatura, Tiziana Chiorboli, per la categoria Best Young.<\/p>\n<p>Il <strong>Best Italian Hairdresser of the Year<\/strong> \u00e8 il premio pi\u00f9 prestigioso: ad aggiudicarselo, il torinese <strong>Lorenzo Marchelle<\/strong>. Il premio riconosce l\u2019impegno di Lorenzo nella sua ricerca di arricchire di valore la professione del parrucchiere, sottolineando l\u2019importanza del connubio tra abilit\u00e0, talento e dedizione. Lorenzo Marchelle potr\u00e0 esibirsi sul palco di On Hair Show &amp; Exhibition 2020 come Master e sar\u00e0 il protagonista di un\u2019intervista esclusiva con Estetica.<\/p>\n<p>Anche il vincitore della categoria <strong>Best Collection of the Year, Daniel Maltoni<\/strong>, avr\u00e0 accesso alla fase finale del trofeo AIPP 2020 grazie a ESTETICA e Sergi Bancells, International Editorial Director Estetica. Sar\u00e0 inoltre il protagonista di un redazionale della collezione sulla sezione International Moda Estetica e di un pop-up sui siti del network per un mese.<\/p>\n<p>Mauro Galzignato, vincitore lo scorso anno per la categoria Italian Hairdresser of the Year, e Tiziana Chiorboli, Vice Presidente di Camera Italiana dell\u2019Acconciatura, hanno riconosciuto in <strong>Matteo De Vita il vincitore della categoria Best Young<\/strong>. Matteo potr\u00e0 esibirsi davanti all\u2019esclusiva platea di JOY 2020, con uno show sul palco di Hair Ring.<\/p>\n<p>E\u2019 <strong>Valerio Federico il miglior acconciatore maschile<\/strong>, scelto tra i finalisti della categoria Best Man Style, sponsorizzata da Festival Barber. Grazie a questo risconoscimento, potr\u00e0 partecipare all\u2019Academy Spaghetti\u2019s con una giornata di corso nella loro academy di Roma e con una sessione face to face con Tonino Master Spaghetti\u2019s.<\/p>\n<p>Schwarzkopf Professional \u00e8 stato lo sponsor d\u2019eccezione delle categorie che maggiormente premiano la tecnica, l\u2019uso delle proporzioni e l\u2019innovazione in ambito di colorazione. <strong>Marco Iafrate<\/strong> si \u00e8 aggiudicato il premio <strong>Best Cut \u201cCutting Edge<\/strong>\u201d by Schwarzkopf Professional. Per la categoria Best Colour \u201cCutting Edge\u201d by Schwarzkopf Professional, il vincitore \u00e8 Simone Minella. Entrambi potranno partecipare ad un Progetto Esclusivo di Formazione 2020 presso la sede di Milano.<\/p>\n<p>Anche il pubblico \u00e8 stato chiamato ad esprimere il proprio giudizio, grazie alla nuova categoria dell\u2019edizione 2019, Best For You. A raccogliere il favore degli operatori di On Hair Show &amp; Exhibition, <strong>Salvatore De Maria \u2013 Fashion Mix.<\/strong><\/p>\n<p>Tra i finalisti dell\u2019Italian Hairdresser Award, la rivista Estetica ha eletto<strong> Matteo Susini<\/strong> il <strong>Best Cover Page by Estetica<\/strong>: \u00e8 suo il look che sar\u00e0 pubblicato sulla copertina di Estetica Plus.<\/p>\n<p>A tutti i vincitori, i premi speciali del main sponsor MOSER e WAHL PROFESSIONAL e POKER, con le preziose forbici Matsuzaki.<\/p>\n<p>Il prossimo appuntamento per aziende, acconciatori, distributori e operatori di salone \u00e8 a <strong>Cosmoprof Worldwide Bologna 2020, dal 13 al 16 marzo:<\/strong> uno sguardo sull\u2019evoluzione del comparto hair, in un viaggio che tocca tutti i 5 continenti, con oltre 150 paesi rappresentati.<\/p>\n<p><span style=\"color: #000000;\">\u201c<em>Abbiamo celebrato la decima edizione di On Hair Show &amp; Exhibition nel modo migliore<\/em> \u2013 dichiara <strong>Enrico Zannini, Direttore Generale di BolognaFiere Cosmoprof<\/strong> \u2013 <em>Torino \u00e8 diventata per due giorni la capitale dell\u2019hairstyling: una professione che muove un\u2019industria in crescita, fiore all\u2019occhiello del nostro \u201cMade in Italy\u201d. Nel 2018 i saloni professionali hanno registrato un volume d\u2019affari di oltre 580 milioni di euro. L\u2019industria \u00e8 tra le pi\u00f9 performanti nel nostro paese, e sono in particolari la Lombardia, la Campania e lo stesso Piemonte a registrare la crescita maggiore. Lo sviluppo della filiera va di pari passo con la crescente professionalit\u00e0 degli acconciatori. Oggi essere un parrucchiere \u00e8 un vero e proprio atto artistico, uno stile di vita, animato da passione, competenza, ricerca e innovazione, come hanno dimostrato i talenti che si sono esibiti sul nostro palco\u201d<\/em>.<\/span><\/p>\n<p><span style=\"color: #000000;\">More pics <a style=\"color: #000000;\" href=\"https:\/\/www.facebook.com\/pg\/porcellanapage\/photos\/?tab=album&amp;album_id=2396523547265714\">here\u00a0\u00a0\u00a0<\/a><\/span><\/p>\n<p style=\"text-align: center;\"><span style=\"display: inline !important; float: none; background-color: #ffffff; color: #242424; font-family: 'Lora',sans-serif; font-size: 14px; font-style: normal; font-variant: normal; font-weight: 400; letter-spacing: normal; line-height: 25px; orphans: 2; text-align: center; text-decoration: none; text-indent: 0px; text-transform: none; -webkit-text-stroke-width: 0px; white-space: normal; word-spacing: 0px;\">Testo a cura Ufficio Stampa Cosmoprof &#8211; Servizio fotografico a cura di <\/span><a href=\"https:\/\/www.instagram.com\/brunoangeloporcellana\/\">Bruno Angelo Porcellana <\/a><br \/>\n<span style=\"display: inline !important; float: none; background-color: #ffffff; color: #242424; font-family: 'Lora',sans-serif; font-size: 14px; font-style: normal; font-variant: normal; font-weight: 400; letter-spacing: normal; line-height: 25px; orphans: 2; text-align: center; text-decoration: none; text-indent: 0px; text-transform: none; -webkit-text-stroke-width: 0px; white-space: normal; word-spacing: 0px;\"> Tutti i diritti riservati \u00a9 2019 \u2013 Email: <\/span><a href=\"mailto:nonsolomodanews@gmail.com\">nonsolomodanews@gmail.com <\/a><\/p>\n<p>&nbsp;<\/p>\n","protected":false},"excerpt":{"rendered":"<p>Si &egrave; chiusa a Torino la 10a edizione di On Hair Show &amp; Exhibition, l&rsquo;evento per l&rsquo;universo hair di Cosmoprof Worldwide Bologna, con numeri importanti: &egrave; stato raggiunto l&rsquo;obiettivo delle 12.000 presenze, sono stati oltre 30 gli show con hairstylist internazionali, pi&ugrave; di 80 aziende leader per il comparto hair hanno esposto al Pala Alpitour di Torino.<\/p>\n","protected":false},"author":1,"featured_media":19455,"comment_status":"open","ping_status":"open","sticky":false,"template":"","format":"standard","meta":{"rop_custom_images_group":[],"rop_custom_messages_group":[],"rop_publish_now":"initial","rop_publish_now_accounts":[],"rop_publish_now_history":[],"rop_publish_now_status":"pending","footnotes":""},"categories":[16],"tags":[1723,2498,3009,1424],"class_list":["post-19453","post","type-post","status-publish","format-standard","has-post-thumbnail","hentry","category-articolo","tag-acconciature","tag-hair","tag-onhairshow","tag-torino"],"_links":{"self":[{"href":"https:\/\/www.nonsolomodanews.it\/wordpress\/wp-json\/wp\/v2\/posts\/19453","targetHints":{"allow":["GET"]}}],"collection":[{"href":"https:\/\/www.nonsolomodanews.it\/wordpress\/wp-json\/wp\/v2\/posts"}],"about":[{"href":"https:\/\/www.nonsolomodanews.it\/wordpress\/wp-json\/wp\/v2\/types\/post"}],"author":[{"embeddable":true,"href":"https:\/\/www.nonsolomodanews.it\/wordpress\/wp-json\/wp\/v2\/users\/1"}],"replies":[{"embeddable":true,"href":"https:\/\/www.nonsolomodanews.it\/wordpress\/wp-json\/wp\/v2\/comments?post=19453"}],"version-history":[{"count":3,"href":"https:\/\/www.nonsolomodanews.it\/wordpress\/wp-json\/wp\/v2\/posts\/19453\/revisions"}],"predecessor-version":[{"id":19458,"href":"https:\/\/www.nonsolomodanews.it\/wordpress\/wp-json\/wp\/v2\/posts\/19453\/revisions\/19458"}],"wp:featuredmedia":[{"embeddable":true,"href":"https:\/\/www.nonsolomodanews.it\/wordpress\/wp-json\/wp\/v2\/media\/19455"}],"wp:attachment":[{"href":"https:\/\/www.nonsolomodanews.it\/wordpress\/wp-json\/wp\/v2\/media?parent=19453"}],"wp:term":[{"taxonomy":"category","embeddable":true,"href":"https:\/\/www.nonsolomodanews.it\/wordpress\/wp-json\/wp\/v2\/categories?post=19453"},{"taxonomy":"post_tag","embeddable":true,"href":"https:\/\/www.nonsolomodanews.it\/wordpress\/wp-json\/wp\/v2\/tags?post=19453"}],"curies":[{"name":"wp","href":"https:\/\/api.w.org\/{rel}","templated":true}]}}