{"id":19426,"date":"2019-11-15T19:28:32","date_gmt":"2019-11-15T19:28:32","guid":{"rendered":"https:\/\/www.nonsolomodanews.it\/wordpress\/?p=19426"},"modified":"2019-11-15T21:07:40","modified_gmt":"2019-11-15T21:07:40","slug":"federica-carella-una-giovane-fashion-designer-in-rampa-di-lancio","status":"publish","type":"post","link":"https:\/\/www.nonsolomodanews.it\/wordpress\/federica-carella-una-giovane-fashion-designer-in-rampa-di-lancio\/","title":{"rendered":"Federica Carella, una giovane fashion designer in rampa di lancio"},"content":{"rendered":"<div id=\"attachment_19427\" style=\"width: 210px\" class=\"wp-caption alignleft\"><a style=\"color: #000000;\" href=\"https:\/\/www.nonsolomodanews.it\/wordpress\/federica-carella-una-giovane-fashion-designer-in-rampa-di-lancio\/attachment\/00031915\/\" rel=\"attachment wp-att-19427\"><img loading=\"lazy\" decoding=\"async\" aria-describedby=\"caption-attachment-19427\" class=\"size-medium wp-image-19427\" src=\"https:\/\/www.nonsolomodanews.it\/wordpress\/wp-content\/uploads\/2019\/11\/00031915-200x300.jpg\" alt=\"\" width=\"200\" height=\"300\" srcset=\"https:\/\/www.nonsolomodanews.it\/wordpress\/wp-content\/uploads\/2019\/11\/00031915-200x300.jpg 200w, https:\/\/www.nonsolomodanews.it\/wordpress\/wp-content\/uploads\/2019\/11\/00031915-768x1151.jpg 768w, https:\/\/www.nonsolomodanews.it\/wordpress\/wp-content\/uploads\/2019\/11\/00031915-683x1024.jpg 683w, https:\/\/www.nonsolomodanews.it\/wordpress\/wp-content\/uploads\/2019\/11\/00031915.jpg 854w\" sizes=\"auto, (max-width: 200px) 100vw, 200px\" \/><\/a><p id=\"caption-attachment-19427\" class=\"wp-caption-text\"><span style=\"color: #000000;\">Fashion Designer Federica Carella<\/span><\/p><\/div>\n<p><strong>Nonsolomodanews<\/strong> ha il piacere di presentare ai propri lettori una giovanissima fashion designer, <strong>Federica Carella<\/strong>. Romana di Roma, Federica dopo il Liceo ha studiato presso<strong> l&#8217;Accademia Italiana Arte Moda e Design di Roma<\/strong> dove si \u00e8 recentemente diplomata. Dopo la sua prima sfilata ad AltaRoma, ha presentato alcuni capi durante il programma di Rai2 &#8220;Detto&amp;Fatto&#8221;.\u00a0 Al fondo dell&#8217;intervista si pu\u00f2 leggere una lunga biografia delle talentuosa fashion designer romana. Ringraziamo Federica per questa intervista e auguriamo buona lettura ai nostri lettori.<\/p>\n<p><!--more--><\/p>\n<p><b>Benvenuta Federica su Nonsolomodanews. come sei di carattere?<\/b>\u00a0 \u201cSono una persona molto solare, creativa e sensibile, a cui piace dare il massimo . La determinazione infatti mi ha sempre aiutata in ogni circostanza\u201d.<br \/>\n<strong>Sei una persona curiosa? <\/strong>\u201cAssolutamente s\u00ec, penso che la curiosit\u00e0 sia una qualit\u00e0 fondamentale che ognuno di noi dovrebbe avere\u201d.<br \/>\n<strong>E\u2019 vero che la curiosit\u00e0 \u00e8 femmina o \u00e8 un luogo comune?<\/strong> \u201cPenso che sia un luogo comune, la curiosit\u00e0 \u00e8 una caratteristica propria del genere umano, sia uomo che donna, da sempre\u201d.<br \/>\n<strong>Qual \u00e8 il tuo colore preferito?<\/strong> \u201cIl grigio argento, per\u00f2 amo anche i toni pastello, il bianco e il nero\u201d.<br \/>\n<strong>Quali sono le tue passioni oltre la moda? <\/strong>\u201cAmo l\u2019arte e tutto ci\u00f2 che \u00e8 cultura, dalla pittura alla scultura, per passare alla letteratura e alla musica. Poi mi piacciono tantissimo i fiori e la natura\u201d.<br \/>\n<strong>Durante il lavoro in atelier, ascolti musica e se si, quale? <\/strong>\u201cS\u00ec assolutamente, sono una grandissima fan dei Depeche Mode, adoro il loro stile e la grinta che mi trasmettono. Sono anche una mia fonte di ispirazione costante\u201d.<br \/>\n<strong>Tu da stilista emergente che cosa \u00e8 per te la moda (fashion)?<\/strong> \u201cDa stilista emergente per me la moda fashion \u00e8 quel valore aggiunto che permette di distinguerci da tutto il resto delle persone. Ognuno di noi dovrebbe sviluppare un proprio stile unico e che non debba assolutamente essere in linea con i dettami della moda del momento\u201d.<br \/>\n<b>Tu prima di iscriverti all&#8217;Accademia Italia Arte Moda e Design di Roma ha studiato al liceo. Quando ti sei accorta che la moda sarebbe stato il tuo mondo?<\/b> \u201cMi sono accorta che la moda sarebbe stato il mio mondo e la mia vita durante il quinto anno di liceo\u201d.<br \/>\n<strong>Momenti difficili durante il percorso in Accademia ne hai avuti o \u00e8 stata una passeggiata? <\/strong>\u201cAssolutamente s\u00ec, ci sono stati tanti momenti difficili durante il percorso in Accademia, fin dal primo anno, quando ero ancora inesperta e venendo da un liceo scientifico non sapevo minimamente disegnare e cucire. Poi nel corso del tempo con tanto impegno ho superato queste difficolt\u00e0 e l\u2019ultima \u00e8 stata proprio l\u2019elaborazione della mia collezione finale che \u00e8 stata la soddisfazione pi\u00f9 grande\u201d.<br \/>\n<strong>Il momento pi\u00f9 bello in assoluto fino ad ora?<\/strong> \u201cI momenti pi\u00f9 belli che ho vissuto finora sono stati due principalmente: la laurea e la sfilata per Altaroma a luglio\u201d.<br \/>\n<strong>Qual \u00e8 il tuo rapporto con la moda attuale?<\/strong> \u201cL\u2019universo della moda e degli stilisti \u00e8 cos\u00ec ampio e variegato che \u00e8 difficile poter definire un rapporto vero e proprio, perch\u00e9 con alcuni trend del momento mi trovo in sintonia, con altri meno. Dipende fondamentalmente dallo stile e dal genere\u201d.<br \/>\n<strong>Chi \u00e8 il tuo fashion designer preferito?<\/strong> \u201cAttualmente i miei fashion designer preferiti sono Tamara Ralph e PierPaolo Piccioli\u201d.<br \/>\n<strong>Ti dicessero, hai un budget per organizzare un tuo evento, dove lo faresti e quale top model attualmente in circolazione avresti voluto per tuo fashion show?<\/strong> \u201cIl mio sogno sarebbe organizzare una sfilata sulla scalinata di Piazza di Spagna a Roma e avrei scelto tra le top model Kendall Jenner\u201d.<br \/>\n<strong>Qual \u00e8 il capo di vestiario che ami di pi\u00f9 e quello di meno?<\/strong> \u201cAmo tantissimo i cappotti e i blazer, non indosso molte camicie\u201d.<br \/>\n<strong>Da stilista quale genere di calzature preferisci per le tue creazioni e perch\u00e9?<\/strong> \u201cIo personalmente prediligo le d\u00e9collet\u00e9 e i sandali con il tacco come calzature per le mie creazioni, perch\u00e9 realizzando abiti da sera ho bisogno di slanciare la figura, ma in realt\u00e0 questa scelta si unisce anche alla mia passione per i tacchi alti, li indosso tutti i giorni!<br \/>\n<strong>A livello personale, un accessorio che non manca mai quando esci da casa?<\/strong> \u201cLa mia borsa\u201d.<br \/>\n<strong>Ti abbiamo conosciuta guardando il programma TV &lt;&lt;Detto&amp;Fatto&gt;&gt; su Rai2. Tu hai presentato la tua mini collezione che ha avuto come file rouge il latex. Come ti sei avvicinata a questo materiale che rimanda alla sensualit\u00e0 e non solo?<\/strong> \u201cIl primo avvicinamento a questo materiale \u00e8 avvenuto durante il secondo anno di Accademia, quando dovevamo realizzare una collezione ispirata ad una subcultura e io avevo scelto quella Fetish unita alla realt\u00e0 dei Teddy Boys. Da l\u00ec sono venuta a conoscenza del latex che avevo gi\u00e0 visto indossare da molte celebrities e successivamente, la mia insegnate mi volle lanciare la sfida di affrontare il latex nella tesi finale e per il progetto della sfilata e cos\u00ec nacque Floreal Plastic Allure\u201d.<br \/>\n<strong>Perch\u00e9 il latex manda messaggi molto importanti alla sfera sessuale della persona?<\/strong> \u201cIl latex \u00e8 un materiale particolare, \u00e8 considerato una second skin, per l\u2019estrema aderenza e lucentezza. Manda messaggi molto importanti riguardo la sfera sessuale perch\u00e9 abbraccia completamente le forme del corpo e le esalta all&#8217;ennesima potenza ed \u00e8 adeguato alla sfera erotica\u201d.<br \/>\n<strong>Quando potremo vedere la prossima collezione?<\/strong> \u201cA brevissimo, quest\u2019inverno verr\u00e0 presentata con materiali pi\u00f9 classici come il raso e il tulle.<br \/>\n<strong>I tuoi capi dove possono essere visti ed eventualmente acquistati?<\/strong> \u201cAttualmente su instagram, per\u00f2 a breve aprir\u00f2 il mio sito web, dove saranno pubblicizzate tutte le info\u201d.<br \/>\n<strong>In ordine di preferenza quali sono i tuoi Social preferiti?<\/strong><br \/>\n\u201cInstagram<br \/>\nYoutube<br \/>\nFacebook<br \/>\n<strong>Che cosa significa inseguire un sogno per te?<\/strong> \u201cInseguire un sogno per me significa non arrendersi mai, anche quando hai tutto il mondo contro, ma continuare e credere in ci\u00f2 che si fa fino all\u2019ultimo\u201d.<br \/>\n<strong>Ultima domanda, sogno nel cassetto che desideri realizzare?<\/strong> \u201cVorrei un giorno diventare la Creative Director di qualche importante Maison e poi aprire il mio Atelier\u201d.<\/p>\n<p><strong>Bruno Angelo Porcellana<\/strong><\/p>\n<p style=\"text-align: center;\">Fotografie fornite da Federica Carella \u2013 I diritti appartengono Gabriele Dylan De Simone Agostino Domanico<br \/>\nTutti i diritti riservati \u00a9 2019 \u2013 Email: <a>nonsolomodanews@gmail.com<\/a><\/p>\n<style id=\"bwg-style-0\">      #bwg_container1_0 #bwg_container2_0 #bwg_mosaic_thumbnails_div_0 {        width: 100%;        position: relative;        background-color: rgba(255, 255, 255, 0.00);        text-align: center;        justify-content: center;                  margin-left: auto;          margin-right: auto;                    padding-left: 4px;          padding-top: 4px;                }          #bwg_container1_0 #bwg_container2_0 .bwg_mosaic_thumb_spun_0 {        display: block;        position: absolute;\t\t\t\tborder-radius: 0;\t\t\t\tborder: 0px none #CCCCCC;    \t\t    \t\tbackground-color:rgba(0,0,0, 0.30);        -moz-box-sizing: content-box !important;        -webkit-box-sizing: content-box !important;        box-sizing: content-box !important;      }\t\t\t#bwg_container1_0 #bwg_container2_0 .bwg_mosaic_thumb_0 {\t\t\t\tdisplay: block;\t\t\t\t-moz-box-sizing: content-box !important;\t\t\t\t-webkit-box-sizing: content-box !important;\t\t\t\tbox-sizing: content-box !important;\t\t\t\tmargin: 0;\t\t\t\topacity: 1.00;\t\t\t}      #bwg_container1_0 #bwg_container2_0 .bwg_mosaic_thumb_spun_0:hover {        opacity: 1;        backface-visibility: hidden;        -webkit-backface-visibility: hidden;        -moz-backface-visibility: hidden;        -ms-backface-visibility: hidden;        z-index: 102;      }\t      @media only screen and (min-width: 480px) {        #bwg_container1_0 #bwg_container2_0 .bwg_mosaic_thumb_spun_0:hover {          transform: scale(1.1);          -ms-transform: scale(1.1);          -webkit-transform: scale(1.1);        }      }\t      #bwg_container1_0 #bwg_container2_0 .bwg_mosaic_thumbnails_0 {        background-color: rgba(255, 255, 255, 0.00);        font-size: 0;        position: relative;        text-align: center;        display: inline-block;        visibility: hidden;              }\t  \/*image title styles*\/      #bwg_container1_0 #bwg_container2_0 .bwg_mosaic_title_spun1_0,      #bwg_container1_0 #bwg_container2_0 .bwg-mosaic-thumbnails .bwg_ecommerce_spun1_0 {        position: absolute;        display: block;        opacity: 0;        box-sizing: border-box;        text-align: center;\t\t\t\ttop: 50%;\t\t\t\tleft: 50%;\t\t\t\ttransform: translate(-50%, -50%);      }      #bwg_container1_0 #bwg_container2_0 .bwg-mosaic-thumbnails .bwg_mosaic_title_spun2_0,      #bwg_container1_0 #bwg_container2_0 .bwg-mosaic-thumbnails .bwg_ecommerce_spun2_0 {\t\t    color: #CCCCCC;        font-family: segoe ui;        font-size: 16px;        font-weight: bold;        text-shadow: 0px 0px 0px #888888;        vertical-align: middle;        word-wrap: break-word;      }            .bwg_mosaic_play_icon_spun_0 {        display: table;        position: absolute;        left: -10000px;        top: 0px;        opacity: 0;      }      .bwg_mosaic_play_icon_0 {        color: #CCCCCC;        font-size: 32px;        vertical-align: middle;        display: table-cell !important;        z-index: 1;        text-align: center;        margin: 0 auto;      }      #bwg_container1_0 #bwg_container2_0 .bwg_gal_title_0 {        background-color: rgba(0, 0, 0, 0);        color: #323A45;        display: block;        font-family: Ubuntu;        font-size: 16px;        font-weight: bold;        padding: 2px;        text-shadow: ;        text-align: center;      }            @media screen and (max-width: 280px) {      div[class^=\"bwg_mosaic_thumbnails_\"],      span[class^=\"bwg_mosaic_thumb_spun_\"] {      width: 100% !important;      }      img[class^=\"bwg_mosaic_thumb_\"] {      width: 100% !important;      height: auto !important;      margin: 0px auto !important;      }      }      <\/style>    <div id=\"bwg_container1_0\"         class=\"bwg_container bwg_thumbnail bwg_thumbnails_mosaic \"         data-right-click-protection=\"0\"         data-bwg=\"0\"         data-scroll=\"0\"         data-gallery-type=\"thumbnails_mosaic\"         data-gallery-view-type=\"thumbnails_mosaic\"         data-current-url=\"\/wordpress\/wp-json\/wp\/v2\/posts\/19426\"         data-lightbox-url=\"https:\/\/www.nonsolomodanews.it\/wordpress\/wp-admin\/admin-ajax.php?action=GalleryBox&#038;current_view=0&#038;gallery_id=391&#038;tag=0&#038;theme_id=1&#038;shortcode_id=419&#038;sort_by=order&#038;order_by=asc&#038;current_url=%2Fwordpress%2Fwp-json%2Fwp%2Fv2%2Fposts%2F19426\"         data-gallery-id=\"391\"         data-popup-width=\"800\"         data-popup-height=\"500\"         data-is-album=\"gallery\"         data-buttons-position=\"bottom\">      <div id=\"bwg_container2_0\">             <div id=\"ajax_loading_0\" class=\"bwg_loading_div_1\">      <div class=\"bwg_loading_div_2\">        <div class=\"bwg_loading_div_3\">          <div id=\"loading_div_0\" class=\"bwg_spider_ajax_loading\">          <\/div>        <\/div>      <\/div>    <\/div>            <form id=\"gal_front_form_0\"              class=\"bwg-hidden\"              method=\"post\"              action=\"#\"              data-current=\"0\"              data-shortcode-id=\"419\"              data-gallery-type=\"thumbnails_mosaic\"              data-gallery-id=\"391\"              data-tag=\"0\"              data-album-id=\"0\"              data-theme-id=\"1\"              data-ajax-url=\"https:\/\/www.nonsolomodanews.it\/wordpress\/wp-admin\/admin-ajax.php?action=bwg_frontend_data\">          <div id=\"bwg_container3_0\" class=\"bwg-background bwg-background-0\">                <div id=\"bwg_mosaic_thumbnails_div_0\"         class=\"bwg-container-0 bwg-container bwg-mosaic-thumbnails\"         data-bwg=\"0\"         data-mosaic-direction=\"vertical\"         data-resizable=\"0\"         data-width=\"180\"         data-height=\"90\"         data-total-width=\"100\"         data-block-id=\"bwg_thumbnails_mosaic_0\"         data-thumb-padding=\"4\"         data-thumb-border=\"0\"         data-title-margin=\"2px\"         data-image-title=\"none\"         data-play-icon=\"1\"         data-ecommerce-icon=\"none\"         data-gallery-id=\"391\"         data-lightbox-url=\"https:\/\/www.nonsolomodanews.it\/wordpress\/wp-admin\/admin-ajax.php?action=GalleryBox&#038;current_view=0&#038;gallery_id=391&#038;tag=0&#038;theme_id=1&#038;shortcode_id=419&#038;sort_by=order&#038;order_by=asc&#038;current_url=%2Fwordpress%2Fwp-json%2Fwp%2Fv2%2Fposts%2F19426\"         data-mosaic-thumb-transition=\"1\"         style=\"visibility: hidden\" >      <div id=\"bwg_thumbnails_mosaic_0\" class=\"bwg_mosaic_thumbnails_0\">                  <a class=\"bwg-a\" >          <div class=\"bwg_mosaic_thumb_spun_0 bwg-item0 bwg-mosaic-thumb-span \">            <img decoding=\"async\" class=\"bwg_mosaic_thumb_0 skip-lazy bwg_img_clear bwg_img_custom \"                 id=\"27577\"                 src=\"https:\/\/www.nonsolomodanews.it\/wordpress\/wp-content\/uploads\/photo-gallery\/Federica%20Carella\/thumb\/IMG_20190706_124340_640.jpg?bwg=1624548760\"                 data-src=\"https:\/\/www.nonsolomodanews.it\/wordpress\/wp-content\/uploads\/photo-gallery\/Federica%20Carella\/thumb\/IMG_20190706_124340_640.jpg?bwg=1624548760\"                 data-width=\"\"                 data-height=\"\"                 alt=\"IMG_20190706_124340_640\"                 title=\"IMG_20190706_124340_640\" \/>                      <\/div>        <\/a>                <a class=\"bwg-a\" >          <div class=\"bwg_mosaic_thumb_spun_0 bwg-item0 bwg-mosaic-thumb-span \">            <img decoding=\"async\" class=\"bwg_mosaic_thumb_0 skip-lazy bwg_img_clear bwg_img_custom \"                 id=\"27576\"                 src=\"https:\/\/www.nonsolomodanews.it\/wordpress\/wp-content\/uploads\/photo-gallery\/Federica%20Carella\/thumb\/IMG_5534.jpg?bwg=1624548760\"                 data-src=\"https:\/\/www.nonsolomodanews.it\/wordpress\/wp-content\/uploads\/photo-gallery\/Federica%20Carella\/thumb\/IMG_5534.jpg?bwg=1624548760\"                 data-width=\"\"                 data-height=\"\"                 alt=\"IMG_5534\"                 title=\"IMG_5534\" \/>                      <\/div>        <\/a>                <a class=\"bwg-a\" >          <div class=\"bwg_mosaic_thumb_spun_0 bwg-item0 bwg-mosaic-thumb-span \">            <img decoding=\"async\" class=\"bwg_mosaic_thumb_0 skip-lazy bwg_img_clear bwg_img_custom \"                 id=\"27575\"                 src=\"https:\/\/www.nonsolomodanews.it\/wordpress\/wp-content\/uploads\/photo-gallery\/Federica%20Carella\/thumb\/IMG-20190701-WA0063.jpg?bwg=1624548760\"                 data-src=\"https:\/\/www.nonsolomodanews.it\/wordpress\/wp-content\/uploads\/photo-gallery\/Federica%20Carella\/thumb\/IMG-20190701-WA0063.jpg?bwg=1624548760\"                 data-width=\"\"                 data-height=\"\"                 alt=\"IMG-20190701-WA0063\"                 title=\"IMG-20190701-WA0063\" \/>                      <\/div>        <\/a>                <a class=\"bwg-a\" >          <div class=\"bwg_mosaic_thumb_spun_0 bwg-item0 bwg-mosaic-thumb-span \">            <img decoding=\"async\" class=\"bwg_mosaic_thumb_0 skip-lazy bwg_img_clear bwg_img_custom \"                 id=\"27574\"                 src=\"https:\/\/www.nonsolomodanews.it\/wordpress\/wp-content\/uploads\/photo-gallery\/Federica%20Carella\/thumb\/IMG-20190623-WA0029.jpg?bwg=1624548760\"                 data-src=\"https:\/\/www.nonsolomodanews.it\/wordpress\/wp-content\/uploads\/photo-gallery\/Federica%20Carella\/thumb\/IMG-20190623-WA0029.jpg?bwg=1624548760\"                 data-width=\"\"                 data-height=\"\"                 alt=\"IMG-20190623-WA0029\"                 title=\"IMG-20190623-WA0029\" \/>                      <\/div>        <\/a>                <a class=\"bwg-a\" >          <div class=\"bwg_mosaic_thumb_spun_0 bwg-item0 bwg-mosaic-thumb-span \">            <img decoding=\"async\" class=\"bwg_mosaic_thumb_0 skip-lazy bwg_img_clear bwg_img_custom \"                 id=\"27573\"                 src=\"https:\/\/www.nonsolomodanews.it\/wordpress\/wp-content\/uploads\/photo-gallery\/Federica%20Carella\/thumb\/IMG-20190615-WA0057.jpg?bwg=1624548760\"                 data-src=\"https:\/\/www.nonsolomodanews.it\/wordpress\/wp-content\/uploads\/photo-gallery\/Federica%20Carella\/thumb\/IMG-20190615-WA0057.jpg?bwg=1624548760\"                 data-width=\"\"                 data-height=\"\"                 alt=\"IMG-20190615-WA0057\"                 title=\"IMG-20190615-WA0057\" \/>                      <\/div>        <\/a>                <a class=\"bwg-a\" >          <div class=\"bwg_mosaic_thumb_spun_0 bwg-item0 bwg-mosaic-thumb-span \">            <img decoding=\"async\" class=\"bwg_mosaic_thumb_0 skip-lazy bwg_img_clear bwg_img_custom \"                 id=\"27572\"                 src=\"https:\/\/www.nonsolomodanews.it\/wordpress\/wp-content\/uploads\/photo-gallery\/Federica%20Carella\/thumb\/a%20(43).jpg?bwg=1624548760\"                 data-src=\"https:\/\/www.nonsolomodanews.it\/wordpress\/wp-content\/uploads\/photo-gallery\/Federica%20Carella\/thumb\/a%20(43).jpg?bwg=1624548760\"                 data-width=\"\"                 data-height=\"\"                 alt=\"a (43)\"                 title=\"a (43)\" \/>                      <\/div>        <\/a>                <a class=\"bwg-a\" >          <div class=\"bwg_mosaic_thumb_spun_0 bwg-item0 bwg-mosaic-thumb-span \">            <img decoding=\"async\" class=\"bwg_mosaic_thumb_0 skip-lazy bwg_img_clear bwg_img_custom \"                 id=\"27571\"                 src=\"https:\/\/www.nonsolomodanews.it\/wordpress\/wp-content\/uploads\/photo-gallery\/Federica%20Carella\/thumb\/00031915.jpg?bwg=1624548760\"                 data-src=\"https:\/\/www.nonsolomodanews.it\/wordpress\/wp-content\/uploads\/photo-gallery\/Federica%20Carella\/thumb\/00031915.jpg?bwg=1624548760\"                 data-width=\"\"                 data-height=\"\"                 alt=\"00031915\"                 title=\"00031915\" \/>                      <\/div>        <\/a>                <a class=\"bwg-a\" >          <div class=\"bwg_mosaic_thumb_spun_0 bwg-item0 bwg-mosaic-thumb-span \">            <img decoding=\"async\" class=\"bwg_mosaic_thumb_0 skip-lazy bwg_img_clear bwg_img_custom \"                 id=\"27570\"                 src=\"https:\/\/www.nonsolomodanews.it\/wordpress\/wp-content\/uploads\/photo-gallery\/Federica%20Carella\/thumb\/00031914.jpg?bwg=1624548760\"                 data-src=\"https:\/\/www.nonsolomodanews.it\/wordpress\/wp-content\/uploads\/photo-gallery\/Federica%20Carella\/thumb\/00031914.jpg?bwg=1624548760\"                 data-width=\"\"                 data-height=\"\"                 alt=\"00031914\"                 title=\"00031914\" \/>                      <\/div>        <\/a>            <\/div>    <\/div>    <style>      \/*pagination styles*\/      #bwg_container1_0 #bwg_container2_0 .tablenav-pages_0 {\t\t\t\ttext-align: center;\t\t\t\tfont-size: 12px;\t\t\t\tfont-family: segoe ui;\t\t\t\tfont-weight: bold;\t\t\t\tcolor: #666666;\t\t\t\tmargin: 6px 0 4px;\t\t\t\tdisplay: block;      }      @media only screen and (max-width : 320px) {      #bwg_container1_0 #bwg_container2_0 .displaying-num_0 {     \t display: none;      }      }      #bwg_container1_0 #bwg_container2_0 .displaying-num_0 {\t\t\t\tfont-size: 12px;\t\t\t\tfont-family: segoe ui;\t\t\t\tfont-weight: bold;\t\t\t\tcolor: #666666;\t\t\t\tmargin-right: 10px;\t\t\t\tvertical-align: middle;      }      #bwg_container1_0 #bwg_container2_0 .paging-input_0 {\t\t\t\tfont-size: 12px;\t\t\t\tfont-family: segoe ui;\t\t\t\tfont-weight: bold;\t\t\t\tcolor: #666666;\t\t\t\tvertical-align: middle;      }      #bwg_container1_0 #bwg_container2_0 .tablenav-pages_0 a.disabled,      #bwg_container1_0 #bwg_container2_0 .tablenav-pages_0 a.disabled:hover,      #bwg_container1_0 #bwg_container2_0 .tablenav-pages_0 a.disabled:focus,\t\t\t#bwg_container1_0 #bwg_container2_0 .tablenav-pages_0 input.bwg_current_page {\t\t\t\tcursor: default;\t\t\t\tcolor: rgba(102, 102, 102, 0.5);      }      #bwg_container1_0 #bwg_container2_0 .tablenav-pages_0 a,      #bwg_container1_0 #bwg_container2_0 .tablenav-pages_0 input.bwg_current_page {\t\t\t\tcursor: pointer;\t\t\t\ttext-align: center;\t\t\t\tfont-size: 12px;\t\t\t\tfont-family: segoe ui;\t\t\t\tfont-weight: bold;\t\t\t\tcolor: #666666;\t\t\t\ttext-decoration: none;\t\t\t\tpadding: 3px 6px;\t\t\t\tmargin: 0;\t\t\t\tborder-radius: 0;\t\t\t\tborder-style: solid;\t\t\t\tborder-width: 1px;\t\t\t\tborder-color: #E3E3E3;\t\t\t\t\t\t\t\tbackground-color: rgba(255, 255, 255, 1.00);\t\t\t\tbox-shadow: 0;\t\t\t\ttransition: all 0.3s ease 0s;-webkit-transition: all 0.3s ease 0s;      }      <\/style>      <span class=\"bwg_nav_cont_0\">              <div class=\"tablenav-pages_0\">                  <\/div>                <input type=\"hidden\" id=\"page_number_0\" name=\"page_number_0\" value=\"1\" \/>      <script type=\"text\/javascript\">        if( jQuery('.bwg_nav_cont_0').length > 1 ) {          jQuery('.bwg_nav_cont_0').first().remove()        }        function spider_page_0(cur, x, y, load_more) {          if (typeof load_more == \"undefined\") {            var load_more = false;          }          if (jQuery(cur).hasClass('disabled')) {            return false;          }          var items_county_0 = 1;          switch (y) {            case 1:              if (x >= items_county_0) {                document.getElementById('page_number_0').value = items_county_0;              }              else {                document.getElementById('page_number_0').value = x + 1;              }              break;            case 2:              document.getElementById('page_number_0').value = items_county_0;              break;            case -1:              if (x == 1) {                document.getElementById('page_number_0').value = 1;              }              else {                document.getElementById('page_number_0').value = x - 1;              }              break;            case -2:              document.getElementById('page_number_0').value = 1;              break;\t\t\t\t\t\tcase 0:              document.getElementById('page_number_0').value = x;              break;            default:              document.getElementById('page_number_0').value = 1;          }          bwg_ajax('gal_front_form_0', '0', 'bwg_thumbnails_mosaic_0', '0', '', 'gallery', 0, '', '', load_more, '', 1);        }                    jQuery('.first-page-0').on('click', function () {              spider_page_0(this, 1, -2, 'numeric');              return false;            });            jQuery('.prev-page-0').on('click', function () {              spider_page_0(this, 1, -1, 'numeric');              return false;            });            jQuery('.next-page-0').on('click', function () {              spider_page_0(this, 1, 1, 'numeric');              return false;            });            jQuery('.last-page-0').on('click', function () {              spider_page_0(this, 1, 2, 'numeric');              return false;            });        \t\t\t\t\/* Change page on input enter. *\/        function bwg_change_page_0( e, that ) {          if (  e.key == 'Enter' ) {            var to_page = parseInt(jQuery(that).val());            var pages_count = jQuery(that).parents(\".pagination-links\").data(\"pages-count\");            var current_url_param = jQuery(that).attr('data-url-info');            if (to_page > pages_count) {              to_page = 1;            }\t \t\t\t\t\t\t\t\t\t\t\t\tspider_page_0(this, to_page, 0, 'numeric');\t\t\t\t\t\t\treturn false;\t\t\t\t\t\t          }          return true;        }        jQuery('.bwg_load_btn_0').on('click', function () {            spider_page_0(this, 1, 1, true);            return false;        });      <\/script>      <\/span>                <\/div>        <\/form>              <\/div>    <\/div>    <script>      if (document.readyState === 'complete') {        if( typeof bwg_main_ready == 'function' ) {          if ( jQuery(\"#bwg_container1_0\").height() ) {            bwg_main_ready(jQuery(\"#bwg_container1_0\"));          }        }      } else {        document.addEventListener('DOMContentLoaded', function() {          if( typeof bwg_main_ready == 'function' ) {            if ( jQuery(\"#bwg_container1_0\").height() ) {             bwg_main_ready(jQuery(\"#bwg_container1_0\"));            }          }        });      }    <\/script>    \n<p>&nbsp;<\/p>\n<p><strong>Biografia di Federica Carella<\/strong><\/p>\n<p>Nata e cresciuta a Roma, una citt\u00e0 straordinaria fonte continua di ispirazione, nel quartiere Eur, moderno e innovativo. La sua famiglia fin da sempre \u00e8 stata un perno centrale all\u2019interno della sua vita: sua madre \u00e8 stata la prima a credere in lei, a motivarla e a supportarla nel progetto di diventare stilista, soprattutto nella fase di transizione che per lei \u00e8 stata molto complicata del liceo, dove da una parte aveva la stragrande maggioranza delle persone contro che asserivano che riuscire ad entrare nel mondo della moda fosse complesso e soprattutto quello che pi\u00f9 la feriva era la loro superficialit\u00e0 nel giudicare una, a suo parere, fra le arti pi\u00f9 belle e creative. Sono stati anni difficili quelli prima di iscriversi in accademia, perch\u00e9 frequentava un liceo scientifico dove non si era trovata bene per svariati motivi a partire proprio dall&#8217;appiattimento generale delle passioni in virt\u00f9 di quella che sarebbe potuta divenire una carriera scientifica o tecnica. Non vedeva l\u2019ora di concludere quella fase della sua vita, che nonostante fosse stata ostica e sfavorevole le \u00e8 servita tantissimo per rafforzare il suo carattere e soprattutto per capire realmente cosa volesse fare e chi sarebbe potuta diventare un domani. Ancora oggi combatte per affermarsi e come dichiara lei, \u201clo far\u00f2 ogni singolo giorno della mia vita\u201d. L\u2019ultimo anno del liceo \u00e8 stato cruciale perch\u00e9 era l\u2019anno in cui grazie ai grandi sacrifici di sua madre si \u00e8 potuta iscrivere a<strong>ll\u2019Accademia Italiana Arte Moda e Design di Roma<\/strong> e questo per lei \u00e8 stata la gioia pi\u00f9 grande, soprattutto a seguito della vincita della borsa di studio che le aveva riempito ancor di pi\u00f9 di felicit\u00e0 e soddisfazione, a maggior ragione del fatto che era contenta di esser riuscita a sollevare, almeno di una piccola cifra, la sua famiglia dal costo elevato della retta annuale. Iniziata finalmente l\u2019accademia, una delle esperienze pi\u00f9 belle fatte finora, dove \u00e8 potuta entrare in contatto con molti insegnanti capaci e preparati e con un ottimo piano di studi mirato alla preparazione pratica e teorica, in cui ogni studente era seguito costantemente e spronato a realizzare collezioni dove potesse emergere la sua personalit\u00e0 e volte alla presentazione presso sfilate nella settimana della moda di Roma. Sono stati tre anni straordinari, dove ha imparato dal nulla a creare, a esprimere se stessa e le sue capacit\u00e0, costantemente stimolata a dare il meglio e sempre di pi\u00f9, a superare le paure e i limiti che fino a prima aveva. Ilenia e Roberto, sono stati due tra i tanti docenti molto capaci, che deve ringraziare di pi\u00f9, perch\u00e9 l\u2019hanno aiutata crescere, a scoprire chi fosse realmente e soprattutto quale fosse il suo stile; i loro preziosi consigli e le loro sfide, l\u2019ultima quella di realizzare una collezione di Haute Couture con il latex, sono stati cruciali perch\u00e9 le hanno permesso fin dall\u2019inizio di esprimere la sua voglia di distinguersi da tutti gli altri, di fare la differenza e di aggiungere quel qualcosa in pi\u00f9. Ogni anno infatti aumentava la consapevolezza di se stessa, di chi fosse realmente e di chi sarebbe diventata, l\u2019ultimo dei tre anni per\u00f2 \u00e8 stato quello pi\u00f9 importante e fondamentale per lei , perch\u00e9 segnava l\u2019 anno della laurea, della presentazione di una collezione di quattro abiti interamente realizzati e insieme della creazione di un portfolio personale unito ad una tesi progettuale. All\u2019inizio di dicembre 2019, doveva comunicare in segreteria la scelta del tema della tesi e questo per lei \u00e8 stato complicato, perch\u00e9 nonostante dall\u2019anno precedente la sua insegnante le avesse proposto di affrontare la nobilitazione del latex, ancora non era certa di volerlo trattare, perch\u00e9 un po&#8217; la imbarazzava e fondamentalmente non era semplice analizzare il mondo cos\u00ec di nicchia che era ancorato a questo materiale, ossia quello fetish. Di fatti inizialmente prov\u00f2 a trovare altre tematiche, ma con il passare dei giorni vedeva che erano tutte banali e poco stimolanti, cos\u00ec una volta per tutte decise di assumersi il rischio e di accettare la sfida della sua insegnante di trattare il latex. Cos\u00ec inizi\u00f2 a leggere libri e a fare ricerche per scrivere la sua tesi il cui titolo sarebbe poi divenuto: <strong>\u201cLa Nobilitazione del latex: dall\u2019immaginario comune alla Haute Couture\u201d <\/strong>e piano piano inizi\u00f2 a scoprire quanto fosse antica e interessante, soprattutto a livello culturale, letterario, filosofico e psicologico l\u2019origine del feticismo, della sensualit\u00e0 e dell\u2019erotismo. Di fatti all\u2019interno della tesi ha voluto creare un percorso culturale iniziale che abbracciasse non solo la moda ma tutta la cultura e l\u2019arte, per poi giungere all\u2019analisi attuale dell\u2019uso di questo materiale all\u2019interno delle grandi maison d\u2019alta moda e per concludere in fine con la presentazione del suo progetto, consistente appunto della sua collezione, dove ha voluto unire e celebrare il binomio pizzo floreale e latex, che rispettivamente rappresentano l\u2019eleganza sublime della natura e la sensualit\u00e0 dell\u2019essere donna, il tutto esaltato da forme pi\u00f9 sofisticate ed eleganti, declinate con colori pastello dalle tonalit\u00e0 chiare e simili a quelle dei fiori pi\u00f9 delicati. Realizzare la collezione non fu per nulla semplice, in quanto la scelta di tessuti cos\u00ec diversi come il pizzo ricamato e il latex, richiedeva molta attenzione e cura, anche lo stesso abbinamento dei colori non era semplice, infatti decise di abbinarli principalmente per tonalit\u00e0 simili o nel caso di un abito, per contrasto. Il latex stesso veniva dall\u2019Inghilterra, in quanto in Italia ancora non si commercia, ed \u00e8 estremamente difficile da lavorare, perch\u00e9 generalmente nella creazione di abiti viene incollato tramite prodotti specifici, per\u00f2 con accortezza pu\u00f2 essere anche cucito. Tutto il progetto infatti richiese tempo, sia per il taglio e le rifiniture del pizzo degli abiti, dove poi sono stati ulteriormente aggiunti a mano ricami nelle parti pi\u00f9 delicate, sia per l\u2019accostamento sartoriale con il latex che essendo gomma presenta numerose difficolt\u00e0. Nonostante tutto questo, \u00e8 stato per lei il suo primo progetto ed \u00e8 contenta di essere riuscita a portarlo a termine nel miglior modo possibile, ma la soddisfazione pi\u00f9 grande per lei \u00e8 stata vedere sfilare la collezione prima per Altaroma e poi successivamente per il programma Detto Fatto su Rai 2 in diretta nazionale, un\u2019 emozione unica e straordinaria.<\/p>\n<p>\u201cL\u2019apprezzamento delle persone rimane per\u00f2 la soddisfazione pi\u00f9 grande, sentire l\u2019appoggio e il supporto di chi vede e tuoi abiti e li apprezza ti stimola a dare di pi\u00f9 ed \u00e8 il motore che spinge stilisti e artisti a dare il meglio di s\u00e9\u201d.<\/p>\n<p>&nbsp;<\/p>\n","protected":false},"excerpt":{"rendered":"<p>Nonsolomodanews ha il piacere di presentare ai propri lettori una giovanissima fashion designer, Federica Carella. Romana di Roma, Federica dopo il Liceo ha studiato presso l&rsquo;Accademia Italiana Arte Moda e Design di Roma dove si &egrave; recentemente diplomata. Dopo la sua prima sfilata ad AltaRoma, ha presentato alcuni capi durante il programma di Rai2 &ldquo;Detto&amp;Fatto&rdquo;.&nbsp; Al fondo dell&rsquo;intervista si pu&ograve; leggere una lunga biografia delle talentuosa fashion designer romana. Ringraziamo Federica per questa intervista e auguriamo buona lettura ai nostri lettori.<\/p>\n","protected":false},"author":1,"featured_media":19428,"comment_status":"open","ping_status":"open","sticky":false,"template":"","format":"standard","meta":{"rop_custom_images_group":[],"rop_custom_messages_group":[],"rop_publish_now":"initial","rop_publish_now_accounts":[],"rop_publish_now_history":[],"rop_publish_now_status":"pending","footnotes":""},"categories":[16],"tags":[281,3006,528,3005,819,1242],"class_list":["post-19426","post","type-post","status-publish","format-standard","has-post-thumbnail","hentry","category-articolo","tag-bruno-angelo-porcellana","tag-dettofatto","tag-fashion-designer","tag-federica-carella","tag-lazio","tag-roma"],"_links":{"self":[{"href":"https:\/\/www.nonsolomodanews.it\/wordpress\/wp-json\/wp\/v2\/posts\/19426","targetHints":{"allow":["GET"]}}],"collection":[{"href":"https:\/\/www.nonsolomodanews.it\/wordpress\/wp-json\/wp\/v2\/posts"}],"about":[{"href":"https:\/\/www.nonsolomodanews.it\/wordpress\/wp-json\/wp\/v2\/types\/post"}],"author":[{"embeddable":true,"href":"https:\/\/www.nonsolomodanews.it\/wordpress\/wp-json\/wp\/v2\/users\/1"}],"replies":[{"embeddable":true,"href":"https:\/\/www.nonsolomodanews.it\/wordpress\/wp-json\/wp\/v2\/comments?post=19426"}],"version-history":[{"count":12,"href":"https:\/\/www.nonsolomodanews.it\/wordpress\/wp-json\/wp\/v2\/posts\/19426\/revisions"}],"predecessor-version":[{"id":19440,"href":"https:\/\/www.nonsolomodanews.it\/wordpress\/wp-json\/wp\/v2\/posts\/19426\/revisions\/19440"}],"wp:featuredmedia":[{"embeddable":true,"href":"https:\/\/www.nonsolomodanews.it\/wordpress\/wp-json\/wp\/v2\/media\/19428"}],"wp:attachment":[{"href":"https:\/\/www.nonsolomodanews.it\/wordpress\/wp-json\/wp\/v2\/media?parent=19426"}],"wp:term":[{"taxonomy":"category","embeddable":true,"href":"https:\/\/www.nonsolomodanews.it\/wordpress\/wp-json\/wp\/v2\/categories?post=19426"},{"taxonomy":"post_tag","embeddable":true,"href":"https:\/\/www.nonsolomodanews.it\/wordpress\/wp-json\/wp\/v2\/tags?post=19426"}],"curies":[{"name":"wp","href":"https:\/\/api.w.org\/{rel}","templated":true}]}}