{"id":18434,"date":"2019-04-24T22:31:46","date_gmt":"2019-04-24T22:31:46","guid":{"rendered":"http:\/\/www.nonsolomodanews.it\/wordpress\/?p=18434"},"modified":"2019-04-24T22:31:46","modified_gmt":"2019-04-24T22:31:46","slug":"givenchy-guest-disigner-di-pitti-immagine-uomo-96","status":"publish","type":"post","link":"https:\/\/www.nonsolomodanews.it\/wordpress\/givenchy-guest-disigner-di-pitti-immagine-uomo-96\/","title":{"rendered":"Givenchy &#8211; Guest Disigner di Pitti Immagine Uomo 96"},"content":{"rendered":"<p><span style=\"color: #000000;\"><strong><a style=\"color: #000000;\" href=\"http:\/\/www.nonsolomodanews.it\/wordpress\/wp-content\/uploads\/2019\/04\/GIV_CWK_PORTRAIT_700x525px.jpg\"><img loading=\"lazy\" decoding=\"async\" class=\"size-medium wp-image-18436 alignleft\" src=\"http:\/\/www.nonsolomodanews.it\/wordpress\/wp-content\/uploads\/2019\/04\/GIV_CWK_PORTRAIT_700x525px-300x225.jpg\" alt=\"\" width=\"300\" height=\"225\" srcset=\"https:\/\/www.nonsolomodanews.it\/wordpress\/wp-content\/uploads\/2019\/04\/GIV_CWK_PORTRAIT_700x525px-300x225.jpg 300w, https:\/\/www.nonsolomodanews.it\/wordpress\/wp-content\/uploads\/2019\/04\/GIV_CWK_PORTRAIT_700x525px.jpg 700w\" sizes=\"auto, (max-width: 300px) 100vw, 300px\" \/><\/a>Givenchy sar\u00e0 il Guest Designer di Pitti Immagine Uomo n.96<\/strong> (Firenze, 11-14 giugno 2019). <strong>Clare Waight Keller<\/strong> &#8211; stilista britannica e direttore artistico della maison del gruppo LVMH a partire dalla primavera del 2017- presenter\u00e0 la nuova collezione menswear del brand icona dell\u2019eleganza francese attraverso un evento speciale in calendario <strong>mercoled\u00ec 12 giugno 2019<\/strong>.<\/span><\/p>\n<p><span style=\"color: #000000;\"><!--more--><\/span><\/p>\n<p><span style=\"color: #000000;\">\u201cPer noi \u00e8 un grande onore ospitare l\u2019esordio in passerella della collezione uomo di Givenchy con la direzione creativa di Clare Waight Keller\u201d dice Lapo Cianchi, direttore comunicazione ed eventi speciali di Pitti Immagine. \u201cUna visione forte, moderna ed elegante: un progetto perfetto per Pitti Uomo. Sono certo che le atmosfere e gli spazi di Firenze offriranno a Givenchy ulteriori motivazioni estetiche e simboliche per concentrarsi sulla moda maschile\u201d.<\/span><\/p>\n<div class=\"item text paragraph \">\n<p><span style=\"color: #000000;\"><strong>GIVENCHY HISTORY IN A FEW WORDS<br \/>\n<\/strong> Nato nel 1927, Hubert James Taffin de Givenchy fonda l&#8217;omonima Maison nel 1952. L&#8217;atelier diventa ben presto famoso per la sua capacit\u00e0 di rivoluzionare i codici estetici del suo tempo. Oggi, la casa \u00e8 sinonimo di eleganza aristocratica, sensualit\u00e0 e romanticismo. La sua eredit\u00e0 continua attraverso l&#8217;approccio moderno della sua direttrice artistica britannica, Clare Waight Keller, che \u00e8 stata nominata nel 2017 per disegnare le collezioni Haute Couture e Ready-to-Wear per donna e uomo. Con la sua sfilata d&#8217;esordio, Clare Waight Keller sancisce una visione innovativa e lungimirante dello stile della Maison Givenchy, basata sulla ricerca della luce nel buio. Il 19 maggio 2018, nel giorno delle nozze con il principe Harry, Meghan Markle, ora duchessa del Sussex, indossa un elegante abito con scollo a barchetta della linea Haute Couture di Givenchy in doppio cady di seta bianco e un velo ricamato a mano, entrambi realizzati su misura dalla direttrice artistica della Maison Clare Waight Keller.<\/span><\/p>\n<div style=\"text-align: center;\"><span style=\"color: #000000;\">Testi e fotografie a cura Ufficio Stampa Pitti Immagine<\/span><\/div>\n<div style=\"text-align: center;\"><span style=\"color: #000000;\">Tutti i diritti riservati \u00a9 2018 \u2013 Email: nonsolomodanews@gmail.com<\/span><\/div>\n<\/div>\n","protected":false},"excerpt":{"rendered":"<p>Givenchy sar&agrave; il Guest Designer di Pitti Immagine Uomo n.96 (Firenze, 11-14 giugno 2019). Clare Waight Keller &ndash; stilista britannica e direttore artistico della maison del gruppo LVMH a partire dalla primavera del 2017- presenter&agrave; la nuova collezione menswear del brand icona dell&rsquo;eleganza francese attraverso un evento speciale in calendario mercoled&igrave; 12 giugno 2019.<\/p>\n","protected":false},"author":1,"featured_media":18435,"comment_status":"open","ping_status":"open","sticky":false,"template":"","format":"standard","meta":{"rop_custom_images_group":[],"rop_custom_messages_group":[],"rop_publish_now":"initial","rop_publish_now_accounts":[],"rop_publish_now_history":[],"rop_publish_now_status":"pending","footnotes":""},"categories":[16],"tags":[2836,1099,2271,2835],"class_list":["post-18434","post","type-post","status-publish","format-standard","has-post-thumbnail","hentry","category-articolo","tag-givenchy","tag-nonsolomodanews","tag-pitti","tag-pitti-uomo-96"],"_links":{"self":[{"href":"https:\/\/www.nonsolomodanews.it\/wordpress\/wp-json\/wp\/v2\/posts\/18434","targetHints":{"allow":["GET"]}}],"collection":[{"href":"https:\/\/www.nonsolomodanews.it\/wordpress\/wp-json\/wp\/v2\/posts"}],"about":[{"href":"https:\/\/www.nonsolomodanews.it\/wordpress\/wp-json\/wp\/v2\/types\/post"}],"author":[{"embeddable":true,"href":"https:\/\/www.nonsolomodanews.it\/wordpress\/wp-json\/wp\/v2\/users\/1"}],"replies":[{"embeddable":true,"href":"https:\/\/www.nonsolomodanews.it\/wordpress\/wp-json\/wp\/v2\/comments?post=18434"}],"version-history":[{"count":2,"href":"https:\/\/www.nonsolomodanews.it\/wordpress\/wp-json\/wp\/v2\/posts\/18434\/revisions"}],"predecessor-version":[{"id":18438,"href":"https:\/\/www.nonsolomodanews.it\/wordpress\/wp-json\/wp\/v2\/posts\/18434\/revisions\/18438"}],"wp:featuredmedia":[{"embeddable":true,"href":"https:\/\/www.nonsolomodanews.it\/wordpress\/wp-json\/wp\/v2\/media\/18435"}],"wp:attachment":[{"href":"https:\/\/www.nonsolomodanews.it\/wordpress\/wp-json\/wp\/v2\/media?parent=18434"}],"wp:term":[{"taxonomy":"category","embeddable":true,"href":"https:\/\/www.nonsolomodanews.it\/wordpress\/wp-json\/wp\/v2\/categories?post=18434"},{"taxonomy":"post_tag","embeddable":true,"href":"https:\/\/www.nonsolomodanews.it\/wordpress\/wp-json\/wp\/v2\/tags?post=18434"}],"curies":[{"name":"wp","href":"https:\/\/api.w.org\/{rel}","templated":true}]}}