{"id":18407,"date":"2019-03-20T23:42:09","date_gmt":"2019-03-20T23:42:09","guid":{"rendered":"http:\/\/www.nonsolomodanews.it\/wordpress\/?p=18407"},"modified":"2019-03-20T23:42:09","modified_gmt":"2019-03-20T23:42:09","slug":"marco-cassella-vincitore-premio-oreal-2017-presenta-canyon-quando-in-viaggi-ispirano-i-creatori","status":"publish","type":"post","link":"https:\/\/www.nonsolomodanews.it\/wordpress\/marco-cassella-vincitore-premio-oreal-2017-presenta-canyon-quando-in-viaggi-ispirano-i-creatori\/","title":{"rendered":"Marco Cassella, vincitore premio Oreal 2017 presenta Canyon. Quando in viaggi ispirano i creatori"},"content":{"rendered":"<p><span style=\"color: #000000;\"><strong><a style=\"color: #000000;\" href=\"http:\/\/www.nonsolomodanews.it\/wordpress\/wp-content\/uploads\/2019\/03\/54522491_410326956460786_6485547698115051520_n.jpg\"><img loading=\"lazy\" decoding=\"async\" class=\"size-medium wp-image-18408 alignleft\" src=\"http:\/\/www.nonsolomodanews.it\/wordpress\/wp-content\/uploads\/2019\/03\/54522491_410326956460786_6485547698115051520_n-215x300.jpg\" alt=\"\" width=\"215\" height=\"300\" srcset=\"https:\/\/www.nonsolomodanews.it\/wordpress\/wp-content\/uploads\/2019\/03\/54522491_410326956460786_6485547698115051520_n-215x300.jpg 215w, https:\/\/www.nonsolomodanews.it\/wordpress\/wp-content\/uploads\/2019\/03\/54522491_410326956460786_6485547698115051520_n-768x1072.jpg 768w, https:\/\/www.nonsolomodanews.it\/wordpress\/wp-content\/uploads\/2019\/03\/54522491_410326956460786_6485547698115051520_n-733x1024.jpg 733w, https:\/\/www.nonsolomodanews.it\/wordpress\/wp-content\/uploads\/2019\/03\/54522491_410326956460786_6485547698115051520_n-1080x1508.jpg 1080w, https:\/\/www.nonsolomodanews.it\/wordpress\/wp-content\/uploads\/2019\/03\/54522491_410326956460786_6485547698115051520_n.jpg 1146w\" sizes=\"auto, (max-width: 215px) 100vw, 215px\" \/><\/a><\/strong>Abbiamo il piacere di avere nuovamente sul nostro portale l&#8217;hair stylist <strong>Marco Cassella<\/strong>.\u00a0 Per le poche persone che non lo sanno, ricordiamo che Marco ha vinto l&#8217;edizione 2017 del premio Oreal. Ora \u00e8 in frenetica attivit\u00e0 sia a livello professionale che a livello personale. Non vi anticipiamo nulla. Buona lettura! \u00a0<\/span><\/p>\n<p><span style=\"color: #000000;\"><!--more--><\/span><\/p>\n<p><span style=\"color: #000000;\"><strong>Ciao Marco \u00e8 un piacere riaverti su Nonsolomodanews. Il Cosmoprof 2019 \u00e8 ormai alle spalle e tu che proprio al Cosmoprof del 2017 ti sei affermato vincendo il concorso Oreal ci vuoi dire le novit\u00e0 post kermesse bolognese per quanto riguarda la tua attivit\u00e0 professionale?<\/strong> <em>\u201cOrmai sono passati gi\u00e0 due anni dal mio successo al Cosmoprof. E\u2019 stata una tra le esperienze pi\u00f9 belle che abbia mai fatto se non la pi\u00f9 bella fino ad ora e che io non dimenticher\u00f2 mai perch\u00e9 mi ha reso un\u2019altra persona e mi ha permesso di crescere sempre di pi\u00f9 nel mio ambito lavorativo e professionale, ultima nata in ordine di tempo \u00e8 la mia linea colore tecniche di schiariture chiamata Canyon\u201d.<\/em><\/span><\/p>\n<p><span style=\"color: #000000;\"><strong>Perch\u00e9 canyon<\/strong> <em>\u201cPerch\u00e9 ho fatto un viaggio in Texas e da l\u00ec ho preso le mie ispirazioni. Da ogni viaggio prendo spunti per il mio lavoro!!!\u201d.<\/em><\/span><\/p>\n<p><span style=\"color: #000000;\"><strong>Quali sono le particolarit\u00e0?<\/strong> <em>\u201c\u00c8 una tecnica molto all\u2019avanguardia tra varie tonalit\u00e0 di colore, dai colori caldi a quelli freddi e soprattutto \u00e8 adatta a ogni tipo di ragazza perch\u00e9 lavoriamo sull\u2019incarnato della persona per decidere il colore perfetto. Alle ragazze con capelli lunghi e medi cordati lo sconsiglio perch\u00e9 non avrebbe lo stesso effetto\u201d.<\/em><\/span><\/p>\n<p><span style=\"color: #000000;\"><strong>Lo si trova in commercio?<\/strong> <em>\u201cNon ancora, sono tante le aziende che vogliono comprare il mio progetto ma ancora non riesco a capire quale azienda fa per la mia tecnica colore perch\u00e9 ognuno ha qualcosa di interessante ma prima poi dovr\u00f2 decidere !!!!<\/em><\/span><\/p>\n<p><span style=\"color: #000000;\"><strong>Ci vuoi parlare delle tue extension? <\/strong><em>\u201cLe mie extension ormai sono note sul web Tutte le ragazze campane e italiane escono pazze di loro\u201d.<\/em><\/span><\/p>\n<p><span style=\"color: #000000;\"><strong>Perch\u00e9 avviene ci\u00f2?<\/strong> <em>\u201cPerch\u00e9 le mie extension sono esclusivamente realizzate con capelli veri arrivati dall\u2019India e non mi piace quando ad una ragazza gli dicono ma porti le extension? No! Perch\u00e9 vuol dire che non \u00e8 un lavoro fatto bene le mie extension sono super naturali sembrano capelli veri, montate e curate nei minimi dettagli !!!!\u201d.<\/em><\/span><\/p>\n<p><span style=\"color: #000000;\"><strong>Progetti futuri in campo professionale?<\/strong> \u201c<em>Sto progettando un marchio tutto mio perch\u00e9 voglio che le persone si ricordino di me nel minimo dettaglio ma ho tantissimi altri progetti che ora non posso parlarne perch\u00e9 sono scaramantico nelle cose !!!\u201d.<\/em><\/span><\/p>\n<p><span style=\"color: #000000;\"><strong>E nella vita privata, un uccellino ci ha detto di fiori di arancio, \u00e8 vero? <em>\u201c<\/em><\/strong><em>Si \u00e8 una notizia vera. Ormai sul web si parla tanto di me e del mio compagno che mi accompagna in ogni avventura. Con lui stiamo organizzando un matrimonio da favola che sar\u00e0 celebrato in una villa molto moderna che ci rispecchia moltissimo ma che \u00e8 ancora top secret. Continuate a seguirmi come state facendo ora e, ben presto, verrete messi a conoscenza di tutto!\u201d<\/em><\/span><\/p>\n<p><span style=\"color: #000000;\">Bruno Angelo Porcellana<\/span><\/p>\n<p style=\"text-align: center;\"><span style=\"color: #000000;\">Le fotografie sono state fornite da Marco Cassella\u00a0 \u2013 I crediti appartengono ai relativi fotografi<\/span><br \/>\n<span style=\"color: #000000;\"> Tutti i diritti riservati \u00a9 2019 \u2013 Email: nonsolomodanews@gmail.com<\/span><\/p>\n","protected":false},"excerpt":{"rendered":"<p>Abbiamo il piacere di avere nuovamente sul nostro portale l&rsquo;hair stylist Marco Cassella.&nbsp; Per le poche persone che non lo sanno, ricordiamo che Marco ha vinto l&rsquo;edizione 2017 del premio Oreal. Ora &egrave; in frenetica attivit&agrave; sia a livello professionale che a livello personale. Non vi anticipiamo nulla. Buona lettura! &nbsp;<\/p>\n","protected":false},"author":1,"featured_media":18410,"comment_status":"open","ping_status":"open","sticky":false,"template":"","format":"standard","meta":{"rop_custom_images_group":[],"rop_custom_messages_group":[],"rop_publish_now":"initial","rop_publish_now_accounts":[],"rop_publish_now_history":[],"rop_publish_now_status":"pending","footnotes":""},"categories":[16],"tags":[281,2826,2768,2766,1099],"class_list":["post-18407","post","type-post","status-publish","format-standard","has-post-thumbnail","hentry","category-articolo","tag-bruno-angelo-porcellana","tag-extension","tag-hairstylist","tag-marco-cassella","tag-nonsolomodanews"],"_links":{"self":[{"href":"https:\/\/www.nonsolomodanews.it\/wordpress\/wp-json\/wp\/v2\/posts\/18407","targetHints":{"allow":["GET"]}}],"collection":[{"href":"https:\/\/www.nonsolomodanews.it\/wordpress\/wp-json\/wp\/v2\/posts"}],"about":[{"href":"https:\/\/www.nonsolomodanews.it\/wordpress\/wp-json\/wp\/v2\/types\/post"}],"author":[{"embeddable":true,"href":"https:\/\/www.nonsolomodanews.it\/wordpress\/wp-json\/wp\/v2\/users\/1"}],"replies":[{"embeddable":true,"href":"https:\/\/www.nonsolomodanews.it\/wordpress\/wp-json\/wp\/v2\/comments?post=18407"}],"version-history":[{"count":2,"href":"https:\/\/www.nonsolomodanews.it\/wordpress\/wp-json\/wp\/v2\/posts\/18407\/revisions"}],"predecessor-version":[{"id":18411,"href":"https:\/\/www.nonsolomodanews.it\/wordpress\/wp-json\/wp\/v2\/posts\/18407\/revisions\/18411"}],"wp:featuredmedia":[{"embeddable":true,"href":"https:\/\/www.nonsolomodanews.it\/wordpress\/wp-json\/wp\/v2\/media\/18410"}],"wp:attachment":[{"href":"https:\/\/www.nonsolomodanews.it\/wordpress\/wp-json\/wp\/v2\/media?parent=18407"}],"wp:term":[{"taxonomy":"category","embeddable":true,"href":"https:\/\/www.nonsolomodanews.it\/wordpress\/wp-json\/wp\/v2\/categories?post=18407"},{"taxonomy":"post_tag","embeddable":true,"href":"https:\/\/www.nonsolomodanews.it\/wordpress\/wp-json\/wp\/v2\/tags?post=18407"}],"curies":[{"name":"wp","href":"https:\/\/api.w.org\/{rel}","templated":true}]}}