{"id":18134,"date":"2018-11-28T17:03:26","date_gmt":"2018-11-28T17:03:26","guid":{"rendered":"http:\/\/www.nonsolomodanews.it\/wordpress\/?p=18134"},"modified":"2018-11-28T17:05:51","modified_gmt":"2018-11-28T17:05:51","slug":"angelica-sisera-iva-zanicchi-e-lispettore-coliandro-in-vai-con-il-liscio","status":"publish","type":"post","link":"https:\/\/www.nonsolomodanews.it\/wordpress\/angelica-sisera-iva-zanicchi-e-lispettore-coliandro-in-vai-con-il-liscio\/","title":{"rendered":"Angelica Sisera, Iva Zanicchi e l&#8217;Ispettore Coliandro in: Vai con il liscio!!!!"},"content":{"rendered":"<p>&nbsp;<\/p>\n<div id=\"attachment_18135\" style=\"width: 289px\" class=\"wp-caption alignleft\"><a style=\"color: #000000;\" href=\"http:\/\/www.nonsolomodanews.it\/wordpress\/wp-content\/uploads\/2018\/11\/IMG-0006.jpg\"><img loading=\"lazy\" decoding=\"async\" aria-describedby=\"caption-attachment-18135\" class=\"size-medium wp-image-18135\" src=\"http:\/\/www.nonsolomodanews.it\/wordpress\/wp-content\/uploads\/2018\/11\/IMG-0006-279x300.jpg\" alt=\"\" width=\"279\" height=\"300\" srcset=\"https:\/\/www.nonsolomodanews.it\/wordpress\/wp-content\/uploads\/2018\/11\/IMG-0006-279x300.jpg 279w, https:\/\/www.nonsolomodanews.it\/wordpress\/wp-content\/uploads\/2018\/11\/IMG-0006-768x826.jpg 768w, https:\/\/www.nonsolomodanews.it\/wordpress\/wp-content\/uploads\/2018\/11\/IMG-0006-952x1024.jpg 952w, https:\/\/www.nonsolomodanews.it\/wordpress\/wp-content\/uploads\/2018\/11\/IMG-0006.jpg 960w\" sizes=\"auto, (max-width: 279px) 100vw, 279px\" \/><\/a><p id=\"caption-attachment-18135\" class=\"wp-caption-text\"><span style=\"color: #000000;\">Iva Zanicchi e Angelica Sisera<\/span><\/p><\/div>\n<p><span style=\"color: #000000;\">E\u2019 passato quasi un anno da quando <strong>Angelica Sisera<\/strong>, artista a tutto tondo, si \u00e8 esibita al Teatro degli Angeli di Bologna, accompagnata dal maestro <strong>Giovanni Ghizzani, nel recital<\/strong> dal titolo &lt;&lt;Amour Fou&gt;&gt;. Perch\u00e8 ripresentare a distanza di circa un anno l\u2019articolo scritto in occasione del debutto nazionale del recital della brava artista bolognese che potete leggere<a style=\"color: #000000;\" href=\"http:\/\/www.nonsolomodanews.it\/wordpress\/angelica-sisera-al-debutto-nazionale-con-lo-spettacolo-amour-fou\/\"> cliccando qui<\/a>? Perch\u00e8 Angelica Sisera ritorna su RAI2 (ha gi\u00e0 avuto parti in edizioni precedenti della serie) interpretando un ruolo nella puntata di questa sera de\u00a0 <strong>&lt;&lt;L\u2019Ispettore Coliandro&gt;&gt;<\/strong> dei Manetti Bros. con star l\u2019attore napoletano <strong>Giampaolo Morelli<\/strong> e quello che \u00e8 ancora pi\u00f9 importante, dal nostro punto di vista, \u00e8 che Angelica Sisera ha voluto concedere a <strong>Nonsolomodanews<\/strong> un contributo diretto in merito alla puntata di Coliandro in onda stasera e al suo rapporto con il mondo del liscio e in modo particolare con <strong>Iva Zanicchi.<\/strong> Ringraziamo Angelica per questo suo lungo intervento e auguriamo ai lettori di Nonsolomodanews buona lettura.<\/span><\/p>\n<p>&nbsp;<\/p>\n<p><span style=\"color: #000000;\"><!--more--><\/span><\/p>\n<p><span style=\"color: #000000;\">Sono convinta che nella vita l\u2019affermazione \u201cnulla accade per caso\u201d sia vera pi\u00f9 che mai e anzi, aggiungerei che \u201ctutto \u00e8 collegato\u201d.<\/span><br \/>\n<span style=\"color: #000000;\">Parto da questo presupposto perch\u00e9 anche quando il nostro percorso di vita ci sembra lontanissimo da altri eventi, apparentemente esterni, non \u00e8 cos\u00ec.<\/span><br \/>\n<span style=\"color: #000000;\">Chiamatele come volete, energie, vibes, frequenze, il cerchio prima o poi si chiude o\u2026 si riapre.<\/span><br \/>\n<span style=\"color: #000000;\">Partiamo dal 1996, ben 22 anni fa, ero a Roma a casa dei miei cuginetti e vedo per caso che i miei nonni sono in salotto e stanno guardando in tv un programma di gare canore (come ce ne sono tanti anche adesso e forse quelli di una volta erano pi\u00f9 \u201cpoetici\u201d), \u201cMa l&#8217;amore s\u00ec\u201d, in cui famosi cantanti interpretano classici d&#8217;amore rimettendosi al giudizio del pubblico in sala. Iva Zanicchi, soprannominata l\u2019 \u201cAquila di Ligonchio\u201d interpreta la famosissima \u201cUnchained melody\u201d, gi\u00e0 incisa in italiano anni prima come \u201cSenza catene\u201d. Era la prima volta che vedevo e ascoltavo questa imponente regina. Avevo solo 4 anni ma quello \u00e8 stato un momento in cui ricordo di aver pensato \u201cche bello cantare!\u201d.\u00a0 Questa canzone era stata anche la colonna sonora dello straziante e super-romantico film \u201cGhost\u201d.<\/span><br \/>\n<span style=\"color: #000000;\">Chi avrebbe mai detto che quasi vent\u2019anni dopo mi sarei trovata a cantarla in chiave swing come pezzo a scelta durante un esame di Conservatorio al Triennio Jazz\u2026!<\/span><\/p>\n<div id=\"attachment_18139\" style=\"width: 301px\" class=\"wp-caption aligncenter\"><a href=\"http:\/\/www.nonsolomodanews.it\/wordpress\/wp-content\/uploads\/2018\/11\/IMG-0019.jpg\"><img loading=\"lazy\" decoding=\"async\" aria-describedby=\"caption-attachment-18139\" class=\"size-medium wp-image-18139\" src=\"http:\/\/www.nonsolomodanews.it\/wordpress\/wp-content\/uploads\/2018\/11\/IMG-0019-291x300.jpg\" alt=\"\" width=\"291\" height=\"300\" srcset=\"https:\/\/www.nonsolomodanews.it\/wordpress\/wp-content\/uploads\/2018\/11\/IMG-0019-291x300.jpg 291w, https:\/\/www.nonsolomodanews.it\/wordpress\/wp-content\/uploads\/2018\/11\/IMG-0019.jpg 750w\" sizes=\"auto, (max-width: 291px) 100vw, 291px\" \/><\/a><p id=\"caption-attachment-18139\" class=\"wp-caption-text\">I Manetti Bros con Angelica Sisera<\/p><\/div>\n<p><span style=\"color: #000000;\">Torniamo al dicembre 1996: l\u2019Aquila condurr\u00e0 \u201cMusica maestro\u201d, un programma tv in cui delle orchestre di liscio si sfidano tra loro. Il programma ha cos\u00ec successo che l\u2019anno successivo viene riproposto col titolo \u201cBallo, amore e fantasia\u201d con <strong>Iva Zanicchi<\/strong> alla conduzione affiancata da Gigi Sabani.<\/span><br \/>\n<span style=\"color: #000000;\">E rimanendo in tema di \u201corchestre di liscio\u201d, chi avrebbe mai detto poi che la notte del 1 Gennaio 2018, lo scorso Capodanno, sarei stata sul palco in Piazza a Cesenatico a presentare con <strong>Daniele Perini <\/strong>in diretta TV il Capodanno e ad aprire il Concerto dell\u2019Orchestra Casadei con alcune delle mie canzoni.<\/span><br \/>\n<span style=\"color: #000000;\">Quella notte celebrammo gli 80 anni di Raoul Casadei, il Re del liscio, icona italiana e non solo di un\u2019epoca e un territorio e i 90 anni dell\u2019Orchestra fondata nel 1928 da Secondo Casadei, una vera festa romagnola.<\/span><\/p>\n<div id=\"attachment_18140\" style=\"width: 179px\" class=\"wp-caption aligncenter\"><a href=\"http:\/\/www.nonsolomodanews.it\/wordpress\/wp-content\/uploads\/2018\/11\/IMG-9793-1.jpg\"><img loading=\"lazy\" decoding=\"async\" aria-describedby=\"caption-attachment-18140\" class=\"size-medium wp-image-18140\" src=\"http:\/\/www.nonsolomodanews.it\/wordpress\/wp-content\/uploads\/2018\/11\/IMG-9793-1-169x300.jpg\" alt=\"\" width=\"169\" height=\"300\" srcset=\"https:\/\/www.nonsolomodanews.it\/wordpress\/wp-content\/uploads\/2018\/11\/IMG-9793-1-169x300.jpg 169w, https:\/\/www.nonsolomodanews.it\/wordpress\/wp-content\/uploads\/2018\/11\/IMG-9793-1-576x1024.jpg 576w, https:\/\/www.nonsolomodanews.it\/wordpress\/wp-content\/uploads\/2018\/11\/IMG-9793-1.jpg 750w\" sizes=\"auto, (max-width: 169px) 100vw, 169px\" \/><\/a><p id=\"caption-attachment-18140\" class=\"wp-caption-text\">Il camerino di Angelica Sisera<\/p><\/div>\n<p><span style=\"color: #000000;\">Pochi mesi dopo, due fortissimi registi italiani, i Manetti Bros, vincitori quest\u2019anno del David di Donatello per <strong>\u201cAmmore e Malavita\u201d,<\/strong> mi scelgono per interpretare un piccolo ma particolare ruolo di una giovane cantante e ballerina di liscio, di origini sudamericane, nella serie tv cult \u201cL\u2019Ispettore Coliandro\u201d, interpretata da Giampaolo Morelli e altri bravissimi attori.<\/span><br \/>\n<span style=\"color: #000000;\">La puntata andr\u00e0 in onda su Rai2 stasera e ditemi voi se il cerchio cos\u00ec non si \u00e8 riaperto\u2026 sapete chi \u00e8 la guest star della puntata, oltre ad un inedito Gue Pequeno?\u2026. Iva Zanicchi !<\/span><br \/>\n<span style=\"color: #000000;\">Ora manca il titolo per chiudere il cerchio\u2026 la puntata si intitola \u201cVai col liscio\u201d! Non vi resta che guardarlo e divertirvi!<\/span><\/p>\n<p><span style=\"color: #000000;\">28 Novembre 2018 &#8211; Angelica Sisera.<\/span><\/p>\n<p style=\"text-align: center;\"><span style=\"color: #000000;\">Le fotografie sono state fornite da Angelica Sisera &#8211; I diritti appartengono ai relativi fotografi<\/span><br \/>\n<span style=\"color: #000000;\">Tutti i diritti riservati \u00a9 2018 \u2013 Email: nonsolomodanews@gmail.com<\/span><\/p>\n<p>&nbsp;<\/p>\n","protected":false},"excerpt":{"rendered":"<p>&nbsp; E&rsquo; passato quasi un anno da quando Angelica Sisera, artista a tutto tondo, si &egrave; esibita al Teatro degli Angeli di Bologna, accompagnata dal maestro Giovanni Ghizzani, nel recital dal titolo &lt;&lt;Amour Fou&gt;&gt;. Perch&egrave; ripresentare a distanza di circa un anno l&rsquo;articolo scritto in occasione del debutto nazionale del recital della brava artista bolognese che potete leggere cliccando qui? Perch&egrave; Angelica Sisera ritorna su RAI2 (ha gi&agrave; avuto parti in edizioni precedenti della serie) interpretando un ruolo nella puntata di questa sera de&nbsp; &lt;&lt;L&rsquo;Ispettore Coliandro&gt;&gt; dei Manetti Bros. con star l&rsquo;attore napoletano Giampaolo Morelli e quello che &egrave; ancora pi&ugrave; importante, dal nostro punto di vista, &egrave; che Angelica Sisera ha voluto concedere a Nonsolomodanews un contributo diretto in merito alla puntata di Coliandro in onda stasera e al suo rapporto con il mondo del liscio e in modo particolare con Iva Zanicchi. Ringraziamo Angelica per questo suo lungo intervento e auguriamo ai lettori di Nonsolomodanews buona lettura. &nbsp;<\/p>\n","protected":false},"author":1,"featured_media":18136,"comment_status":"open","ping_status":"open","sticky":false,"template":"","format":"standard","meta":{"rop_custom_images_group":[],"rop_custom_messages_group":[],"rop_publish_now":"initial","rop_publish_now_accounts":[],"rop_publish_now_history":[],"rop_publish_now_status":"pending","footnotes":""},"categories":[16],"tags":[2472,262,2567,2753,2756,2755,2754],"class_list":["post-18134","post","type-post","status-publish","format-standard","has-post-thumbnail","hentry","category-articolo","tag-angelica-sisera","tag-bologna","tag-coliandro","tag-fiction","tag-gue-pequeno","tag-iva-zanicchi","tag-vai-con-il-liscio"],"_links":{"self":[{"href":"https:\/\/www.nonsolomodanews.it\/wordpress\/wp-json\/wp\/v2\/posts\/18134","targetHints":{"allow":["GET"]}}],"collection":[{"href":"https:\/\/www.nonsolomodanews.it\/wordpress\/wp-json\/wp\/v2\/posts"}],"about":[{"href":"https:\/\/www.nonsolomodanews.it\/wordpress\/wp-json\/wp\/v2\/types\/post"}],"author":[{"embeddable":true,"href":"https:\/\/www.nonsolomodanews.it\/wordpress\/wp-json\/wp\/v2\/users\/1"}],"replies":[{"embeddable":true,"href":"https:\/\/www.nonsolomodanews.it\/wordpress\/wp-json\/wp\/v2\/comments?post=18134"}],"version-history":[{"count":6,"href":"https:\/\/www.nonsolomodanews.it\/wordpress\/wp-json\/wp\/v2\/posts\/18134\/revisions"}],"predecessor-version":[{"id":18145,"href":"https:\/\/www.nonsolomodanews.it\/wordpress\/wp-json\/wp\/v2\/posts\/18134\/revisions\/18145"}],"wp:featuredmedia":[{"embeddable":true,"href":"https:\/\/www.nonsolomodanews.it\/wordpress\/wp-json\/wp\/v2\/media\/18136"}],"wp:attachment":[{"href":"https:\/\/www.nonsolomodanews.it\/wordpress\/wp-json\/wp\/v2\/media?parent=18134"}],"wp:term":[{"taxonomy":"category","embeddable":true,"href":"https:\/\/www.nonsolomodanews.it\/wordpress\/wp-json\/wp\/v2\/categories?post=18134"},{"taxonomy":"post_tag","embeddable":true,"href":"https:\/\/www.nonsolomodanews.it\/wordpress\/wp-json\/wp\/v2\/tags?post=18134"}],"curies":[{"name":"wp","href":"https:\/\/api.w.org\/{rel}","templated":true}]}}