{"id":18043,"date":"2018-11-05T12:25:20","date_gmt":"2018-11-05T12:25:20","guid":{"rendered":"http:\/\/www.nonsolomodanews.it\/wordpress\/?p=18043"},"modified":"2018-11-05T17:07:25","modified_gmt":"2018-11-05T17:07:25","slug":"carmen-giulia-puca-always-black","status":"publish","type":"post","link":"https:\/\/www.nonsolomodanews.it\/wordpress\/carmen-giulia-puca-always-black\/","title":{"rendered":"Carmen Giulia Puca, always black!"},"content":{"rendered":"<p>&nbsp;<\/p>\n<div id=\"attachment_18044\" style=\"width: 210px\" class=\"wp-caption alignleft\"><a href=\"http:\/\/www.nonsolomodanews.it\/wordpress\/wp-content\/uploads\/2018\/11\/30102018-DSC_1362.jpg\"><img loading=\"lazy\" decoding=\"async\" aria-describedby=\"caption-attachment-18044\" class=\"size-medium wp-image-18044\" src=\"http:\/\/www.nonsolomodanews.it\/wordpress\/wp-content\/uploads\/2018\/11\/30102018-DSC_1362-200x300.jpg\" alt=\"\" width=\"200\" height=\"300\" srcset=\"https:\/\/www.nonsolomodanews.it\/wordpress\/wp-content\/uploads\/2018\/11\/30102018-DSC_1362-200x300.jpg 200w, https:\/\/www.nonsolomodanews.it\/wordpress\/wp-content\/uploads\/2018\/11\/30102018-DSC_1362-768x1151.jpg 768w, https:\/\/www.nonsolomodanews.it\/wordpress\/wp-content\/uploads\/2018\/11\/30102018-DSC_1362-684x1024.jpg 684w, https:\/\/www.nonsolomodanews.it\/wordpress\/wp-content\/uploads\/2018\/11\/30102018-DSC_1362-1080x1618.jpg 1080w, https:\/\/www.nonsolomodanews.it\/wordpress\/wp-content\/uploads\/2018\/11\/30102018-DSC_1362.jpg 1367w\" sizes=\"auto, (max-width: 200px) 100vw, 200px\" \/><\/a><p id=\"caption-attachment-18044\" class=\"wp-caption-text\">Carmen Giulia Puca<br \/>Ph. Bruno Angelo Porcellana<\/p><\/div>\n<p><span style=\"color: #000000;\"><strong>Nonsolomodanews<\/strong> ha il piacere di presentare ai propri lettori l&#8217;intervista e il servizio fotografico realizzato con la giovane fotomodella Carmen Giulia Puca. Ringraziamo per averci concesso questa intervista e aver realizzato gli scatti che potete vedere nella gallery.\u00a0<\/span><\/p>\n<p><span style=\"color: #000000;\"><strong>Ciao, benvenuta su Nonsolomodanews, ti vuoi presentare? <\/strong><em>\u201cCiao a tutti, sono Carmen Giulia Puca ho 19 anni, sono nata a Lugo di Romagna il 15 maggio del 1999. Le mie misure sono 91\/67\/85, sono bassa 1.64 e ho un piede 39\/40. <\/em><em>Ho capelli lunghezza media alla spalla con gradazioni che vanno dal castano al biondo; di natura i miei capelli sarebbero ricci, molto ricci, ma io mi ostino a piastrarli. <\/em><em>Ho occhi a mandorla di un caldo cole castano. Mi ritengo una ragazza solare e piena d\u2019iniziativa, tuttavia ho dei piccoli difetti: sono testarda e disordinata\u201d.<\/em><\/span><\/p>\n<p><span style=\"color: #000000;\"><strong>Come sei di carattere?<\/strong><em> \u201c Mi ritengo una persona vivace spontanea ed energica, che apprezza veramente ci\u00f2 che la vita le ha offerto. <\/em><em>Generalmente agisco con lealt\u00e0 e mi mostro pronta ad aiutare gli altri, parallelamente questa mia caratteristica non mi rende poco risoluta.\u00a0 <\/em><em>Cerco sempre di riempire la mia vita con una miriade di attivit\u00e0 mettendo sempre al primo posto i cambiamenti e le nuove esperienze\u201d.<\/em><\/span><\/p>\n<p><span style=\"color: #000000;\"><strong>Sei una persona curiosa? <\/strong><em>\u201c Sono una ragazza molto curiosa\u201d.<\/em><\/span><\/p>\n<p><span style=\"color: #000000;\"><strong>E\u2019 vero che la curiosit\u00e0 sia femmina?<\/strong><em> \u201c Si credo che la curiosit\u00e0 sia femmina\u201d.<\/em><\/span><\/p>\n<p><span style=\"color: #000000;\"><strong>Qual \u00e8 il tuo colore preferito?<\/strong><em> \u201c Il mio colore preferito \u00e8 il nero, un vero passe-partout, \u00e9 elegante e non criticabile\u201d.<\/em><\/span><\/p>\n<p><span style=\"color: #000000;\"><strong>Ascolti musica? \u201c<\/strong><em>Certo, ascolto musica costantemente\u201d. <\/em><\/span><span style=\"color: #000000;\"><em>Alcune canzoni hanno segnato i momenti pi\u00f9 belli (e a volte i pi\u00f9 brutti) della mia vita\u201d.<\/em><\/span><\/p>\n<p><span style=\"color: #000000;\"><strong>Quale musica ti piace? <\/strong><em>\u201c scolto musica Rap. Il rap fatto bene ha carattere, ha cuore e si sente\u201d.<\/em><\/span><\/p>\n<p><span style=\"color: #000000;\"><strong>Quali sono le tue passioni? <\/strong><em>Le mie passioni \u00a0sono leggere libri, ascoltare musica, andare al cinema e occuparmi dei miei animali, ho quattro gatti e una cagnolina (tutti trovatelli)\u201d.<\/em><\/span><\/p>\n<p><span style=\"color: #000000;\"><strong>Artista preferito?<\/strong><em> \u201c Johnny Deep\u201d.<\/em><\/span><\/p>\n<p><span style=\"color: #000000;\"><strong>Ultimo concerto\/spettacolo teatrale al quale hai partecipato?<\/strong><em> \u201c Concerto all\u2019Arena di Verona di Adele il 28.05.2016\u201d.<\/em><\/span><\/p>\n<p><span style=\"color: #000000;\"><strong>Che cosa stai studiando? <\/strong><em>\u201c Mi sono qualificata l\u2019anno scorso come operatore delle cure estetiche e a breve comincer\u00f2 un corso per conseguire la qualifica da operatore socio sanitario\u201d.<\/em><\/span><\/p>\n<p><span style=\"color: #000000;\"><strong>In una tua fotografia di ritratto che cosa noti immediatamente?<\/strong><em> \u201c L\u2019espressione\u201d.<\/em><\/span><\/p>\n<p><span style=\"color: #000000;\"><strong>Quali sono le tue sensazioni quando vieni fotografata?<\/strong><em> \u201c Una sensazione di libert\u00e0. Vorrei che le foto esprimessero la mia realt\u00e0, far trapelare qualcosa che mi appartenga\u201d.<\/em><\/span><\/p>\n<p><span style=\"color: #000000;\"><strong>Quali sono i generi fotografici che preferisci?<\/strong> <em>\u201c Non ho preferenze ma mi piace il nudo e il glamour\u201d.<\/em><\/span><\/p>\n<p><span style=\"color: #000000;\"><strong>Quali sono i tuoi punti di forza del tuo fisico?<\/strong><em> \u201cOcchi e zigomi\u201d.<\/em><\/span><\/p>\n<p><span style=\"color: #000000;\"><strong>In generale, sfilare in costume\/intimo pensi che possa essere lesivo della donna?<\/strong><em> \u201c Non credo sia lesivo per una donna sfilare in costume o in intimo. Per le donne l\u2019intimo secondo me gioca un ruolo fondamentale per la propria autostima\u201d<\/em><\/span><\/p>\n<p><span style=\"color: #000000;\"><strong>Che cosa \u00e8 per te la moda (fashion)?<\/strong><em> \u201cHo un mio stile. Sono sempre informata sulle ultime tendenze ma posso vivere anche senza seguire la massa\u201d.<\/em><\/span><\/p>\n<p><span style=\"color: #000000;\"><strong>Qual \u00e8 il tuo rapporto con la moda?<\/strong> <em>\u201cIn tanti pensano che la moda sia solo frivolezza e apparire, invece, \u00e8 il modo \u00a0di esprimere ci\u00f2 che altrimenti sarebbe invisibile\u201d.<\/em><\/span><\/p>\n<p><span style=\"color: #000000;\"><strong>Chi \u00e8 il tuo fashion designer preferito?<\/strong><em> \u201cRoberto Cavalli\u201d.<\/em><\/span><\/p>\n<p><span style=\"color: #000000;\"><strong>La tua TopModel preferita?<\/strong><em> \u201cSara Sampaio\u201d.<\/em><\/span><\/p>\n<p><span style=\"color: #000000;\"><strong>Qual \u00e8 il capo di vestiario che ami di pi\u00f9 e quello di meno?<\/strong> <em>\u201cCompra il meglio di ci\u00f2 che ti puoi permettere\u201d.<\/em><\/span><\/p>\n<p><span style=\"color: #000000;\"><strong>Scarpe basse o tacchi?<\/strong> <em>\u201cDipende, solitamente preferisco esser comoda\u201d.<\/em><\/span><\/p>\n<p><span style=\"color: #000000;\"><strong>Un accessorio che non manca mai quando esci da casa?<\/strong><em> \u201cLa borsa, \u00e8 di vitale importanza per me\u201d.<\/em><\/span><\/p>\n<p><span style=\"color: #000000;\"><strong>Qual \u00e8 il tuo rapporto con la tecnologia?<\/strong><em> \u201cVivo con il cellulare in mano praticamente\u201d.<\/em><\/span><\/p>\n<p><span style=\"color: #000000;\"><strong>Dovessi scegliere tra TV e Cellulare, quale dei due non sarebbe essenziale per te?<\/strong><em> \u201c Posso vivere senza televisione, ma mai senza il mio cellulare\u201d.<\/em><\/span><\/p>\n<p><span style=\"color: #000000;\"><strong>Tu sei una che si informa? <\/strong><em>\u201c Cerco di tenermi informata sulle cose che mi interessano\u201d.<\/em><\/span><\/p>\n<p><span style=\"color: #000000;\"><strong>Pensi che stare molto tempo sui social serva a\u2026 socializzare o? Cosa ne pensi?<\/strong><em> \u201c I social occupano uno spazio \u00e8 un tempo notevole nella mia vita. Il primo grande merito dei social network \u00e8 indubbiamente quello di aver facilitato la comunicazione.\u00a0 <\/em><em>Ma questa vita virtuale \u00e8 proprio cos\u00ec importante, essenziale nel vivere di ognuno di noi?\u201d.<\/em><\/span><\/p>\n<p><span style=\"color: #000000;\"><strong>In ordine di preferenza quali sono i tuoi Social preferiti?<\/strong><em> \u201c Instagram \u00e8 il social network che utilizzino maggiormente, a seguire Facebook\u201d.<\/em><\/span><\/p>\n<p><span style=\"color: #000000;\"><strong>Vai in discoteca?<\/strong><em> \u201c Non spesso, ma frequento alcuni locali ogni tanto\u201d.<\/em><\/span><\/p>\n<p><span style=\"color: #000000;\"><strong>Dove vorresti andare a vivere?<\/strong><em> \u201c Amo il mio paesino, comunque se dovessi proprio scegliere, sceglierei Bologna\u201d. <\/em><\/span><\/p>\n<p><span style=\"color: #000000;\"><strong>Che cosa significa inseguire un sogno per te?<\/strong><em> \u201c Poter scegliere il percorso che vogliamo intraprendere nella nostra vita\u201d.<\/em><\/span><\/p>\n<p><span style=\"color: #000000;\"><strong>Ultima domanda, sogno nel cassetto che desideri realizzare?<\/strong> <em>\u201c Non lo dir\u00f2. \u00c8 un sogno che non s\u00f2, se \u00e8 da sognare o no. Se poi mi sveglier\u00f2&#8230; Eliza Dolittle\u201d.<\/em><\/span><\/p>\n<p><span style=\"color: #000000;\">Bruno Angelo Porcellana<\/span><\/p>\n<p style=\"text-align: center;\"><span style=\"color: #000000;\">Testo e immagini a cura di Bruno Angelo Porcellana\u00a0<\/span><br \/>\n<span style=\"color: #000000;\"> Tutti i diritti riservati \u00a9 2018 \u2013 Email: nonsolomodanews@gmail.com<\/span><\/p>\n<style id=\"bwg-style-0\">      #bwg_container1_0 #bwg_container2_0 #bwg_mosaic_thumbnails_div_0 {        width: 100%;        position: relative;        background-color: rgba(255, 255, 255, 0.00);        text-align: center;        justify-content: center;                  margin-left: auto;          margin-right: auto;                    padding-left: 4px;          padding-top: 4px;                }          #bwg_container1_0 #bwg_container2_0 .bwg_mosaic_thumb_spun_0 {        display: block;        position: absolute;\t\t\t\tborder-radius: 0;\t\t\t\tborder: 0px none #CCCCCC;    \t\t    \t\tbackground-color:rgba(0,0,0, 0.30);        -moz-box-sizing: content-box !important;        -webkit-box-sizing: content-box !important;        box-sizing: content-box !important;      }\t\t\t#bwg_container1_0 #bwg_container2_0 .bwg_mosaic_thumb_0 {\t\t\t\tdisplay: block;\t\t\t\t-moz-box-sizing: content-box !important;\t\t\t\t-webkit-box-sizing: content-box !important;\t\t\t\tbox-sizing: content-box !important;\t\t\t\tmargin: 0;\t\t\t\topacity: 1.00;\t\t\t}      #bwg_container1_0 #bwg_container2_0 .bwg_mosaic_thumb_spun_0:hover {        opacity: 1;        backface-visibility: hidden;        -webkit-backface-visibility: hidden;        -moz-backface-visibility: hidden;        -ms-backface-visibility: hidden;        z-index: 102;      }\t      @media only screen and (min-width: 480px) {        #bwg_container1_0 #bwg_container2_0 .bwg_mosaic_thumb_spun_0:hover {          transform: scale(1.1);          -ms-transform: scale(1.1);          -webkit-transform: scale(1.1);        }      }\t      #bwg_container1_0 #bwg_container2_0 .bwg_mosaic_thumbnails_0 {        background-color: rgba(255, 255, 255, 0.00);        font-size: 0;        position: relative;        text-align: center;        display: inline-block;        visibility: hidden;              }\t  \/*image title styles*\/      #bwg_container1_0 #bwg_container2_0 .bwg_mosaic_title_spun1_0,      #bwg_container1_0 #bwg_container2_0 .bwg-mosaic-thumbnails .bwg_ecommerce_spun1_0 {        position: absolute;        display: block;        opacity: 0;        box-sizing: border-box;        text-align: center;\t\t\t\ttop: 50%;\t\t\t\tleft: 50%;\t\t\t\ttransform: translate(-50%, -50%);      }      #bwg_container1_0 #bwg_container2_0 .bwg-mosaic-thumbnails .bwg_mosaic_title_spun2_0,      #bwg_container1_0 #bwg_container2_0 .bwg-mosaic-thumbnails .bwg_ecommerce_spun2_0 {\t\t    color: #CCCCCC;        font-family: segoe ui;        font-size: 16px;        font-weight: bold;        text-shadow: 0px 0px 0px #888888;        vertical-align: middle;        word-wrap: break-word;      }            .bwg_mosaic_play_icon_spun_0 {        display: table;        position: absolute;        left: -10000px;        top: 0px;        opacity: 0;      }      .bwg_mosaic_play_icon_0 {        color: #CCCCCC;        font-size: 32px;        vertical-align: middle;        display: table-cell !important;        z-index: 1;        text-align: center;        margin: 0 auto;      }      #bwg_container1_0 #bwg_container2_0 .bwg_gal_title_0 {        background-color: rgba(0, 0, 0, 0);        color: #323A45;        display: block;        font-family: Ubuntu;        font-size: 16px;        font-weight: bold;        padding: 2px;        text-shadow: ;        text-align: center;      }            @media screen and (max-width: 280px) {      div[class^=\"bwg_mosaic_thumbnails_\"],      span[class^=\"bwg_mosaic_thumb_spun_\"] {      width: 100% !important;      }      img[class^=\"bwg_mosaic_thumb_\"] {      width: 100% !important;      height: auto !important;      margin: 0px auto !important;      }      }      <\/style>    <div id=\"bwg_container1_0\"         class=\"bwg_container bwg_thumbnail bwg_thumbnails_mosaic \"         data-right-click-protection=\"0\"         data-bwg=\"0\"         data-scroll=\"0\"         data-gallery-type=\"thumbnails_mosaic\"         data-gallery-view-type=\"thumbnails_mosaic\"         data-current-url=\"\/wordpress\/wp-json\/wp\/v2\/posts\/18043\"         data-lightbox-url=\"https:\/\/www.nonsolomodanews.it\/wordpress\/wp-admin\/admin-ajax.php?action=GalleryBox&#038;current_view=0&#038;gallery_id=306&#038;tag=0&#038;theme_id=1&#038;shortcode_id=325&#038;sort_by=order&#038;order_by=asc&#038;current_url=%2Fwordpress%2Fwp-json%2Fwp%2Fv2%2Fposts%2F18043\"         data-gallery-id=\"306\"         data-popup-width=\"800\"         data-popup-height=\"500\"         data-is-album=\"gallery\"         data-buttons-position=\"bottom\">      <div id=\"bwg_container2_0\">             <div id=\"ajax_loading_0\" class=\"bwg_loading_div_1\">      <div class=\"bwg_loading_div_2\">        <div class=\"bwg_loading_div_3\">          <div id=\"loading_div_0\" class=\"bwg_spider_ajax_loading\">          <\/div>        <\/div>      <\/div>    <\/div>            <form id=\"gal_front_form_0\"              class=\"bwg-hidden\"              method=\"post\"              action=\"#\"              data-current=\"0\"              data-shortcode-id=\"325\"              data-gallery-type=\"thumbnails_mosaic\"              data-gallery-id=\"306\"              data-tag=\"0\"              data-album-id=\"0\"              data-theme-id=\"1\"              data-ajax-url=\"https:\/\/www.nonsolomodanews.it\/wordpress\/wp-admin\/admin-ajax.php?action=bwg_frontend_data\">          <div id=\"bwg_container3_0\" class=\"bwg-background bwg-background-0\">                <div id=\"bwg_mosaic_thumbnails_div_0\"         class=\"bwg-container-0 bwg-container bwg-mosaic-thumbnails\"         data-bwg=\"0\"         data-mosaic-direction=\"vertical\"         data-resizable=\"0\"         data-width=\"180\"         data-height=\"90\"         data-total-width=\"100\"         data-block-id=\"bwg_thumbnails_mosaic_0\"         data-thumb-padding=\"4\"         data-thumb-border=\"0\"         data-title-margin=\"2px\"         data-image-title=\"none\"         data-play-icon=\"1\"         data-ecommerce-icon=\"none\"         data-gallery-id=\"306\"         data-lightbox-url=\"https:\/\/www.nonsolomodanews.it\/wordpress\/wp-admin\/admin-ajax.php?action=GalleryBox&#038;current_view=0&#038;gallery_id=306&#038;tag=0&#038;theme_id=1&#038;shortcode_id=325&#038;sort_by=order&#038;order_by=asc&#038;current_url=%2Fwordpress%2Fwp-json%2Fwp%2Fv2%2Fposts%2F18043\"         data-mosaic-thumb-transition=\"1\"         style=\"visibility: hidden\" >      <div id=\"bwg_thumbnails_mosaic_0\" class=\"bwg_mosaic_thumbnails_0\">                  <a class=\"bwg-a\" >          <div class=\"bwg_mosaic_thumb_spun_0 bwg-item0 bwg-mosaic-thumb-span \">            <img decoding=\"async\" class=\"bwg_mosaic_thumb_0 skip-lazy bwg_img_clear bwg_img_custom \"                 id=\"25200\"                 src=\"https:\/\/www.nonsolomodanews.it\/wordpress\/wp-content\/uploads\/photo-gallery\/carmen%20giulia%20Puca\/thumb\/30102018-DSC_2078.jpg?bwg=1624548760\"                 data-src=\"https:\/\/www.nonsolomodanews.it\/wordpress\/wp-content\/uploads\/photo-gallery\/carmen%20giulia%20Puca\/thumb\/30102018-DSC_2078.jpg?bwg=1624548760\"                 data-width=\"\"                 data-height=\"\"                 alt=\"Carmen Giulia Puca \"                 title=\"Carmen Giulia Puca \" \/>                      <\/div>        <\/a>                <a class=\"bwg-a\" >          <div class=\"bwg_mosaic_thumb_spun_0 bwg-item0 bwg-mosaic-thumb-span \">            <img decoding=\"async\" class=\"bwg_mosaic_thumb_0 skip-lazy bwg_img_clear bwg_img_custom \"                 id=\"25199\"                 src=\"https:\/\/www.nonsolomodanews.it\/wordpress\/wp-content\/uploads\/photo-gallery\/carmen%20giulia%20Puca\/thumb\/30102018-DSC_1948.jpg?bwg=1624548760\"                 data-src=\"https:\/\/www.nonsolomodanews.it\/wordpress\/wp-content\/uploads\/photo-gallery\/carmen%20giulia%20Puca\/thumb\/30102018-DSC_1948.jpg?bwg=1624548760\"                 data-width=\"\"                 data-height=\"\"                 alt=\"Carmen Giulia Puca \"                 title=\"Carmen Giulia Puca \" \/>                      <\/div>        <\/a>                <a class=\"bwg-a\" >          <div class=\"bwg_mosaic_thumb_spun_0 bwg-item0 bwg-mosaic-thumb-span \">            <img decoding=\"async\" class=\"bwg_mosaic_thumb_0 skip-lazy bwg_img_clear bwg_img_custom \"                 id=\"25198\"                 src=\"https:\/\/www.nonsolomodanews.it\/wordpress\/wp-content\/uploads\/photo-gallery\/carmen%20giulia%20Puca\/thumb\/30102018-DSC_1908.jpg?bwg=1624548760\"                 data-src=\"https:\/\/www.nonsolomodanews.it\/wordpress\/wp-content\/uploads\/photo-gallery\/carmen%20giulia%20Puca\/thumb\/30102018-DSC_1908.jpg?bwg=1624548760\"                 data-width=\"\"                 data-height=\"\"                 alt=\"Carmen Giulia Puca \"                 title=\"Carmen Giulia Puca \" \/>                      <\/div>        <\/a>                <a class=\"bwg-a\" >          <div class=\"bwg_mosaic_thumb_spun_0 bwg-item0 bwg-mosaic-thumb-span \">            <img decoding=\"async\" class=\"bwg_mosaic_thumb_0 skip-lazy bwg_img_clear bwg_img_custom \"                 id=\"25197\"                 src=\"https:\/\/www.nonsolomodanews.it\/wordpress\/wp-content\/uploads\/photo-gallery\/carmen%20giulia%20Puca\/thumb\/30102018-DSC_1862.jpg?bwg=1624548760\"                 data-src=\"https:\/\/www.nonsolomodanews.it\/wordpress\/wp-content\/uploads\/photo-gallery\/carmen%20giulia%20Puca\/thumb\/30102018-DSC_1862.jpg?bwg=1624548760\"                 data-width=\"\"                 data-height=\"\"                 alt=\"Carmen Giulia Puca \"                 title=\"Carmen Giulia Puca \" \/>                      <\/div>        <\/a>                <a class=\"bwg-a\" >          <div class=\"bwg_mosaic_thumb_spun_0 bwg-item0 bwg-mosaic-thumb-span \">            <img decoding=\"async\" class=\"bwg_mosaic_thumb_0 skip-lazy bwg_img_clear bwg_img_custom \"                 id=\"25196\"                 src=\"https:\/\/www.nonsolomodanews.it\/wordpress\/wp-content\/uploads\/photo-gallery\/carmen%20giulia%20Puca\/thumb\/30102018-DSC_1824_unito.jpg?bwg=1624548760\"                 data-src=\"https:\/\/www.nonsolomodanews.it\/wordpress\/wp-content\/uploads\/photo-gallery\/carmen%20giulia%20Puca\/thumb\/30102018-DSC_1824_unito.jpg?bwg=1624548760\"                 data-width=\"\"                 data-height=\"\"                 alt=\"Carmen Giulia Puca \"                 title=\"Carmen Giulia Puca \" \/>                      <\/div>        <\/a>                <a class=\"bwg-a\" >          <div class=\"bwg_mosaic_thumb_spun_0 bwg-item0 bwg-mosaic-thumb-span \">            <img decoding=\"async\" class=\"bwg_mosaic_thumb_0 skip-lazy bwg_img_clear bwg_img_custom \"                 id=\"25195\"                 src=\"https:\/\/www.nonsolomodanews.it\/wordpress\/wp-content\/uploads\/photo-gallery\/carmen%20giulia%20Puca\/thumb\/30102018-DSC_1721.jpg?bwg=1624548760\"                 data-src=\"https:\/\/www.nonsolomodanews.it\/wordpress\/wp-content\/uploads\/photo-gallery\/carmen%20giulia%20Puca\/thumb\/30102018-DSC_1721.jpg?bwg=1624548760\"                 data-width=\"\"                 data-height=\"\"                 alt=\"Carmen Giulia Puca \"                 title=\"Carmen Giulia Puca \" \/>                      <\/div>        <\/a>                <a class=\"bwg-a\" >          <div class=\"bwg_mosaic_thumb_spun_0 bwg-item0 bwg-mosaic-thumb-span \">            <img decoding=\"async\" class=\"bwg_mosaic_thumb_0 skip-lazy bwg_img_clear bwg_img_custom \"                 id=\"25194\"                 src=\"https:\/\/www.nonsolomodanews.it\/wordpress\/wp-content\/uploads\/photo-gallery\/carmen%20giulia%20Puca\/thumb\/30102018-DSC_1669.jpg?bwg=1624548760\"                 data-src=\"https:\/\/www.nonsolomodanews.it\/wordpress\/wp-content\/uploads\/photo-gallery\/carmen%20giulia%20Puca\/thumb\/30102018-DSC_1669.jpg?bwg=1624548760\"                 data-width=\"\"                 data-height=\"\"                 alt=\"30102018-DSC_1669\"                 title=\"30102018-DSC_1669\" \/>                      <\/div>        <\/a>                <a class=\"bwg-a\" >          <div class=\"bwg_mosaic_thumb_spun_0 bwg-item0 bwg-mosaic-thumb-span \">            <img decoding=\"async\" class=\"bwg_mosaic_thumb_0 skip-lazy bwg_img_clear bwg_img_custom \"                 id=\"25193\"                 src=\"https:\/\/www.nonsolomodanews.it\/wordpress\/wp-content\/uploads\/photo-gallery\/carmen%20giulia%20Puca\/thumb\/30102018-DSC_1563.jpg?bwg=1624548760\"                 data-src=\"https:\/\/www.nonsolomodanews.it\/wordpress\/wp-content\/uploads\/photo-gallery\/carmen%20giulia%20Puca\/thumb\/30102018-DSC_1563.jpg?bwg=1624548760\"                 data-width=\"\"                 data-height=\"\"                 alt=\"Carmen Giulia Puca \"                 title=\"Carmen Giulia Puca \" \/>                      <\/div>        <\/a>                <a class=\"bwg-a\" >          <div class=\"bwg_mosaic_thumb_spun_0 bwg-item0 bwg-mosaic-thumb-span \">            <img decoding=\"async\" class=\"bwg_mosaic_thumb_0 skip-lazy bwg_img_clear bwg_img_custom \"                 id=\"25192\"                 src=\"https:\/\/www.nonsolomodanews.it\/wordpress\/wp-content\/uploads\/photo-gallery\/carmen%20giulia%20Puca\/thumb\/30102018-DSC_1530.jpg?bwg=1624548760\"                 data-src=\"https:\/\/www.nonsolomodanews.it\/wordpress\/wp-content\/uploads\/photo-gallery\/carmen%20giulia%20Puca\/thumb\/30102018-DSC_1530.jpg?bwg=1624548760\"                 data-width=\"\"                 data-height=\"\"                 alt=\"Carmen Giulia Puca \"                 title=\"Carmen Giulia Puca \" \/>                      <\/div>        <\/a>                <a class=\"bwg-a\" >          <div class=\"bwg_mosaic_thumb_spun_0 bwg-item0 bwg-mosaic-thumb-span \">            <img decoding=\"async\" class=\"bwg_mosaic_thumb_0 skip-lazy bwg_img_clear bwg_img_custom \"                 id=\"25191\"                 src=\"https:\/\/www.nonsolomodanews.it\/wordpress\/wp-content\/uploads\/photo-gallery\/carmen%20giulia%20Puca\/thumb\/30102018-DSC_1408.jpg?bwg=1624548760\"                 data-src=\"https:\/\/www.nonsolomodanews.it\/wordpress\/wp-content\/uploads\/photo-gallery\/carmen%20giulia%20Puca\/thumb\/30102018-DSC_1408.jpg?bwg=1624548760\"                 data-width=\"\"                 data-height=\"\"                 alt=\"Carmen Giulia Puca \"                 title=\"Carmen Giulia Puca \" \/>                      <\/div>        <\/a>                <a class=\"bwg-a\" >          <div class=\"bwg_mosaic_thumb_spun_0 bwg-item0 bwg-mosaic-thumb-span \">            <img decoding=\"async\" class=\"bwg_mosaic_thumb_0 skip-lazy bwg_img_clear bwg_img_custom \"                 id=\"25190\"                 src=\"https:\/\/www.nonsolomodanews.it\/wordpress\/wp-content\/uploads\/photo-gallery\/carmen%20giulia%20Puca\/thumb\/30102018-DSC_1362.jpg?bwg=1624548760\"                 data-src=\"https:\/\/www.nonsolomodanews.it\/wordpress\/wp-content\/uploads\/photo-gallery\/carmen%20giulia%20Puca\/thumb\/30102018-DSC_1362.jpg?bwg=1624548760\"                 data-width=\"\"                 data-height=\"\"                 alt=\"Carmen Giulia Puca \"                 title=\"Carmen Giulia Puca \" \/>                      <\/div>        <\/a>            <\/div>    <\/div>    <style>      \/*pagination styles*\/      #bwg_container1_0 #bwg_container2_0 .tablenav-pages_0 {\t\t\t\ttext-align: center;\t\t\t\tfont-size: 12px;\t\t\t\tfont-family: segoe ui;\t\t\t\tfont-weight: bold;\t\t\t\tcolor: #666666;\t\t\t\tmargin: 6px 0 4px;\t\t\t\tdisplay: block;      }      @media only screen and (max-width : 320px) {      #bwg_container1_0 #bwg_container2_0 .displaying-num_0 {     \t display: none;      }      }      #bwg_container1_0 #bwg_container2_0 .displaying-num_0 {\t\t\t\tfont-size: 12px;\t\t\t\tfont-family: segoe ui;\t\t\t\tfont-weight: bold;\t\t\t\tcolor: #666666;\t\t\t\tmargin-right: 10px;\t\t\t\tvertical-align: middle;      }      #bwg_container1_0 #bwg_container2_0 .paging-input_0 {\t\t\t\tfont-size: 12px;\t\t\t\tfont-family: segoe ui;\t\t\t\tfont-weight: bold;\t\t\t\tcolor: #666666;\t\t\t\tvertical-align: middle;      }      #bwg_container1_0 #bwg_container2_0 .tablenav-pages_0 a.disabled,      #bwg_container1_0 #bwg_container2_0 .tablenav-pages_0 a.disabled:hover,      #bwg_container1_0 #bwg_container2_0 .tablenav-pages_0 a.disabled:focus,\t\t\t#bwg_container1_0 #bwg_container2_0 .tablenav-pages_0 input.bwg_current_page {\t\t\t\tcursor: default;\t\t\t\tcolor: rgba(102, 102, 102, 0.5);      }      #bwg_container1_0 #bwg_container2_0 .tablenav-pages_0 a,      #bwg_container1_0 #bwg_container2_0 .tablenav-pages_0 input.bwg_current_page {\t\t\t\tcursor: pointer;\t\t\t\ttext-align: center;\t\t\t\tfont-size: 12px;\t\t\t\tfont-family: segoe ui;\t\t\t\tfont-weight: bold;\t\t\t\tcolor: #666666;\t\t\t\ttext-decoration: none;\t\t\t\tpadding: 3px 6px;\t\t\t\tmargin: 0;\t\t\t\tborder-radius: 0;\t\t\t\tborder-style: solid;\t\t\t\tborder-width: 1px;\t\t\t\tborder-color: #E3E3E3;\t\t\t\t\t\t\t\tbackground-color: rgba(255, 255, 255, 1.00);\t\t\t\tbox-shadow: 0;\t\t\t\ttransition: all 0.3s ease 0s;-webkit-transition: all 0.3s ease 0s;      }      <\/style>      <span class=\"bwg_nav_cont_0\">              <div class=\"tablenav-pages_0\">                  <\/div>                <input type=\"hidden\" id=\"page_number_0\" name=\"page_number_0\" value=\"1\" \/>      <script type=\"text\/javascript\">        if( jQuery('.bwg_nav_cont_0').length > 1 ) {          jQuery('.bwg_nav_cont_0').first().remove()        }        function spider_page_0(cur, x, y, load_more) {          if (typeof load_more == \"undefined\") {            var load_more = false;          }          if (jQuery(cur).hasClass('disabled')) {            return false;          }          var items_county_0 = 1;          switch (y) {            case 1:              if (x >= items_county_0) {                document.getElementById('page_number_0').value = items_county_0;              }              else {                document.getElementById('page_number_0').value = x + 1;              }              break;            case 2:              document.getElementById('page_number_0').value = items_county_0;              break;            case -1:              if (x == 1) {                document.getElementById('page_number_0').value = 1;              }              else {                document.getElementById('page_number_0').value = x - 1;              }              break;            case -2:              document.getElementById('page_number_0').value = 1;              break;\t\t\t\t\t\tcase 0:              document.getElementById('page_number_0').value = x;              break;            default:              document.getElementById('page_number_0').value = 1;          }          bwg_ajax('gal_front_form_0', '0', 'bwg_thumbnails_mosaic_0', '0', '', 'gallery', 0, '', '', load_more, '', 1);        }                    jQuery('.first-page-0').on('click', function () {              spider_page_0(this, 1, -2, 'numeric');              return false;            });            jQuery('.prev-page-0').on('click', function () {              spider_page_0(this, 1, -1, 'numeric');              return false;            });            jQuery('.next-page-0').on('click', function () {              spider_page_0(this, 1, 1, 'numeric');              return false;            });            jQuery('.last-page-0').on('click', function () {              spider_page_0(this, 1, 2, 'numeric');              return false;            });        \t\t\t\t\/* Change page on input enter. *\/        function bwg_change_page_0( e, that ) {          if (  e.key == 'Enter' ) {            var to_page = parseInt(jQuery(that).val());            var pages_count = jQuery(that).parents(\".pagination-links\").data(\"pages-count\");            var current_url_param = jQuery(that).attr('data-url-info');            if (to_page > pages_count) {              to_page = 1;            }\t \t\t\t\t\t\t\t\t\t\t\t\tspider_page_0(this, to_page, 0, 'numeric');\t\t\t\t\t\t\treturn false;\t\t\t\t\t\t          }          return true;        }        jQuery('.bwg_load_btn_0').on('click', function () {            spider_page_0(this, 1, 1, true);            return false;        });      <\/script>      <\/span>                <\/div>        <\/form>              <\/div>    <\/div>    <script>      if (document.readyState === 'complete') {        if( typeof bwg_main_ready == 'function' ) {          if ( jQuery(\"#bwg_container1_0\").height() ) {            bwg_main_ready(jQuery(\"#bwg_container1_0\"));          }        }      } else {        document.addEventListener('DOMContentLoaded', function() {          if( typeof bwg_main_ready == 'function' ) {            if ( jQuery(\"#bwg_container1_0\").height() ) {             bwg_main_ready(jQuery(\"#bwg_container1_0\"));            }          }        });      }    <\/script>    \n<p>&nbsp;<\/p>\n","protected":false},"excerpt":{"rendered":"<p>&nbsp; Nonsolomodanews ha il piacere di presentare ai propri lettori l&rsquo;intervista e il servizio fotografico realizzato con la giovane fotomodella Carmen Giulia Puca. Ringraziamo per averci concesso questa intervista e aver realizzato gli scatti che potete vedere nella gallery.&nbsp; Ciao, benvenuta su Nonsolomodanews, ti vuoi presentare? &ldquo;Ciao a tutti, sono Carmen Giulia Puca ho 19 anni, sono nata a Lugo di Romagna il 15 maggio del 1999. Le mie misure sono 91\/67\/85, sono bassa 1.64 e ho un piede 39\/40. Ho capelli lunghezza media alla spalla con gradazioni che vanno dal castano al biondo; di natura i miei capelli sarebbero ricci, molto ricci, ma io mi ostino a piastrarli. Ho occhi a mandorla di un caldo cole castano. Mi ritengo una ragazza solare e piena d&rsquo;iniziativa, tuttavia ho dei piccoli difetti: sono testarda e disordinata&rdquo;. Come sei di carattere? &ldquo; Mi ritengo una persona vivace spontanea ed energica, che apprezza veramente ci&ograve; che la vita le ha offerto. Generalmente agisco con lealt&agrave; e mi mostro pronta ad aiutare gli altri, parallelamente questa mia caratteristica non mi rende poco risoluta.&nbsp; Cerco sempre di riempire la mia vita con una miriade di attivit&agrave; mettendo sempre al primo posto i cambiamenti e le [&hellip;]<\/p>\n","protected":false},"author":1,"featured_media":18045,"comment_status":"open","ping_status":"open","sticky":false,"template":"","format":"standard","meta":{"rop_custom_images_group":[],"rop_custom_messages_group":[],"rop_publish_now":"initial","rop_publish_now_accounts":[],"rop_publish_now_history":[],"rop_publish_now_status":"pending","footnotes":""},"categories":[16],"tags":[282,2731,488,588,1099],"class_list":["post-18043","post","type-post","status-publish","format-standard","has-post-thumbnail","hentry","category-articolo","tag-bruno-angelo-porcellana-ph","tag-carmen-giulia-puca","tag-emilia-romagna","tag-fotomodella","tag-nonsolomodanews"],"_links":{"self":[{"href":"https:\/\/www.nonsolomodanews.it\/wordpress\/wp-json\/wp\/v2\/posts\/18043","targetHints":{"allow":["GET"]}}],"collection":[{"href":"https:\/\/www.nonsolomodanews.it\/wordpress\/wp-json\/wp\/v2\/posts"}],"about":[{"href":"https:\/\/www.nonsolomodanews.it\/wordpress\/wp-json\/wp\/v2\/types\/post"}],"author":[{"embeddable":true,"href":"https:\/\/www.nonsolomodanews.it\/wordpress\/wp-json\/wp\/v2\/users\/1"}],"replies":[{"embeddable":true,"href":"https:\/\/www.nonsolomodanews.it\/wordpress\/wp-json\/wp\/v2\/comments?post=18043"}],"version-history":[{"count":3,"href":"https:\/\/www.nonsolomodanews.it\/wordpress\/wp-json\/wp\/v2\/posts\/18043\/revisions"}],"predecessor-version":[{"id":18048,"href":"https:\/\/www.nonsolomodanews.it\/wordpress\/wp-json\/wp\/v2\/posts\/18043\/revisions\/18048"}],"wp:featuredmedia":[{"embeddable":true,"href":"https:\/\/www.nonsolomodanews.it\/wordpress\/wp-json\/wp\/v2\/media\/18045"}],"wp:attachment":[{"href":"https:\/\/www.nonsolomodanews.it\/wordpress\/wp-json\/wp\/v2\/media?parent=18043"}],"wp:term":[{"taxonomy":"category","embeddable":true,"href":"https:\/\/www.nonsolomodanews.it\/wordpress\/wp-json\/wp\/v2\/categories?post=18043"},{"taxonomy":"post_tag","embeddable":true,"href":"https:\/\/www.nonsolomodanews.it\/wordpress\/wp-json\/wp\/v2\/tags?post=18043"}],"curies":[{"name":"wp","href":"https:\/\/api.w.org\/{rel}","templated":true}]}}