{"id":18027,"date":"2018-11-03T15:00:04","date_gmt":"2018-11-03T15:00:04","guid":{"rendered":"http:\/\/www.nonsolomodanews.it\/wordpress\/?p=18027"},"modified":"2018-11-03T15:00:04","modified_gmt":"2018-11-03T15:00:04","slug":"intervista-con-gabriella-dalessandro-miss-valcomino-2017-e-fotomodella-italiana-2017","status":"publish","type":"post","link":"https:\/\/www.nonsolomodanews.it\/wordpress\/intervista-con-gabriella-dalessandro-miss-valcomino-2017-e-fotomodella-italiana-2017\/","title":{"rendered":"Intervista con Gabriella d&#8217;Alessandro, Miss Valcomino 2017 e Fotomodella italiana 2017"},"content":{"rendered":"<p>&nbsp;<\/p>\n<div id=\"attachment_18017\" style=\"width: 210px\" class=\"wp-caption alignleft\"><a href=\"http:\/\/www.nonsolomodanews.it\/wordpress\/wp-content\/uploads\/2018\/11\/2.png\"><img loading=\"lazy\" decoding=\"async\" aria-describedby=\"caption-attachment-18017\" class=\"size-medium wp-image-18017\" src=\"http:\/\/www.nonsolomodanews.it\/wordpress\/wp-content\/uploads\/2018\/11\/2-200x300.png\" alt=\"\" width=\"200\" height=\"300\" srcset=\"https:\/\/www.nonsolomodanews.it\/wordpress\/wp-content\/uploads\/2018\/11\/2-200x300.png 200w, https:\/\/www.nonsolomodanews.it\/wordpress\/wp-content\/uploads\/2018\/11\/2-768x1152.png 768w, https:\/\/www.nonsolomodanews.it\/wordpress\/wp-content\/uploads\/2018\/11\/2-683x1024.png 683w, https:\/\/www.nonsolomodanews.it\/wordpress\/wp-content\/uploads\/2018\/11\/2.png 1067w\" sizes=\"auto, (max-width: 200px) 100vw, 200px\" \/><\/a><p id=\"caption-attachment-18017\" class=\"wp-caption-text\">Gabriella d&#8217;Alessandro Miss Valcomino 2017<\/p><\/div>\n<p><span style=\"color: #000000;\"><strong>Nonsolomodanews<\/strong> ha il piacere di intervistare Gabriella d&#8217;Alessandro, giovane Miss Valcomino 2017 (uscente) e Fotomodella 2017.\u00a0La valle di Comino \u00e8 situata in provincia di Frosinone, ma nell&#8217;area appartenente storicamente all&#8217;Alta Terra di Lavoro, a ridosso dell&#8217;Appennino abruzzese del Parco nazionale d&#8217;Abruzzo, Lazio e Molise. Grazie a Gabriella per averci concesso questa intervista e tutto lo staff di Miss Valcomino e Fotomodella Italiana. Auguriamo ai lettori di Nonsolomodanews buona lettura.\u00a0<\/span><\/p>\n<p><!--more--><\/p>\n<p><span style=\"color: #000000;\"><strong>Ciao Gabriella\u00a0 cosa \u00e8 stato per te essere miss Valcomino 2017? <\/strong><em>\u201cMiss Valcomino 2017 \u00e8 stata un esperienza ed un percorso bellissimo, che porter\u00f2 sempre con me, anche perch\u00e9 mi ha fatta crescere anche professionalmente\u201d.<\/em><\/span><\/p>\n<p><span style=\"color: #000000;\"><strong>Che cambiamenti ha portato nella tua vita sia di tutti i giorni ma anche professionale \u00e8 un\u2019esperienza che tu consigli alle ragazze della valle di Comino?<\/strong><em> \u201cQuesta \u00e8 sicuramente un&#8217;esperienza che, consiglio a tutte le ragazze della valle di Comino, perch\u00e9 far conoscere e promuovere il territorio ma anche tutti\u00a0 i vari\u00a0 prodotti \u00e8 una cosa fantastica\u201d.<\/em><\/span><\/p>\n<p><span style=\"color: #000000;\"><strong>\u00a0Parlami del tuo viaggio in Francia che esperienza \u00e8 stata per te<\/strong><em> \u201cPer me\u00a0 il viaggio in Francia \u00e8 stato davvero un sogno perch\u00e9 arrivare l\u00ec \u00e8 vedere che tutte le persone mi accoglievano molto bene, mi ha riempito il cuore di gioia. Questo viaggio \u00e8 stato un traguardo importante ma spero anche un punto di inizio\u201d.<\/em><\/span><\/p>\n<div id=\"attachment_18018\" style=\"width: 210px\" class=\"wp-caption aligncenter\"><a href=\"http:\/\/www.nonsolomodanews.it\/wordpress\/wp-content\/uploads\/2018\/11\/8.png\"><img loading=\"lazy\" decoding=\"async\" aria-describedby=\"caption-attachment-18018\" class=\"size-medium wp-image-18018\" src=\"http:\/\/www.nonsolomodanews.it\/wordpress\/wp-content\/uploads\/2018\/11\/8-200x300.png\" alt=\"\" width=\"200\" height=\"300\" srcset=\"https:\/\/www.nonsolomodanews.it\/wordpress\/wp-content\/uploads\/2018\/11\/8-200x300.png 200w, https:\/\/www.nonsolomodanews.it\/wordpress\/wp-content\/uploads\/2018\/11\/8-684x1024.png 684w, https:\/\/www.nonsolomodanews.it\/wordpress\/wp-content\/uploads\/2018\/11\/8.png 753w\" sizes=\"auto, (max-width: 200px) 100vw, 200px\" \/><\/a><p id=\"caption-attachment-18018\" class=\"wp-caption-text\">Gabriella d&#8217;Alessandro Fotomodella Italiana 2018<\/p><\/div>\n<p><span style=\"color: #000000;\"><strong>Che progetti futuri hai?<\/strong><em> \u201cBene i miei progetti futuri sono studiare in accademia per diventare una modellista e lavorare\u00a0 nel cinema\u201d.<\/em><\/span><\/p>\n<p><span style=\"color: #000000;\"><strong>Ancora per pochi mesi sei anche la Fotomodella italiana 2017 un doppio lavoro, come ti sei trovata?<\/strong><em> \u201cPer quando riguarda la fotomodella italiana io mi sono trovata davvero benissimo e questa \u00e8 un\u2019altra esperienza importante che consiglio a tutte le ragazze, anche perch\u00e9 in entrambi i concorsi ho avuto persone serie ed uniche al mio fianco\u201d.<\/em><\/span><\/p>\n<p><span style=\"color: #000000;\"><strong>Hai un sogno nel cassetto e se si ce ne vuoi parlare? <\/strong><em>\u201c<\/em><em>Be il mio sogno come citato prima \u00e8 finire gli studi in accademia appunto fashion designer e diventare una modellista per lavorare nel cinema. Una cosa \u00e8 certa che io non smetter\u00f2 mai di ringraziare gli organizzatori, perch\u00e9 mi avete sempre supportata ed avete sempre creduto in me&#8230; Grazie\u201d.<\/em><\/span><\/p>\n<p style=\"text-align: center;\"><span style=\"color: #000000;\">Le immagini sono fornite dagli organizzatori \u2013 I crediti appartengono ai relativi fotografi<\/span><br \/>\n<span style=\"color: #000000;\">Tutti i diritti riservati \u00a9 2018 \u2013 Email: nonsolomodanews@gmail.com<em>\u00a0<\/em><\/span><\/p>\n<p><em>\u00a0<\/em><\/p>\n","protected":false},"excerpt":{"rendered":"<p>&nbsp; Nonsolomodanews ha il piacere di intervistare Gabriella d&rsquo;Alessandro, giovane Miss Valcomino 2017 (uscente) e Fotomodella 2017.&nbsp;La valle di Comino &egrave; situata in provincia di Frosinone, ma nell&rsquo;area appartenente storicamente all&rsquo;Alta Terra di Lavoro, a ridosso dell&rsquo;Appennino abruzzese del Parco nazionale d&rsquo;Abruzzo, Lazio e Molise. Grazie a Gabriella per averci concesso questa intervista e tutto lo staff di Miss Valcomino e Fotomodella Italiana. Auguriamo ai lettori di Nonsolomodanews buona lettura.&nbsp;<\/p>\n","protected":false},"author":1,"featured_media":18025,"comment_status":"open","ping_status":"open","sticky":false,"template":"","format":"standard","meta":{"rop_custom_images_group":[],"rop_custom_messages_group":[],"rop_publish_now":"initial","rop_publish_now_accounts":[],"rop_publish_now_history":[],"rop_publish_now_status":"pending","footnotes":""},"categories":[16],"tags":[589,1641,2724,819,843,888,2723,2725],"class_list":["post-18027","post","type-post","status-publish","format-standard","has-post-thumbnail","hentry","category-articolo","tag-fotomodella-italiana","tag-frosinone","tag-gabriella-dalessandro","tag-lazio","tag-lombardia","tag-mantova","tag-miss-val-comino","tag-val-comino"],"_links":{"self":[{"href":"https:\/\/www.nonsolomodanews.it\/wordpress\/wp-json\/wp\/v2\/posts\/18027","targetHints":{"allow":["GET"]}}],"collection":[{"href":"https:\/\/www.nonsolomodanews.it\/wordpress\/wp-json\/wp\/v2\/posts"}],"about":[{"href":"https:\/\/www.nonsolomodanews.it\/wordpress\/wp-json\/wp\/v2\/types\/post"}],"author":[{"embeddable":true,"href":"https:\/\/www.nonsolomodanews.it\/wordpress\/wp-json\/wp\/v2\/users\/1"}],"replies":[{"embeddable":true,"href":"https:\/\/www.nonsolomodanews.it\/wordpress\/wp-json\/wp\/v2\/comments?post=18027"}],"version-history":[{"count":1,"href":"https:\/\/www.nonsolomodanews.it\/wordpress\/wp-json\/wp\/v2\/posts\/18027\/revisions"}],"predecessor-version":[{"id":18028,"href":"https:\/\/www.nonsolomodanews.it\/wordpress\/wp-json\/wp\/v2\/posts\/18027\/revisions\/18028"}],"wp:featuredmedia":[{"embeddable":true,"href":"https:\/\/www.nonsolomodanews.it\/wordpress\/wp-json\/wp\/v2\/media\/18025"}],"wp:attachment":[{"href":"https:\/\/www.nonsolomodanews.it\/wordpress\/wp-json\/wp\/v2\/media?parent=18027"}],"wp:term":[{"taxonomy":"category","embeddable":true,"href":"https:\/\/www.nonsolomodanews.it\/wordpress\/wp-json\/wp\/v2\/categories?post=18027"},{"taxonomy":"post_tag","embeddable":true,"href":"https:\/\/www.nonsolomodanews.it\/wordpress\/wp-json\/wp\/v2\/tags?post=18027"}],"curies":[{"name":"wp","href":"https:\/\/api.w.org\/{rel}","templated":true}]}}