{"id":17830,"date":"2018-10-01T09:16:15","date_gmt":"2018-10-01T09:16:15","guid":{"rendered":"http:\/\/www.nonsolomodanews.it\/wordpress\/?p=17830"},"modified":"2018-10-08T10:49:05","modified_gmt":"2018-10-08T10:49:05","slug":"giulia-minotti-venere-nonsolomodanews-2018-del-concorso-venere-ditalia","status":"publish","type":"post","link":"https:\/\/www.nonsolomodanews.it\/wordpress\/giulia-minotti-venere-nonsolomodanews-2018-del-concorso-venere-ditalia\/","title":{"rendered":"Giulia Minotti, Venere Nonsolomodanews 2018 del concorso Venere d&#8217;Italia"},"content":{"rendered":"<p><span style=\"color: #000000;\"><strong><a href=\"http:\/\/www.nonsolomodanews.it\/wordpress\/wp-content\/uploads\/2018\/10\/20180918_201746.jpg\"><img loading=\"lazy\" decoding=\"async\" class=\"size-medium wp-image-17833 alignleft\" src=\"http:\/\/www.nonsolomodanews.it\/wordpress\/wp-content\/uploads\/2018\/10\/20180918_201746-189x300.jpg\" alt=\"\" width=\"189\" height=\"300\" srcset=\"https:\/\/www.nonsolomodanews.it\/wordpress\/wp-content\/uploads\/2018\/10\/20180918_201746-189x300.jpg 189w, https:\/\/www.nonsolomodanews.it\/wordpress\/wp-content\/uploads\/2018\/10\/20180918_201746-768x1219.jpg 768w, https:\/\/www.nonsolomodanews.it\/wordpress\/wp-content\/uploads\/2018\/10\/20180918_201746-645x1024.jpg 645w, https:\/\/www.nonsolomodanews.it\/wordpress\/wp-content\/uploads\/2018\/10\/20180918_201746.jpg 1014w\" sizes=\"auto, (max-width: 189px) 100vw, 189px\" \/><\/a>Nonsolomodanews<\/strong> ha il piacere di presentare ai propri lettori le ragazze che hanno partecipato alla finale nazionale del concorso <a href=\"http:\/\/www.nonsolomodanews.it\/wordpress\/diana-trandafir-e-la-venere-ditalia-2018\/\">Venere d&#8217;Italia<\/a> che si \u00e8 svolto a <\/span><span style=\"color: #000000;\">Cir\u00f2 Marina (Kr). Iniziamo con la giovanissima<strong> Giulia Minotti<\/strong> <em>Miss Nonsomodanews 2018<\/em>.\u00a0 Ringraziamo Giulia e auguriamo ai lettori di Nonsolomodanews buona lettura.\u00a0<\/span><\/p>\n<p><!--more--><\/p>\n<p><span style=\"color: #000000;\"><strong>Ti vuoi presentare? <\/strong>\u00a0<em>\u201cSono Giulia Minotti, sono alta 1,70m e le mie misure sono 85, 60, 90. Ho gli occhi marroni, i capli castani e porto un 38 di scarpe. Sono nata a Lagosanto e risiedo a Migliaro in provincia di Ferrara\u201d.<\/em><\/span><\/p>\n<p><span style=\"color: #000000;\"><strong>Complimenti per avere conquistato la fascia di &#8220;Venere Nonsolomodanews 2018&#8221;. <\/strong><\/span><\/p>\n<p><span style=\"color: #000000;\"><strong>Ci dici in due parole le emozioni che hai provato partecipando al concorso? <\/strong><\/span><span style=\"color: #000000;\"><em>\u201c\u00c8 stato qualcosa di sorprendente ed emozionante. Non credevo di poter arrivare fra le prime dodici e di vincere la fascia per una rivista importante. \u00c8 stato davvero qualcosa di sbalorditivo. Ne esco molto soddisfatta pur non avendo raggiunto il podio\u201d.<\/em><\/span><\/p>\n<p><span style=\"color: #000000;\"><strong>Come sei giunta alla finale nazionale?<\/strong> <em>\u201cHo iniziato per scherzo, per sfida personale facendo qualche selezione verso la fine di giugno. Pi\u00f9 continuavo pi\u00f9 i risultati arrivavano, come la selezione da finalista nazionale\u201d.<\/em><\/span><\/p>\n<p><span style=\"color: #000000;\"><strong>Come sei di carattere? <\/strong><\/span><span style=\"color: #000000;\"><em>\u201cSono una persona molto sensibile, mi emoziono per le piccole cose, come un tramonto, una canzone che tocca certe corde. Sono solare, dotata di autoironia e sempre disponibile ad ascoltare le persone, un po\u2019 meno a parlare di me stessa. Mi vedo introversa e timida se sono in un gruppo di persone che non conosco, ma quando mi apro sono molto chiacchierona e dalla risata facile. Sono molto riflessiva e razionale, forse troppo, so per\u00f2 di poter provare delle forti emozioni e passioni\u201d.<\/em><\/span><\/p>\n<p><span style=\"color: #000000;\"><strong>Qual \u00e8 il\u00a0 tuo rapporto con gli animali? <\/strong><\/span><span style=\"color: #000000;\"><em>\u201cAmo tutti gli animali, senza distinzioni. Mi piacciono soprattutto i gatti perch\u00e9 li vedo come simbolo di indipendenza, a casa mia infatti ne ho due\u201d.<\/em><\/span><\/p>\n<p><span style=\"color: #000000;\"><strong>Qual \u00e8 il colore preferito? <\/strong><\/span><span style=\"color: #000000;\">\u201cIl mio colore preferito \u00e8 il blu notte\u201d.<\/span><\/p>\n<p><span style=\"color: #000000;\"><strong>Che cosa \u00e8 per te la femminilit\u00e0? <\/strong><\/span><span style=\"color: #000000;\"><em>\u201cLa femminilit\u00e0 rappresenta per me un valorizzare i nostri punti forti, rendendoli di conseguenza attraenti. Non strafare ma puntare sui particolari. Significa puntare sull\u2019essenza che ogni donna ha. \u00c8 inutile costringersi a camminare sui tacchi per esser femminili, se cos\u00ec facendo sembriamo solo pi\u00f9 sgraziate\u201d.<\/em><\/span><\/p>\n<p><span style=\"color: #000000;\"><strong>Pensi che presentarti davanti al pubblico in costume possa ledere la tua femminilit\u00e0? <\/strong><\/span><span style=\"color: #000000;\"><em>\u201cNon credo, anzi, se si hanno modi e raffinatezza pu\u00f2 essere solo un modo per dimostrare che un costume non rende volgare una donna\u201d.<\/em><\/span><\/p>\n<p><span style=\"color: #000000;\"><strong>Meglio essere o apparire?<\/strong> <strong>Ci parli delle tue esperienze di modella e fotomodella? <\/strong><\/span><span style=\"color: #000000;\"><em>\u201cDi sicuro essere. Quando si \u00e8, piacendo o non, si verr\u00e0 di sicuro notati per la propria particolarit\u00e0, propria di ogni uomo, e penso che sia un traguardo che tutti dovrebbero raggiungere.\u00a0 <\/em><\/span><span style=\"color: #000000;\"><em>A parte un servizio a 13 anni, ho ricominciato in concomitanza con le selezioni, sfilando per atelier da sposa e altre boutique, facendo servizi fotografici (seppur pochi) e avendo un\u2019esperienza (davvero bella) di body painting\u201d.<\/em><\/span><\/p>\n<p><span style=\"color: #000000;\"><strong>Quando hai iniziato a posare?\u00a0 <\/strong><\/span><span style=\"color: #000000;\"><em>\u201cHo fatto il mio primo servizio quando avevo 13 anni, per poi smettere. Ho ricominciato in concomitanza con l\u2019inizio delle sfilate e selzioni per il concorso quest\u2019anno\u201d.<\/em><\/span><\/p>\n<p><span style=\"color: #000000;\"><strong>Quali sono i generi fotografici che preferisci e perch\u00e9? <\/strong><\/span><span style=\"color: #000000;\"><em>\u201cPreferisco i ritratti, perch\u00e9 penso che il viso possa essere una delle nostre espressioni pi\u00f9 grandi, e le fotografie glamour per esprimere il nostro estro\u201d.<\/em><\/span><\/p>\n<p><span style=\"color: #000000;\"><strong>Hai un progetto fotografico ti piacerebbe realizzare e perch\u00e9? <\/strong><\/span><span style=\"color: #000000;\"><em>\u201cMi piacerebbe poter posare in un qualche luogo immerso nella natura, magari al tramonto (uno dei miei momenti preferiti della giornata). Principalmente perch\u00e9 penso che una luce naturale dia dei colori migliori, un\u2019atmosfera diversa da quella dello studio, poi per me stessa, adoro stare in mezzo alla natura, quindi avere delle foto professionali l\u00ec sarebbe fantastico\u201d.<\/em><\/span><\/p>\n<p><span style=\"color: #000000;\"><strong>Segui e pratichi qualche sport in particolare? <\/strong><\/span><span style=\"color: #000000;\"><em>\u201cSeguo moltissimo il calcio, andavo anche a tifare la mia squadra (Spal) nella sua curva. Non pratico per\u00f2 nessuno sport, anche se vorrei iniziare latino americano\u201d.<\/em><\/span><\/p>\n<p><span style=\"color: #000000;\"><strong>Hai degli hobby? <\/strong><em>&#8220;<\/em><\/span><span style=\"color: #000000;\"><em>Suono il pianoforte per passione e amo la musica che mi accompagna ogni giorno appena posso ascoltarla. Mi piace tantissimo leggere, lo vedo come un modo per evadere, per conoscere e per sognare\u201d. <\/em><\/span><\/p>\n<p><span style=\"color: #000000;\"><strong>Qual \u00e8 il rapporto con la tecnologia e in modo particolare con il telefono? <\/strong><\/span><span style=\"color: #000000;\"><em>\u201cIl telefono mi accompagna tutti i giorni, pi\u00f9 che altro per poter rimanere in contatto con gli amici, molti dei quali non riesco a vedere anche per una settimana. La televisione o il computer non li guardo spesso \u201ca causa\u201d degli impegni e dello studio\u201d.<\/em><\/span><\/p>\n<p><span style=\"color: #000000;\"><strong>Potresti vivere senza i social? <\/strong><\/span><span style=\"color: #000000;\"><em>\u201cCredo che ormai siano una realt\u00e0 radicata nella societ\u00e0, anche un portale per lanciare dei messaggi che possono aiutare, per condividere arte et simili, quindi non vedendoli in modo solo negativo direi di no\u201d.<\/em><\/span><\/p>\n<p><span style=\"color: #000000;\"><strong>Quali sono i tuoi riferimenti sui social, FB, Instagram e se ne hai altri in modo tale chi volesse seguirti lo pu\u00f2 fare senza sbagliare. \u00a0 <\/strong><\/span><span style=\"color: #000000;\"><em>\u201cSu Facebook mi si pu\u00f2 trovare come &lt;&lt;Giulia Minotti&gt;&gt;, Instagram come &lt;&lt;giulia_minotti&gt;&gt; \u201d.<\/em><\/span><\/p>\n<p><span style=\"color: #000000;\"><strong>Qual \u00e8 il tuo rapporto con il cibo <\/strong><\/span><span style=\"color: #000000;\"><em>\u201cNon seguo diete e principalmente mangio ci\u00f2 di cui ho voglia. Amo molto cucinare perci\u00f2 quando ho tempo mi sbizzarrisco\u201d.<\/em><\/span><\/p>\n<p><span style=\"color: #000000;\"><strong>Qual \u00e8 il piatto che ti piace di pi\u00f9? <\/strong><\/span><span style=\"color: #000000;\"><em>\u201cCarbonara, un classico insormontabile, ma anche i cappelletti in brodo (tipici Ferraresi) della nonna\u201d.<\/em><\/span><\/p>\n<p><span style=\"color: #000000;\"><strong>Hai una modella che conosci e alla quale ti ispiri? <\/strong><\/span><span style=\"color: #000000;\"><em>\u201cPrincipalmente Naomi Campbell, una raffinatezza, una femminilit\u00e0 e un modo di camminare a dir poco unico\u201d.<\/em><\/span><\/p>\n<p><span style=\"color: #000000;\"><strong>Che cos&#8217;\u00e8 per te la moda? <\/strong><\/span><span style=\"color: #000000;\"><em>\u201cLa moda non \u00e8 solo apparire, \u00e8 uno dei modi che l\u2019uomo ha per esprimersi e grazie alla quale cercher\u00e0 sempre di farlo. Qualcosa che indossiamo, che gli altri vedono e che ci fa star bene con noi stessi. \u00c8 qualcosa spesso che accomuna le persone, un po\u2019 per mentalit\u00e0 diversa da ogni generazione\u201d.<\/em><\/span><\/p>\n<p><span style=\"color: #000000;\"><strong>Qual \u00e8 l&#8217;accessorio che non ti stacchi mai quando esci?\u00a0 <\/strong><em>&#8220;<\/em><\/span><span style=\"color: #000000;\"><em>Non ho accessori particolari, li cambio anche in base a ci\u00f2 che indosso. Ho \u2154 orecchini che per\u00f2 non tolgo mai\u201d.<\/em><\/span><\/p>\n<p><span style=\"color: #000000;\"><strong>Come \u00e8 stato il rapporto con le altre concorrenti del concorso? E&#8217; nata qualche nuova amicizia?<\/strong><\/span>\u00a0<em>&#8220;H<\/em><span style=\"color: #000000;\"><em>o cercato il pi\u00f9 possibile di socializzare e le concorrenti mi hanno assecondata in questa cosa. Ho chiacchierato e persino ballato con ragazze delle altre regioni. \u00c8 stata una concorrenza positiva e mai oltre il limite. Non ho per\u00f2 instaurato nessuna particolare amicizia\u201d.<\/em><\/span><\/p>\n<p><span style=\"color: #000000;\"><strong>Se avessi di fronte a te la vincitrice del concorso che cosa le vorresti dire? <\/strong><\/span><span style=\"color: #000000;\"><em>\u201cLe direi che \u00e8 stato un primo posto super meritato, quando ci misero in gruppo per l\u2019assegnazione dei numeri, maglie e costume fu quella che realmente mi colp\u00ec di pi\u00f9; bellezza, classe e portamento, lei le ha tutte\u201d.<\/em><\/span><\/p>\n<p><span style=\"color: #000000;\"><strong>Sogno nel cassetto? <\/strong><\/span><span style=\"color: #000000;\"><em>\u201cSono due: diventare una modella per l\u2019alta moda (per marche come D&amp;G che esprimono tutta la tradizione italiana), ma anche psicologa perch\u00e9 penso che pi\u00f9 si vada avanti pi\u00f9 l\u2019essere umano abbia bisogno di essere ascoltato e capito; sarei felice di aiutare nel mio piccolo\u201d.<\/em><\/span><\/p>\n<p><span style=\"color: #000000;\"><strong>Ultima domanda, hai qualche persona in particolare da ringraziare per la tua partecipazione al concorso Venere d\u2019Italia? <\/strong><\/span><em><span style=\"color: #000000;\">\u201cRingrazio infinitamente mia madre che \u00e8 stata la prima ad incoraggiarmi in questa cosa. Ringrazio Marco Fabbri, Cinzia Nassi Tinarelli e Marika Poldrugovac dell\u2019agenzia Miss Fashion Victim che hanno gestito Venere d\u2019Italia Emilia Romagna sempre disponibili verso le ragazze. Ringrazio anche le altre finaliste Nazionali<\/span> <span style=\"color: #000000;\">della mia regione, sempre solari e mai invidiose e che mi hanno sempre sostenuta\u201d.<\/span><\/em><\/p>\n<p><a href=\"https:\/\/www.facebook.com\/bruno.a.porcellana\"><strong>Bruno Angelo Porcellana<\/strong><\/a><\/p>\n<p style=\"text-align: center;\"><span style=\"display: inline !important; float: none; background-color: transparent; color: #242424; font-family: 'Lora',sans-serif; font-size: 14px; font-style: normal; font-variant: normal; font-weight: 400; letter-spacing: normal; line-height: 24px; orphans: 2; text-align: center; text-decoration: none; text-indent: 0px; text-transform: none; -webkit-text-stroke-width: 0px; white-space: normal; word-spacing: 0px;\">Le fotografie sono state fornite da Giulia Minotti. I diritti appartangono ai relativi fotografi.<\/span><br \/>\n<strong>Tutti i diritti riservati \u00a9 2018 \u2013 Email: nonsolomodanews@gmail.com<\/strong><br \/>\n<span style=\"display: inline !important; float: none; background-color: transparent; color: #242424; font-family: 'Lora',sans-serif; font-size: 14px; font-style: normal; font-variant: normal; font-weight: 400; letter-spacing: normal; line-height: 24px; orphans: 2; text-align: center; text-decoration: none; text-indent: 0px; text-transform: none; -webkit-text-stroke-width: 0px; white-space: normal; word-spacing: 0px;\"> E\u2019 vietata la riproduzione senza l\u2019autorizzazione scritta.\u00a0 Ogni abuso verr\u00e0 perseguito a termini di legge<\/span><\/p>\n<style id=\"bwg-style-0\">      #bwg_container1_0 #bwg_container2_0 #bwg_mosaic_thumbnails_div_0 {        width: 100%;        position: relative;        background-color: rgba(255, 255, 255, 0.00);        text-align: center;        justify-content: center;                  margin-left: auto;          margin-right: auto;                    padding-left: 4px;          padding-top: 4px;                }          #bwg_container1_0 #bwg_container2_0 .bwg_mosaic_thumb_spun_0 {        display: block;        position: absolute;\t\t\t\tborder-radius: 0;\t\t\t\tborder: 0px none #CCCCCC;    \t\t    \t\tbackground-color:rgba(0,0,0, 0.30);        -moz-box-sizing: content-box !important;        -webkit-box-sizing: content-box !important;        box-sizing: content-box !important;      }\t\t\t#bwg_container1_0 #bwg_container2_0 .bwg_mosaic_thumb_0 {\t\t\t\tdisplay: block;\t\t\t\t-moz-box-sizing: content-box !important;\t\t\t\t-webkit-box-sizing: content-box !important;\t\t\t\tbox-sizing: content-box !important;\t\t\t\tmargin: 0;\t\t\t\topacity: 1.00;\t\t\t}      #bwg_container1_0 #bwg_container2_0 .bwg_mosaic_thumb_spun_0:hover {        opacity: 1;        backface-visibility: hidden;        -webkit-backface-visibility: hidden;        -moz-backface-visibility: hidden;        -ms-backface-visibility: hidden;        z-index: 102;      }\t      @media only screen and (min-width: 480px) {        #bwg_container1_0 #bwg_container2_0 .bwg_mosaic_thumb_spun_0:hover {          transform: scale(1.1);          -ms-transform: scale(1.1);          -webkit-transform: scale(1.1);        }      }\t      #bwg_container1_0 #bwg_container2_0 .bwg_mosaic_thumbnails_0 {        background-color: rgba(255, 255, 255, 0.00);        font-size: 0;        position: relative;        text-align: center;        display: inline-block;        visibility: hidden;              }\t  \/*image title styles*\/      #bwg_container1_0 #bwg_container2_0 .bwg_mosaic_title_spun1_0,      #bwg_container1_0 #bwg_container2_0 .bwg-mosaic-thumbnails .bwg_ecommerce_spun1_0 {        position: absolute;        display: block;        opacity: 0;        box-sizing: border-box;        text-align: center;\t\t\t\ttop: 50%;\t\t\t\tleft: 50%;\t\t\t\ttransform: translate(-50%, -50%);      }      #bwg_container1_0 #bwg_container2_0 .bwg-mosaic-thumbnails .bwg_mosaic_title_spun2_0,      #bwg_container1_0 #bwg_container2_0 .bwg-mosaic-thumbnails .bwg_ecommerce_spun2_0 {\t\t    color: #CCCCCC;        font-family: segoe ui;        font-size: 16px;        font-weight: bold;        text-shadow: 0px 0px 0px #888888;        vertical-align: middle;        word-wrap: break-word;      }            .bwg_mosaic_play_icon_spun_0 {        display: table;        position: absolute;        left: -10000px;        top: 0px;        opacity: 0;      }      .bwg_mosaic_play_icon_0 {        color: #CCCCCC;        font-size: 32px;        vertical-align: middle;        display: table-cell !important;        z-index: 1;        text-align: center;        margin: 0 auto;      }      #bwg_container1_0 #bwg_container2_0 .bwg_gal_title_0 {        background-color: rgba(0, 0, 0, 0);        color: #323A45;        display: block;        font-family: Ubuntu;        font-size: 16px;        font-weight: bold;        padding: 2px;        text-shadow: ;        text-align: center;      }            @media screen and (max-width: 280px) {      div[class^=\"bwg_mosaic_thumbnails_\"],      span[class^=\"bwg_mosaic_thumb_spun_\"] {      width: 100% !important;      }      img[class^=\"bwg_mosaic_thumb_\"] {      width: 100% !important;      height: auto !important;      margin: 0px auto !important;      }      }      <\/style>    <div id=\"bwg_container1_0\"         class=\"bwg_container bwg_thumbnail bwg_thumbnails_mosaic \"         data-right-click-protection=\"0\"         data-bwg=\"0\"         data-scroll=\"0\"         data-gallery-type=\"thumbnails_mosaic\"         data-gallery-view-type=\"thumbnails_mosaic\"         data-current-url=\"\/wordpress\/wp-json\/wp\/v2\/posts\/17830\"         data-lightbox-url=\"https:\/\/www.nonsolomodanews.it\/wordpress\/wp-admin\/admin-ajax.php?action=GalleryBox&#038;current_view=0&#038;gallery_id=290&#038;tag=0&#038;theme_id=1&#038;shortcode_id=309&#038;sort_by=order&#038;order_by=asc&#038;current_url=%2Fwordpress%2Fwp-json%2Fwp%2Fv2%2Fposts%2F17830\"         data-gallery-id=\"290\"         data-popup-width=\"800\"         data-popup-height=\"500\"         data-is-album=\"gallery\"         data-buttons-position=\"bottom\">      <div id=\"bwg_container2_0\">             <div id=\"ajax_loading_0\" class=\"bwg_loading_div_1\">      <div class=\"bwg_loading_div_2\">        <div class=\"bwg_loading_div_3\">          <div id=\"loading_div_0\" class=\"bwg_spider_ajax_loading\">          <\/div>        <\/div>      <\/div>    <\/div>            <form id=\"gal_front_form_0\"              class=\"bwg-hidden\"              method=\"post\"              action=\"#\"              data-current=\"0\"              data-shortcode-id=\"309\"              data-gallery-type=\"thumbnails_mosaic\"              data-gallery-id=\"290\"              data-tag=\"0\"              data-album-id=\"0\"              data-theme-id=\"1\"              data-ajax-url=\"https:\/\/www.nonsolomodanews.it\/wordpress\/wp-admin\/admin-ajax.php?action=bwg_frontend_data\">          <div id=\"bwg_container3_0\" class=\"bwg-background bwg-background-0\">                <div id=\"bwg_mosaic_thumbnails_div_0\"         class=\"bwg-container-0 bwg-container bwg-mosaic-thumbnails\"         data-bwg=\"0\"         data-mosaic-direction=\"vertical\"         data-resizable=\"0\"         data-width=\"180\"         data-height=\"90\"         data-total-width=\"100\"         data-block-id=\"bwg_thumbnails_mosaic_0\"         data-thumb-padding=\"4\"         data-thumb-border=\"0\"         data-title-margin=\"2px\"         data-image-title=\"none\"         data-play-icon=\"1\"         data-ecommerce-icon=\"none\"         data-gallery-id=\"290\"         data-lightbox-url=\"https:\/\/www.nonsolomodanews.it\/wordpress\/wp-admin\/admin-ajax.php?action=GalleryBox&#038;current_view=0&#038;gallery_id=290&#038;tag=0&#038;theme_id=1&#038;shortcode_id=309&#038;sort_by=order&#038;order_by=asc&#038;current_url=%2Fwordpress%2Fwp-json%2Fwp%2Fv2%2Fposts%2F17830\"         data-mosaic-thumb-transition=\"1\"         style=\"visibility: hidden\" >      <div id=\"bwg_thumbnails_mosaic_0\" class=\"bwg_mosaic_thumbnails_0\">                  <a class=\"bwg-a\" >          <div class=\"bwg_mosaic_thumb_spun_0 bwg-item0 bwg-mosaic-thumb-span \">            <img decoding=\"async\" class=\"bwg_mosaic_thumb_0 skip-lazy bwg_img_clear bwg_img_custom \"                 id=\"25010\"                 src=\"https:\/\/www.nonsolomodanews.it\/wordpress\/wp-content\/uploads\/photo-gallery\/Giulia%20Minotti\/thumb\/IMG_0659-1.JPG?bwg=1624548760\"                 data-src=\"https:\/\/www.nonsolomodanews.it\/wordpress\/wp-content\/uploads\/photo-gallery\/Giulia%20Minotti\/thumb\/IMG_0659-1.JPG?bwg=1624548760\"                 data-width=\"\"                 data-height=\"\"                 alt=\"IMG_0659-1\"                 title=\"IMG_0659-1\" \/>                      <\/div>        <\/a>                <a class=\"bwg-a\" >          <div class=\"bwg_mosaic_thumb_spun_0 bwg-item0 bwg-mosaic-thumb-span \">            <img decoding=\"async\" class=\"bwg_mosaic_thumb_0 skip-lazy bwg_img_clear bwg_img_custom \"                 id=\"25009\"                 src=\"https:\/\/www.nonsolomodanews.it\/wordpress\/wp-content\/uploads\/photo-gallery\/Giulia%20Minotti\/thumb\/IMG_0657%20-%20Copia.jpeg?bwg=1624548760\"                 data-src=\"https:\/\/www.nonsolomodanews.it\/wordpress\/wp-content\/uploads\/photo-gallery\/Giulia%20Minotti\/thumb\/IMG_0657%20-%20Copia.jpeg?bwg=1624548760\"                 data-width=\"\"                 data-height=\"\"                 alt=\"IMG_0657 - Copia\"                 title=\"IMG_0657 - Copia\" \/>                      <\/div>        <\/a>                <a class=\"bwg-a\" >          <div class=\"bwg_mosaic_thumb_spun_0 bwg-item0 bwg-mosaic-thumb-span \">            <img decoding=\"async\" class=\"bwg_mosaic_thumb_0 skip-lazy bwg_img_clear bwg_img_custom \"                 id=\"25008\"                 src=\"https:\/\/www.nonsolomodanews.it\/wordpress\/wp-content\/uploads\/photo-gallery\/Giulia%20Minotti\/thumb\/IMG_0647.jpg?bwg=1624548760\"                 data-src=\"https:\/\/www.nonsolomodanews.it\/wordpress\/wp-content\/uploads\/photo-gallery\/Giulia%20Minotti\/thumb\/IMG_0647.jpg?bwg=1624548760\"                 data-width=\"\"                 data-height=\"\"                 alt=\"IMG_0647\"                 title=\"IMG_0647\" \/>                      <\/div>        <\/a>                <a class=\"bwg-a\" >          <div class=\"bwg_mosaic_thumb_spun_0 bwg-item0 bwg-mosaic-thumb-span \">            <img decoding=\"async\" class=\"bwg_mosaic_thumb_0 skip-lazy bwg_img_clear bwg_img_custom \"                 id=\"25007\"                 src=\"https:\/\/www.nonsolomodanews.it\/wordpress\/wp-content\/uploads\/photo-gallery\/Giulia%20Minotti\/thumb\/IMG_0454.jpg?bwg=1624548760\"                 data-src=\"https:\/\/www.nonsolomodanews.it\/wordpress\/wp-content\/uploads\/photo-gallery\/Giulia%20Minotti\/thumb\/IMG_0454.jpg?bwg=1624548760\"                 data-width=\"\"                 data-height=\"\"                 alt=\"IMG_0454\"                 title=\"IMG_0454\" \/>                      <\/div>        <\/a>                <a class=\"bwg-a\" >          <div class=\"bwg_mosaic_thumb_spun_0 bwg-item0 bwg-mosaic-thumb-span \">            <img decoding=\"async\" class=\"bwg_mosaic_thumb_0 skip-lazy bwg_img_clear bwg_img_custom \"                 id=\"25006\"                 src=\"https:\/\/www.nonsolomodanews.it\/wordpress\/wp-content\/uploads\/photo-gallery\/Giulia%20Minotti\/thumb\/IMG-20180914-WA0107.jpg?bwg=1624548760\"                 data-src=\"https:\/\/www.nonsolomodanews.it\/wordpress\/wp-content\/uploads\/photo-gallery\/Giulia%20Minotti\/thumb\/IMG-20180914-WA0107.jpg?bwg=1624548760\"                 data-width=\"\"                 data-height=\"\"                 alt=\"IMG-20180914-WA0107\"                 title=\"IMG-20180914-WA0107\" \/>                      <\/div>        <\/a>                <a class=\"bwg-a\" >          <div class=\"bwg_mosaic_thumb_spun_0 bwg-item0 bwg-mosaic-thumb-span \">            <img decoding=\"async\" class=\"bwg_mosaic_thumb_0 skip-lazy bwg_img_clear bwg_img_custom \"                 id=\"25005\"                 src=\"https:\/\/www.nonsolomodanews.it\/wordpress\/wp-content\/uploads\/photo-gallery\/Giulia%20Minotti\/thumb\/FB_IMG_1537271543536.jpg?bwg=1624548760\"                 data-src=\"https:\/\/www.nonsolomodanews.it\/wordpress\/wp-content\/uploads\/photo-gallery\/Giulia%20Minotti\/thumb\/FB_IMG_1537271543536.jpg?bwg=1624548760\"                 data-width=\"\"                 data-height=\"\"                 alt=\"FB_IMG_1537271543536\"                 title=\"FB_IMG_1537271543536\" \/>                      <\/div>        <\/a>                <a class=\"bwg-a\" >          <div class=\"bwg_mosaic_thumb_spun_0 bwg-item0 bwg-mosaic-thumb-span \">            <img decoding=\"async\" class=\"bwg_mosaic_thumb_0 skip-lazy bwg_img_clear bwg_img_custom \"                 id=\"25004\"                 src=\"https:\/\/www.nonsolomodanews.it\/wordpress\/wp-content\/uploads\/photo-gallery\/Giulia%20Minotti\/thumb\/20180918_201746.jpg?bwg=1624548760\"                 data-src=\"https:\/\/www.nonsolomodanews.it\/wordpress\/wp-content\/uploads\/photo-gallery\/Giulia%20Minotti\/thumb\/20180918_201746.jpg?bwg=1624548760\"                 data-width=\"\"                 data-height=\"\"                 alt=\"20180918_201746\"                 title=\"20180918_201746\" \/>                      <\/div>        <\/a>                <a class=\"bwg-a\" >          <div class=\"bwg_mosaic_thumb_spun_0 bwg-item0 bwg-mosaic-thumb-span \">            <img decoding=\"async\" class=\"bwg_mosaic_thumb_0 skip-lazy bwg_img_clear bwg_img_custom \"                 id=\"25003\"                 src=\"https:\/\/www.nonsolomodanews.it\/wordpress\/wp-content\/uploads\/photo-gallery\/Giulia%20Minotti\/thumb\/20180916_035145.jpg?bwg=1624548760\"                 data-src=\"https:\/\/www.nonsolomodanews.it\/wordpress\/wp-content\/uploads\/photo-gallery\/Giulia%20Minotti\/thumb\/20180916_035145.jpg?bwg=1624548760\"                 data-width=\"\"                 data-height=\"\"                 alt=\"20180916_035145\"                 title=\"20180916_035145\" \/>                      <\/div>        <\/a>            <\/div>    <\/div>    <style>      \/*pagination styles*\/      #bwg_container1_0 #bwg_container2_0 .tablenav-pages_0 {\t\t\t\ttext-align: center;\t\t\t\tfont-size: 12px;\t\t\t\tfont-family: segoe ui;\t\t\t\tfont-weight: bold;\t\t\t\tcolor: #666666;\t\t\t\tmargin: 6px 0 4px;\t\t\t\tdisplay: block;      }      @media only screen and (max-width : 320px) {      #bwg_container1_0 #bwg_container2_0 .displaying-num_0 {     \t display: none;      }      }      #bwg_container1_0 #bwg_container2_0 .displaying-num_0 {\t\t\t\tfont-size: 12px;\t\t\t\tfont-family: segoe ui;\t\t\t\tfont-weight: bold;\t\t\t\tcolor: #666666;\t\t\t\tmargin-right: 10px;\t\t\t\tvertical-align: middle;      }      #bwg_container1_0 #bwg_container2_0 .paging-input_0 {\t\t\t\tfont-size: 12px;\t\t\t\tfont-family: segoe ui;\t\t\t\tfont-weight: bold;\t\t\t\tcolor: #666666;\t\t\t\tvertical-align: middle;      }      #bwg_container1_0 #bwg_container2_0 .tablenav-pages_0 a.disabled,      #bwg_container1_0 #bwg_container2_0 .tablenav-pages_0 a.disabled:hover,      #bwg_container1_0 #bwg_container2_0 .tablenav-pages_0 a.disabled:focus,\t\t\t#bwg_container1_0 #bwg_container2_0 .tablenav-pages_0 input.bwg_current_page {\t\t\t\tcursor: default;\t\t\t\tcolor: rgba(102, 102, 102, 0.5);      }      #bwg_container1_0 #bwg_container2_0 .tablenav-pages_0 a,      #bwg_container1_0 #bwg_container2_0 .tablenav-pages_0 input.bwg_current_page {\t\t\t\tcursor: pointer;\t\t\t\ttext-align: center;\t\t\t\tfont-size: 12px;\t\t\t\tfont-family: segoe ui;\t\t\t\tfont-weight: bold;\t\t\t\tcolor: #666666;\t\t\t\ttext-decoration: none;\t\t\t\tpadding: 3px 6px;\t\t\t\tmargin: 0;\t\t\t\tborder-radius: 0;\t\t\t\tborder-style: solid;\t\t\t\tborder-width: 1px;\t\t\t\tborder-color: #E3E3E3;\t\t\t\t\t\t\t\tbackground-color: rgba(255, 255, 255, 1.00);\t\t\t\tbox-shadow: 0;\t\t\t\ttransition: all 0.3s ease 0s;-webkit-transition: all 0.3s ease 0s;      }      <\/style>      <span class=\"bwg_nav_cont_0\">              <div class=\"tablenav-pages_0\">                  <\/div>                <input type=\"hidden\" id=\"page_number_0\" name=\"page_number_0\" value=\"1\" \/>      <script type=\"text\/javascript\">        if( jQuery('.bwg_nav_cont_0').length > 1 ) {          jQuery('.bwg_nav_cont_0').first().remove()        }        function spider_page_0(cur, x, y, load_more) {          if (typeof load_more == \"undefined\") {            var load_more = false;          }          if (jQuery(cur).hasClass('disabled')) {            return false;          }          var items_county_0 = 1;          switch (y) {            case 1:              if (x >= items_county_0) {                document.getElementById('page_number_0').value = items_county_0;              }              else {                document.getElementById('page_number_0').value = x + 1;              }              break;            case 2:              document.getElementById('page_number_0').value = items_county_0;              break;            case -1:              if (x == 1) {                document.getElementById('page_number_0').value = 1;              }              else {                document.getElementById('page_number_0').value = x - 1;              }              break;            case -2:              document.getElementById('page_number_0').value = 1;              break;\t\t\t\t\t\tcase 0:              document.getElementById('page_number_0').value = x;              break;            default:              document.getElementById('page_number_0').value = 1;          }          bwg_ajax('gal_front_form_0', '0', 'bwg_thumbnails_mosaic_0', '0', '', 'gallery', 0, '', '', load_more, '', 1);        }                    jQuery('.first-page-0').on('click', function () {              spider_page_0(this, 1, -2, 'numeric');              return false;            });            jQuery('.prev-page-0').on('click', function () {              spider_page_0(this, 1, -1, 'numeric');              return false;            });            jQuery('.next-page-0').on('click', function () {              spider_page_0(this, 1, 1, 'numeric');              return false;            });            jQuery('.last-page-0').on('click', function () {              spider_page_0(this, 1, 2, 'numeric');              return false;            });        \t\t\t\t\/* Change page on input enter. *\/        function bwg_change_page_0( e, that ) {          if (  e.key == 'Enter' ) {            var to_page = parseInt(jQuery(that).val());            var pages_count = jQuery(that).parents(\".pagination-links\").data(\"pages-count\");            var current_url_param = jQuery(that).attr('data-url-info');            if (to_page > pages_count) {              to_page = 1;            }\t \t\t\t\t\t\t\t\t\t\t\t\tspider_page_0(this, to_page, 0, 'numeric');\t\t\t\t\t\t\treturn false;\t\t\t\t\t\t          }          return true;        }        jQuery('.bwg_load_btn_0').on('click', function () {            spider_page_0(this, 1, 1, true);            return false;        });      <\/script>      <\/span>                <\/div>        <\/form>              <\/div>    <\/div>    <script>      if (document.readyState === 'complete') {        if( typeof bwg_main_ready == 'function' ) {          if ( jQuery(\"#bwg_container1_0\").height() ) {            bwg_main_ready(jQuery(\"#bwg_container1_0\"));          }        }      } else {        document.addEventListener('DOMContentLoaded', function() {          if( typeof bwg_main_ready == 'function' ) {            if ( jQuery(\"#bwg_container1_0\").height() ) {             bwg_main_ready(jQuery(\"#bwg_container1_0\"));            }          }        });      }    <\/script>    \n<p>&nbsp;<\/p>\n","protected":false},"excerpt":{"rendered":"<p>Nonsolomodanews ha il piacere di presentare ai propri lettori le ragazze che hanno partecipato alla finale nazionale del concorso Venere d&rsquo;Italia che si &egrave; svolto a Cir&ograve; Marina (Kr). Iniziamo con la giovanissima Giulia Minotti Miss Nonsomodanews 2018.&nbsp; Ringraziamo Giulia e auguriamo ai lettori di Nonsolomodanews buona lettura.&nbsp;<\/p>\n","protected":false},"author":1,"featured_media":17834,"comment_status":"open","ping_status":"open","sticky":false,"template":"","format":"standard","meta":{"rop_custom_images_group":[],"rop_custom_messages_group":[],"rop_publish_now":"initial","rop_publish_now_accounts":[],"rop_publish_now_history":[],"rop_publish_now_status":"pending","footnotes":""},"categories":[16],"tags":[488,548,2690,2697,1162,1605,2698],"class_list":["post-17830","post","type-post","status-publish","format-standard","has-post-thumbnail","hentry","category-articolo","tag-emilia-romagna","tag-ferrara","tag-giulia-minotti","tag-marco-fabbri","tag-pietro-cortese","tag-venere-ditalia","tag-venere-nosolomodanews"],"_links":{"self":[{"href":"https:\/\/www.nonsolomodanews.it\/wordpress\/wp-json\/wp\/v2\/posts\/17830","targetHints":{"allow":["GET"]}}],"collection":[{"href":"https:\/\/www.nonsolomodanews.it\/wordpress\/wp-json\/wp\/v2\/posts"}],"about":[{"href":"https:\/\/www.nonsolomodanews.it\/wordpress\/wp-json\/wp\/v2\/types\/post"}],"author":[{"embeddable":true,"href":"https:\/\/www.nonsolomodanews.it\/wordpress\/wp-json\/wp\/v2\/users\/1"}],"replies":[{"embeddable":true,"href":"https:\/\/www.nonsolomodanews.it\/wordpress\/wp-json\/wp\/v2\/comments?post=17830"}],"version-history":[{"count":5,"href":"https:\/\/www.nonsolomodanews.it\/wordpress\/wp-json\/wp\/v2\/posts\/17830\/revisions"}],"predecessor-version":[{"id":17838,"href":"https:\/\/www.nonsolomodanews.it\/wordpress\/wp-json\/wp\/v2\/posts\/17830\/revisions\/17838"}],"wp:featuredmedia":[{"embeddable":true,"href":"https:\/\/www.nonsolomodanews.it\/wordpress\/wp-json\/wp\/v2\/media\/17834"}],"wp:attachment":[{"href":"https:\/\/www.nonsolomodanews.it\/wordpress\/wp-json\/wp\/v2\/media?parent=17830"}],"wp:term":[{"taxonomy":"category","embeddable":true,"href":"https:\/\/www.nonsolomodanews.it\/wordpress\/wp-json\/wp\/v2\/categories?post=17830"},{"taxonomy":"post_tag","embeddable":true,"href":"https:\/\/www.nonsolomodanews.it\/wordpress\/wp-json\/wp\/v2\/tags?post=17830"}],"curies":[{"name":"wp","href":"https:\/\/api.w.org\/{rel}","templated":true}]}}