{"id":17692,"date":"2018-07-31T05:50:36","date_gmt":"2018-07-31T05:50:36","guid":{"rendered":"http:\/\/www.nonsolomodanews.it\/wordpress\/?p=17692"},"modified":"2018-07-31T05:50:36","modified_gmt":"2018-07-31T05:50:36","slug":"cosmoprof-worldwide-bologna-2019-si-rifa-il-look","status":"publish","type":"post","link":"https:\/\/www.nonsolomodanews.it\/wordpress\/cosmoprof-worldwide-bologna-2019-si-rifa-il-look\/","title":{"rendered":"COSMOPROF WORLDWIDE BOLOGNA 2019 SI RIFA\u2019 IL LOOK!"},"content":{"rendered":"<p style=\"text-align: justify;\"><span style=\"color: #000000;\"><a href=\"http:\/\/www.nonsolomodanews.it\/wordpress\/wp-content\/uploads\/2018\/07\/SLIDESITO_COSMOPROF_ITA_3433x1650_OK.jpg\"><img loading=\"lazy\" decoding=\"async\" class=\"alignleft size-medium wp-image-17693\" src=\"http:\/\/www.nonsolomodanews.it\/wordpress\/wp-content\/uploads\/2018\/07\/SLIDESITO_COSMOPROF_ITA_3433x1650_OK-300x144.jpg\" alt=\"SLIDESITO_COSMOPROF_ITA_3433x1650_OK\" width=\"300\" height=\"144\" srcset=\"https:\/\/www.nonsolomodanews.it\/wordpress\/wp-content\/uploads\/2018\/07\/SLIDESITO_COSMOPROF_ITA_3433x1650_OK-300x144.jpg 300w, https:\/\/www.nonsolomodanews.it\/wordpress\/wp-content\/uploads\/2018\/07\/SLIDESITO_COSMOPROF_ITA_3433x1650_OK-768x369.jpg 768w, https:\/\/www.nonsolomodanews.it\/wordpress\/wp-content\/uploads\/2018\/07\/SLIDESITO_COSMOPROF_ITA_3433x1650_OK-1024x492.jpg 1024w, https:\/\/www.nonsolomodanews.it\/wordpress\/wp-content\/uploads\/2018\/07\/SLIDESITO_COSMOPROF_ITA_3433x1650_OK-1080x519.jpg 1080w\" sizes=\"auto, (max-width: 300px) 100vw, 300px\" \/><\/a>Nuovo look per l&#8217;edizione 2019 di <strong>Cosmoprof Worldwide Bologna<\/strong>, la manifestazione B2B per l&#8217;industria cosmetica leader a livello mondiale. Si rafforza ulteriormente la settorializzazione della fiera, per facilitare il percorso di visita degli operatori professionali presenti a Bologna e ottimizzare le opportunit\u00e0 per lo sviluppo di nuove relazioni e nuovi progetti in ambito cosmetico.<\/span><\/p>\n<p style=\"text-align: justify;\"><span style=\"color: #000000;\">Dopo il positivo riscontro della scorsa edizione, Cosmoprof 2019 conferma la targetizzazione delle date di apertura, che gli operatori hanno pienamente promosso. <strong>Da gioved\u00ec 14 a domenica 17 Marzo 2019<\/strong> apriranno <strong>Cosmopack e Cosmo|Perfumery &amp; Cosmetics,<\/strong> per favorire gli incontri tra i produttori e gli specialisti della filiera da un lato,\u00a0 e le aziende di prodotto finito, i buyer e i retailer per i settori Profumeria e Cosmesi, Green &amp; Organic e per Cosmoprime, l&#8217;area dedicata alla profumeria di alta gamma. Da venerd\u00ec 15 a luned\u00ec 18 Marzo, spazio ai canali professionali di Cosmo|Hair &amp; Nail &amp; Beauty Salon, con la presenza dei titolari di salone e centri estetici, hairstylist, acconciatori, onicotecniche e dei distributori specializzati in questi segmenti. All&#8217;interno di ciascun settore saranno presenti i padiglioni internazionali, che porteranno a Bologna le piccole e medie aziende beauty da tutto il mondo. La nuova disposizione dei padiglioni nazionali faciliter\u00e0 ulteriormente il B2B con i buyer, i distributori e i retailer presenti a Bologna.\u00a0 Per rendere ancora pi\u00f9 fruibile la fiera, \u00e8 stata rivista la disposizione dei settori espositivi, al fine di rispecchiare al meglio la rappresentazione del mercato cosmetico a livello globale.<\/span><\/p>\n<p style=\"text-align: justify;\"><span style=\"color: #000000;\"><strong>Cosmoprof Worldwide Bologna<\/strong>, che quest&#8217;anno celebra la 52a edizione, si conferma anno dopo anno come l&#8217;appuntamento annuale pi\u00f9 importante per l&#8217;intera industria cosmetica. Cosmoprof \u00e8 un appuntamento irrinunciabile per la beauty community internazionale: oltre 250.000 addetti ai lavori, opinion leader ed esperti del settore da tutto il mondo\u00a0 (lo scorso anno ben 122.500 operatori provenivano dall&#8217;estero), per analizzare case histories , tendenze e novit\u00e0 del settore, nello splendido scenario offerto dalla citt\u00e0 di Bologna; per gli espositori, che a Cosmoprof possono incrementare il proprio business (nel 2018 sono stati 2.822 le aziende partecipanti, provenienti da 70 paesi); per i buyer che possono conoscere gli ultimissimi trend del mercato; per i top manager che possono incontrare le aziende leader e stringere nuove alleanze; per gli oltre 1.300 giornalisti internazionali che ogni anno da tutto il mondo vengono a Bologna per conoscere le ultimissime tecnologie, le novit\u00e0 digital, i nuovi modelli di consumo multi-etnici e sostenibili.<\/span><\/p>\n<p style=\"text-align: justify;\"><span style=\"color: #000000;\">Sostenibilit\u00e0 ed economia circolare saranno il filo conduttore di Cosmoprof Worldwide Bologna 2019. L\u2019attenzione all\u2019impatto ambientale dell\u2019industria cosmetica si collega ad una rivoluzione del sistema, in cui si impongono nuovi diktat come l\u2019utilizzo di fonti di energia rinnovabili, il limite allo spreco del prodotto, il riciclo ed il riutilizzo dei materiali derivanti dagli elementi di scarto prodotto.<\/span><\/p>\n<p style=\"text-align: justify;\"><span style=\"color: #000000;\"><strong>COSMOPACK<\/strong> Il salone dedicato al contract manufacturing e al private label, ai macchinari di processo e di confezionamento, al packaging primario e secondario, agli applicatori e al comparto degli ingredienti e materie prime continua a crescere. Oltre ai padiglioni 20, 15, 15A e 18, per il 2019 una parte della hall 19 sar\u00e0 dedicata al segmento delle tecnologie produttive.\u00a0 L&#8217;incremento della presenza espositiva di Cosmopack a Bologna riflette la crescita a livello internazionale della filiera cosmetica. Cosmopack si pone infatti come intermediario privilegiato per gli operatori e manager dell\u2019industria cosmetica, alla ricerca di nuove soluzioni, nuove materie prime, nuove tecnologie produttive e packaging innovativi. I team di marketing, product development e R&amp;D di brand cosmetici e retailer prendono ispirazione dalle nuove collezioni presentate in anteprima mondiale a Bologna dai numerosi contract manufacturer presenti a Cosmopack. I fornitori di packaging e applicatori completano questa offerta con sempre maggiore attenzione al design della confezione, alla sua facilit\u00e0 d\u2019uso e alla sostenibilit\u00e0.\u00a0 Cosmopack offre la migliore tecnologia a livello processing, packaging e labelling, e focus della prossima edizione saranno proprio le tecnologie e le innovazioni che i visionari gi\u00e0 definiscono \u201cIndustry 5.0\u201d, dove si prevede che grazie all\u2019interazione tra intelligenza umana e calcolo cognitivo la produzione raggiunger\u00e0 nuovi livelli di velocit\u00e0 e perfezione. A testimonianza dell&#8217;attenzione che il mercato continua a rivolgere alla sostenibilit\u00e0, Cosmoprof e Cosmopack presentano inoltre Pure Factory &amp; Sustainable Experience, progetto che coinvolge tutti i player dell\u2019industria beauty, dagli ingredienti alla formulazione, dai macchinari al packaging e al design. PURE, un trattamento capillare innovativo, punta l\u2019attenzione dell\u2019industria globale sulla sostenibilit\u00e0: la filiera di Cosmopack diventa cos\u00ec portatrice di messaggi e valori condivisi e condivisibili.\u00a0 La scorsa edizione di Cosmopack ha visto la partecipazione di 448 aziende espositrici e 23.550 operatori professionali, per la maggior parte dall\u2019estero: management di brand cosmetici, direttori acquisti, R&amp;D e retailer. Il format Cosmopack ha raggiunto anche Hong Kong, con Cosmopack Asia, con un intero quartiere fieristico dedicato alle aziende della filiera produttiva cosmetica, e nel 2019 sar\u00e0 inaugurata la prima edizione di Cosmopack North America.\u00a0<\/span><\/p>\n<p style=\"text-align: justify;\"><span style=\"color: #000000;\"><strong>COSMO|PERFUMERY &amp; COSMETICS<\/strong> Da gioved\u00ec 14 a domenica 17 Marzo aprono anche i padiglioni 16, 22, 26, 29, 34 e 19 per le aziende di Profumeria e Cosmesi, per il padiglione 21 dedicato all&#8217;universo green e per Cosmoprime, nella hall 14.\u00a0 Cosmoprime, dedicata alla profumeria di alta gamma, raccoglie le ultime tendenze del settore. Una nuova area, Zoom On Emerging Prime, sar\u00e0 riservata alle giovani aziende che per la prima volta si affacciano al business internazionale di Cosmoprof per incontrare i buyer, i distributori ed i retailer delle pi\u00f9 importanti realt\u00e0 cosmetiche mondiali. L&#8217;Extraordinary Gallery, luogo deputato alla profumeria di nicchia, anche per il 2019 accoglier\u00e0 una selezione di aziende specializzate in green &amp; organic beauty , con l&#8217;Extraordinary Green Gallery. Una forte vocazione green caratterizza anche Green Prime, con gli espositori per i canali prestige e masstige.<\/span><\/p>\n<p style=\"text-align: justify;\"><span style=\"color: #000000;\"><strong>COSMO|HAIR &amp; NAIL &amp; BEAUTY SALON<\/strong> A disposizione degli operatori per il canale professionale , il meglio per il settore Hair, nei padiglioni 25, 31, 32, 33, 35 e 37, per il mondo dell&#8217;Estetica &amp; Spa, che a Cosmoprof 2019 esporr\u00e0 nei nuovi padiglioni 29 e 30, e per il Nail, con i professionisti dei centri estetici alla ricerca delle novit\u00e0 prodotto nel padiglione 36.<\/span><\/p>\n<p style=\"text-align: justify;\"><span style=\"color: #000000;\">Il Gruppo BolognaFiere ha portato il format Cosmoprof in tutto il mondo. Oltre agli eventi a marchio Cosmoprof a Bologna, Las Vegas, Mumbai e Hong Kong (con Cosmoprof Worldwide Bologna, Cosmoprof North America, Cosmoprof India Preview e Cosmoprof Asia), il gruppo partecipa in qualit\u00e0 di agente di vendita internazionale all\u2019organizzazione di manifestazioni dedicate al mondo beauty in mercati strategici per la crescita del settore: Belleza y Salud, in Colombia, a Bogot\u00e1, e dal 2018 nel Sud-Est Asiatico con BeautyExpo (Malesia), AseanBeauty (Thailandia), PhilBeauty (Filippine) e VietBeauty (Vietnam).<\/span><\/p>\n<p style=\"text-align: justify;\"><span style=\"color: #000000;\">Per maggiori informazioni, www.cosmoprof.com<\/span><\/p>\n<p style=\"text-align: center;\"><span style=\"color: #000000;\">Testo e fotografie a cura ufficio stampa Cosmoprof<\/span><br \/>\n<span style=\"color: #000000;\"> Tutti i diritti riservati \u00a9 2018 \u2013 Email: nonsolomodanews@gmail.com<\/span><\/p>\n","protected":false},"excerpt":{"rendered":"<p>Nuovo look per l&rsquo;edizione 2019 di Cosmoprof Worldwide Bologna, la manifestazione B2B per l&rsquo;industria cosmetica leader a livello mondiale. Si rafforza ulteriormente la settorializzazione della fiera, per facilitare il percorso di visita degli operatori professionali presenti a Bologna e ottimizzare le opportunit&agrave; per lo sviluppo di nuove relazioni e nuovi progetti in ambito cosmetico. Dopo il positivo riscontro della scorsa edizione, Cosmoprof 2019 conferma la targetizzazione delle date di apertura, che gli operatori hanno pienamente promosso. Da gioved&igrave; 14 a domenica 17 Marzo 2019 apriranno Cosmopack e Cosmo|Perfumery &amp; Cosmetics, per favorire gli incontri tra i produttori e gli specialisti della filiera da un lato,&nbsp; e le aziende di prodotto finito, i buyer e i retailer per i settori Profumeria e Cosmesi, Green &amp; Organic e per Cosmoprime, l&rsquo;area dedicata alla profumeria di alta gamma. Da venerd&igrave; 15 a luned&igrave; 18 Marzo, spazio ai canali professionali di Cosmo|Hair &amp; Nail &amp; Beauty Salon, con la presenza dei titolari di salone e centri estetici, hairstylist, acconciatori, onicotecniche e dei distributori specializzati in questi segmenti. All&rsquo;interno di ciascun settore saranno presenti i padiglioni internazionali, che porteranno a Bologna le piccole e medie aziende beauty da tutto il mondo. La nuova disposizione dei [&hellip;]<\/p>\n","protected":false},"author":1,"featured_media":17693,"comment_status":"open","ping_status":"open","sticky":false,"template":"","format":"standard","meta":{"rop_custom_images_group":[],"rop_custom_messages_group":[],"rop_publish_now":"initial","rop_publish_now_accounts":[],"rop_publish_now_history":[],"rop_publish_now_status":"pending","footnotes":""},"categories":[16],"tags":[262,266,386],"class_list":["post-17692","post","type-post","status-publish","format-standard","has-post-thumbnail","hentry","category-articolo","tag-bologna","tag-bolognafiere","tag-cosmoprof"],"_links":{"self":[{"href":"https:\/\/www.nonsolomodanews.it\/wordpress\/wp-json\/wp\/v2\/posts\/17692","targetHints":{"allow":["GET"]}}],"collection":[{"href":"https:\/\/www.nonsolomodanews.it\/wordpress\/wp-json\/wp\/v2\/posts"}],"about":[{"href":"https:\/\/www.nonsolomodanews.it\/wordpress\/wp-json\/wp\/v2\/types\/post"}],"author":[{"embeddable":true,"href":"https:\/\/www.nonsolomodanews.it\/wordpress\/wp-json\/wp\/v2\/users\/1"}],"replies":[{"embeddable":true,"href":"https:\/\/www.nonsolomodanews.it\/wordpress\/wp-json\/wp\/v2\/comments?post=17692"}],"version-history":[{"count":2,"href":"https:\/\/www.nonsolomodanews.it\/wordpress\/wp-json\/wp\/v2\/posts\/17692\/revisions"}],"predecessor-version":[{"id":17695,"href":"https:\/\/www.nonsolomodanews.it\/wordpress\/wp-json\/wp\/v2\/posts\/17692\/revisions\/17695"}],"wp:featuredmedia":[{"embeddable":true,"href":"https:\/\/www.nonsolomodanews.it\/wordpress\/wp-json\/wp\/v2\/media\/17693"}],"wp:attachment":[{"href":"https:\/\/www.nonsolomodanews.it\/wordpress\/wp-json\/wp\/v2\/media?parent=17692"}],"wp:term":[{"taxonomy":"category","embeddable":true,"href":"https:\/\/www.nonsolomodanews.it\/wordpress\/wp-json\/wp\/v2\/categories?post=17692"},{"taxonomy":"post_tag","embeddable":true,"href":"https:\/\/www.nonsolomodanews.it\/wordpress\/wp-json\/wp\/v2\/tags?post=17692"}],"curies":[{"name":"wp","href":"https:\/\/api.w.org\/{rel}","templated":true}]}}