{"id":17663,"date":"2018-07-26T08:08:17","date_gmt":"2018-07-26T08:08:17","guid":{"rendered":"http:\/\/www.nonsolomodanews.it\/wordpress\/?p=17663"},"modified":"2018-07-26T08:08:17","modified_gmt":"2018-07-26T08:08:17","slug":"arte-fiera-scioglie-le-riserve-e-simone-menegoi-il-prossimo-direttore-artistico","status":"publish","type":"post","link":"https:\/\/www.nonsolomodanews.it\/wordpress\/arte-fiera-scioglie-le-riserve-e-simone-menegoi-il-prossimo-direttore-artistico\/","title":{"rendered":"Arte Fiera scioglie le riserve:  \u00e8 Simone Menegoi il prossimo direttore artistico"},"content":{"rendered":"<p>&nbsp;<\/p>\n<p style=\"text-align: justify;\"><strong><a href=\"http:\/\/www.nonsolomodanews.it\/wordpress\/wp-content\/uploads\/2018\/07\/Simone-Menegoi.jpg\"><img loading=\"lazy\" decoding=\"async\" class=\"alignleft size-medium wp-image-17664\" src=\"http:\/\/www.nonsolomodanews.it\/wordpress\/wp-content\/uploads\/2018\/07\/Simone-Menegoi-300x200.jpg\" alt=\"Simone Menegoi\" width=\"300\" height=\"200\" srcset=\"https:\/\/www.nonsolomodanews.it\/wordpress\/wp-content\/uploads\/2018\/07\/Simone-Menegoi-300x200.jpg 300w, https:\/\/www.nonsolomodanews.it\/wordpress\/wp-content\/uploads\/2018\/07\/Simone-Menegoi.jpg 548w\" sizes=\"auto, (max-width: 300px) 100vw, 300px\" \/><\/a><\/strong><span style=\"color: #000000;\">La fiera d\u2019arte moderna e contemporanea di pi\u00f9 lunga tradizione in Italia annuncia il nome del nuovo direttore che prende il posto di Angela Vettese<strong>.\u00a0 Simone Menegoi<\/strong>, classe 1970, critico e curatore indipendente che dal 2005 cura mostre in spazi pubblici e privati, in Italia e all\u2019estero, collaborando con prestigiose istituzioni quali il Museo Marino Marini di Firenze, David Roberts Art Foundation (Londra), Nouveau Mus\u00e9e National de Monaco, Triennale di Milano, Extra City Kunsthal (Anversa). Durante l\u2019ultima edizione di Arte Fiera e ART CITY, Menegoi ha curato la prima mostra personale in Italia di Erin Shirreff, acclamata da critica e pubblico come uno degli appuntamenti di maggior rilievo.<\/span><\/p>\n<p style=\"text-align: justify;\">\n<!--more--><\/p>\n<p style=\"text-align: justify;\"><span style=\"color: #000000;\"><strong>Simone Menegoi<\/strong>, nuovo direttore artistico di Arte Fiera, dichiara: \u201cArte Fiera \u00e8 la prima, e pi\u00f9 longeva, fiera d\u2019arte moderna e contemporanea d\u2019Italia: l\u2019incarico di condurla ai prossimi traguardi \u00e8 per me tanto un onore quanto una sfida. Spero di dimostrarmi all\u2019altezza di entrambi. Bologna attraversa una stagione di particolare vivacit\u00e0 artistica e culturale: vorrei che Arte Fiera riuscisse ad essere il catalizzatore delle rinnovate energie della citt\u00e0. Infine, sono particolarmente felice di questo incarico perch\u00e9 corona un legame con Bologna che \u00e8 nato trent\u2019anni fa, al tempo degli studi universitari, e che da allora non \u00e8 mai venuto meno. Il mio primo impegno sar\u00e0 quello di passare in citt\u00e0 pi\u00f9 tempo possibile, per conoscerla ancora meglio &#8211; e per farmi conoscere\u201d.<\/span><\/p>\n<p style=\"text-align: justify;\"><span style=\"color: #000000;\">La scelta di Simone Menegoi va a rinsaldare la stretta relazione tra Fiera e Citt\u00e0, a questo proposito <strong>Gianpiero Calzolari<\/strong>, presidente di Bologna Fiere, tiene a sottolineare che: \u201cArte Fiera ha intrapreso nelle ultime edizioni un percorso di rinnovamento, che ha visto concretizzarsi una ancor pi\u00f9 significativa sinergia con le principali realt\u00e0 istituzionali di Bologna. Il programma delle iniziative in Fiera e in citt\u00e0 costituiscono un <em>unicum<\/em> con il quale la citt\u00e0 si propone al mondo dell\u2019arte e agli appassionati. Siamo certi che la direzione artistica di Simone Menegoi per Arte Fiera 2019 proseguir\u00e0, arricchendo con la sua esperienza il percorso avviato da Angela Vettese, alla guida nelle ultime due edizioni, che ha portato a un processo di ulteriore selezione delle gallerie partecipanti, a una pi\u00f9 marcata declinazione culturale degli appuntamenti convegnistici e, anche, a un rafforzamento dell\u2019ottimo lavoro di squadra realizzato anche con il direttore del MAMbo Lorenzo Balbi che proseguir\u00e0 con rinnovata energia con il nuovo direttore Menegoi.\u201d<\/span><\/p>\n<p style=\"text-align: justify;\"><span style=\"color: #000000;\">&#8220;Nel progetto di valorizzare la cultura del contemporaneo &#8211; come elemento identitario culturale di Bologna &#8211; Bologna Fiere e Arte Fiera hanno un ruolo centrale che si collegher\u00e0 sempre pi\u00f9 con la progettualit\u00e0 strategica di Istituzione Bologna Musei-MAMbo; \u2013 dichiara <strong>Matteo Lepore<\/strong>, Assessore Turismo e promozione della citt\u00e0 e Cultura del Comune di Bologna &#8211; con la direzione artistica di Arte Fiera, affidata a Simone Menegoi, adesso ci sono tutte le condizioni per una nuova grande stagione di rilancio del contemporaneo a Bologna, a partire dai giorni di Arte Fiera ed estendendosi a tutto l&#8217;anno. Auguro buon lavoro a Menegoi e allo staff di Arte Fiera, nella certezza che collaboreremo con grande efficacia a vantaggio di tutto il territorio\u201d.<\/span><\/p>\n<p style=\"text-align: justify;\"><span style=\"color: #000000;\"><strong>Lorenzo Balbi<\/strong>, direttore artistico di MAMbo, Museo d\u2019Arte Moderna di Bologna commenta cos\u00ec: &#8220;Auguro buon lavoro al nuovo direttore artistico di Arte Fiera Simone Menegoi: sono certo che sapr\u00e0 dare un contributo rilevante alla valorizzazione della cultura del contemporaneo a Bologna. Da parte mia rinnovo l&#8217;impegno nella curatela di ART CITY per la cui edizione 2019 stiamo gi\u00e0 lavorando ad un nuovo ambizioso programma che andr\u00e0 verso un ulteriore avvicinamento della Fiera alla citt\u00e0 nella consapevolezza dell\u2019importanza strategica che Arte Fiera ricopre nel sistema dell\u2019arte&#8221;.<\/span><\/p>\n<p style=\"text-align: justify;\"><span style=\"color: #000000;\">Menegoi dunque prende in carico il nuovo ruolo e si prepara alla prossima edizione di Arte Fiera che si terr\u00e0 dal primo al 4 febbraio 2019.<\/span><\/p>\n<p style=\"text-align: center;\"><span style=\"color: #000000;\">Comunicato stampa a cura Ufficio Stampa BolognaFiere<\/span><br \/>\n<span style=\"color: #000000;\"> Tutti i diritti riservati \u00a9 2018 \u2013 Email: nonsolomodanews@gmail.com<\/span><\/p>\n","protected":false},"excerpt":{"rendered":"<p>&nbsp; La fiera d&rsquo;arte moderna e contemporanea di pi&ugrave; lunga tradizione in Italia annuncia il nome del nuovo direttore che prende il posto di Angela Vettese.&nbsp; Simone Menegoi, classe 1970, critico e curatore indipendente che dal 2005 cura mostre in spazi pubblici e privati, in Italia e all&rsquo;estero, collaborando con prestigiose istituzioni quali il Museo Marino Marini di Firenze, David Roberts Art Foundation (Londra), Nouveau Mus&eacute;e National de Monaco, Triennale di Milano, Extra City Kunsthal (Anversa). Durante l&rsquo;ultima edizione di Arte Fiera e ART CITY, Menegoi ha curato la prima mostra personale in Italia di Erin Shirreff, acclamata da critica e pubblico come uno degli appuntamenti di maggior rilievo.<\/p>\n","protected":false},"author":1,"featured_media":17664,"comment_status":"open","ping_status":"open","sticky":false,"template":"","format":"standard","meta":{"rop_custom_images_group":[],"rop_custom_messages_group":[],"rop_publish_now":"initial","rop_publish_now_accounts":[],"rop_publish_now_history":[],"rop_publish_now_status":"pending","footnotes":""},"categories":[16],"tags":[1775,266,372,2617],"class_list":["post-17663","post","type-post","status-publish","format-standard","has-post-thumbnail","hentry","category-articolo","tag-artefiera","tag-bolognafiere","tag-comunicato-stampa-2","tag-simone-menegoi"],"_links":{"self":[{"href":"https:\/\/www.nonsolomodanews.it\/wordpress\/wp-json\/wp\/v2\/posts\/17663","targetHints":{"allow":["GET"]}}],"collection":[{"href":"https:\/\/www.nonsolomodanews.it\/wordpress\/wp-json\/wp\/v2\/posts"}],"about":[{"href":"https:\/\/www.nonsolomodanews.it\/wordpress\/wp-json\/wp\/v2\/types\/post"}],"author":[{"embeddable":true,"href":"https:\/\/www.nonsolomodanews.it\/wordpress\/wp-json\/wp\/v2\/users\/1"}],"replies":[{"embeddable":true,"href":"https:\/\/www.nonsolomodanews.it\/wordpress\/wp-json\/wp\/v2\/comments?post=17663"}],"version-history":[{"count":2,"href":"https:\/\/www.nonsolomodanews.it\/wordpress\/wp-json\/wp\/v2\/posts\/17663\/revisions"}],"predecessor-version":[{"id":17666,"href":"https:\/\/www.nonsolomodanews.it\/wordpress\/wp-json\/wp\/v2\/posts\/17663\/revisions\/17666"}],"wp:featuredmedia":[{"embeddable":true,"href":"https:\/\/www.nonsolomodanews.it\/wordpress\/wp-json\/wp\/v2\/media\/17664"}],"wp:attachment":[{"href":"https:\/\/www.nonsolomodanews.it\/wordpress\/wp-json\/wp\/v2\/media?parent=17663"}],"wp:term":[{"taxonomy":"category","embeddable":true,"href":"https:\/\/www.nonsolomodanews.it\/wordpress\/wp-json\/wp\/v2\/categories?post=17663"},{"taxonomy":"post_tag","embeddable":true,"href":"https:\/\/www.nonsolomodanews.it\/wordpress\/wp-json\/wp\/v2\/tags?post=17663"}],"curies":[{"name":"wp","href":"https:\/\/api.w.org\/{rel}","templated":true}]}}