{"id":17525,"date":"2018-06-17T08:25:29","date_gmt":"2018-06-17T08:25:29","guid":{"rendered":"http:\/\/www.nonsolomodanews.it\/wordpress\/?p=17525"},"modified":"2018-06-17T08:26:09","modified_gmt":"2018-06-17T08:26:09","slug":"michele-miglionico-high-fashion-exhibition-madonne-lucane-vestiti-che-profumano-dincenso","status":"publish","type":"post","link":"https:\/\/www.nonsolomodanews.it\/wordpress\/michele-miglionico-high-fashion-exhibition-madonne-lucane-vestiti-che-profumano-dincenso\/","title":{"rendered":"MICHELE MIGLIONICO: HIGH FASHION EXHIBITION \u201cMADONNE LUCANE. VESTITI CHE PROFUMANO D\u2019INCENSO\u201d"},"content":{"rendered":"<p><strong><a href=\"http:\/\/www.nonsolomodanews.it\/wordpress\/wp-content\/uploads\/2018\/06\/Mostra-rid-Madonne-Lucane.-Vestiti-che-Profumano-dIncenso.14-ph.-Giuseppe-Sabia.jpg\"><img loading=\"lazy\" decoding=\"async\" class=\"alignleft size-medium wp-image-17526\" src=\"http:\/\/www.nonsolomodanews.it\/wordpress\/wp-content\/uploads\/2018\/06\/Mostra-rid-Madonne-Lucane.-Vestiti-che-Profumano-dIncenso.14-ph.-Giuseppe-Sabia-200x300.jpg\" alt=\"Mostra (rid) Madonne Lucane. Vestiti che Profumano d'Incenso.14 ph. Giuseppe Sabia\" width=\"200\" height=\"300\" srcset=\"https:\/\/www.nonsolomodanews.it\/wordpress\/wp-content\/uploads\/2018\/06\/Mostra-rid-Madonne-Lucane.-Vestiti-che-Profumano-dIncenso.14-ph.-Giuseppe-Sabia-200x300.jpg 200w, https:\/\/www.nonsolomodanews.it\/wordpress\/wp-content\/uploads\/2018\/06\/Mostra-rid-Madonne-Lucane.-Vestiti-che-Profumano-dIncenso.14-ph.-Giuseppe-Sabia.jpg 643w\" sizes=\"auto, (max-width: 200px) 100vw, 200px\" \/><\/a>Nella suggestiva Chiesa consacrata settecentesca del Purgatorio in Matera\u00a0 lo stilista Michele Miglionico celebra la sacralit\u00e0 dell\u2019Alta Moda con l\u2019evento \u201cMadonne Lucane. Vestiti che Profumano d\u2019Incenso.\u201d.<\/strong><\/p>\n<p><strong>\u00a0<\/strong><!--more--><\/p>\n<p><span style=\"color: #000000;\"><strong>\u201cMadonne Lucane. Vestiti che profumano di incenso\u201d<\/strong>\u00a0 \u00e8 il titolo della mostra allestita nella chiesa consacrata del Purgatorio a Matera che ha visto, con l\u2019installazione di 30 outfits di Alta Moda, lo stilista Michele Miglionico raccontare attraverso un percorso eclettico e suggestivo il suo omaggio\u00a0 al culto mariano in Basilicata.<\/span><\/p>\n<p><span style=\"color: #000000;\">Il percorso espositivo della mostra si articola attraverso 2 sezioni: le Madonne venerate e le donne in processione. Nella prima sono esposti abiti da sera ispirati alle varie Madonne venerate sul territorio della Basilicata come la Madonna del Carmine, la Madonna portata in trionfo vestita completamente di oro donato come ex-voto, la madonna della Bruna , patrona di Matera. Nell\u2019altra le donne che seguono la processione tutte vestite di nero, con il rosario in mano come vuole la tradizione popolare<\/span><\/p>\n<p><span style=\"color: #000000;\">Vengono cosi esplorate le molteplici sfaccettature della sacralit\u00e0 della tradizione popolare di questo territorio enfatizzandone\u00a0 la potente valenza simbolica. ed al tempo stesso celebrare il savoir-faire dell\u2019alta moda italiana.<\/span><\/p>\n<p><span style=\"color: #000000;\"><strong>Michele Miglionico<\/strong> chiude il cerchio di questa collezione tornando dove tutto \u00e8 idealmente iniziato, cio\u00e8 a Matera narrando con questo evento una storia che racconta di una femminilit\u00e0 composta, consapevole ispirata da un momento storico di grande fermento ma di altrettanta difficolt\u00e0 come il dopo guerra vissuto nel sud Italia.<\/span><\/p>\n<p><span style=\"color: #000000;\">Questa esposizione \u00e8 stata organizzata dall\u2019associazione culturale <strong>Officine della Cultura <\/strong>in collaborazione con la <strong>Confraternita \u201cI Pastori della Bruna\u201d di Matera<\/strong> \u00a0(antica corporazione sorta nel 1697) nella persona del <strong>Priore Prof. Emanuele Calculli <\/strong>e la<strong> Publimusic.com<\/strong>.<\/span><\/p>\n<p><span style=\"color: #000000;\"><style id=\"bwg-style-0\">      #bwg_container1_0 #bwg_container2_0 #bwg_mosaic_thumbnails_div_0 {        width: 100%;        position: relative;        background-color: rgba(255, 255, 255, 0.00);        text-align: center;        justify-content: center;                  margin-left: auto;          margin-right: auto;                    padding-left: 4px;          padding-top: 4px;                }          #bwg_container1_0 #bwg_container2_0 .bwg_mosaic_thumb_spun_0 {        display: block;        position: absolute;\t\t\t\tborder-radius: 0;\t\t\t\tborder: 0px none #CCCCCC;    \t\t    \t\tbackground-color:rgba(0,0,0, 0.30);        -moz-box-sizing: content-box !important;        -webkit-box-sizing: content-box !important;        box-sizing: content-box !important;      }\t\t\t#bwg_container1_0 #bwg_container2_0 .bwg_mosaic_thumb_0 {\t\t\t\tdisplay: block;\t\t\t\t-moz-box-sizing: content-box !important;\t\t\t\t-webkit-box-sizing: content-box !important;\t\t\t\tbox-sizing: content-box !important;\t\t\t\tmargin: 0;\t\t\t\topacity: 1.00;\t\t\t}      #bwg_container1_0 #bwg_container2_0 .bwg_mosaic_thumb_spun_0:hover {        opacity: 1;        backface-visibility: hidden;        -webkit-backface-visibility: hidden;        -moz-backface-visibility: hidden;        -ms-backface-visibility: hidden;        z-index: 102;      }\t      @media only screen and (min-width: 480px) {        #bwg_container1_0 #bwg_container2_0 .bwg_mosaic_thumb_spun_0:hover {          transform: scale(1.1);          -ms-transform: scale(1.1);          -webkit-transform: scale(1.1);        }      }\t      #bwg_container1_0 #bwg_container2_0 .bwg_mosaic_thumbnails_0 {        background-color: rgba(255, 255, 255, 0.00);        font-size: 0;        position: relative;        text-align: center;        display: inline-block;        visibility: hidden;              }\t  \/*image title styles*\/      #bwg_container1_0 #bwg_container2_0 .bwg_mosaic_title_spun1_0,      #bwg_container1_0 #bwg_container2_0 .bwg-mosaic-thumbnails .bwg_ecommerce_spun1_0 {        position: absolute;        display: block;        opacity: 0;        box-sizing: border-box;        text-align: center;\t\t\t\ttop: 50%;\t\t\t\tleft: 50%;\t\t\t\ttransform: translate(-50%, -50%);      }      #bwg_container1_0 #bwg_container2_0 .bwg-mosaic-thumbnails .bwg_mosaic_title_spun2_0,      #bwg_container1_0 #bwg_container2_0 .bwg-mosaic-thumbnails .bwg_ecommerce_spun2_0 {\t\t    color: #CCCCCC;        font-family: segoe ui;        font-size: 16px;        font-weight: bold;        text-shadow: 0px 0px 0px #888888;        vertical-align: middle;        word-wrap: break-word;      }            .bwg_mosaic_play_icon_spun_0 {        display: table;        position: absolute;        left: -10000px;        top: 0px;        opacity: 0;      }      .bwg_mosaic_play_icon_0 {        color: #CCCCCC;        font-size: 32px;        vertical-align: middle;        display: table-cell !important;        z-index: 1;        text-align: center;        margin: 0 auto;      }      #bwg_container1_0 #bwg_container2_0 .bwg_gal_title_0 {        background-color: rgba(0, 0, 0, 0);        color: #323A45;        display: block;        font-family: Ubuntu;        font-size: 16px;        font-weight: bold;        padding: 2px;        text-shadow: ;        text-align: center;      }            @media screen and (max-width: 280px) {      div[class^=\"bwg_mosaic_thumbnails_\"],      span[class^=\"bwg_mosaic_thumb_spun_\"] {      width: 100% !important;      }      img[class^=\"bwg_mosaic_thumb_\"] {      width: 100% !important;      height: auto !important;      margin: 0px auto !important;      }      }      <\/style>    <div id=\"bwg_container1_0\"         class=\"bwg_container bwg_thumbnail bwg_thumbnails_mosaic \"         data-right-click-protection=\"0\"         data-bwg=\"0\"         data-scroll=\"0\"         data-gallery-type=\"thumbnails_mosaic\"         data-gallery-view-type=\"thumbnails_mosaic\"         data-current-url=\"\/wordpress\/wp-json\/wp\/v2\/posts\/17525\"         data-lightbox-url=\"https:\/\/www.nonsolomodanews.it\/wordpress\/wp-admin\/admin-ajax.php?action=GalleryBox&#038;current_view=0&#038;gallery_id=275&#038;tag=0&#038;theme_id=1&#038;shortcode_id=294&#038;sort_by=filename&#038;order_by=asc&#038;current_url=%2Fwordpress%2Fwp-json%2Fwp%2Fv2%2Fposts%2F17525\"         data-gallery-id=\"275\"         data-popup-width=\"800\"         data-popup-height=\"500\"         data-is-album=\"gallery\"         data-buttons-position=\"bottom\">      <div id=\"bwg_container2_0\">             <div id=\"ajax_loading_0\" class=\"bwg_loading_div_1\">      <div class=\"bwg_loading_div_2\">        <div class=\"bwg_loading_div_3\">          <div id=\"loading_div_0\" class=\"bwg_spider_ajax_loading\">          <\/div>        <\/div>      <\/div>    <\/div>            <form id=\"gal_front_form_0\"              class=\"bwg-hidden\"              method=\"post\"              action=\"#\"              data-current=\"0\"              data-shortcode-id=\"294\"              data-gallery-type=\"thumbnails_mosaic\"              data-gallery-id=\"275\"              data-tag=\"0\"              data-album-id=\"0\"              data-theme-id=\"1\"              data-ajax-url=\"https:\/\/www.nonsolomodanews.it\/wordpress\/wp-admin\/admin-ajax.php?action=bwg_frontend_data\">          <div id=\"bwg_container3_0\" class=\"bwg-background bwg-background-0\">                <div id=\"bwg_mosaic_thumbnails_div_0\"         class=\"bwg-container-0 bwg-container bwg-mosaic-thumbnails\"         data-bwg=\"0\"         data-mosaic-direction=\"vertical\"         data-resizable=\"0\"         data-width=\"180\"         data-height=\"90\"         data-total-width=\"100\"         data-block-id=\"bwg_thumbnails_mosaic_0\"         data-thumb-padding=\"4\"         data-thumb-border=\"0\"         data-title-margin=\"2px\"         data-image-title=\"none\"         data-play-icon=\"1\"         data-ecommerce-icon=\"none\"         data-gallery-id=\"275\"         data-lightbox-url=\"https:\/\/www.nonsolomodanews.it\/wordpress\/wp-admin\/admin-ajax.php?action=GalleryBox&#038;current_view=0&#038;gallery_id=275&#038;tag=0&#038;theme_id=1&#038;shortcode_id=294&#038;sort_by=filename&#038;order_by=asc&#038;current_url=%2Fwordpress%2Fwp-json%2Fwp%2Fv2%2Fposts%2F17525\"         data-mosaic-thumb-transition=\"1\"         style=\"visibility: hidden\" >      <div id=\"bwg_thumbnails_mosaic_0\" class=\"bwg_mosaic_thumbnails_0\">                  <a class=\"bwg-a\" >          <div class=\"bwg_mosaic_thumb_spun_0 bwg-item0 bwg-mosaic-thumb-span \">            <img decoding=\"async\" class=\"bwg_mosaic_thumb_0 skip-lazy bwg_img_clear bwg_img_custom \"                 id=\"24720\"                 src=\"https:\/\/www.nonsolomodanews.it\/wordpress\/wp-content\/uploads\/photo-gallery\/Miglionico%20Giu%2018\/thumb\/Mostra%20(rid)%20Madonne%20Lucane.%20Vestiti%20che%20Profumano%20d&#039;Incenso.1%20ph.%20Enzo%20Dell&#039;Atti.jpg?bwg=1624548760\"                 data-src=\"https:\/\/www.nonsolomodanews.it\/wordpress\/wp-content\/uploads\/photo-gallery\/Miglionico%20Giu%2018\/thumb\/Mostra%20(rid)%20Madonne%20Lucane.%20Vestiti%20che%20Profumano%20d&#039;Incenso.1%20ph.%20Enzo%20Dell&#039;Atti.jpg?bwg=1624548760\"                 data-width=\"\"                 data-height=\"\"                 alt=\"Mostra (rid) Madonne Lucane. Vestiti che Profumano d&#039;Incenso.1 ph. Enzo Dell&#039;Atti\"                 title=\"Mostra (rid) Madonne Lucane. Vestiti che Profumano d&#039;Incenso.1 ph. Enzo Dell&#039;Atti\" \/>                      <\/div>        <\/a>                <a class=\"bwg-a\" >          <div class=\"bwg_mosaic_thumb_spun_0 bwg-item0 bwg-mosaic-thumb-span \">            <img decoding=\"async\" class=\"bwg_mosaic_thumb_0 skip-lazy bwg_img_clear bwg_img_custom \"                 id=\"24724\"                 src=\"https:\/\/www.nonsolomodanews.it\/wordpress\/wp-content\/uploads\/photo-gallery\/Miglionico%20Giu%2018\/thumb\/Mostra%20(rid)%20Madonne%20Lucane.%20Vestiti%20che%20Profumano%20d&#039;Incenso.10%20ph.%20Enzo%20Dell&#039;Atti.jpg?bwg=1624548760\"                 data-src=\"https:\/\/www.nonsolomodanews.it\/wordpress\/wp-content\/uploads\/photo-gallery\/Miglionico%20Giu%2018\/thumb\/Mostra%20(rid)%20Madonne%20Lucane.%20Vestiti%20che%20Profumano%20d&#039;Incenso.10%20ph.%20Enzo%20Dell&#039;Atti.jpg?bwg=1624548760\"                 data-width=\"\"                 data-height=\"\"                 alt=\"Mostra (rid) Madonne Lucane. Vestiti che Profumano d&#039;Incenso.10 ph. Enzo Dell&#039;Atti\"                 title=\"Mostra (rid) Madonne Lucane. Vestiti che Profumano d&#039;Incenso.10 ph. Enzo Dell&#039;Atti\" \/>                      <\/div>        <\/a>                <a class=\"bwg-a\" >          <div class=\"bwg_mosaic_thumb_spun_0 bwg-item0 bwg-mosaic-thumb-span \">            <img decoding=\"async\" class=\"bwg_mosaic_thumb_0 skip-lazy bwg_img_clear bwg_img_custom \"                 id=\"24725\"                 src=\"https:\/\/www.nonsolomodanews.it\/wordpress\/wp-content\/uploads\/photo-gallery\/Miglionico%20Giu%2018\/thumb\/Mostra%20(rid)%20Madonne%20Lucane.%20Vestiti%20che%20Profumano%20d&#039;Incenso.14%20ph.%20Giuseppe%20Sabia.jpg?bwg=1624548760\"                 data-src=\"https:\/\/www.nonsolomodanews.it\/wordpress\/wp-content\/uploads\/photo-gallery\/Miglionico%20Giu%2018\/thumb\/Mostra%20(rid)%20Madonne%20Lucane.%20Vestiti%20che%20Profumano%20d&#039;Incenso.14%20ph.%20Giuseppe%20Sabia.jpg?bwg=1624548760\"                 data-width=\"\"                 data-height=\"\"                 alt=\"Mostra (rid) Madonne Lucane. Vestiti che Profumano d&#039;Incenso.14 ph. Giuseppe Sabia\"                 title=\"Mostra (rid) Madonne Lucane. Vestiti che Profumano d&#039;Incenso.14 ph. Giuseppe Sabia\" \/>                      <\/div>        <\/a>                <a class=\"bwg-a\" >          <div class=\"bwg_mosaic_thumb_spun_0 bwg-item0 bwg-mosaic-thumb-span \">            <img decoding=\"async\" class=\"bwg_mosaic_thumb_0 skip-lazy bwg_img_clear bwg_img_custom \"                 id=\"24721\"                 src=\"https:\/\/www.nonsolomodanews.it\/wordpress\/wp-content\/uploads\/photo-gallery\/Miglionico%20Giu%2018\/thumb\/Mostra%20(rid)%20Madonne%20Lucane.%20Vestiti%20che%20Profumano%20d&#039;Incenso.4%20ph.%20Enzo%20Dell&#039;Atti.jpg?bwg=1624548760\"                 data-src=\"https:\/\/www.nonsolomodanews.it\/wordpress\/wp-content\/uploads\/photo-gallery\/Miglionico%20Giu%2018\/thumb\/Mostra%20(rid)%20Madonne%20Lucane.%20Vestiti%20che%20Profumano%20d&#039;Incenso.4%20ph.%20Enzo%20Dell&#039;Atti.jpg?bwg=1624548760\"                 data-width=\"\"                 data-height=\"\"                 alt=\"Mostra (rid) Madonne Lucane. Vestiti che Profumano d&#039;Incenso.4 ph. Enzo Dell&#039;Atti\"                 title=\"Mostra (rid) Madonne Lucane. Vestiti che Profumano d&#039;Incenso.4 ph. Enzo Dell&#039;Atti\" \/>                      <\/div>        <\/a>                <a class=\"bwg-a\" >          <div class=\"bwg_mosaic_thumb_spun_0 bwg-item0 bwg-mosaic-thumb-span \">            <img decoding=\"async\" class=\"bwg_mosaic_thumb_0 skip-lazy bwg_img_clear bwg_img_custom \"                 id=\"24722\"                 src=\"https:\/\/www.nonsolomodanews.it\/wordpress\/wp-content\/uploads\/photo-gallery\/Miglionico%20Giu%2018\/thumb\/Mostra%20(rid)%20Madonne%20Lucane.%20Vestiti%20che%20Profumano%20d&#039;Incenso.5%20ph.%20Enzo%20Dell&#039;Atti.jpg?bwg=1624548760\"                 data-src=\"https:\/\/www.nonsolomodanews.it\/wordpress\/wp-content\/uploads\/photo-gallery\/Miglionico%20Giu%2018\/thumb\/Mostra%20(rid)%20Madonne%20Lucane.%20Vestiti%20che%20Profumano%20d&#039;Incenso.5%20ph.%20Enzo%20Dell&#039;Atti.jpg?bwg=1624548760\"                 data-width=\"\"                 data-height=\"\"                 alt=\"Mostra (rid) Madonne Lucane. Vestiti che Profumano d&#039;Incenso.5 ph. Enzo Dell&#039;Atti\"                 title=\"Mostra (rid) Madonne Lucane. Vestiti che Profumano d&#039;Incenso.5 ph. Enzo Dell&#039;Atti\" \/>                      <\/div>        <\/a>                <a class=\"bwg-a\" >          <div class=\"bwg_mosaic_thumb_spun_0 bwg-item0 bwg-mosaic-thumb-span \">            <img decoding=\"async\" class=\"bwg_mosaic_thumb_0 skip-lazy bwg_img_clear bwg_img_custom \"                 id=\"24723\"                 src=\"https:\/\/www.nonsolomodanews.it\/wordpress\/wp-content\/uploads\/photo-gallery\/Miglionico%20Giu%2018\/thumb\/Mostra%20(rid)%20Madonne%20Lucane.%20Vestiti%20che%20Profumano%20d&#039;Incenso.9%20ph.%20Enzo%20Dell&#039;Atti.jpg?bwg=1624548760\"                 data-src=\"https:\/\/www.nonsolomodanews.it\/wordpress\/wp-content\/uploads\/photo-gallery\/Miglionico%20Giu%2018\/thumb\/Mostra%20(rid)%20Madonne%20Lucane.%20Vestiti%20che%20Profumano%20d&#039;Incenso.9%20ph.%20Enzo%20Dell&#039;Atti.jpg?bwg=1624548760\"                 data-width=\"\"                 data-height=\"\"                 alt=\"Mostra (rid) Madonne Lucane. Vestiti che Profumano d&#039;Incenso.9 ph. Enzo Dell&#039;Atti\"                 title=\"Mostra (rid) Madonne Lucane. Vestiti che Profumano d&#039;Incenso.9 ph. Enzo Dell&#039;Atti\" \/>                      <\/div>        <\/a>                <a class=\"bwg-a\" >          <div class=\"bwg_mosaic_thumb_spun_0 bwg-item0 bwg-mosaic-thumb-span \">            <img decoding=\"async\" class=\"bwg_mosaic_thumb_0 skip-lazy bwg_img_clear bwg_img_custom \"                 id=\"24726\"                 src=\"https:\/\/www.nonsolomodanews.it\/wordpress\/wp-content\/uploads\/photo-gallery\/Miglionico%20Giu%2018\/thumb\/Mostra%20(rid.1)%20Madonne%20Lucane.%20Vestiti%20che%20Profumano%20d&#039;Incenso.1%20ph.%20Emanuele%20Taccardi.3.jpg?bwg=1624548760\"                 data-src=\"https:\/\/www.nonsolomodanews.it\/wordpress\/wp-content\/uploads\/photo-gallery\/Miglionico%20Giu%2018\/thumb\/Mostra%20(rid.1)%20Madonne%20Lucane.%20Vestiti%20che%20Profumano%20d&#039;Incenso.1%20ph.%20Emanuele%20Taccardi.3.jpg?bwg=1624548760\"                 data-width=\"\"                 data-height=\"\"                 alt=\"Mostra (rid.1) Madonne Lucane. Vestiti che Profumano d&#039;Incenso.1 ph. Emanuele Taccardi.3\"                 title=\"Mostra (rid.1) Madonne Lucane. Vestiti che Profumano d&#039;Incenso.1 ph. Emanuele Taccardi.3\" \/>                      <\/div>        <\/a>                <a class=\"bwg-a\" >          <div class=\"bwg_mosaic_thumb_spun_0 bwg-item0 bwg-mosaic-thumb-span \">            <img decoding=\"async\" class=\"bwg_mosaic_thumb_0 skip-lazy bwg_img_clear bwg_img_custom \"                 id=\"24727\"                 src=\"https:\/\/www.nonsolomodanews.it\/wordpress\/wp-content\/uploads\/photo-gallery\/Miglionico%20Giu%2018\/thumb\/Mostra%20(rid.1)%20Madonne%20Lucane.%20Vestiti%20che%20Profumano%20d&#039;Incenso.1%20ph.%20Emanuele%20Taccardi.4.jpg?bwg=1624548760\"                 data-src=\"https:\/\/www.nonsolomodanews.it\/wordpress\/wp-content\/uploads\/photo-gallery\/Miglionico%20Giu%2018\/thumb\/Mostra%20(rid.1)%20Madonne%20Lucane.%20Vestiti%20che%20Profumano%20d&#039;Incenso.1%20ph.%20Emanuele%20Taccardi.4.jpg?bwg=1624548760\"                 data-width=\"\"                 data-height=\"\"                 alt=\"Mostra (rid.1) Madonne Lucane. Vestiti che Profumano d&#039;Incenso.1 ph. Emanuele Taccardi.4\"                 title=\"Mostra (rid.1) Madonne Lucane. Vestiti che Profumano d&#039;Incenso.1 ph. Emanuele Taccardi.4\" \/>                      <\/div>        <\/a>                <a class=\"bwg-a\" >          <div class=\"bwg_mosaic_thumb_spun_0 bwg-item0 bwg-mosaic-thumb-span \">            <img decoding=\"async\" class=\"bwg_mosaic_thumb_0 skip-lazy bwg_img_clear bwg_img_custom \"                 id=\"24728\"                 src=\"https:\/\/www.nonsolomodanews.it\/wordpress\/wp-content\/uploads\/photo-gallery\/Miglionico%20Giu%2018\/thumb\/Mostra%20(rid.1)%20Madonne%20Lucane.%20Vestiti%20che%20Profumano%20d&#039;Incenso.1%20ph.%20Emanuele%20Taccardi.7.jpg?bwg=1624548760\"                 data-src=\"https:\/\/www.nonsolomodanews.it\/wordpress\/wp-content\/uploads\/photo-gallery\/Miglionico%20Giu%2018\/thumb\/Mostra%20(rid.1)%20Madonne%20Lucane.%20Vestiti%20che%20Profumano%20d&#039;Incenso.1%20ph.%20Emanuele%20Taccardi.7.jpg?bwg=1624548760\"                 data-width=\"\"                 data-height=\"\"                 alt=\"Mostra (rid.1) Madonne Lucane. Vestiti che Profumano d&#039;Incenso.1 ph. Emanuele Taccardi.7\"                 title=\"Mostra (rid.1) Madonne Lucane. Vestiti che Profumano d&#039;Incenso.1 ph. Emanuele Taccardi.7\" \/>                      <\/div>        <\/a>            <\/div>    <\/div>    <style>      \/*pagination styles*\/      #bwg_container1_0 #bwg_container2_0 .tablenav-pages_0 {\t\t\t\ttext-align: center;\t\t\t\tfont-size: 12px;\t\t\t\tfont-family: segoe ui;\t\t\t\tfont-weight: bold;\t\t\t\tcolor: #666666;\t\t\t\tmargin: 6px 0 4px;\t\t\t\tdisplay: block;      }      @media only screen and (max-width : 320px) {      #bwg_container1_0 #bwg_container2_0 .displaying-num_0 {     \t display: none;      }      }      #bwg_container1_0 #bwg_container2_0 .displaying-num_0 {\t\t\t\tfont-size: 12px;\t\t\t\tfont-family: segoe ui;\t\t\t\tfont-weight: bold;\t\t\t\tcolor: #666666;\t\t\t\tmargin-right: 10px;\t\t\t\tvertical-align: middle;      }      #bwg_container1_0 #bwg_container2_0 .paging-input_0 {\t\t\t\tfont-size: 12px;\t\t\t\tfont-family: segoe ui;\t\t\t\tfont-weight: bold;\t\t\t\tcolor: #666666;\t\t\t\tvertical-align: middle;      }      #bwg_container1_0 #bwg_container2_0 .tablenav-pages_0 a.disabled,      #bwg_container1_0 #bwg_container2_0 .tablenav-pages_0 a.disabled:hover,      #bwg_container1_0 #bwg_container2_0 .tablenav-pages_0 a.disabled:focus,\t\t\t#bwg_container1_0 #bwg_container2_0 .tablenav-pages_0 input.bwg_current_page {\t\t\t\tcursor: default;\t\t\t\tcolor: rgba(102, 102, 102, 0.5);      }      #bwg_container1_0 #bwg_container2_0 .tablenav-pages_0 a,      #bwg_container1_0 #bwg_container2_0 .tablenav-pages_0 input.bwg_current_page {\t\t\t\tcursor: pointer;\t\t\t\ttext-align: center;\t\t\t\tfont-size: 12px;\t\t\t\tfont-family: segoe ui;\t\t\t\tfont-weight: bold;\t\t\t\tcolor: #666666;\t\t\t\ttext-decoration: none;\t\t\t\tpadding: 3px 6px;\t\t\t\tmargin: 0;\t\t\t\tborder-radius: 0;\t\t\t\tborder-style: solid;\t\t\t\tborder-width: 1px;\t\t\t\tborder-color: #E3E3E3;\t\t\t\t\t\t\t\tbackground-color: rgba(255, 255, 255, 1.00);\t\t\t\tbox-shadow: 0;\t\t\t\ttransition: all 0.3s ease 0s;-webkit-transition: all 0.3s ease 0s;      }      <\/style>      <span class=\"bwg_nav_cont_0\">              <div class=\"tablenav-pages_0\">                  <\/div>                <input type=\"hidden\" id=\"page_number_0\" name=\"page_number_0\" value=\"1\" \/>      <script type=\"text\/javascript\">        if( jQuery('.bwg_nav_cont_0').length > 1 ) {          jQuery('.bwg_nav_cont_0').first().remove()        }        function spider_page_0(cur, x, y, load_more) {          if (typeof load_more == \"undefined\") {            var load_more = false;          }          if (jQuery(cur).hasClass('disabled')) {            return false;          }          var items_county_0 = 1;          switch (y) {            case 1:              if (x >= items_county_0) {                document.getElementById('page_number_0').value = items_county_0;              }              else {                document.getElementById('page_number_0').value = x + 1;              }              break;            case 2:              document.getElementById('page_number_0').value = items_county_0;              break;            case -1:              if (x == 1) {                document.getElementById('page_number_0').value = 1;              }              else {                document.getElementById('page_number_0').value = x - 1;              }              break;            case -2:              document.getElementById('page_number_0').value = 1;              break;\t\t\t\t\t\tcase 0:              document.getElementById('page_number_0').value = x;              break;            default:              document.getElementById('page_number_0').value = 1;          }          bwg_ajax('gal_front_form_0', '0', 'bwg_thumbnails_mosaic_0', '0', '', 'gallery', 0, '', '', load_more, '', 1);        }                    jQuery('.first-page-0').on('click', function () {              spider_page_0(this, 1, -2, 'numeric');              return false;            });            jQuery('.prev-page-0').on('click', function () {              spider_page_0(this, 1, -1, 'numeric');              return false;            });            jQuery('.next-page-0').on('click', function () {              spider_page_0(this, 1, 1, 'numeric');              return false;            });            jQuery('.last-page-0').on('click', function () {              spider_page_0(this, 1, 2, 'numeric');              return false;            });        \t\t\t\t\/* Change page on input enter. *\/        function bwg_change_page_0( e, that ) {          if (  e.key == 'Enter' ) {            var to_page = parseInt(jQuery(that).val());            var pages_count = jQuery(that).parents(\".pagination-links\").data(\"pages-count\");            var current_url_param = jQuery(that).attr('data-url-info');            if (to_page > pages_count) {              to_page = 1;            }\t \t\t\t\t\t\t\t\t\t\t\t\tspider_page_0(this, to_page, 0, 'numeric');\t\t\t\t\t\t\treturn false;\t\t\t\t\t\t          }          return true;        }        jQuery('.bwg_load_btn_0').on('click', function () {            spider_page_0(this, 1, 1, true);            return false;        });      <\/script>      <\/span>                <\/div>        <\/form>              <\/div>    <\/div>    <script>      if (document.readyState === 'complete') {        if( typeof bwg_main_ready == 'function' ) {          if ( jQuery(\"#bwg_container1_0\").height() ) {            bwg_main_ready(jQuery(\"#bwg_container1_0\"));          }        }      } else {        document.addEventListener('DOMContentLoaded', function() {          if( typeof bwg_main_ready == 'function' ) {            if ( jQuery(\"#bwg_container1_0\").height() ) {             bwg_main_ready(jQuery(\"#bwg_container1_0\"));            }          }        });      }    <\/script>    <\/p>\n<p><\/span><\/p>\n<p>&nbsp;<\/p>\n<p style=\"text-align: center;\"><span style=\"color: #000000;\">Le fotografie sono state fornite dall&#8217;Ufficio Stampa &#8211; I crediti appartengono ai relativi fotografi.<\/span><br \/>\n<span style=\"color: #000000;\"> Tutti i diritti riservati \u00a9 2018 \u2013 Email: nonsolomodanews@gmail.com<\/span><\/p>\n<p>&nbsp;<\/p>\n<p>&nbsp;<\/p>\n","protected":false},"excerpt":{"rendered":"<p>Nella suggestiva Chiesa consacrata settecentesca del Purgatorio in Matera&nbsp; lo stilista Michele Miglionico celebra la sacralit&agrave; dell&rsquo;Alta Moda con l&rsquo;evento &ldquo;Madonne Lucane. Vestiti che Profumano d&rsquo;Incenso.&rdquo;. &nbsp;<\/p>\n","protected":false},"author":1,"featured_media":17530,"comment_status":"open","ping_status":"open","sticky":false,"template":"","format":"standard","meta":{"rop_custom_images_group":[],"rop_custom_messages_group":[],"rop_publish_now":"initial","rop_publish_now_accounts":[],"rop_publish_now_history":[],"rop_publish_now_status":"pending","footnotes":""},"categories":[16],"tags":[2574,1602,2129],"class_list":["post-17525","post","type-post","status-publish","format-standard","has-post-thumbnail","hentry","category-articolo","tag-madonne-luca-vestiti-che-profumano-di-incenso","tag-matera","tag-michele-miglionico"],"_links":{"self":[{"href":"https:\/\/www.nonsolomodanews.it\/wordpress\/wp-json\/wp\/v2\/posts\/17525","targetHints":{"allow":["GET"]}}],"collection":[{"href":"https:\/\/www.nonsolomodanews.it\/wordpress\/wp-json\/wp\/v2\/posts"}],"about":[{"href":"https:\/\/www.nonsolomodanews.it\/wordpress\/wp-json\/wp\/v2\/types\/post"}],"author":[{"embeddable":true,"href":"https:\/\/www.nonsolomodanews.it\/wordpress\/wp-json\/wp\/v2\/users\/1"}],"replies":[{"embeddable":true,"href":"https:\/\/www.nonsolomodanews.it\/wordpress\/wp-json\/wp\/v2\/comments?post=17525"}],"version-history":[{"count":4,"href":"https:\/\/www.nonsolomodanews.it\/wordpress\/wp-json\/wp\/v2\/posts\/17525\/revisions"}],"predecessor-version":[{"id":17531,"href":"https:\/\/www.nonsolomodanews.it\/wordpress\/wp-json\/wp\/v2\/posts\/17525\/revisions\/17531"}],"wp:featuredmedia":[{"embeddable":true,"href":"https:\/\/www.nonsolomodanews.it\/wordpress\/wp-json\/wp\/v2\/media\/17530"}],"wp:attachment":[{"href":"https:\/\/www.nonsolomodanews.it\/wordpress\/wp-json\/wp\/v2\/media?parent=17525"}],"wp:term":[{"taxonomy":"category","embeddable":true,"href":"https:\/\/www.nonsolomodanews.it\/wordpress\/wp-json\/wp\/v2\/categories?post=17525"},{"taxonomy":"post_tag","embeddable":true,"href":"https:\/\/www.nonsolomodanews.it\/wordpress\/wp-json\/wp\/v2\/tags?post=17525"}],"curies":[{"name":"wp","href":"https:\/\/api.w.org\/{rel}","templated":true}]}}